{"id":11953,"date":"2023-11-08T09:25:02","date_gmt":"2023-11-08T07:25:02","guid":{"rendered":"https:\/\/prague.org\/?p=11953"},"modified":"2023-11-08T09:34:02","modified_gmt":"2023-11-08T07:34:02","slug":"religion-of-czech-republic","status":"publish","type":"post","link":"https:\/\/prague.org\/cs\/nabozenstvi-ceske-republiky\/","title":{"rendered":"Odhalen\u00ed n\u00e1bo\u017eensk\u00e9 tapiserie: N\u00e1bo\u017eenstv\u00ed v \u010cesk\u00e9 republice"},"content":{"rendered":"<p>Na str\u00e1nk\u00e1ch<strong> n\u00e1bo\u017eenstv\u00ed \u010cesk\u00e9 republiky<\/strong> se vyv\u00edjela po mnoho desetilet\u00ed. Pochopen\u00ed rozmanit\u00e9 n\u00e1bo\u017eensk\u00e9 krajiny \u010cesk\u00e9 republiky je kl\u00ed\u010dov\u00e9 pro pochopen\u00ed kulturn\u00ed a historick\u00e9 slo\u017eitosti tohoto kr\u00e1sn\u00e9ho n\u00e1roda. Zkoum\u00e1n\u00ed slo\u017eit\u00e9ho n\u00e1bo\u017eenstv\u00ed \u010cesk\u00e9 republiky, kter\u00e9 hr\u00e1lo kl\u00ed\u010dovou roli p\u0159i formov\u00e1n\u00ed \u010desk\u00e9 identity, je z\u00e1sadn\u00ed pro pozn\u00e1n\u00ed t\u00e9to zem\u011b a jej\u00edch obyvatel.<\/p>\n\n\n\n<p>\u010cesk\u00e9 d\u011bjiny jsou p\u0159ekvapiv\u011b bohat\u00e9 na n\u00e1bo\u017eensk\u00e9 osobnosti a my\u0161lenky, jako byl Jan Hus, reform\u00e1tor, kter\u00fd ovlivnil Martina Luthera, a slavn\u00ed Morav\u0161t\u00ed brat\u0159i, kte\u0159\u00ed za 20 let vykonali v\u00edce pr\u00e1ce ne\u017e cel\u00e1 protestantsk\u00e1 c\u00edrkev za n\u00e1sleduj\u00edc\u00edch 200 let dohromady.&nbsp;<\/p>\n\n\n\n<p>Navzdory sv\u00e9 bohat\u00e9 historii jsou sou\u010dasn\u00ed \u010ce\u0161i hluboce sekul\u00e1rn\u00ed a ned\u016fv\u011b\u0159iv\u00ed v\u016f\u010di n\u00e1bo\u017eenstv\u00ed, co\u017e je d\u016fsledkem stalet\u00e9 nadvl\u00e1dy katolick\u00e9 c\u00edrkve a drtiv\u00e9ho vlivu komunismu. N\u011bkte\u0159\u00ed tvrd\u00ed, \u017ee jeho ob\u010dan\u00e9 odm\u00edtaj\u00ed existenci Boha a nadp\u0159irozena \u010dast\u011bji ne\u017e v kter\u00e9koli jin\u00e9 zemi.<\/p>\n\n\n\n<h2 id=\"tracing-the-history-of-religion-in-the-czech-republic\" class=\"wp-block-heading\">D\u011bjiny n\u00e1bo\u017eenstv\u00ed v \u010cesk\u00e9 republice<\/h2>\n\n\n\n<div data-gyg-href=\"https:\/\/widget.getyourguide.com\/default\/activities.frame\" data-gyg-locale-code=\"en-US\" data-gyg-widget=\"activities\" data-gyg-number-of-items=\"3\" data-gyg-partner-id=\"U94OQGQ\" data-gyg-q=\"prague%20religion\"><\/div>\n\n\n\n<p>Na str\u00e1nk\u00e1ch<strong> d\u011bjiny n\u00e1bo\u017eenstv\u00ed v \u010cesk\u00e9 republice <\/strong>zahrnuje t\u00e9m\u011b\u0159 tis\u00edc let, co\u017e z n\u00ed \u010din\u00ed fascinuj\u00edc\u00ed \u010dten\u00ed. V tomto p\u0159\u00edb\u011bhu se odr\u00e1\u017e\u00ed komplikovan\u00fd vztah n\u00e1roda k v\u00ed\u0159e od po\u010d\u00e1te\u010dn\u00ed christianizace p\u0159es obdob\u00ed n\u00e1bo\u017eensk\u00fdch reforem, potla\u010dov\u00e1n\u00ed a\u017e po kone\u010dnou sekularizaci.<\/p>\n\n\n\n<p>V d\u011bjin\u00e1ch n\u00e1bo\u017eenstv\u00ed v \u010cesk\u00e9 republice se vyskytly jak klidn\u00e9, tak n\u00e1siln\u00e9 momenty. Slovansk\u00e9 pohanstv\u00ed ovlivnilo tuto oblast je\u0161t\u011b p\u0159ed p\u0159\u00edchodem k\u0159es\u0165anstv\u00ed. K\u0159es\u0165anstv\u00ed bylo do regionu poprv\u00e9 zavedeno v 9. stolet\u00ed p\u0159\u00edchodem svat\u00fdch Cyrila a Metod\u011bje. \u010ce\u0161t\u00ed reforma\u010dn\u00ed v\u016fdci, jako byl Jan Hus, v 15. stolet\u00ed zas\u00e9vali sem\u00ednka n\u00e1bo\u017eensk\u00e9 rozmanitosti t\u00edm, \u017ee vytv\u00e1\u0159eli rozkol v katolick\u00e9 c\u00edrkvi.<\/p>\n\n\n\n<h2 id=\"the-role-of-the-czech-church-in-the-nations-history-and-culture\" class=\"wp-block-heading\">Role \u010desk\u00e9 c\u00edrkve v d\u011bjin\u00e1ch a kultu\u0159e n\u00e1roda<\/h2>\n\n\n\n<p>Po stalet\u00edch teologick\u00e9ho v\u00fdvoje, reforem a spole\u010densko-politick\u00fdch zm\u011bn se \u00faloha<strong> \u010cesk\u00e1 c\u00edrkev<\/strong> v kultu\u0159e i historii je slo\u017eit\u00fd.<\/p>\n\n\n\n<h3 id=\"early-christianization\" class=\"wp-block-heading\">Ran\u00e1 christianizace<\/h3>\n\n\n\n<p>\u010cesk\u00e1 c\u00edrkev pomohla region brzy christianizovat. N\u00e1rod p\u0159ijal k\u0159es\u0165anstv\u00ed v 10. stolet\u00ed za vl\u00e1dy svat\u00e9ho V\u00e1clava.<\/p>\n\n\n\n<h3 id=\"catholic-dominance\" class=\"wp-block-heading\">Katolick\u00e1 dominance&nbsp;&nbsp;<\/h3>\n\n\n\n<p>\u010cesk\u00e1 c\u00edrkev byla dlouho spojov\u00e1na s katolicismem. Katolick\u00e9 kostely, katedr\u00e1ly a tradice dominovaly n\u00e1bo\u017eensk\u00e9 krajin\u011b n\u00e1roda, v \u010dele s katedr\u00e1lou svat\u00e9ho V\u00edta v Praze.<\/p>\n\n\n\n<h3 id=\"hussites-and-jan-hus\" class=\"wp-block-heading\">Husit\u00e9 a Jan Hus<\/h3>\n\n\n\n<p>Husitsk\u00e9 hnut\u00ed Jana Husa v 15. stolet\u00ed bylo v\u00fdznamn\u00fdm n\u00e1bo\u017eensk\u00fdm reformn\u00edm hnut\u00edm v \u010desk\u00e9 c\u00edrkvi. Hnut\u00ed svou kritikou katolick\u00e9 c\u00edrkve formovalo \u010deskou n\u00e1bo\u017eenskou identitu a prosazovalo nez\u00e1vislost a reformy.<\/p>\n\n\n\n<h3 id=\"religious-diversity-and-decline\" class=\"wp-block-heading\">N\u00e1bo\u017eensk\u00e1 rozmanitost a \u00fapadek<\/h3>\n\n\n\n<p>Po Vestf\u00e1lsk\u00e9m m\u00edru v 17. stolet\u00ed, kter\u00fd obnovil nadvl\u00e1du katol\u00edk\u016f na \u010desk\u00e9m \u00fazem\u00ed, se n\u00e1bo\u017eensk\u00e1 pestrost sn\u00ed\u017eila.<\/p>\n\n\n\n<h3 id=\"atheism-secularism\" class=\"wp-block-heading\">Ateismus, sekularismus<\/h3>\n\n\n\n<p>Komunistick\u00fd re\u017eim prosazoval ateismus a potla\u010doval n\u00e1bo\u017eenstv\u00ed, a tak ve 20. stolet\u00ed do\u0161lo k velk\u00fdm politick\u00fdm a spole\u010densk\u00fdm ot\u0159es\u016fm. Toto obdob\u00ed formovalo n\u00e1bo\u017eenskou krajinu n\u00e1roda a zp\u016fsobilo, \u017ee velk\u00e1 \u010d\u00e1st lid\u00ed se stala ateisty.<\/p>\n\n\n\n<h3 id=\"present-landscape\" class=\"wp-block-heading\">Sou\u010dasn\u00e1 krajina<\/h3>\n\n\n\n<p>Velk\u00e1 \u010d\u00e1st obyvatel \u010cesk\u00e9 republiky je ateistick\u00e1, agnostick\u00e1 nebo nen\u00e1bo\u017eensk\u00e1. V zemi st\u00e1le vzkv\u00e9t\u00e1 katolicismus a protestantismus.<\/p>\n\n\n\n<h3 id=\"religion-tolerance\" class=\"wp-block-heading\">N\u00e1bo\u017eensk\u00e1 tolerance<\/h3>\n\n\n\n<p>\u010cesk\u00e1 republika si v\u00e1\u017e\u00ed n\u00e1bo\u017eensk\u00e9 svobody a tolerance. Jej\u00ed historie n\u00e1bo\u017eensk\u00e9 plurality a \u00fatlaku podpo\u0159ila toleranci a respekt k mnoha n\u00e1bo\u017eenstv\u00edm.<\/p>\n\n\n\n<h2 id=\"a-glimpse-into-the-major-religions-of-the-czech-republic\" class=\"wp-block-heading\">Pohled na hlavn\u00ed n\u00e1bo\u017eenstv\u00ed v \u010cesk\u00e9 republice<\/h2>\n\n\n\n<p>P\u0159esto\u017ee m\u00e1 zem\u011b pov\u011bst sekul\u00e1rn\u00ed zem\u011b a mnoho ob\u010dan\u016f se pova\u017euje za ateisty nebo nen\u00e1bo\u017eensky zalo\u017een\u00e9, v zemi se prosadilo mnoho r\u016fzn\u00fdch n\u00e1bo\u017eenstv\u00ed. Zde je p\u0159ehled<strong> hlavn\u00ed n\u00e1bo\u017eenstv\u00ed v \u010cesk\u00e9 republice<\/strong>:<\/p>\n\n\n\n<h3 id=\"roman-catholicism\" class=\"wp-block-heading\">\u0158\u00edmsk\u00fd katolicismus<\/h3>\n\n\n\n<p>\u010ce\u0161i maj\u00ed dlouhou historii katolick\u00e9 v\u00edry, kter\u00e1 byla v zemi po mnoho stalet\u00ed dominantn\u00ed.<\/p>\n\n\n\n<p>V \u010cesk\u00e9 republice je mnoho katolick\u00fdch kostel\u016f a katedr\u00e1l.<\/p>\n\n\n\n<p>Katedr\u00e1la svat\u00e9ho V\u00edta v Praze je v\u00fdznamnou ikonou katolicismu v zemi.<\/p>\n\n\n\n<p><a href=\"https:\/\/prague.org\/cs\/katolicke-kostely-v-praze\/\">Katolicismus v Praze<\/a> je v zemi st\u00e1le po\u010detnou n\u00e1bo\u017eenskou skupinou, a to navzdory v\u0161eobecn\u00e9mu poklesu n\u00e1bo\u017eensk\u00e9ho vyzn\u00e1n\u00ed.<\/p>\n\n\n\n<h3 id=\"protestantism\" class=\"wp-block-heading\">Protestantismus<\/h3>\n\n\n\n<p>My\u0161lenky lid\u00ed, jako byl Jan Hus a husitsk\u00e9 hnut\u00ed, formovaly<a href=\"https:\/\/prague.org\/cs\/protestantske-cirkve-praha\/\"> Protestantsk\u00e1 v\u00edra v Praze<\/a> kter\u00e1 m\u00e1 v zemi dlouhou historii.<\/p>\n\n\n\n<p>V \u010cesk\u00e9 republice se nach\u00e1z\u00ed n\u011bkolik protestantsk\u00fdch c\u00edrkv\u00ed. Pat\u0159\u00ed mezi n\u011b \u010ceskobratrsk\u00e1 c\u00edrkev evangelick\u00e1 a C\u00edrkev \u010deskoslovensk\u00e1 husitsk\u00e1.<\/p>\n\n\n\n<h3 id=\"atheism-and-the-non-religious\" class=\"wp-block-heading\">Ateismus a nen\u00e1bo\u017eenstv\u00ed<\/h3>\n\n\n\n<p>\u010cesk\u00e1 republika je obecn\u011b pova\u017eov\u00e1na za jednu z nejsekul\u00e1rn\u011bj\u0161\u00edch zem\u00ed Evropy.<\/p>\n\n\n\n<p>Existuje zna\u010dn\u00fd po\u010det lid\u00ed, kte\u0159\u00ed nejsou n\u00e1bo\u017eensky zalo\u017een\u00ed, nejsou teist\u00e9 nebo ateist\u00e9.<\/p>\n\n\n\n<p>Vliv komunistick\u00e9ho re\u017eimu a minul\u00e9 zku\u0161enosti s n\u00e1bo\u017eensk\u00fdm pron\u00e1sledov\u00e1n\u00edm jsou obvi\u0148ov\u00e1ny z toho. <strong>ateistick\u00e1 \u010cesk\u00e1 republika.<\/strong><\/p>\n\n\n\n<h3 id=\"islam\" class=\"wp-block-heading\">Isl\u00e1m<\/h3>\n\n\n\n<p>Muslimsk\u00e1 populace v \u010cesk\u00e9 republice je mal\u00e1, ale rychle se roz\u0161i\u0159uje.<\/p>\n\n\n\n<p>V Praze se nach\u00e1z\u00ed me\u0161ita a isl\u00e1msk\u00e1 kulturn\u00ed centra.<\/p>\n\n\n\n<p>Imigranti, emigranti a m\u00edstn\u00ed konvertit\u00e9 tvo\u0159\u00ed r\u016fzn\u00e9 \u010d\u00e1sti muslimsk\u00e9 komunity v \u010cesk\u00e9 republice.<\/p>\n\n\n\n<h3 id=\"judaism\" class=\"wp-block-heading\">Judaismus<\/h3>\n\n\n\n<p>V Praze a dal\u0161\u00edch \u010desk\u00fdch m\u011bstech \u017eije po\u010detn\u00e1 \u017eidovsk\u00e1 populace s bohatou histori\u00ed sv\u00e9 skupiny.<\/p>\n\n\n\n<p>V \u010cesk\u00e9 republice je mnoho synagog a dal\u0161\u00edch \u017eidovsk\u00fdch kulturn\u00edch center.<\/p>\n\n\n\n<p>Josefov, pra\u017esk\u00e1 \u017eidovsk\u00e1 \u010dtvr\u0165, m\u00e1 bohatou historii a kulturu.<\/p>\n\n\n\n<h3 id=\"other-religions\" class=\"wp-block-heading\">Ostatn\u00ed n\u00e1bo\u017eenstv\u00ed<\/h3>\n\n\n\n<p>Buddhismus, hinduismus a dal\u0161\u00ed alternativn\u00ed duchovn\u00ed tradice New Age maj\u00ed v \u010cesk\u00e9 republice mal\u00e9, ale oddan\u00e9 p\u0159\u00edznivce.<\/p>\n\n\n\n<p>P\u0159\u00edtomnost t\u011bchto skupin je pro n\u00e1bo\u017eenskou rozmanitost zem\u011b p\u0159\u00ednosem.<\/p>\n\n\n\n<h2 id=\"exploring-the-religious-landscape-are-czech-religious\" class=\"wp-block-heading\">Zkoum\u00e1n\u00ed n\u00e1bo\u017eensk\u00e9 krajiny: Jsou \u010ce\u0161i v\u011b\u0159\u00edc\u00ed?&nbsp;<\/h2>\n\n\n\n<p><strong>Jak\u00e9 je n\u00e1bo\u017eenstv\u00ed v \u010cesk\u00e9 republice?<\/strong> N\u00e1bo\u017eensk\u00e1 identita \u010desk\u00e9ho n\u00e1roda je rozmanit\u00e1 a dynamick\u00e1. P\u0159ijet\u00ed k\u0159es\u0165anstv\u00ed ran\u00fdmi \u010cechy, pot\u00ed\u017ee zp\u016fsoben\u00e9 husitsk\u00fdm hnut\u00edm a vzestup sekularismu a ateismu, to v\u0161e zanechalo v n\u00e1bo\u017eensk\u00e9 krajin\u011b zem\u011b sv\u00e9 stopy. Dnes je zem\u011b p\u0159\u00edkladem n\u00e1bo\u017eensk\u00e9 svobody a respektu ke v\u0161em n\u00e1bo\u017eenstv\u00edm a sv\u011bton\u00e1zor\u016fm a slou\u017e\u00ed jako vzor pro zbytek sv\u011bta.<\/p>\n\n\n\n<p>P\u0159esto\u017ee \u010desk\u00e9 obyvatelstvo nen\u00ed nijak zvl\u00e1\u0161\u0165 v\u011b\u0159\u00edc\u00ed, zem\u011b si velmi zakl\u00e1d\u00e1 na n\u00e1bo\u017eensk\u00e9 svobod\u011b a toleranci. Kultura tolerance a respektu k r\u016fzn\u00fdm n\u00e1bo\u017eenstv\u00edm se v zemi vyvinula jako d\u016fsledek dlouh\u00e9 historie n\u00e1bo\u017eensk\u00e9ho pluralismu a n\u00e1bo\u017eensk\u00e9ho pron\u00e1sledov\u00e1n\u00ed.<\/p>\n\n\n\n<h2 id=\"atheism-in-the-czech-republic-a-secular-perspective\" class=\"wp-block-heading\">Ateismus v \u010cesk\u00e9 republice: Sekul\u00e1rn\u00ed perspektiva&nbsp;<\/h2>\n\n\n\n<p>Politick\u00e1 a socioekonomick\u00e1 krajina \u010cesk\u00e9 republiky pro\u0161la ve dvac\u00e1t\u00e9m stolet\u00ed dramatick\u00fdmi zm\u011bnami. Zem\u011b byla sou\u010d\u00e1st\u00ed star\u00e9ho \u010ceskoslovenska, kde komunistick\u00fd re\u017eim prosazoval ateismus a zakazoval n\u00e1bo\u017eensk\u00e9 ritu\u00e1ly. Na str\u00e1nk\u00e1ch<strong> n\u00e1bo\u017eenstv\u00ed \u010cesk\u00e9 republiky<\/strong> tohoto v\u011bku si budeme pamatovat podle toho, kolik lid\u00ed se rozhodne ozna\u010dit za ateisty nebo nen\u00e1bo\u017eensk\u00e9.<\/p>\n\n\n\n<p>\u010cesk\u00e1 republika je jednou z nejsekul\u00e1rn\u011bj\u0161\u00edch evropsk\u00fdch zem\u00ed modern\u00ed doby. Mnoho lid\u00ed se zde pova\u017euje za ateisty, agnostiky nebo nen\u00e1bo\u017eensk\u00e9. P\u0159esto v zemi st\u00e1le \u017eij\u00ed lid\u00e9 mnoha r\u016fzn\u00fdch vyzn\u00e1n\u00ed, v\u010detn\u011b katol\u00edk\u016f, protestant\u016f a rostouc\u00edho po\u010dtu z\u00e1jemc\u016f o netradi\u010dn\u00ed duchovn\u00ed cesty.<\/p>\n\n\n\n<h2 id=\"exclusive-private-tour-of-pragues-old-jewish-quarter-and-the-spanish-synagogue\" class=\"wp-block-heading\">Exkluzivn\u00ed soukrom\u00e1 prohl\u00eddka star\u00e9 \u017eidovsk\u00e9 \u010dtvrti a \u0160pan\u011blsk\u00e9 synagogy v Praze<\/h2>\n\n\n\n<div data-gyg-href=\"https:\/\/widget.getyourguide.com\/default\/activities.frame\" data-gyg-locale-code=\"en-US\" data-gyg-widget=\"activities\" data-gyg-number-of-items=\"1\" data-gyg-partner-id=\"U94OQGQ\" data-gyg-tour-ids=\"516107\"><\/div>\n\n\n\n<p>Vydejte se na cestu bohatou tapiseri\u00ed pra\u017esk\u00e9ho \u017eidovsk\u00e9ho d\u011bdictv\u00ed a kultury s na\u0161\u00ed exkluzivn\u00ed soukromou prohl\u00eddkou Star\u00e9 \u017eidovsk\u00e9 \u010dtvrti a \u0160pan\u011blsk\u00e9 synagogy. Pono\u0159te se do starobyl\u00fdch synagog, obdivujte jejich pozoruhodnou architekturu a odhalte poutav\u00e1 vypr\u00e1v\u011bn\u00ed a tradice pra\u017esk\u00e9 \u017eidovsk\u00e9 komunity.<\/p>\n\n\n\n<h3 id=\"highlights\" class=\"wp-block-heading\">Nejd\u016fle\u017eit\u011bj\u0161\u00ed informace<\/h3>\n\n\n\n<ul>\n<li>Prohl\u00eddka dokonale zachoval\u00e9ho \u017eidovsk\u00e9ho ghetta s odborn\u00fdm pr\u016fvodcem<\/li>\n\n\n\n<li>N\u00e1v\u0161t\u011bva Maiselovy a Pinkasovy synagogy, \u017eidovsk\u00e9 radnice a dal\u0161\u00edch pam\u00e1tek.<\/li>\n\n\n\n<li>Obdivov\u00e1n\u00ed n\u00e1dhern\u00e9 \u0161pan\u011blsk\u00e9 synagogy zven\u010d\u00ed i zevnit\u0159 (k dispozici v d\u00e9lce 3, 4 a 6 hodin)<\/li>\n\n\n\n<li>Vzd\u00e1n\u00ed \u00facty na historick\u00e9m star\u00e9m \u017eidovsk\u00e9m h\u0159bitov\u011b (k dispozici v d\u00e9lce 4 a 6 hodin)<\/li>\n\n\n\n<li>N\u00e1v\u0161t\u011bva nejstar\u0161\u00ed \u010dinn\u00e9 synagogy v Evrop\u011b, Staronov\u00e9 synagogy (k dispozici v 6hodinov\u00e9 variant\u011b).<\/li>\n<\/ul>\n\n\n\n<h3 id=\"included\" class=\"wp-block-heading\">Zahrnuto<\/h3>\n\n\n\n<ul>\n<li>Soukrom\u00e1 prohl\u00eddka pra\u017esk\u00e9ho \u017didovsk\u00e9ho M\u011bsta, kter\u00e1 zahrnuje \u0160pan\u011blskou synagogu, Star\u00fd \u017eidovsk\u00fd h\u0159bitov a Staronovou synagogu (po\u010det atrakc\u00ed se li\u0161\u00ed v z\u00e1vislosti na zvolen\u00e9 variant\u011b).<\/li>\n\n\n\n<li>Odborn\u00fd pr\u016fvodce \u017eidovskou histori\u00ed, kter\u00fd mluv\u00ed plynn\u011b vybran\u00fdm jazykem.<\/li>\n\n\n\n<li>Zrychlen\u00fd vstup do \u0160pan\u011blsk\u00e9 synagogy se vstupenkami na p\u0159esk\u00e1\u010dku (k dispozici ve variant\u00e1ch na 3, 4 a 6 hodin).<\/li>\n\n\n\n<li>Zrychlen\u00fd vstup na Star\u00fd \u017eidovsk\u00fd h\u0159bitov se vstupenkou na p\u0159esko\u010den\u00ed fronty (k dispozici ve 4hodinov\u00e9 a 6hodinov\u00e9 variant\u011b).<\/li>\n\n\n\n<li>Zrychlen\u00fd vstup do Nov\u00e9 synagogy se vstupenkami na p\u0159esk\u00e1\u010dku (k dispozici pouze v 6hodinov\u00e9 variant\u011b).<\/li>\n<\/ul>\n\n\n\n<div class=\"wp-block-buttons is-layout-flex wp-block-buttons-is-layout-flex\">\n<div class=\"wp-block-button is-style-cs-button-block\"><a class=\"wp-block-button__link wp-element-button\" href=\"https:\/\/www.getyourguide.com\/prague-l10\/prague-old-jewish-quarter-and-spanish-synagogue-private-tour-t516107\/?partner_id=U94OQGQ&amp;utm_medium=online_publisher\" rel=\"nofollow noopener\">\u00a0\u2192 Rezervujte si soukromou prohl\u00eddku je\u0161t\u011b dnes!<\/a><\/div>\n<\/div>\n\n\n\n<div data-gyg-href=\"https:\/\/widget.getyourguide.com\/default\/city.frame\" data-gyg-location-id=\"10\" data-gyg-locale-code=\"en-US\" data-gyg-widget=\"city\" data-gyg-partner-id=\"U94OQGQ\"><\/div>","protected":false},"excerpt":{"rendered":"N\u00e1bo\u017eenstv\u00ed v \u010cesk\u00e9 republice se vyv\u00edjelo po mnoho desetilet\u00ed. Pochopen\u00ed rozmanit\u00e9 n\u00e1bo\u017eensk\u00e9 krajiny v \u010cesk\u00e9 republice je...","protected":false},"author":2,"featured_media":11956,"comment_status":"closed","ping_status":"closed","sticky":false,"template":"","format":"standard","meta":{"footnotes":""},"categories":[15,204,39],"tags":[49],"table_tags":[],"_links":{"self":[{"href":"https:\/\/prague.org\/cs\/wp-json\/wp\/v2\/posts\/11953"}],"collection":[{"href":"https:\/\/prague.org\/cs\/wp-json\/wp\/v2\/posts"}],"about":[{"href":"https:\/\/prague.org\/cs\/wp-json\/wp\/v2\/types\/post"}],"author":[{"embeddable":true,"href":"https:\/\/prague.org\/cs\/wp-json\/wp\/v2\/users\/2"}],"replies":[{"embeddable":true,"href":"https:\/\/prague.org\/cs\/wp-json\/wp\/v2\/comments?post=11953"}],"version-history":[{"count":3,"href":"https:\/\/prague.org\/cs\/wp-json\/wp\/v2\/posts\/11953\/revisions"}],"predecessor-version":[{"id":11995,"href":"https:\/\/prague.org\/cs\/wp-json\/wp\/v2\/posts\/11953\/revisions\/11995"}],"wp:featuredmedia":[{"embeddable":true,"href":"https:\/\/prague.org\/cs\/wp-json\/wp\/v2\/media\/11956"}],"wp:attachment":[{"href":"https:\/\/prague.org\/cs\/wp-json\/wp\/v2\/media?parent=11953"}],"wp:term":[{"taxonomy":"category","embeddable":true,"href":"https:\/\/prague.org\/cs\/wp-json\/wp\/v2\/categories?post=11953"},{"taxonomy":"post_tag","embeddable":true,"href":"https:\/\/prague.org\/cs\/wp-json\/wp\/v2\/tags?post=11953"},{"taxonomy":"table_tags","embeddable":true,"href":"https:\/\/prague.org\/cs\/wp-json\/wp\/v2\/table_tags?post=11953"}],"curies":[{"name":"wp","href":"https:\/\/api.w.org\/{rel}","templated":true}]}}