{"id":11983,"date":"2023-11-15T11:28:09","date_gmt":"2023-11-15T09:28:09","guid":{"rendered":"https:\/\/prague.org\/?p=11983"},"modified":"2023-11-15T15:43:42","modified_gmt":"2023-11-15T13:43:42","slug":"czech-photographer-josef-sudek","status":"publish","type":"post","link":"https:\/\/prague.org\/cs\/cesky-fotograf-josef-sudek\/","title":{"rendered":"Sv\u011bteln\u00fd sv\u011bt Josefa Sudka"},"content":{"rendered":"<p><strong>\u010cesk\u00fd fotograf Josef Sudek<\/strong>, \u010dasto p\u0159ezd\u00edvan\u00fd \"B\u00e1sn\u00edk Prahy\", byl fotograf, jeho\u017e um\u011bn\u00ed zanechalo nesmazateln\u00fd vliv na sv\u011btovou fotografii. Jeho fotografie p\u016fsob\u00ed surrealisticky, jako z jin\u00e9ho sv\u011bta, a proslul sv\u00fdm poetick\u00fdm pohledem. D\u00edky sv\u00e9mu um\u011bn\u00ed pov\u00fd\u0161it v\u0161edn\u00ed v\u011bci na vzne\u0161en\u00e9, <strong>\u010cesk\u00fd fotograf Josef Sudek<\/strong> je pova\u017eov\u00e1n za legend\u00e1rn\u00ed postavu v d\u011bjin\u00e1ch fotografie, zejm\u00e9na v oblasti \u010desk\u00e9ho um\u011bn\u00ed.<\/p>\n\n\n\n<p>Jsme zv\u00e1ni, abychom se pono\u0159ili do tajemn\u00e9 kr\u00e1sy, kterou Sudek zachytil a vytesal do v\u011b\u010dnosti prost\u0159ednictv\u00edm sv\u00e9ho neobvykl\u00e9ho p\u0159\u00edstupu k fotografov\u00e1n\u00ed a pohlcuj\u00edc\u00edho z\u00e1\u017eitku, kter\u00fd poskytuje jeho galerie.<\/p>\n\n\n\n<p>Josef Sudek, jeho\u017e d\u00edlo inspirovalo cel\u00e9 generace k tomu, aby se na sv\u011bt d\u00edvaly lyri\u010dt\u011bj\u0161\u00edmi objektivy a nach\u00e1zely z\u00e1zrak ve v\u0161ednosti, je motivac\u00ed i pro dne\u0161n\u00ed fotografy.<\/p>\n\n\n\n<h2 id=\"the-artistic-vision-of-josef-sudek\" class=\"wp-block-heading\">Um\u011bleck\u00e1 vize Josefa Sudka&nbsp;<\/h2>\n\n\n\n<p>Um\u011bleck\u00e1 vize Josefa Sudka byla tak rozs\u00e1hl\u00e1, \u017ee dalece p\u0159esahovala normy fotografie. Sudk\u016fv \u017eivot, zejm\u00e9na prvn\u00ed sv\u011btov\u00e1 v\u00e1lka, formoval jeho um\u011bn\u00ed. B\u011bhem konfliktu mu byla amputov\u00e1na prav\u00e1 ruka, co\u017e mohlo ostatn\u00ed odradit. Sudkova fotografick\u00e1 v\u00e1\u0161e\u0148 a odhodl\u00e1n\u00ed v\u0161ak zv\u00edt\u011bzily. Reagoval na sv\u00e1 fyzick\u00e1 omezen\u00ed a vytvo\u0159il si vlastn\u00ed fotografick\u00fd styl.<\/p>\n\n\n\n<p><strong>\u010cesk\u00fd fotograf Josef Sudek<\/strong>jeho schopnost u\u010dinit v\u0161edn\u00ed v\u011bc v\u00fdjime\u010dnou byla pro jeho um\u011bn\u00ed kl\u00ed\u010dov\u00e1. Na jeho obrazech se zpravidla objevovaly b\u011b\u017en\u00e9 v\u011bci, z\u00e1ti\u0161\u00ed a m\u00edstn\u00ed prost\u0159ed\u00ed. Sudek byl zn\u00e1m\u00fd svou pe\u010dlivost\u00ed a schopnost\u00ed naj\u00edt kr\u00e1su v ka\u017edodennosti. Sudek nach\u00e1zel kouzlo v ka\u017edodenn\u00edch p\u0159edm\u011btech, jako jsou m\u00edsy na ovoce, v\u00e1zy a p\u0159edm\u011bty na pracovn\u00edm stole.<\/p>\n\n\n\n<p>Sudkova l\u00e1ska k <a href=\"http:\/\/prague.org\/cs\/\" data-type=\"link\" data-id=\"http:\/\/prague.org\/\">Praha<\/a>, kde pro\u017eil v\u011bt\u0161inu sv\u00e9ho \u017eivota, formoval jeho um\u011bn\u00ed. Jeho fotografie Prahy jsou vizu\u00e1ln\u00ed b\u00e1sn\u011b, kter\u00e9 zachycuj\u00ed du\u0161i m\u011bsta. Sudek dokonale zachytil neust\u00e1le se m\u011bn\u00edc\u00ed n\u00e1lady a atmosf\u00e9ry Prahy. Hlavn\u00ed m\u011bsto fotografoval za r\u016fzn\u00e9ho po\u010das\u00ed a v r\u016fzn\u00fdch denn\u00edch dob\u00e1ch, aby uk\u00e1zal jeho v\u011b\u010dnou kr\u00e1su. Na jeho pra\u017esk\u00fdch fotografi\u00edch, kter\u00e9 vyu\u017e\u00edvaly p\u0159irozen\u00e9 sv\u011btlo k navozen\u00ed \u00e9terick\u00e9ho dojmu, se projevilo jeho um\u011bn\u00ed pr\u00e1ce se sv\u011btlem a st\u00ednem.<\/p>\n\n\n\n<h2 id=\"josef-sudek-and-the-art-of-capturing-light\" class=\"wp-block-heading\">Josef Sudek a um\u011bn\u00ed zachytit sv\u011btlo<\/h2>\n\n\n\n<p>Transforma\u010dn\u00ed \u00fa\u010dinek sv\u011btla byl pro Sudkovo um\u011bn\u00ed kl\u00ed\u010dov\u00fd. Probereme si, jak ho zachytil.<\/p>\n\n\n\n<h3 id=\"the-play-of-natural-light\" class=\"wp-block-heading\">Hra p\u0159irozen\u00e9ho sv\u011btla<\/h3>\n\n\n\n<p><strong>Josef Sudek fotografie<\/strong> odbornost byla v\u00fdsledkem jeho z\u00e1jmu o p\u0159irozen\u00e9 sv\u011btlo. R\u00e1d pozoroval <a href=\"https:\/\/prague.org\/cs\/pruvodce-prazskym-pocasim-po-mesicich\/\" data-type=\"link\" data-id=\"https:\/\/prague.org\/guide-to-prague-weather-by-month\/\">ro\u010dn\u00ed obdob\u00ed<\/a> a jak slune\u010dn\u00ed svit proch\u00e1z\u00ed mezi stromy, vrh\u00e1 st\u00edny a osv\u011btluje objekty. Jeho ran\u00e9 fotografie byly surrealistick\u00e9 d\u00edky m\u011bkk\u00e9mu, rozpt\u00fdlen\u00e9mu sv\u011btlu ze strom\u016f nebo z\u00e1v\u011bs\u016f.<\/p>\n\n\n\n<h3 id=\"window-panes-as-signatures\" class=\"wp-block-heading\">Okenn\u00ed skla jako podpisy<\/h3>\n\n\n\n<p>V Sudkov\u00fdch d\u00edlech se objevoval motiv okenn\u00ed tabule, kter\u00fd \u00fa\u010dinn\u011b vyu\u017e\u00edval. Jeho obrazy ukazovaly okenn\u00ed tabule jako sv\u011bteln\u00e9 p\u0159ek\u00e1\u017eky a vodi\u010de. Tyto propracovan\u00e9 st\u00ednov\u00e9 vzory mu umo\u017enily zachytit sc\u00e9nu za sklem. Sudkova s\u00e9rie okenn\u00edch tabul\u00ed symbolizovala vztahy interi\u00e9r-exteri\u00e9r, viditeln\u00e9-skryt\u00e9.<\/p>\n\n\n\n<h3 id=\"magic-in-the-dark\" class=\"wp-block-heading\">Magie ve tm\u011b<\/h3>\n\n\n\n<p>Sudek byl odborn\u00edkem na temnou komoru a fotografem. D\u00edky sv\u00fdm tiska\u0159sk\u00fdm znalostem dok\u00e1zal na sv\u00fdch fotografi\u00edch ovl\u00e1dat sv\u011btlo a st\u00edn. Rozs\u00e1hl\u00e9 \u0161k\u00e1ly t\u00f3n\u016f a bohat\u00e9 obrazov\u00e9 slo\u017eky dosahoval pomoc\u00ed n\u011bkolika tiskov\u00fdch metod. Jeho pe\u010dliv\u00e1 pr\u00e1ce v temn\u00e9 komo\u0159e odr\u00e1\u017eela jeho obrazy.<\/p>\n\n\n\n<h3 id=\"the-sparkling-city-of-prague\" class=\"wp-block-heading\">Jisk\u0159iv\u00e9 m\u011bsto Praha<\/h3>\n\n\n\n<p>Sudek se inspiroval sv\u00fdm celo\u017eivotn\u00edm domovem, Prahou. Sudek na sv\u00fdch fotografi\u00edch zachytil r\u016fzn\u00e9 n\u00e1lady a atmosf\u00e9ry Prahy. M\u011bsto fotografoval v r\u016fzn\u00fdch denn\u00edch dob\u00e1ch a ka\u017ed\u00fd sn\u00edmek nechal vyniknout sv\u011btlu. Sudkovu Prahu osv\u011btlovaly klidn\u00e9 ulice za sv\u00edt\u00e1n\u00ed a \u00e9terick\u00e9 no\u010dn\u00ed pouli\u010dn\u00ed lampy.<\/p>\n\n\n\n<h2 id=\"elegance-in-enigmatic-still-life-photography\" class=\"wp-block-heading\">Elegance v z\u00e1ti\u0161\u00ed Enigmatick\u00e1 fotografie&nbsp;<\/h2>\n\n\n\n<p>Schopnost Josefa Sudka zachytit na fotografi\u00edch z\u00e1ti\u0161\u00ed tajemnou kr\u00e1su v\u0161edn\u00edch p\u0159edm\u011bt\u016f je d\u016fkazem jeho um\u011bleck\u00e9ho p\u016fvabu. Ti, kte\u0159\u00ed maj\u00ed to \u0161t\u011bst\u00ed a mohou si prohl\u00e9dnout <strong>Josef Sudek<\/strong><strong> z\u00e1ti\u0161\u00ed <\/strong>jeho sn\u00edmky, kter\u00e9 vyz\u00fdvaj\u00ed div\u00e1ky, aby ocenili kr\u00e1su a tajemstv\u00ed sv\u011bta kolem n\u00e1s, jsou neust\u00e1le podmaniv\u00e9 a inspirativn\u00ed.<\/p>\n\n\n\n<h2 id=\"exploring-sudeks-lens-and-gallery\" class=\"wp-block-heading\">Zkoum\u00e1n\u00ed Sudkova objektivu a galerie<\/h2>\n\n\n\n<p><strong>\u010cesk\u00fd fotograf Josef Sudek<\/strong> pou\u017eil sv\u016fj objektiv, aby z oby\u010dejn\u00fdch v\u011bc\u00ed ud\u011blal velkolep\u00e9. Jeho p\u0159\u00edstup k fotografii se vyzna\u010doval n\u011bkolika d\u016fle\u017eit\u00fdmi rysy:<\/p>\n\n\n\n<ul>\n<li>Ovl\u00e1d\u00e1n\u00ed sv\u011btla<\/li>\n\n\n\n<li>Pozornost v\u011bnovan\u00e1 detail\u016fm<\/li>\n\n\n\n<li>Elegance a poezie<\/li>\n<\/ul>\n\n\n\n<p>Ti, kte\u0159\u00ed nav\u0161t\u00edv\u00ed <strong>Galerie Josefa Sudka<\/strong> v Praze p\u0159iv\u00edt\u00e1me v \u00e9terick\u00e9 atmosf\u00e9\u0159e, kde si mohou pln\u011b vychutnat fotografovu pr\u00e1ci.<\/p>","protected":false},"excerpt":{"rendered":"\u010cesk\u00fd fotograf Josef Sudek, \u010dasto p\u0159ezd\u00edvan\u00fd \"b\u00e1sn\u00edk Prahy\", byl fotografem, jeho\u017e um\u011bn\u00ed zanechalo nesmazatelnou stopu v...","protected":false},"author":2,"featured_media":11984,"comment_status":"closed","ping_status":"closed","sticky":false,"template":"","format":"standard","meta":{"footnotes":""},"categories":[15,204,39],"tags":[49],"table_tags":[],"_links":{"self":[{"href":"https:\/\/prague.org\/cs\/wp-json\/wp\/v2\/posts\/11983"}],"collection":[{"href":"https:\/\/prague.org\/cs\/wp-json\/wp\/v2\/posts"}],"about":[{"href":"https:\/\/prague.org\/cs\/wp-json\/wp\/v2\/types\/post"}],"author":[{"embeddable":true,"href":"https:\/\/prague.org\/cs\/wp-json\/wp\/v2\/users\/2"}],"replies":[{"embeddable":true,"href":"https:\/\/prague.org\/cs\/wp-json\/wp\/v2\/comments?post=11983"}],"version-history":[{"count":4,"href":"https:\/\/prague.org\/cs\/wp-json\/wp\/v2\/posts\/11983\/revisions"}],"predecessor-version":[{"id":12038,"href":"https:\/\/prague.org\/cs\/wp-json\/wp\/v2\/posts\/11983\/revisions\/12038"}],"wp:featuredmedia":[{"embeddable":true,"href":"https:\/\/prague.org\/cs\/wp-json\/wp\/v2\/media\/11984"}],"wp:attachment":[{"href":"https:\/\/prague.org\/cs\/wp-json\/wp\/v2\/media?parent=11983"}],"wp:term":[{"taxonomy":"category","embeddable":true,"href":"https:\/\/prague.org\/cs\/wp-json\/wp\/v2\/categories?post=11983"},{"taxonomy":"post_tag","embeddable":true,"href":"https:\/\/prague.org\/cs\/wp-json\/wp\/v2\/tags?post=11983"},{"taxonomy":"table_tags","embeddable":true,"href":"https:\/\/prague.org\/cs\/wp-json\/wp\/v2\/table_tags?post=11983"}],"curies":[{"name":"wp","href":"https:\/\/api.w.org\/{rel}","templated":true}]}}