{"id":12040,"date":"2023-11-19T15:46:00","date_gmt":"2023-11-19T13:46:00","guid":{"rendered":"https:\/\/prague.org\/?p=12040"},"modified":"2023-11-20T13:02:39","modified_gmt":"2023-11-20T11:02:39","slug":"prague-farmers-market","status":"publish","type":"post","link":"https:\/\/prague.org\/cs\/prazsky-farmarsky-trh\/","title":{"rendered":"\u017div\u00e9 chut\u011b pra\u017esk\u00fdch farm\u00e1\u0159sk\u00fdch trh\u016f"},"content":{"rendered":"<p>A <strong>Pra\u017esk\u00fd farm\u00e1\u0159sk\u00fd trh<\/strong> Ka\u017ed\u00fd z nich m\u00e1 sv\u00e9 vlastn\u00ed kouzlo a specialitu.Na t\u011bchto ru\u0161n\u00fdch trz\u00edch, kter\u00e9 jsou pln\u00e9 \u010derstv\u00fdch produkt\u016f a region\u00e1ln\u00edch specialit, si m\u016f\u017eete dop\u0159\u00e1t nezapomenuteln\u00e9 j\u00eddlo, kter\u00e9 je p\u0159\u00edm\u00fdm d\u016fsledkem bohatstv\u00ed zem\u011bd\u011blstv\u00ed v regionu.<\/p>\n\n\n\n<p>Farm\u00e1\u0159sk\u00e9 trhy v Praze jsou skv\u011bl\u00fdm zp\u016fsobem, jak poznat m\u00edstn\u00ed kulturu. Pod\u00e9l b\u0159eh\u016f Vltavy se nach\u00e1zej\u00ed ty nejobl\u00edben\u011bj\u0161\u00ed. <strong>Pra\u017esk\u00fd farm\u00e1\u0159sk\u00fd trh<\/strong>: farm\u00e1\u0159sk\u00fd trh na N\u00e1plavce. Sez\u00f3nn\u00ed trhy jako nap\u0159. <a href=\"https:\/\/prague.org\/cs\/prazske-velikonocni-trhy\/\">Velikono\u010dn\u00ed trhy 2023<\/a> a <a href=\"https:\/\/prague.org\/cs\/prazsky-vanocni-trh\/\">V\u00e1no\u010dn\u00ed trhy 2023<\/a> vPraze, by m\u011blo b\u00fdt n\u011bco, na co se t\u011b\u0161\u00edte.<\/p>\n\n\n\n<p>Jednou z nejlep\u0161\u00edch vlastnost\u00ed tohoto trhu je, \u017ee prod\u00e1v\u00e1 pouze potraviny, kter\u00e9 jsou pr\u00e1v\u011b v sez\u00f3n\u011b. Nab\u00eddka trhu se m\u011bn\u00ed podle ro\u010dn\u00edch obdob\u00ed. P\u0159\u00edchod jara p\u0159in\u00e1\u0161\u00ed rozkv\u011bt nov\u00e9ho \u017eivota, v\u010detn\u011b hojnosti zelen\u011b, jahod a barevn\u00fdch kv\u011btin. Letn\u00ed m\u011bs\u00edce p\u0159in\u00e1\u0161ej\u00ed duhu \u010derstv\u00fdch produkt\u016f a aromatick\u00fdch bylinek. Podzim p\u0159in\u00e1\u0161\u00ed hojnost d\u00fdn\u00ed, jablek a v\u00fd\u017eivn\u00e9 ko\u0159enov\u00e9 zeleniny, zat\u00edmco zima nab\u00edz\u00ed speci\u00e1ln\u00ed \u0159emesla a sez\u00f3nn\u00ed dobroty.<\/p>\n\n\n\n<h2 id=\"the-tradition-of-farmers-markets-in-the-czech-republic\" class=\"wp-block-heading\">Tradice farm\u00e1\u0159sk\u00fdch trh\u016f v \u010cesk\u00e9 republice<\/h2>\n\n\n\n<div data-gyg-href=\"https:\/\/widget.getyourguide.com\/default\/activities.frame\" data-gyg-locale-code=\"en-US\" data-gyg-widget=\"activities\" data-gyg-number-of-items=\"3\" data-gyg-partner-id=\"U94OQGQ\" data-gyg-q=\"prague%20food%20markets\"><\/div>\n\n\n\n<p>Modern\u00ed farm\u00e1\u0159sk\u00e9 trhy, jejich\u017e ko\u0159eny sahaj\u00ed n\u011bkolik stolet\u00ed do minulosti, jsou \u017eiv\u00fdm m\u00edstem setk\u00e1v\u00e1n\u00ed, kter\u00e9 vyzdvihuje region\u00e1ln\u00ed produkty, podporuje sousedsk\u00e9 vztahy a podporuje kulturn\u00ed porozum\u011bn\u00ed prost\u0159ednictv\u00edm potravin. M\u00edstn\u00ed obyvatel\u00e9 i turist\u00e9 si mohou vychutnat autentick\u00fd a kulturn\u011b bohat\u00fd z\u00e1\u017eitek na n\u011bkter\u00e9m z mnoha farm\u00e1\u0159sk\u00fdch trh\u016f, kter\u00e9 se nach\u00e1zej\u00ed na \u010desk\u00e9m venkov\u011b.<\/p>\n\n\n\n<h3 id=\"historical-roots\" class=\"wp-block-heading\">Historick\u00e9 ko\u0159eny<\/h3>\n\n\n\n<p>Od st\u0159edov\u011bku, kdy byla tr\u017ei\u0161t\u011b centrem obchodu a spole\u010densk\u00e9ho \u017eivota v \u010cesk\u00e9 republice, pat\u0159\u00ed farm\u00e1\u0159sk\u00e9 trhy k z\u00e1kladn\u00edm kulturn\u00edm prvk\u016fm zem\u011b. Tato tr\u017ei\u0161t\u011b obst\u00e1la ve zkou\u0161ce \u010dasu, p\u0159izp\u016fsobila se nov\u00fdm podm\u00ednk\u00e1m a z\u00e1rove\u0148 si zachovala svou jedine\u010dnou identitu. P\u0159etrv\u00e1vaj\u00edc\u00ed existence tr\u017ei\u0161\u0165 je d\u016fkazem jejich hlubok\u00e9 kulturn\u00ed hodnoty.<\/p>\n\n\n\n<h3 id=\"spaces-for-social-interaction\" class=\"wp-block-heading\">Prostory pro soci\u00e1ln\u00ed interakci<\/h3>\n\n\n\n<p>Tyto akce jsou d\u016fle\u017eit\u00fdmi komunitn\u00edmi centry, mnohem v\u00edce ne\u017e pouh\u00fdmi tr\u017ei\u0161ti. Farm\u00e1\u0159sk\u00e9 trhy jsou obl\u00edben\u00fdmi m\u00edsty setk\u00e1v\u00e1n\u00ed, kde se lid\u00e9 sch\u00e1zej\u00ed, aby si popov\u00eddali se sv\u00fdmi sousedy a nakoupili \u010derstv\u00e9, m\u00edstn\u011b vyp\u011bstovan\u00e9 produkty. Tyto trhy podporuj\u00ed pocit soun\u00e1le\u017eitosti t\u00edm, \u017ee poskytuj\u00ed m\u00edstn\u00edm obyvatel\u016fm m\u00edsto, kde se mohou vz\u00e1jemn\u011b setk\u00e1vat, a z\u00e1rove\u0148 p\u0159edstavuj\u00ed bohatstv\u00ed \u010desk\u00e9 kuchyn\u011b.<\/p>\n\n\n\n<h3 id=\"seasonal-abundance\" class=\"wp-block-heading\">Sez\u00f3nn\u00ed hojnost<\/h3>\n\n\n\n<p>Charakteristick\u00fdm znakem \u010desk\u00fdch farm\u00e1\u0159sk\u00fdch trh\u016f je sez\u00f3nn\u00ed dostupnost. Se zm\u011bnou vegeta\u010dn\u00edho obdob\u00ed se m\u011bn\u00ed i trh a p\u0159in\u00e1\u0161\u00ed pestr\u00fd v\u00fdb\u011br sez\u00f3nn\u00edho ovoce, zeleniny a \u0159emesln\u00fdch v\u00fdrobk\u016f. N\u00e1v\u0161t\u011bvn\u00edci trh\u016f mohou o\u010dek\u00e1vat \u017eiv\u00e9 a neust\u00e1le se m\u011bn\u00edc\u00ed prost\u0159ed\u00ed d\u00edky p\u0159\u00edlivu a odlivu nab\u00eddky v pr\u016fb\u011bhu roku.<\/p>\n\n\n\n<h3 id=\"safeguarding-the-culinary-heritage\" class=\"wp-block-heading\">Ochrana kulin\u00e1\u0159sk\u00e9ho d\u011bdictv\u00ed<\/h3>\n\n\n\n<p>A <strong>Pra\u017esk\u00fd farm\u00e1\u0159sk\u00fd trh<\/strong> m\u00e1 z\u00e1sadn\u00ed v\u00fdznam pro udr\u017een\u00ed \u010desk\u00fdch kulin\u00e1\u0159sk\u00fdch tradic. St\u00e1nky a expon\u00e1ty p\u0159edstavuj\u00ed region\u00e1ln\u00ed speciality, klasick\u00e1 j\u00eddla a \u010dasem prov\u011b\u0159en\u00e9 kucha\u0159sk\u00e9 techniky. N\u00e1v\u0161t\u011bvn\u00edci se p\u0159i ochutn\u00e1v\u00e1n\u00ed m\u00edstn\u00edch specialit mohou sezn\u00e1mit s kulturn\u00edmi a historick\u00fdmi vlivy na \u010deskou kuchyni.<\/p>\n\n\n\n<h3 id=\"consistency-and-local-support\" class=\"wp-block-heading\">Konzistence a m\u00edstn\u00ed podpora<\/h3>\n\n\n\n<p>\u010cesk\u00e9 farm\u00e1\u0159sk\u00e9 trhy kladou d\u016fraz na udr\u017eitelnost a m\u00edstn\u00ed zdroje zbo\u017e\u00ed. Tyto trhy posiluj\u00ed m\u00edstn\u00ed zem\u011bd\u011blsk\u00e9 komunity p\u0159\u00edm\u00fdm propojen\u00edm v\u00fdrobc\u016f a spot\u0159ebitel\u016f. To m\u00e1 pozitivn\u00ed vliv na \u017eivotn\u00ed prost\u0159ed\u00ed a m\u00edstn\u00ed ekonomiku.<\/p>\n\n\n\n<h3 id=\"ability-to-change-in-the-modern-era\" class=\"wp-block-heading\">Schopnost zm\u011bny v modern\u00ed dob\u011b<\/h3>\n\n\n\n<p>Farm\u00e1\u0159sk\u00e9 trhy v \u010cesk\u00e9 republice maj\u00ed hlubokou historii, ale tak\u00e9 nejmodern\u011bj\u0161\u00ed inovace, jako je nap\u0159. <a href=\"https:\/\/prague.org\/cs\/holesovice-market\/\">Hole\u0161ovick\u00e9 farm\u00e1\u0159sk\u00e9 trhy.<\/a> Snadnost internetov\u00fdch platforem je vyu\u017e\u00edv\u00e1na na mnoha trz\u00edch, ani\u017e by byl oslaben p\u016fvodn\u00ed duch d\u011bdictv\u00ed. Tato flexibilita zaji\u0161\u0165uje trvalou u\u017eite\u010dnost trh\u016f v dynamick\u00e9m prost\u0159ed\u00ed.<\/p>\n\n\n\n<h3 id=\"direct-producer-consumer-interaction\" class=\"wp-block-heading\">P\u0159\u00edm\u00e1 interakce v\u00fdrobce a spot\u0159ebitele<\/h3>\n\n\n\n<p>Farm\u00e1\u0159sk\u00e9 trhy v \u010cesk\u00e9 republice jsou zn\u00e1m\u00e9 \u00fazk\u00fdmi vztahy mezi prodejci a kupuj\u00edc\u00edmi. D\u00edky t\u00e9to otev\u0159enosti se z\u00e1kazn\u00edci mohou c\u00edtit jist\u011bj\u0161\u00ed v produktech, kter\u00e9 nakupuj\u00ed, a z\u00edsk\u00e1vaj\u00ed hlub\u0161\u00ed vztah k j\u00eddlu, kter\u00e9 konzumuj\u00ed.<\/p>\n\n\n\n<h2 id=\"what-food-to-find-at-the-farmers-markets-in-prague\" class=\"wp-block-heading\">Jak\u00e9 potraviny najdete na farm\u00e1\u0159sk\u00fdch trz\u00edch v Praze?<\/h2>\n\n\n\n<p>Na pra\u017esk\u00fdch farm\u00e1\u0159sk\u00fdch trz\u00edch se konaj\u00ed n\u011bkter\u00e9 z <a href=\"https:\/\/prague.org\/cs\/nejlepsi-evropske-vanocni-trhy\/\">nejlep\u0161\u00ed evropsk\u00e9 v\u00e1no\u010dn\u00ed trhy<\/a>. Pivo, k\u00e1va a sva\u0159en\u00e9 v\u00edno pat\u0159\u00ed k obl\u00edben\u00fdm sez\u00f3nn\u00edm pokrm\u016fm a vynikaj\u00edc\u00ed j\u00eddlo je na j\u00eddeln\u00edm l\u00edstku v\u017edy bez ohledu na ro\u010dn\u00ed obdob\u00ed. Po cel\u00fd rok zde najdete st\u00e1nky s jedine\u010dn\u00fdmi sv\u00e1te\u010dn\u00edmi dekoracemi, keramikou a dal\u0161\u00edmi ru\u010dn\u011b vyr\u00e1b\u011bn\u00fdmi v\u00fdrobky. K velikono\u010dn\u00edm dekorac\u00edm pat\u0159\u00ed barevn\u00e1 vaj\u00ed\u010dka a poml\u00e1zky, k v\u00e1no\u010dn\u00edm zase adventn\u00ed v\u011bnce a girlandy. Zde je n\u011bkolik lahodn\u00fdch pokrm\u016f, kter\u00e9 jsou k dost\u00e1n\u00ed v ka\u017ed\u00e9m <strong>Pra\u017esk\u00fd farm\u00e1\u0159sk\u00fd trh<\/strong>:<\/p>\n\n\n\n<ul>\n<li>\u010cerstv\u00e9 ovoce a zelenina<\/li>\n\n\n\n<li>M\u00edstn\u00ed s\u00fdry<\/li>\n\n\n\n<li>Chl\u00e9b a pe\u010divo<\/li>\n\n\n\n<li>Med a d\u017eemy<\/li>\n\n\n\n<li>\u010cerstv\u00e9 maso a uzeniny<\/li>\n\n\n\n<li>Ekologick\u00e9 produkty<\/li>\n\n\n\n<li>Nakl\u00e1dan\u00e9 okurky a kva\u0161en\u00e9 potraviny<\/li>\n\n\n\n<li>\u010cerstv\u00e1 vejce z farmy<\/li>\n\n\n\n<li>Kv\u011btiny a byliny<\/li>\n\n\n\n<li>\u0158emesln\u00e9 n\u00e1poje<\/li>\n\n\n\n<li>Ru\u010dn\u011b vyr\u00e1b\u011bn\u00e9 p\u0159edm\u011bty<\/li>\n<\/ul>\n\n\n\n<h2 id=\"our-top-picks-for-the-best-farmers-markets-in-prague\" class=\"wp-block-heading\">N\u00e1\u0161 v\u00fdb\u011br nejlep\u0161\u00edch farm\u00e1\u0159sk\u00fdch trh\u016f v Praze<\/h2>\n\n\n\n<h2 id=\"new-prague-farmers-market\" class=\"wp-block-heading\">- Farm\u00e1\u0159sk\u00e9 trhy v Nov\u00e9 Praze&nbsp;<\/h2>\n\n\n\n<p><strong>Adresa:<\/strong> N\u00e1m\u011bst\u00ed Republiky, Praha 1<\/p>\n\n\n\n<p><strong>Kdy\u017e<\/strong>: Ka\u017edou sobotu po cel\u00fd rok<\/p>\n\n\n\n<p>Na str\u00e1nk\u00e1ch<strong> nov\u00fd pra\u017esk\u00fd farm\u00e1\u0159sk\u00fd trh<\/strong> nab\u00edz\u00ed chutn\u00e9, m\u00edstn\u011b p\u011bstovan\u00e9 ovoce a zeleninu. R\u016fzn\u00e1 zelenina a ovoce v sez\u00f3n\u011b. Raj\u010data, papriky a zel\u00ed, stejn\u011b jako trvalky a n\u011bkter\u00e9 ovocn\u00e9 stromy, jsou k dispozici jako startovac\u00ed rostliny na ja\u0159e.<\/p>\n\n\n\n<p>Po cel\u00fd rok lze zakoupit lahodn\u00e9 pe\u010divo, pomaz\u00e1nky a sladidla. Omezen\u00fd v\u00fdb\u011br \u0159emesln\u00fdch v\u00fdrobk\u016f dopl\u0148uj\u00ed v\u00fdrobky ze d\u0159eva, zahradn\u00ed ozdoby, ru\u010dn\u00ed vy\u0161\u00edv\u00e1n\u00ed, sv\u00ed\u010dky ze v\u010del\u00edho vosku a \u0159emesln\u00e1 m\u00fddla a sv\u00ed\u010dky.<\/p>\n\n\n\n<h2 id=\"andel\" class=\"wp-block-heading\">- And\u011bl...<\/h2>\n\n\n\n<p><strong>Adresa:<\/strong> N\u00e1m\u011bst\u00ed 14. \u0159\u00edjna, Praha 5<\/p>\n\n\n\n<p><strong>Kdy\u017e<\/strong>: P\u00e1tky od 8 do 18 hodin.<\/p>\n\n\n\n<p>V p\u00e1tek <strong>Pra\u017esk\u00fd farm\u00e1\u0159sk\u00fd trh<\/strong> v ru\u0161n\u00e9 oblasti And\u011bl je ru\u0161no. And\u011blsk\u00fd farm\u00e1\u0159sk\u00fd trh uspokojuje \u0161irokou populaci a nab\u00edz\u00ed v\u0161e od bio zeleniny a\u017e po ru\u010dn\u011b vyr\u00e1b\u011bn\u00e9 zbo\u017e\u00ed. Prozkoumejte kosmopolitn\u00ed atmosf\u00e9ru trhu, kde najdete st\u00e1nky s pochoutkami z r\u016fzn\u00fdch kuchyn\u00ed.<\/p>\n\n\n\n<h2 id=\"kulatak\" class=\"wp-block-heading\">- Kulatak...<\/h2>\n\n\n\n<p><strong>Adresa:<\/strong> N\u00e1m\u011bst\u00ed Ji\u0159\u00edho z Pod\u011bbrad, Praha 3<\/p>\n\n\n\n<p><strong>Kdy:<\/strong> Ka\u017edou st\u0159edu od 8 do 18 hodin.<\/p>\n\n\n\n<p><strong>Farm\u00e1\u0159sk\u00fd trh Kulatak Praha<\/strong>, kter\u00e1 se nach\u00e1z\u00ed na ru\u0161n\u00e9m n\u00e1m\u011bst\u00ed Ji\u0159\u00edho z Pod\u011bbrad, je ve v\u0161edn\u00ed dny kulin\u00e1\u0159sk\u00fdm r\u00e1jem. Tr\u017enice je zn\u00e1m\u00e1 \u0161irokou nab\u00eddkou \u010derstv\u00e9ho ovoce a zeleniny i region\u00e1ln\u00edch pochoutek. Vyu\u017eijte \u017eiv\u00e9 atmosf\u00e9ry, \u017eiv\u00e9 hudby a rozmanit\u00e9ho v\u00fdb\u011bru pouli\u010dn\u00edch j\u00eddel.<\/p>\n\n\n\n<h2 id=\"naplavka\" class=\"wp-block-heading\">- Naplavka...<\/h2>\n\n\n\n<p>Adresa: Ra\u0161\u00ednovo n\u00e1b\u0159e\u017e\u00ed, Praha 2<\/p>\n\n\n\n<p>Kdy: V sobotu od 8:00 do 14:00 hod.<\/p>\n\n\n\n<p><strong>Farm\u00e1\u0159sk\u00fd trh N\u00e1plavka Praha<\/strong>, kter\u00fd se nach\u00e1z\u00ed u \u0159eky Vltavy, je obl\u00edben\u00fd mezi m\u00edstn\u00edmi obyvateli i n\u00e1v\u0161t\u011bvn\u00edky. P\u0159i prohl\u00eddce st\u00e1nk\u016f s \u010derstvou zeleninou, ru\u010dn\u011b vyr\u00e1b\u011bn\u00fdm pe\u010divem a \u0159emesln\u00fdmi v\u00fdrobky na v\u00e1s malebn\u00e9 prost\u0159ed\u00ed d\u00fdchne klidnou atmosf\u00e9rou. Nenechte si uj\u00edt r\u016fzn\u00e9 kulin\u00e1\u0159sk\u00e9 speciality, kter\u00e9 nab\u00edzej\u00ed pouli\u010dn\u00ed prodejci.<\/p>\n\n\n\n<h2 id=\"sunday\" class=\"wp-block-heading\">- Ned\u011ble...<\/h2>\n\n\n\n<p>\u017div\u00fd <strong>Ned\u011bln\u00ed farm\u00e1\u0159sk\u00e9 trhy v Praze <\/strong>o\u017eivuje m\u011bsto ka\u017edou ned\u011bli. Tento trh, kter\u00fd se nach\u00e1z\u00ed uprost\u0159ed m\u011bsta, je v\u00edce ne\u017e jen m\u00edstem pro n\u00e1kup potravin; je to vzkv\u00e9taj\u00edc\u00ed uk\u00e1zka kulturn\u00ed rozmanitosti, kulin\u00e1\u0159sk\u00fdch dovednost\u00ed a komunitn\u00edho ducha m\u011bsta. Poj\u010fte se s n\u00e1mi vydat na virtu\u00e1ln\u00ed prohl\u00eddku pra\u017esk\u00e9ho farm\u00e1\u0159sk\u00e9ho trhu a p\u0159esv\u011bd\u010dte se sami, pro\u010d se stal pro tolik lid\u00ed v\u00edkendovou st\u00e1lic\u00ed.<\/p>\n\n\n\n<p>Je to m\u00edsto, kde se lid\u00e9 mohou pod\u011blit o svou v\u00e1\u0161e\u0148 pro \u010derstv\u00e9 m\u00edstn\u00ed ovoce a z\u00e1rove\u0148 za\u017e\u00edt h\u0159ejivou ned\u011bln\u00ed pospolitost.<\/p>\n\n\n\n<h2 id=\"pragues-market-exploration-and-authentic-czech-cooking-experience\" class=\"wp-block-heading\">Pr\u016fzkum pra\u017esk\u00fdch trh\u016f a z\u00e1\u017eitek z autentick\u00e9 \u010desk\u00e9 kuchyn\u011b<\/h2>\n\n\n\n<div data-gyg-href=\"https:\/\/widget.getyourguide.com\/default\/activities.frame\" data-gyg-locale-code=\"en-US\" data-gyg-widget=\"activities\" data-gyg-number-of-items=\"1\" data-gyg-partner-id=\"U94OQGQ\" data-gyg-tour-ids=\"36516\"><\/div>\n\n\n\n<p>Pono\u0159te se do podstaty \u010desk\u00e9 gastronomie prost\u0159ednictv\u00edm nezapomenuteln\u00e9 kulin\u00e1\u0159sk\u00e9 eskap\u00e1dy v Praze. Vydejte se na \u017eiv\u00fd pr\u016fzkum trhu, vyberte si \u010derstv\u00e9 sez\u00f3nn\u00ed suroviny a z\u00fa\u010dastn\u011bte se poutav\u00e9ho praktick\u00e9ho kurzu va\u0159en\u00ed pod veden\u00edm zku\u0161en\u00e9ho \u0161\u00e9fkucha\u0159e. Objevte um\u011bn\u00ed p\u0159\u00edpravy prav\u00fdch \u010desk\u00fdch pokrm\u016f, od robustn\u00edho gul\u00e1\u0161e a vzdu\u0161n\u00fdch knedl\u00edk\u016f a\u017e po lahodnou sladkost jable\u010dn\u00e9ho \u0161tr\u00fadlu.<\/p>\n\n\n\n<h3 id=\"highlights\" class=\"wp-block-heading\">Nejd\u016fle\u017eit\u011bj\u0161\u00ed informace<\/h3>\n\n\n\n<ul>\n<li>Rozv\u00edjejte sv\u00e9 kulin\u00e1\u0159sk\u00e9 dovednosti: Odhalte tajemstv\u00ed tradi\u010dn\u00ed \u010desk\u00e9 kuchyn\u011b pod veden\u00edm zku\u0161en\u00e9ho \u0161\u00e9fkucha\u0159e.<\/li>\n\n\n\n<li>Objevte p\u0159edn\u00ed pra\u017esk\u00e9 farm\u00e1\u0159sk\u00e9 trhy: Vydejte se na prohl\u00eddku trhu s pr\u016fvodcem a vyberte si ty nejlep\u0161\u00ed sez\u00f3nn\u00ed suroviny pro sv\u00e9 kulin\u00e1\u0159sk\u00e9 v\u00fdtvory.<\/li>\n\n\n\n<li>Pot\u011b\u0161te sv\u00e9 chu\u0165ov\u00e9 bu\u0148ky: Vyzkou\u0161ejte harmonickou sm\u011bs chut\u00ed p\u0159i p\u0159\u00edprav\u011b lahodn\u00e9ho t\u0159\u00edchodov\u00e9ho j\u00eddla s gul\u00e1\u0161em, knedl\u00edkem a jable\u010dn\u00fdm z\u00e1vinem.<\/li>\n\n\n\n<li>Zachovejte si z\u00e1\u017eitek: Odneste si cenn\u00e9 recepty a nov\u011b nabyt\u00e9 uzn\u00e1n\u00ed pro \u010desk\u00e9 kulin\u00e1\u0159sk\u00e9 tradice.<\/li>\n<\/ul>\n\n\n\n<h3 id=\"included\" class=\"wp-block-heading\">Zahrnuto<\/h3>\n\n\n\n<ul>\n<li>Z\u00e1klady va\u0159en\u00ed: Z\u00edskejte v\u0161echny \u010derstv\u00e9 sez\u00f3nn\u00ed suroviny pot\u0159ebn\u00e9 k vytvo\u0159en\u00ed mistrovsk\u00e9ho kulin\u00e1\u0159sk\u00e9ho d\u00edla.<\/li>\n\n\n\n<li>Sb\u00edrka recept\u016f: Odj\u00ed\u017ed\u011bjte se sb\u00edrkou autentick\u00fdch \u010desk\u00fdch recept\u016f, kter\u00e9 v\u00e1m pomohou zopakovat chut\u011b va\u0161\u00ed kulin\u00e1\u0159sk\u00e9 cesty.<\/li>\n\n\n\n<li>Kuchy\u0148sk\u00e9 n\u00e1\u0159ad\u00ed a vybaven\u00ed: P\u0159\u00edstup do pln\u011b vybaven\u00e9 kuchyn\u011b se v\u0161emi nezbytn\u00fdmi n\u00e1stroji a n\u00e1\u010din\u00edm.<\/li>\n\n\n\n<li>Z\u00e1st\u011bry: Z\u00e1st\u011bry, kter\u00e9 jsou k dispozici, v\u00e1m pomohou udr\u017eet po\u0159\u00e1dek a soust\u0159ed\u011bn\u00ed.<\/li>\n\n\n\n<li>Hostina o 3 chodech: Vychutnejte si v\u00fdsledek sv\u00e9ho \u00fasil\u00ed v podob\u011b chutn\u00e9ho t\u0159\u00edchodov\u00e9ho j\u00eddla, kter\u00e9 jste sami p\u0159ipravili.<\/li>\n\n\n\n<li>Exkurze na trh: Pono\u0159te se do \u017eiv\u00e9 atmosf\u00e9ry nejv\u00fdznamn\u011bj\u0161\u00edho pra\u017esk\u00e9ho farm\u00e1\u0159sk\u00e9ho trhu.<\/li>\n<\/ul>\n\n\n\n<div class=\"wp-block-buttons is-layout-flex wp-block-buttons-is-layout-flex\">\n<div class=\"wp-block-button is-style-cs-button-block\"><a class=\"wp-block-button__link wp-element-button\" href=\"https:\/\/www.getyourguide.com\/prague-l10\/traditional-czech-cuisine-cooking-class-t36516\/?partner_id=U94OQGQ&amp;utm_medium=online_publisher\" rel=\"nofollow noopener\">\u2192 <strong>Vydejte se na kulin\u00e1\u0159skou cestu<\/strong><\/a><\/div>\n<\/div>\n\n\n\n<div data-gyg-href=\"https:\/\/widget.getyourguide.com\/default\/city.frame\" data-gyg-location-id=\"10\" data-gyg-locale-code=\"en-US\" data-gyg-widget=\"city\" data-gyg-partner-id=\"U94OQGQ\"><\/div>","protected":false},"excerpt":{"rendered":"Pra\u017esk\u00e9 farm\u00e1\u0159sk\u00e9 trhy si rozhodn\u011b nenechte uj\u00edt, ka\u017ed\u00fd z nich m\u00e1 sv\u00e9 kouzlo a...","protected":false},"author":2,"featured_media":12041,"comment_status":"closed","ping_status":"closed","sticky":false,"template":"","format":"standard","meta":{"footnotes":""},"categories":[204,206,19,1,17],"tags":[],"table_tags":[],"_links":{"self":[{"href":"https:\/\/prague.org\/cs\/wp-json\/wp\/v2\/posts\/12040"}],"collection":[{"href":"https:\/\/prague.org\/cs\/wp-json\/wp\/v2\/posts"}],"about":[{"href":"https:\/\/prague.org\/cs\/wp-json\/wp\/v2\/types\/post"}],"author":[{"embeddable":true,"href":"https:\/\/prague.org\/cs\/wp-json\/wp\/v2\/users\/2"}],"replies":[{"embeddable":true,"href":"https:\/\/prague.org\/cs\/wp-json\/wp\/v2\/comments?post=12040"}],"version-history":[{"count":3,"href":"https:\/\/prague.org\/cs\/wp-json\/wp\/v2\/posts\/12040\/revisions"}],"predecessor-version":[{"id":12085,"href":"https:\/\/prague.org\/cs\/wp-json\/wp\/v2\/posts\/12040\/revisions\/12085"}],"wp:featuredmedia":[{"embeddable":true,"href":"https:\/\/prague.org\/cs\/wp-json\/wp\/v2\/media\/12041"}],"wp:attachment":[{"href":"https:\/\/prague.org\/cs\/wp-json\/wp\/v2\/media?parent=12040"}],"wp:term":[{"taxonomy":"category","embeddable":true,"href":"https:\/\/prague.org\/cs\/wp-json\/wp\/v2\/categories?post=12040"},{"taxonomy":"post_tag","embeddable":true,"href":"https:\/\/prague.org\/cs\/wp-json\/wp\/v2\/tags?post=12040"},{"taxonomy":"table_tags","embeddable":true,"href":"https:\/\/prague.org\/cs\/wp-json\/wp\/v2\/table_tags?post=12040"}],"curies":[{"name":"wp","href":"https:\/\/api.w.org\/{rel}","templated":true}]}}