{"id":14234,"date":"2025-04-07T10:39:48","date_gmt":"2025-04-07T08:39:48","guid":{"rendered":"https:\/\/prague.org\/?p=14234"},"modified":"2025-05-02T20:20:19","modified_gmt":"2025-05-02T18:20:19","slug":"easter-markets-prague-2025","status":"publish","type":"post","link":"https:\/\/prague.org\/cs\/velikonocni-trhy-praha-2025\/","title":{"rendered":"Velikonoce v Praze 2025 - trhy, akce a kouzlo jara"},"content":{"rendered":"<p><span style=\"font-weight: 400;\">Co m\u016f\u017eete o\u010dek\u00e1vat od <\/span><b>Velikono\u010dn\u00ed trhy v Praze 2025<\/b><span style=\"font-weight: 400;\">?<\/span><\/p>\n<p><span style=\"font-weight: 400;\">To je ot\u00e1zka, kterou si klade mnoho lid\u00ed, kdy\u017e pl\u00e1nuj\u00ed jarn\u00ed dovolenou - a up\u0159\u00edmn\u011b \u0159e\u010deno, odpov\u011b\u010f je snadn\u00e1: je to jedno z nejkouzeln\u011bj\u0161\u00edch obdob\u00ed pro pobyt v srdci \u010cesk\u00e9 republiky.<\/span><\/p>\n<p><span style=\"font-weight: 400;\">Na str\u00e1nk\u00e1ch <\/span><b>Velikono\u010dn\u00ed trhy v Praze 2025<\/b><span style=\"font-weight: 400;\"> jsou exploz\u00ed radostn\u00e9 energie, \u017eiv\u00fdch jarn\u00edch barev a tradi\u010dn\u00ed \u010desk\u00e9 kultury. Uprost\u0159ed \u0159ad n\u00e1dhern\u011b ru\u010dn\u011b malovan\u00fdch velikono\u010dn\u00edch vaj\u00ed\u010dek, v\u016fn\u011b grilovan\u00fdch klob\u00e1s a rozkvetl\u00fdch strom\u016f se historick\u00e1 pra\u017esk\u00e1 n\u00e1m\u011bst\u00ed od 5. do 27. dubna 2025 stanou pulzuj\u00edc\u00edmi centry. Lidov\u00e1 hudba, tanec a \u0159emesln\u00e9 v\u00fdrobky zapln\u00ed ulice, a\u017e se m\u011bsto zbav\u00ed p\u0159etrv\u00e1vaj\u00edc\u00edch stop zimy. V\u0161ichni se sejdou, aby se radovali z tohoto \u010dasu znovuzrozen\u00ed. Pokud pl\u00e1nujete rodinnou dovolenou nebo se jen chcete sezn\u00e1mit s bohatou kulturou m\u011bsta, je to skv\u011bl\u00e1 doba k n\u00e1v\u0161t\u011bv\u011b Prahy.<\/span><\/p>\n<p>&nbsp;<\/p>\n<h2 id=\"prague-easter-markets-2025-dates-locations-highlights\"><b>Pra\u017esk\u00e9 velikono\u010dn\u00ed trhy 2025: Term\u00edny, m\u00edsta a zaj\u00edmavosti<\/b><\/h2>\n<p><span style=\"font-weight: 400;\">P\u016fvabn\u00e9 hlavn\u00ed m\u011bsto \u010cesk\u00e9 republiky o\u017e\u00edv\u00e1 ka\u017ed\u00e9 jaro \u0159adou z\u00e1\u0159iv\u00fdch <\/span><b>Velikono\u010dn\u00ed trhy v Praze 2025<\/b><span style=\"font-weight: 400;\"> kter\u00e9 oslavuj\u00ed sv\u011b\u017eest sez\u00f3ny i bohat\u00e9 kulturn\u00ed d\u011bdictv\u00ed m\u011bsta. Od 5. do 27. dubna 2025 mohou host\u00e9 nav\u0161t\u00edvit \u0159adu trh\u016f, z nich\u017e ka\u017ed\u00fd nab\u00edz\u00ed jedine\u010dn\u00e9 z\u00e1\u017eitky, tradi\u010dn\u00ed \u0159emesla a sv\u00e1te\u010dn\u00ed pochoutky.<\/span><\/p>\n<h2 id=\"main-markets\"><span style=\"font-weight: 400;\">Hlavn\u00ed trhy<\/span><\/h2>\n<h3 id=\"1-pragues-old-town-square-staromestske-namesti\"><span style=\"font-weight: 400;\">1. Starom\u011bstsk\u00e9 n\u00e1m\u011bst\u00ed (Starom\u011bstsk\u00e9 n\u00e1m\u011bst\u00ed)\u00a0<\/span><\/h3>\n<p><b>Provozn\u00ed doba:<\/b><span style=\"font-weight: 400;\"> otev\u0159eno ka\u017ed\u00fd den od 9:00 do 20:00 hodin.<\/span><\/p>\n<p><span style=\"font-weight: 400;\">Starom\u011bstsk\u00e9 n\u00e1m\u011bst\u00ed v Praze je obl\u00edben\u00fdm tr\u017ei\u0161t\u011bm se slavnostn\u00ed atmosf\u00e9rou a \u010detn\u00fdmi nab\u00eddkami. N\u00e1v\u0161t\u011bvn\u00edci si mohou prohl\u00e9dnout st\u00e1nky s tradi\u010dn\u00edmi \u0159emesly, malovan\u00fdmi velikono\u010dn\u00edmi vaj\u00ed\u010dky, d\u0159ev\u011bn\u00fdmi hra\u010dkami, ru\u010dn\u011b vyr\u00e1b\u011bn\u00fdmi krajkami a dekoracemi s jarn\u00ed tematikou. Sou\u010d\u00e1st\u00ed trhu je tak\u00e9 \u017eiv\u00e1 lidov\u00e1 hudba a tane\u010dn\u00ed vystoupen\u00ed, kter\u00e1 umoc\u0148uj\u00ed kulturn\u00ed z\u00e1\u017eitek. <\/span><\/p>\n<h3 id=\"2-wenceslas-square-vaclavske-namesti\">2. V\u00e1clavsk\u00e9 n\u00e1m\u011bst\u00ed (V\u00e1clavsk\u00e9 n\u00e1m\u011bst\u00ed)<\/h3>\n<p><b>Provozn\u00ed doba:<\/b><span style=\"font-weight: 400;\"> otev\u0159eno ka\u017ed\u00fd den po dobu 24 hodin<\/span><\/p>\n<p><span style=\"font-weight: 400;\">Tato lokalita se nach\u00e1z\u00ed kousek od Starom\u011bstsk\u00e9ho n\u00e1m\u011bst\u00ed, kde se konaj\u00ed pestr\u00e9 velikono\u010dn\u00ed trhy. N\u00e1v\u0161t\u011bvn\u00edci se mohou t\u011b\u0161it na podobn\u00e9 zbo\u017e\u00ed, jako jsou tradi\u010dn\u00ed \u010desk\u00e1 velikono\u010dn\u00ed \u0159emesla a kulin\u00e1\u0159sk\u00e9 speciality. D\u00edky sv\u00e9 centr\u00e1ln\u00ed poloze je trh snadno dostupn\u00fd a b\u011bhem velikono\u010dn\u00edch sv\u00e1tk\u016f ho rozhodn\u011b mus\u00edte nav\u0161t\u00edvit.<\/span><\/p>\n<h2 id=\"smaller-local-markets\"><span style=\"font-weight: 400;\">Men\u0161\u00ed\/m\u00edstn\u00ed trhy.<\/span><\/h2>\n<h3 id=\"1-marianske-square-marianske-namesti\">1. Mari\u00e1nsk\u00e9 n\u00e1m\u011bst\u00ed (Mari\u00e1nsk\u00e9 N\u00e1m\u011bst\u00ed)<\/h3>\n<p><b>Provozn\u00ed doba:<\/b><span style=\"font-weight: 400;\"> otev\u0159eno ka\u017ed\u00fd den od 11:00 do 19:00.<\/span><\/p>\n<p><span style=\"font-weight: 400;\">Tento trh ve Star\u00e9m M\u011bst\u011b nab\u00edz\u00ed osobn\u011bj\u0161\u00ed z\u00e1\u017eitek, st\u00e1nky s ru\u010dn\u011b vyr\u00e1b\u011bn\u00fdm zbo\u017e\u00edm, velikono\u010dn\u00edmi dekoracemi a tradi\u010dn\u00ed kuchyn\u00ed. Je to skv\u011bl\u00e9 m\u00edsto, kde najdete m\u00edstn\u00ed \u0159emesln\u00edky.<\/span><\/p>\n<h3 id=\"2-the-na-kampe-market\">2. Trh Na Kamp\u011b<\/h3>\n<p><b>Provozn\u00ed doba:<\/b><span style=\"font-weight: 400;\"> otev\u0159eno ka\u017ed\u00fd den od 10:00 do 20:00 hod.<\/span><\/p>\n<p><span style=\"font-weight: 400;\">Nach\u00e1z\u00ed se nedaleko Karlova mostu na Mal\u00e9 Stran\u011b a nab\u00edz\u00ed tradi\u010dn\u00ed velikono\u010dn\u00ed \u0159emesla, dekorativn\u00ed p\u0159edm\u011bty a \u0159adu m\u00edstn\u00edch pochoutek. Nab\u00edz\u00ed malebnou polohu s v\u00fdhledem na Vltavu.<\/span><\/p>\n<h3 id=\"3-peace-square-namesti-miru\">3. N\u00e1m\u011bst\u00ed M\u00edru (N\u00e1m\u011bst\u00ed M\u00edru)<\/h3>\n<p><b>Provozn\u00ed doba:<\/b><span style=\"font-weight: 400;\"> otev\u0159eno ka\u017ed\u00fd den od 10:00 do 19:00 hod.\u00a0<\/span><\/p>\n<p><span style=\"font-weight: 400;\">Jedn\u00e1 se o obl\u00edben\u00fd trh pro m\u00edstn\u00ed obyvatele, kter\u00fd nab\u00edz\u00ed ru\u010dn\u011b vyr\u00e1b\u011bn\u00e9 dekorace, tradi\u010dn\u00ed velikono\u010dn\u00ed pochoutky a m\u00edstn\u00ed \u0159emesln\u00e9 v\u00fdrobky. Nach\u00e1z\u00ed se p\u0159ibli\u017en\u011b 15 minut od centra m\u011bsta.<\/span><\/p>\n<div data-gyg-widget=\"auto\" data-gyg-partner-id=\"U94OQGQ\" data-gyg-cmp=\"prague family\"><\/div>\n<h3 id=\"4-havels-market-havelske-trziste\">4. Havelsk\u00fd trh (Havelsk\u00e9 tr\u017ei\u0161t\u011b)<\/h3>\n<p><b>Provozn\u00ed doba:<\/b><span style=\"font-weight: 400;\"> otev\u0159eno ka\u017ed\u00fd den od 6:00 do 18:30 hod.<\/span><\/p>\n<p><span style=\"font-weight: 400;\">Tento st\u00e1l\u00fd trh, kter\u00fd se nach\u00e1z\u00ed mezi Starom\u011bstsk\u00fdm a V\u00e1clavsk\u00fdm n\u00e1m\u011bst\u00edm, m\u00e1 v dubnu velikono\u010dn\u00ed tematiku. Prod\u00e1v\u00e1 se zde \u010derstv\u00e9 ovoce, ru\u010dn\u011b vyr\u00e1b\u011bn\u00e9 v\u00fdrobky a velikono\u010dn\u00ed dekorace.<\/span><\/p>\n<h3 id=\"eco-friendly-initiatives\"><span style=\"font-weight: 400;\">Ekologick\u00e9 iniciativy<\/span><\/h3>\n<p><span style=\"font-weight: 400;\">Mnoho pra\u017esk\u00fdch velikono\u010dn\u00edch trh\u016f up\u0159ednost\u0148uje udr\u017eitelnost t\u00edm, \u017ee vyu\u017e\u00edv\u00e1 recyklovateln\u00e9 materi\u00e1ly a podporuje m\u00edstn\u00ed v\u00fdrobky. Tato ekologicky uv\u011bdom\u011bl\u00e1 strategie prosp\u00edv\u00e1 nejen m\u00edstn\u00edm um\u011blc\u016fm, ale tak\u00e9 zaji\u0161\u0165uje, \u017ee si turist\u00e9 mohou oslavy u\u017e\u00edt zodpov\u011bdn\u011b.<\/span><\/p>\n<h3 id=\"market-atmosphere-and-photography-tips\"><span style=\"font-weight: 400;\">Atmosf\u00e9ra na trhu a tipy pro fotografov\u00e1n\u00ed<\/span><\/h3>\n<p><b>Velikono\u010dn\u00ed trhy v Praze 2025<\/b><span style=\"font-weight: 400;\"> jsou vyzdobeny b\u0159\u00edzami, pestr\u00fdmi vaj\u00ed\u010dky a z\u00e1\u0159iv\u00fdmi stuhami, co\u017e vytv\u00e1\u0159\u00ed \u017eivou a vizu\u00e1ln\u011b p\u0159ita\u017elivou atmosf\u00e9ru. St\u00e1nky s ob\u010derstven\u00edm nab\u00edzej\u00ed \u0159adu tradi\u010dn\u00edch \u010desk\u00fdch j\u00eddel a poskytuj\u00ed spoustu mo\u017enost\u00ed k fotografov\u00e1n\u00ed. N\u00e1v\u0161t\u011bvn\u00edci dostanou chu\u0165 fotografovat \u017eiv\u00e9 scen\u00e9rie, slo\u017eit\u00e1 \u0159emesla a chutn\u00e1 j\u00eddla a vytvo\u0159it si tak trval\u00e9 vzpom\u00ednky na velikono\u010dn\u00ed z\u00e1\u017eitky v Praze.<\/span><\/p>\n<h3 id=\"top-easter-activity-easter-themed-tour\"><span style=\"font-weight: 400;\">Nejlep\u0161\u00ed velikono\u010dn\u00ed aktivita: <\/span><span style=\"font-weight: 400;\">Prohl\u00eddka s velikono\u010dn\u00ed tematikou<\/span><\/h3>\n<p><span style=\"font-weight: 400;\">Vychutnejte si prohl\u00eddku t\u0159\u00ed typick\u00fdch <\/span><b>Pra\u017esk\u00e9 velikono\u010dn\u00ed trhy v roce 2025<\/b><span style=\"font-weight: 400;\"> pozn\u00e1te m\u00edstn\u00ed zvyky, ochutn\u00e1te sez\u00f3nn\u00ed ob\u010derstven\u00ed a n\u00e1poje a mo\u017en\u00e1 ochutn\u00e1te i uzenou \u0161unku nebo osv\u011b\u017euj\u00edc\u00ed \u010desk\u00e9 pivo - p\u0159ekvapen\u00ed, kter\u00e9 v\u00e1m vybere pr\u016fvodce. Z\u00e1\u0159iv\u00e9 velikono\u010dn\u00ed stromy ozdoben\u00e9 barevn\u00fdmi stuhami a ru\u010dn\u011b malovan\u00fdmi vaj\u00ed\u010dky p\u0159isp\u00edvaj\u00ed ke slavnostn\u00ed n\u00e1lad\u011b, kterou si m\u016f\u017eete vychutnat p\u0159i prohl\u00eddce.<\/span><\/p>\n<div data-gyg-href=\"https:\/\/widget.getyourguide.com\/default\/activities.frame\" data-gyg-locale-code=\"en-US\" data-gyg-widget=\"activities\" data-gyg-number-of-items=\"1\" data-gyg-partner-id=\"U94OQGQ\" data-gyg-tour-ids=\"921214\">Powered by <a href=\"https:\/\/www.getyourguide.com\/prague-l10\/\" target=\"_blank\" rel=\"sponsored noopener nofollow\">GetYourGuide<\/a><\/div>\n<p>&nbsp;<\/p>\n<h2 id=\"what-to-eat-and-drink-at-the-easter-markets\"><b>Co j\u00edst a p\u00edt na velikono\u010dn\u00edch trz\u00edch<\/b><\/h2>\n<p><b>Velikonoce v Praze 2025<\/b><span style=\"font-weight: 400;\"> je skv\u011bl\u00e1 p\u0159\u00edle\u017eitost k objevov\u00e1n\u00ed \u010desk\u00fdch kulin\u00e1\u0159sk\u00fdch tradic. <\/span><b>Velikono\u010dn\u00ed trhy v Praze 2025 <\/b><span style=\"font-weight: 400;\">nab\u00edz\u00ed obl\u00edben\u00e9 sez\u00f3nn\u00ed pokrmy, jako je \u0161unka na ro\u017eni, klob\u00e1sa, lango\u0161e, sladk\u00e9 knedl\u00edky, zdoben\u00e9 pern\u00ed\u010dky a trdeln\u00edky. K dispozici jsou tak\u00e9 tepl\u00e9 n\u00e1poje - na v\u00fdb\u011br je \u010desk\u00e9 pivo, sva\u0159en\u00e9 v\u00edno, hork\u00e1 medovina, ovocn\u00fd pun\u010d, hork\u00fd jable\u010dn\u00fd mo\u0161t a hork\u00e1 \u010dokol\u00e1da. Nav\u0161tivte n\u00e1\u0161 <\/span><a href=\"https:\/\/prague.org\/cs\/kompletni-pruvodce-ceskou-potravinovou-kulturou\/\"><span style=\"font-weight: 400;\">Pr\u016fvodce j\u00eddlem a pit\u00edm<\/span><\/a><span style=\"font-weight: 400;\"> pro dal\u0161\u00ed chutn\u00e9 mo\u017enosti.<\/span><\/p>\n<h3 id=\"tasting-tours-and-beer-experience\"><span style=\"font-weight: 400;\">Ochutn\u00e1vky a z\u00e1\u017eitky s pivem<\/span><\/h3>\n<p><span style=\"font-weight: 400;\">Vydejte se na \u00fa\u017easnou kulin\u00e1\u0159skou prohl\u00eddku Prahy, kter\u00e1 za\u010d\u00edn\u00e1 na Star\u00e9m M\u011bst\u011b a v \u017eidovsk\u00e9 \u010dtvrti a pokra\u010duje na ru\u0161n\u00e9 Nov\u00e9 M\u011bsto. Za\u010dn\u011bte ochutn\u00e1vkou m\u00edstn\u00edho piva na jedine\u010dn\u00e9 Pivovarsk\u00e9 lodi a pot\u00e9 p\u0159i prohl\u00eddce malebn\u00fdch uli\u010dek m\u011bsta ochutnejte \u010desk\u00e9 speciality, jako jsou kol\u00e1\u010de a sendvi\u010de s otev\u0159en\u00fdm oblo\u017een\u00fdm stolem. Vychutnejte si tradi\u010dn\u00ed j\u00eddlo v historick\u00e9 kav\u00e1rn\u011b Caf\u00e9 Louvre a na z\u00e1v\u011br si dejte proslul\u00fd \u0161tr\u00fadl s pudinkem v Caf\u00e9 Plat\u00fdz - kr\u00e1sn\u00e9 zakon\u010den\u00ed autentick\u00e9ho pra\u017esk\u00e9ho z\u00e1\u017eitku.<\/span><\/p>\n<div data-gyg-href=\"https:\/\/widget.getyourguide.com\/default\/activities.frame\" data-gyg-locale-code=\"en-US\" data-gyg-widget=\"activities\" data-gyg-number-of-items=\"1\" data-gyg-partner-id=\"U94OQGQ\" data-gyg-tour-ids=\"54438\">Powered by <a href=\"https:\/\/www.getyourguide.com\/prague-l10\/\" target=\"_blank\" rel=\"sponsored noopener nofollow\">GetYourGuide<\/a><\/div>\n<h2 id=\"easter-entertainment-in-prague-2025\"><b>Velikono\u010dn\u00ed z\u00e1bava v Praze 2025<\/b><\/h2>\n<p><span style=\"font-weight: 400;\">Velikonoce 2025 p\u0159in\u00e1\u0161ej\u00ed na hlavn\u00ed pra\u017esk\u00e1 n\u00e1m\u011bst\u00ed \u017eivou z\u00e1bavu pro v\u0161echny div\u00e1ky. Na Starom\u011bstsk\u00e9m a V\u00e1clavsk\u00e9m n\u00e1m\u011bst\u00ed se ka\u017ed\u00fd den konaj\u00ed sc\u00e9nick\u00e9 akce s \u017eivou hudbou, tradi\u010dn\u00edmi lidov\u00fdmi tanci a \u010desk\u00fdmi studentsk\u00fdmi sbory, kter\u00e9 vytv\u00e1\u0159ej\u00ed \u017eiv\u00fd jarn\u00ed rytmus. Tyto kulturn\u00ed po\u0159ady zd\u016fraz\u0148uj\u00ed \u010desk\u00e9 tradice a dopl\u0148uj\u00ed <\/span><b>Velikono\u010dn\u00ed trhy v Praze 2025.<\/b><\/p>\n<p><span style=\"font-weight: 400;\">Velikono\u010dn\u00ed kurzy malov\u00e1n\u00ed, pleten\u00ed ko\u0161\u00edk\u016f a dal\u0161\u00edch \u0159emesel budou pro rodiny z\u00e1bavou. D\u011bti si tyto praktick\u00e9 \u010dinnosti u\u017eij\u00ed a sezn\u00e1m\u00ed se s \u010desk\u00fdmi velikono\u010dn\u00edmi zvyky. Vychutnat si lidovou p\u00edsni\u010dku nebo pomoci mal\u00e9mu d\u00edt\u011bti namalovat jeho prvn\u00ed kraslici (velikono\u010dn\u00ed vaj\u00ed\u010dko) v n\u011bm zanech\u00e1 trval\u00e9 vzpom\u00ednky.<\/span><\/p>\n<div data-gyg-href=\"https:\/\/widget.getyourguide.com\/default\/activities.frame\" data-gyg-locale-code=\"en-US\" data-gyg-widget=\"activities\" data-gyg-number-of-items=\"1\" data-gyg-partner-id=\"U94OQGQ\" data-gyg-tour-ids=\"53633\">Powered by <a href=\"https:\/\/www.getyourguide.com\/prague-l10\/\" target=\"_blank\" rel=\"sponsored noopener nofollow\">GetYourGuide<\/a><\/div>\n<p><span style=\"font-weight: 400;\">Kulturn\u00ed folkl\u00f3rn\u00ed ve\u010der, ve\u010de\u0159e a hudba<\/span><\/p>\n<p><span style=\"font-weight: 400;\">Za\u017eijte tradi\u010dn\u00ed \u010desk\u00e9 j\u00eddlo a ve\u010der s lidovou hudbou v pra\u017esk\u00e9m vinn\u00e9m skl\u00edpku. Po vyzvednut\u00ed v hotelu si vychutn\u00e1te \u010deskou kuchyni a n\u00e1poje p\u0159i poslechu \u017eiv\u00e9 lidov\u00e9 hudby, kter\u00e1 zahrnuje \u010desk\u00e9, moravsk\u00e9 a slovensk\u00e9 p\u00edsn\u011b. Vyzkou\u0161\u00edte si tradi\u010dn\u00ed n\u00e1stroje, jako je klad\u00edvkov\u00fd cimb\u00e1l a fujara, a z\u00fa\u010dastn\u00edte se zp\u011bvu a tance. Ve\u010der zakon\u010d\u00ed vystoupen\u00ed klasick\u00e9 hudby ovlivn\u011bn\u00e9 tradi\u010dn\u00edmi tanci.\u00a0<\/span><\/p>\n<h3 id=\"river-cruises-and-tours-during-easter-weekend\"><b>Plavby po \u0159ece a v\u00fdlety b\u011bhem velikono\u010dn\u00edho v\u00edkendu<\/b><\/h3>\n<p><span style=\"font-weight: 400;\">Velikonoce jsou ide\u00e1ln\u00edm obdob\u00edm pro pozorov\u00e1n\u00ed kr\u00e1s Prahy z Vltavy. Vydejte se na n\u00e1dhern\u00e9 v\u00fdlety po \u0159ece na vyhl\u00eddkov\u00fdch lod\u00edch nebo si vyberte plavbu na ob\u011bd \u010di ve\u010de\u0159i s \u017eivou hudbou a za\u017eijte nezapomenuteln\u00fd z\u00e1\u017eitek. Lod\u011b jezd\u00ed po cel\u00fd velikono\u010dn\u00ed v\u00edkend a jsou p\u0159ipraveny na v\u0161echny pov\u011btrnostn\u00ed podm\u00ednky. <\/span><\/p>\n<h3 id=\"scenic-vltava-river-cruise\"><span style=\"font-weight: 400;\">Vyhl\u00eddkov\u00e1 plavba po Vltav\u011b.<\/span><\/h3>\n<p><span style=\"font-weight: 400;\">N\u00e1dhern\u00e1 proj\u00ed\u017e\u010fka lod\u00ed po Vltav\u011b nab\u00edz\u00ed n\u00e1dhern\u00e9 v\u00fdhledy na pra\u017esk\u00e9 pam\u00e1tky, jako je Karl\u016fv most a Pra\u017esk\u00fd hrad. V\u00fdlet je ide\u00e1ln\u00ed pro rodiny s d\u011btmi nebo pro ka\u017ed\u00e9ho, kdo hled\u00e1 jen mal\u00e9, ale nezapomenuteln\u00e9 dobrodru\u017estv\u00ed s p\u0159\u00edjemnou atmosf\u00e9rou. Na horn\u00ed palub\u011b si m\u016f\u017eete vychutnat lehk\u00e9 ob\u010derstven\u00ed a n\u00e1poje a v zim\u011b si vybrat, zda chcete z\u016fstat v teple uvnit\u0159, nebo se v l\u00e9t\u011b ochladit v klimatizovan\u00e9 kabin\u011b.\u00a0<\/span><\/p>\n<div data-gyg-href=\"https:\/\/widget.getyourguide.com\/default\/activities.frame\" data-gyg-locale-code=\"en-US\" data-gyg-widget=\"activities\" data-gyg-number-of-items=\"1\" data-gyg-partner-id=\"U94OQGQ\" data-gyg-tour-ids=\"52534\">Powered by <a href=\"https:\/\/www.getyourguide.com\/prague-l10\/\" target=\"_blank\" rel=\"sponsored noopener nofollow\">GetYourGuide<\/a><\/div>\n<h3 id=\"where-to-stay-for-the-easter-markets\"><b>Kde se ubytovat na velikono\u010dn\u00edch trz\u00edch<\/b><\/h3>\n<p><span style=\"font-weight: 400;\">Praha 1, kter\u00e1 zahrnuje Star\u00e9 M\u011bsto, Nov\u00e9 M\u011bsto a Malou Stranu, je ide\u00e1ln\u00edm m\u00edstem pro prohl\u00eddku Prahy 1. <\/span><b>Velikono\u010dn\u00ed trhy v Praze 2025<\/b><span style=\"font-weight: 400;\">. Z t\u011bchto \u010dtvrt\u00ed se snadno dostanete na hlavn\u00ed m\u011bstsk\u00e9 trhy a atrakce, tak\u017ee si m\u016f\u017eete vychutnat slavnosti a kouzlo m\u011bsta, ani\u017e byste museli opustit svou \u010dtvr\u0165. Po m\u011bst\u011b se snadno pohybujete d\u00edky skv\u011bl\u00fdm mo\u017enostem ve\u0159ejn\u00e9 dopravy, kter\u00e1 zahrnuje linky metra a tramvaj\u00ed. Objevte \u0161irokou nab\u00eddku cenov\u011b dostupn\u00e9ho ubytov\u00e1n\u00ed v hlavn\u00edch pra\u017esk\u00fdch \u010dtvrt\u00edch. Pod\u00edvejte se na na\u0161e <\/span><a href=\"https:\/\/prague.org\/cs\/kde-se-ubytovat-v-praze\/https:\/\/prague.org\/kde-se-ubytovat-v-praze\/\"><span style=\"font-weight: 400;\">ubytov\u00e1n\u00ed a pr\u016fvodce okresem <\/span><\/a><span style=\"font-weight: 400;\">dal\u0161\u00ed informace.<\/span><\/p>\n<h3 id=\"sightseeing-during-easter-in-prague\"><b>Prohl\u00eddka pam\u00e1tek b\u011bhem Velikonoc v Praze<\/b><\/h3>\n<p><span style=\"font-weight: 400;\">Vyu\u017eijte <\/span><b>Velikonoce v Praze<\/b><span style=\"font-weight: 400;\"> nav\u0161t\u00edvit n\u011bkter\u00e9 z nejobl\u00edben\u011bj\u0161\u00edch atrakc\u00ed m\u011bsta. Nav\u0161tivte velkolep\u00fd Pra\u017esk\u00fd hrad, projd\u011bte se po starobyl\u00e9m Karlov\u011b most\u011b a obdivujte orloj na Star\u00e9m M\u011bst\u011b. Prozkoumejte \u017eidovskou \u010dtvr\u0165 a vrch Pet\u0159\u00edn, odkud je n\u00e1dhern\u00fd v\u00fdhled na m\u011bsto. Ka\u017ed\u00e1 z t\u011bchto pam\u00e1tek nab\u00edz\u00ed osobit\u00fd pohled na bohat\u00e9 kulturn\u00ed d\u011bdictv\u00ed a kr\u00e1sy Prahy.<\/span><\/p>\n<h3 id=\"tour-of-prague-castle-and-the-jewish-quarter\">Prohl\u00eddka Pra\u017esk\u00e9ho hradu a \u017eidovsk\u00e9 \u010dtvrti<\/h3>\n<p><span style=\"font-weight: 400;\">Tato proch\u00e1zka s pr\u016fvodcem nab\u00edz\u00ed rychl\u00e9, ale d\u016fkladn\u00e9 sezn\u00e1men\u00ed s bohatou histori\u00ed Prahy. Nav\u0161tivte v\u00fdznamn\u00e1 m\u00edsta, jako je Karl\u016fv most, Mal\u00e1 Strana, \u017eidovsk\u00e1 \u010dtvr\u0165 a orloj, a z\u00e1rove\u0148 se od znal\u00e9ho pr\u016fvodce dozv\u00edte fascinuj\u00edc\u00ed p\u0159\u00edb\u011bhy. Tramvaj\u00ed se tak\u00e9 svezete na Pra\u017esk\u00fd hrad. Krom\u011b prohl\u00eddky t\u011bchto starobyl\u00fdch pam\u00e1tek v\u00e1m pr\u016fvodce navrhne nejlep\u0161\u00ed m\u00edstn\u00ed kluby, bary a aktu\u00e1ln\u00ed kulturn\u00ed akce. Tato prohl\u00eddka je ide\u00e1ln\u00ed pro rychl\u00e9 objeven\u00ed pam\u00e1tek, kter\u00e9 mus\u00edte vid\u011bt, a vzru\u0161uj\u00edc\u00ed atmosf\u00e9ry historick\u00e9ho j\u00e1dra Prahy.<\/span><\/p>\n<div data-gyg-href=\"https:\/\/widget.getyourguide.com\/default\/activities.frame\" data-gyg-locale-code=\"en-US\" data-gyg-widget=\"activities\" data-gyg-number-of-items=\"1\" data-gyg-partner-id=\"U94OQGQ\" data-gyg-tour-ids=\"63960\">Powered by <a href=\"https:\/\/www.getyourguide.com\/prague-l10\/\" target=\"_blank\" rel=\"sponsored noopener nofollow\">GetYourGuide<\/a><\/div>\n<h3 id=\"classical-concerts-opera-and-theatre-at-easter\"><b>Velikono\u010dn\u00ed koncerty klasick\u00e9 hudby, opera a divadlo<\/b><\/h3>\n<p><span style=\"font-weight: 400;\">Praha na Velikonoce po\u0159\u00e1d\u00e1 na sv\u00fdch nejlep\u0161\u00edch m\u00edstech p\u0159edstaven\u00ed sv\u011btov\u00e9 \u00farovn\u011b. Zn\u00e1m\u00e9 je Stavovsk\u00e9 divadlo, Rudolfinum, kostel svat\u00e9ho Mikul\u00e1\u0161e, kostel svat\u00e9ho Jilj\u00ed, Zrcadlov\u00e1 kaple Klementina a starosv\u011btsk\u00fd p\u016fvab kostela svat\u00e9ho Mikul\u00e1\u0161e. Koncerty klasick\u00e9 hudby, opery a divadeln\u00ed p\u0159edstaven\u00ed b\u00fdvaj\u00ed \u010dasto vyprodan\u00e9, proto je d\u016fle\u017eit\u00e9 zakoupit si vstupenky s p\u0159edstihem.<\/span><b> Velikonoce v Praze 2025<\/b><span style=\"font-weight: 400;\"> je ide\u00e1ln\u00ed \u010das pono\u0159it se do \u017eiv\u00e9 kulturn\u00ed sc\u00e9ny m\u011bsta.<\/span><\/p>\n<h3 id=\"tickets-to-classical-concert-in-pragues-mirror-chapel\"><span style=\"font-weight: 400;\">Vstupenky na koncert klasick\u00e9 hudby v Zrcadlov\u00e9 kapli v Praze<\/span><\/h3>\n<p><span style=\"font-weight: 400;\">Vychutnejte si kouzeln\u00e9 komorn\u00ed p\u0159edstaven\u00ed se t\u0159emi sv\u011btov\u00fdmi s\u00f3listy v pod\u00e1n\u00ed Kr\u00e1lovsk\u00e9ho \u010desk\u00e9ho orchestru v barokn\u00ed Zrcadlov\u00e9 kapli pra\u017esk\u00e9ho Klementina. Dop\u0159ejte si fascinuj\u00edc\u00ed zp\u011bv Evy M\u00fcllerov\u00e9, mistrovskou hru Roberta Huga na varhany, kter\u00fd je autoritou v oblasti barokn\u00ed hudby, a zru\u010dnou hru na housle Viktora Maz\u00e1\u010dka, klarinetisty \u010cesk\u00e9 filharmonie.<\/span><\/p>\n<p>&nbsp;<\/p>\n<div data-gyg-href=\"https:\/\/widget.getyourguide.com\/default\/activities.frame\" data-gyg-locale-code=\"en-US\" data-gyg-widget=\"activities\" data-gyg-number-of-items=\"1\" data-gyg-partner-id=\"U94OQGQ\" data-gyg-tour-ids=\"498025\">Powered by <a href=\"https:\/\/www.getyourguide.com\/prague-l10\/\" target=\"_blank\" rel=\"sponsored noopener nofollow\">GetYourGuide<\/a><\/div>\n<p>&nbsp;<\/p>\n<h3 id=\"public-transport-over-easter-weekend\"><b>Ve\u0159ejn\u00e1 doprava o velikono\u010dn\u00edm v\u00edkendu<\/b><\/h3>\n<p><span style=\"font-weight: 400;\">Snadno se dostanete k <\/span><b>Velikono\u010dn\u00ed trhy v Praze 2025<\/b><span style=\"font-weight: 400;\"> a pam\u00e1tek v Praze b\u011bhem Velikonoc, proto\u017ee ve\u0159ejn\u00e1 doprava funguje norm\u00e1ln\u011b. D\u016fle\u017eit\u00fdmi zast\u00e1vkami tramvaj\u00ed a metra v bl\u00edzkosti trh\u016f jsou Starom\u011bstsk\u00e1, M\u016fstek a V\u00e1clavsk\u00e9 n\u00e1m\u011bst\u00ed, kter\u00e9 jsou v kr\u00e1tk\u00e9 doch\u00e1zkov\u00e9 vzd\u00e1lenosti od hlavn\u00edch m\u00edst kon\u00e1n\u00ed velikono\u010dn\u00edch trh\u016f. Syst\u00e9m m\u011bstsk\u00e9 hromadn\u00e9 dopravy, v\u010detn\u011b metra a tramvaj\u00ed, umo\u017e\u0148uje velmi snadn\u00fd pohyb po m\u011bst\u011b. Na\u0161e str\u00e1nky <\/span><a href=\"https:\/\/prague.org\/cs\/pruvodce-prazskou-verejnou-dopravou\/\"><span style=\"font-weight: 400;\">Pra\u017esk\u00e1 ve\u0159ejn\u00e1 doprava<\/span><\/a><span style=\"font-weight: 400;\"> a <\/span><a href=\"https:\/\/prague.org\/cs\/jeden-den-v-praze\/\"><span style=\"font-weight: 400;\">Pr\u016fvodci po Praze<\/span><\/a><span style=\"font-weight: 400;\"> v\u00edce informac\u00ed o tom, jak \u0159\u00eddit pra\u017eskou ve\u0159ejnou dopravu.<\/span><\/p>\n<div data-gyg-widget=\"auto\" data-gyg-partner-id=\"U94OQGQ\" data-gyg-cmp=\"prague tour\"><\/div>\n<p>&nbsp;<\/p>\n<h2 id=\"tips-for-enjoying-easter-in-prague\"><b>Tipy, jak si u\u017e\u00edt Velikonoce v Praze<\/b><\/h2>\n<p><span style=\"font-weight: 400;\">Abyste si z\u00e1\u017eitek z n\u00e1v\u0161t\u011bvy <\/span><b>Pra\u017esk\u00e9 velikono\u010dn\u00ed trhy 2025<\/b><span style=\"font-weight: 400;\">, nezapome\u0148te na n\u00e1sleduj\u00edc\u00ed tipy:<\/span><\/p>\n<ul>\n<li style=\"font-weight: 400;\" aria-level=\"1\"><span style=\"font-weight: 400;\">Vezm\u011bte si s sebou hotovost (doporu\u010dujeme \u010desk\u00e9 koruny), proto\u017ee ne v\u0161echny st\u00e1nky p\u0159ij\u00edmaj\u00ed platebn\u00ed karty.<\/span><\/li>\n<li style=\"font-weight: 400;\" aria-level=\"1\"><span style=\"font-weight: 400;\">Jarn\u00ed po\u010das\u00ed je nep\u0159edv\u00eddateln\u00e9, proto se obl\u00e9kejte ve vrstv\u00e1ch.<\/span><\/li>\n<li style=\"font-weight: 400;\" aria-level=\"1\"><span style=\"font-weight: 400;\">Nejvhodn\u011bj\u0161\u00ed doba pro n\u00e1v\u0161t\u011bvu trh\u016f je dopoledne nebo pozd\u011b odpoledne, abyste se vyhnuli dav\u016fm lid\u00ed.<\/span><\/li>\n<li style=\"font-weight: 400;\" aria-level=\"1\"><span style=\"font-weight: 400;\">Nav\u0161tivte vyhl\u00eddkov\u00fd most na Starom\u011bstsk\u00e9m n\u00e1m\u011bst\u00ed a po\u0159i\u010fte si \u00fachvatn\u00e9 fotografie.<\/span><\/li>\n<li style=\"font-weight: 400;\" aria-level=\"1\"><span style=\"font-weight: 400;\">Dal\u0161\u00ed \u00fa\u017easn\u00e9 m\u00edsto na focen\u00ed najdete na v\u011b\u017ei Star\u00e9 radnice.<\/span><\/li>\n<\/ul>\n<p>Zdroj obr\u00e1zk\u016f: <a href=\"https:\/\/www.freepik.com\/\" target=\"_blank\" rel=\"nofollow noopener\">Freepik<\/a><\/p>\n<div data-gyg-href=\"https:\/\/widget.getyourguide.com\/default\/city.frame\" data-gyg-location-id=\"10\" data-gyg-locale-code=\"en-US\" data-gyg-widget=\"city\" data-gyg-partner-id=\"U94OQGQ\"><\/div>","protected":false},"excerpt":{"rendered":"Co m\u016f\u017eete o\u010dek\u00e1vat od velikono\u010dn\u00edch trh\u016f v Praze 2025? To je ot\u00e1zka, kter\u00e1 vrt\u00e1 hlavou mnoha lidem...","protected":false},"author":21,"featured_media":14235,"comment_status":"closed","ping_status":"closed","sticky":false,"template":"","format":"standard","meta":{"footnotes":""},"categories":[204,19,1],"tags":[66],"table_tags":[],"_links":{"self":[{"href":"https:\/\/prague.org\/cs\/wp-json\/wp\/v2\/posts\/14234"}],"collection":[{"href":"https:\/\/prague.org\/cs\/wp-json\/wp\/v2\/posts"}],"about":[{"href":"https:\/\/prague.org\/cs\/wp-json\/wp\/v2\/types\/post"}],"author":[{"embeddable":true,"href":"https:\/\/prague.org\/cs\/wp-json\/wp\/v2\/users\/21"}],"replies":[{"embeddable":true,"href":"https:\/\/prague.org\/cs\/wp-json\/wp\/v2\/comments?post=14234"}],"version-history":[{"count":13,"href":"https:\/\/prague.org\/cs\/wp-json\/wp\/v2\/posts\/14234\/revisions"}],"predecessor-version":[{"id":14268,"href":"https:\/\/prague.org\/cs\/wp-json\/wp\/v2\/posts\/14234\/revisions\/14268"}],"wp:featuredmedia":[{"embeddable":true,"href":"https:\/\/prague.org\/cs\/wp-json\/wp\/v2\/media\/14235"}],"wp:attachment":[{"href":"https:\/\/prague.org\/cs\/wp-json\/wp\/v2\/media?parent=14234"}],"wp:term":[{"taxonomy":"category","embeddable":true,"href":"https:\/\/prague.org\/cs\/wp-json\/wp\/v2\/categories?post=14234"},{"taxonomy":"post_tag","embeddable":true,"href":"https:\/\/prague.org\/cs\/wp-json\/wp\/v2\/tags?post=14234"},{"taxonomy":"table_tags","embeddable":true,"href":"https:\/\/prague.org\/cs\/wp-json\/wp\/v2\/table_tags?post=14234"}],"curies":[{"name":"wp","href":"https:\/\/api.w.org\/{rel}","templated":true}]}}