{"id":2737,"date":"2022-06-01T17:55:31","date_gmt":"2022-06-01T15:55:31","guid":{"rendered":"https:\/\/prague.org\/?p=2737"},"modified":"2024-07-10T11:09:48","modified_gmt":"2024-07-10T09:09:48","slug":"all-you-need-to-know-about-czech-culture","status":"publish","type":"post","link":"https:\/\/prague.org\/cs\/vse-co-potrebujete-vedet-o-ceske-kulture\/","title":{"rendered":"V\u0161e, co pot\u0159ebujete v\u011bd\u011bt o \u010desk\u00e9 kultu\u0159e"},"content":{"rendered":"<h2 id=\"czech-culture\" class=\"wp-block-heading\">\u010cesk\u00e1 kultura<\/h2>\n\n\n\n<h3 id=\"what-are-czech-people-like\" class=\"wp-block-heading\">Jac\u00ed jsou \u010ce\u0161i?<\/h3>\n\n\n\n<p>\u010ce\u0161i, kte\u0159\u00ed jsou obecn\u011b pova\u017eov\u00e1ni za velmi p\u0159\u00edm\u00e9, sarkastick\u00e9 a pon\u011bkud ironick\u00e9 lidi, jsou tak\u00e9 velmi d\u016fv\u011brn\u00ed k lidem, kter\u00e9 znaj\u00ed nejl\u00e9pe, a b\u00fdvaj\u00ed velmi zdvo\u0159il\u00ed.<\/p>\n\n\n\n<p>Kdy\u017e str\u00e1v\u00edte n\u011bjak\u00fd \u010das mezi \u010cechy, zjist\u00edte, \u017ee maj\u00ed velmi vesel\u00fd p\u0159\u00edstup a jsou velmi vst\u0159\u00edcn\u00ed a srde\u010dn\u00ed.<\/p>\n\n\n\n<p>Co se t\u00fd\u010de cestovn\u00edho ruchu, jsou na n\u011bj velmi zvykl\u00ed a na mno\u017estv\u00ed turist\u016f, kte\u0159\u00ed jejich zemi nav\u0161t\u011bvuj\u00ed, a jsou zn\u00e1m\u00ed svou mimo\u0159\u00e1dnou pohostinnost\u00ed a ochotou pom\u00e1hat ostatn\u00edm.<\/p>\n\n\n\n<p>Dal\u0161\u00ed v\u011bc, kter\u00e9 si u \u010cech\u016f v\u0161imnete, je, \u017ee si velmi potrp\u00ed na dochvilnost a organizovanost, a to i pokud jde o volno\u010dasov\u00e9 aktivity a setk\u00e1v\u00e1n\u00ed. Proto je na opl\u00e1tku za jejich pohostinnost a laskavost nenech\u00e1vejte \u010dekat: je to pova\u017eov\u00e1no za nezdvo\u0159il\u00e9 a bezohledn\u00e9, dokonce v\u00edce ne\u017e v jin\u00fdch zem\u00edch, kde se nedochvilnost n\u011bkdy pova\u017euje prost\u011b za m\u00f3dn\u00ed zpo\u017ed\u011bn\u00ed.<\/p>\n\n\n\n<h2 id=\"czech-culture-rich-history-and-excellent-food\" class=\"wp-block-heading\">\u010cesk\u00e1 kultura, bohat\u00e1 historie a vynikaj\u00edc\u00ed j\u00eddlo<\/h2>\n\n\n\n<p>P\u0159esto\u017ee je \u010cesk\u00e1 republika jedn\u00edm z nejnov\u011bj\u0161\u00edch evropsk\u00fdch st\u00e1t\u016f, kter\u00fd vznikl v roce 1993, historie zem\u011b a jej\u00edch obyvatel je velmi rozs\u00e1hl\u00e1 a sah\u00e1 a\u017e do 6. stolet\u00ed, kdy sem p\u0159i\u0161li Slovan\u00e9.<\/p>\n\n\n\n<h3 id=\"czech-history-and-traditions\" class=\"wp-block-heading\">\u010cesk\u00e1 historie a tradice<\/h3>\n\n\n\n<figure class=\"wp-block-image size-large\"><img decoding=\"async\" width=\"1024\" height=\"683\" src=\"https:\/\/prague.org\/wp-content\/uploads\/2022\/06\/image-22-1024x683.png\" alt=\"\u010cesk\u00e9 tradice\" class=\"wp-image-4262\" srcset=\"https:\/\/prague.org\/wp-content\/uploads\/2022\/06\/image-22-1024x683.png 1024w, https:\/\/prague.org\/wp-content\/uploads\/2022\/06\/image-22-600x400.png 600w, https:\/\/prague.org\/wp-content\/uploads\/2022\/06\/image-22-300x200.png 300w, https:\/\/prague.org\/wp-content\/uploads\/2022\/06\/image-22-768x512.png 768w, https:\/\/prague.org\/wp-content\/uploads\/2022\/06\/image-22-380x253.png 380w, https:\/\/prague.org\/wp-content\/uploads\/2022\/06\/image-22-800x533.png 800w, https:\/\/prague.org\/wp-content\/uploads\/2022\/06\/image-22-1160x773.png 1160w, https:\/\/prague.org\/wp-content\/uploads\/2022\/06\/image-22.png 1536w\" sizes=\"(max-width: 1024px) 100vw, 1024px\" \/><figcaption class=\"wp-element-caption\">\u010cesk\u00e9 tradice<\/figcaption><\/figure>\n\n\n\n<p>Po p\u0159\u00edchodu Slovan\u016f a zalo\u017een\u00ed prvn\u00edho z\u00e1padoslovansk\u00e9ho st\u00e1tu, zn\u00e1m\u00e9ho jako Velk\u00e1 Morava, vzniklo pozd\u011bji \u010cesk\u00e9 kn\u00ed\u017eectv\u00ed a n\u00e1sledn\u011b \u010cesk\u00e9 kr\u00e1lovstv\u00ed, kter\u00e9 trvalo od 9. do 16. stolet\u00ed. Toto obdob\u00ed, kter\u00e9 v\u011bt\u0161ina \u010cech\u016f naz\u00fdv\u00e1 zlat\u00fdm v\u011bkem, znamenalo velk\u00fd p\u0159\u00edliv prosperity a tvo\u0159ilo z\u00e1klad d\u011bjin regionu.<\/p>\n\n\n\n<p>Po rozpadu Rakouska-Uherska v prvn\u00ed sv\u011btov\u00e9 v\u00e1lce na jej\u00edm konci v roce 1918 vznikl nov\u00fd st\u00e1t \u010ceskoslovensko, jeho\u017e hlavn\u00edm m\u011bstem se stala Praha.<\/p>\n\n\n\n<p>V b\u0159eznu 1939 byla Praha napadena vojsky <a href=\"https:\/\/prague.org\/cs\/was-prague-ever-part-of-germany\/\">Nacistick\u00fd<\/a> arm\u00e1da, kter\u00e1 vytvo\u0159ila protektor\u00e1t. Na konci druh\u00e9 sv\u011btov\u00e9 v\u00e1lky se d\u011bjiny \u010ceskoslovenska vr\u00e1tily do komunistick\u00e9ho re\u017eimu.<\/p>\n\n\n\n<p>V roce 1968 za\u010dal pokus o p\u0159ekon\u00e1n\u00ed komunismu, podle \u010cech\u016f hledaj\u00edc\u00ed \"socialismus s lidskou tv\u00e1\u0159\u00ed\" pod veden\u00edm Dub\u010deka, zn\u00e1m\u00fd jako Pra\u017esk\u00e9 jaro.<\/p>\n\n\n\n<p>V roce 1989 v Praze, vyu\u017e\u00edvaj\u00edc sov\u011btsk\u00e9 krize, za\u010dalo hnut\u00ed, kter\u00e9 historie nazvala sametovou revoluc\u00ed, je\u017e dos\u00e1hlo nez\u00e1vislosti na SSSR. Bylo to 17. listopadu, kter\u00fd se tehdy stal st\u00e1tn\u00edm sv\u00e1tkem republiky.<\/p>\n\n\n\n<p>Po rozd\u011blen\u00ed \u010ceskoslovenska na dva st\u00e1ty v roce 1993 z\u016fstala Praha hlavn\u00edm m\u011bstem \u010cesk\u00e9 republiky.<\/p>\n\n\n\n<h3 id=\"main-traditions-and-holidays\" class=\"wp-block-heading\">Hlavn\u00ed tradice a sv\u00e1tky<\/h3>\n\n\n\n<p>Jedn\u00edm z hlavn\u00edch d\u016fvod\u016f, pro\u010d je \u010cesk\u00e1 republika, zejm\u00e9na Praha, pro n\u00e1v\u0161t\u011bvn\u00edky tak p\u0159ita\u017eliv\u00e1, je rozmanitost tradic a kulturn\u00ed bohatstv\u00ed. Je t\u011b\u017ek\u00e9 - ne-li nemo\u017en\u00e9 - nav\u0161t\u00edvit \u010ceskou republiku a nec\u00edtit se okouzlen jej\u00edmi p\u016fvaby, kter\u00e9 z velk\u00e9 \u010d\u00e1sti pramen\u00ed z jej\u00ed dlouholet\u00e9 historie.<\/p>\n\n\n\n<p>Tato rozs\u00e1hl\u00e1 historie vedla k mnoha tradic\u00edm a slavnostem, kter\u00e9 se dodnes velmi dob\u0159e slav\u00ed a rozv\u00edjej\u00ed, a k bohat\u00e9mu kulturn\u00edmu prost\u0159ed\u00ed, kter\u00e9 si turist\u00e9 mohou vychutnat a do kter\u00e9ho se mohou zapojit. Pokud budete m\u00edt mo\u017enost oslavit n\u011bkterou z \u010desk\u00fdch tradic, zjist\u00edte, \u017ee se s v\u00e1mi m\u00edstn\u00ed obyvatel\u00e9 r\u00e1di pod\u011bl\u00ed o svou kulturu.<\/p>\n\n\n\n<p>P\u0159in\u00e1\u0161\u00edme v\u00e1m p\u0159ehled hlavn\u00edch \u010desk\u00fdch tradic a sv\u00e1tk\u016f:<\/p>\n\n\n\n<h4 id=\"christmas\" class=\"wp-block-heading\">V\u00e1noce<\/h4>\n\n\n\n<p>V\u00e1noce se v \u010cesk\u00e9 republice slav\u00ed s velk\u00fdm z\u00e1palem a jsou jedn\u00edm z nejemotivn\u011bj\u0161\u00edch sv\u00e1tk\u016f. Mnoho jej\u00edch m\u011bst zdob\u00ed ulice barevn\u00fdmi sv\u011bt\u00fdlky a na jejich n\u00e1m\u011bst\u00edch jsou p\u0159ipraveny tradi\u010dn\u00ed trhy, kde si krom\u011b toho, \u017ee m\u016f\u017eete naj\u00edt kr\u00e1snou v\u00e1no\u010dn\u00ed v\u00fdzdobu, m\u016f\u017eete vychutnat typick\u00e9 v\u016fn\u011b a n\u011bkter\u00e1 z nejobl\u00edben\u011bj\u0161\u00edch j\u00eddel spolu s typick\u00fdm v\u00ednem!<\/p>\n\n\n\n<p>O tom, jak \u010ce\u0161i slav\u00ed V\u00e1noce, by se toho dalo \u0159\u00edct hodn\u011b. A to natolik, \u017ee se Praha stala jednou z nejatraktivn\u011bj\u0161\u00edch evropsk\u00fdch destinac\u00ed v zimn\u00edch m\u011bs\u00edc\u00edch.<\/p>\n\n\n\n<p>Pokud se chcete dozv\u011bd\u011bt v\u00edce o V\u00e1noc\u00edch v Praze, nenechte si uj\u00edt na\u0161e shrnut\u00ed.&nbsp;<a href=\"https:\/\/prague.org\/cs\/veci-ktere-je-treba-udelat-v-prosinci\/\" target=\"_blank\" rel=\"noreferrer noopener\">8 nejlep\u0161\u00edch akc\u00ed v Praze v prosinci<\/a>.<\/p>\n\n\n\n<h4 id=\"easter-celebrating-the-arrival-of-spring\" class=\"wp-block-heading\">Velikonoce Oslava p\u0159\u00edchodu jara<\/h4>\n\n\n\n<p>Oslava Velikonoc v \u010cesk\u00e9 republice \u00fazce souvis\u00ed s p\u0159\u00edchodem jara. P\u0159\u00edchod tohoto sv\u00e1tku je u n\u00e1s zn\u00e1m jako Velikonoce.<\/p>\n\n\n\n<p>Velikono\u010dn\u00ed vaj\u00ed\u010dka jsou jednou z tradic, kter\u00e9 v \u010cesk\u00e9 republice p\u0159e\u017e\u00edvaj\u00ed a symbolizuj\u00ed p\u0159\u00edchod nov\u00e9ho \u017eivota. Tato tradice je spole\u010dn\u00e1 s mnoha slovansk\u00fdmi zem\u011bmi, kde se vaj\u00ed\u010dka zdob\u00ed kr\u00e1sn\u00fdmi barvami, z nich\u017e nejobl\u00edben\u011bj\u0161\u00ed je \u010derven\u00e1.<\/p>\n\n\n\n<h4 id=\"witch-burning-festival\" class=\"wp-block-heading\">Festival p\u00e1len\u00ed \u010darod\u011bjnic<\/h4>\n\n\n\n<p>P\u00e1len\u00ed \u010darod\u011bjnic je v \u010cesk\u00e9 republice jednou z nejtradi\u010dn\u011bj\u0161\u00edch slavnost\u00ed, kter\u00e1 se slav\u00ed v noci z 30. dubna na 1. kv\u011btna. Ve st\u0159edov\u011bku se v\u011b\u0159ilo, \u017ee se po hor\u00e1ch potuluj\u00ed \u010darod\u011bjnice, kter\u00e9 provozuj\u00ed \u010dernou magii s \u010f\u00e1blem. Obyvatel\u00e9, aby se zbavili \u010darod\u011bjnick\u00fdch kleteb, pou\u017e\u00edvali r\u016fzn\u00e9 amulety a zapalovali velk\u00e9 ohn\u011b, aby \u010darod\u011bjnice up\u00e1lili.<\/p>\n\n\n\n<p>V pr\u016fb\u011bhu let tradice pokra\u010dovala, i kdy\u017e m\u011bla slavnostn\u011bj\u0161\u00ed - a m\u00e9n\u011b pochmurn\u00fd - charakter.<\/p>\n\n\n\n<p>Dnes se slav\u00ed jako symbol odchodu z chladn\u00fdch zimn\u00edch m\u011bs\u00edc\u016f a \u010ce\u0161i s radost\u00ed v\u00edtaj\u00ed jaro. V noci z 30. na 31. dubna se proto \u010ce\u0161i vyd\u00e1vaj\u00ed oslavit p\u00e1len\u00ed \u010darod\u011bjnic zap\u00e1len\u00edm oh\u0148\u016f, v nich\u017e p\u00e1l\u00ed panenky z hadr\u016f a sl\u00e1my, kter\u00e9 p\u0159edstavuj\u00ed \u010darod\u011bjnice.<\/p>\n\n\n\n<h3 id=\"czech-cuisine\" class=\"wp-block-heading\">\u010cesk\u00e1 kuchyn\u011b<\/h3>\n\n\n\n<figure class=\"wp-block-image size-large\"><img decoding=\"async\" width=\"1024\" height=\"682\" src=\"https:\/\/prague.org\/wp-content\/uploads\/2022\/06\/image-23-1024x682.png\" alt=\"\u010cesk\u00e1 kuchyn\u011b\" class=\"wp-image-4264\" srcset=\"https:\/\/prague.org\/wp-content\/uploads\/2022\/06\/image-23-1024x682.png 1024w, https:\/\/prague.org\/wp-content\/uploads\/2022\/06\/image-23-600x399.png 600w, https:\/\/prague.org\/wp-content\/uploads\/2022\/06\/image-23-300x200.png 300w, https:\/\/prague.org\/wp-content\/uploads\/2022\/06\/image-23-768x511.png 768w, https:\/\/prague.org\/wp-content\/uploads\/2022\/06\/image-23-380x253.png 380w, https:\/\/prague.org\/wp-content\/uploads\/2022\/06\/image-23-800x533.png 800w, https:\/\/prague.org\/wp-content\/uploads\/2022\/06\/image-23-1160x772.png 1160w, https:\/\/prague.org\/wp-content\/uploads\/2022\/06\/image-23.png 1280w\" sizes=\"(max-width: 1024px) 100vw, 1024px\" \/><figcaption class=\"wp-element-caption\">\u010cesk\u00e1 kuchyn\u011b<\/figcaption><\/figure>\n\n\n\n<p>Tradi\u010dn\u00ed kuchyn\u011b \u010cesk\u00e9 republiky m\u00e1 mnoho podobnost\u00ed s kuchyn\u00ed jihov\u00fdchodn\u00edho N\u011bmecka a tak\u00e9 s rakouskou kuchyn\u00ed. Kuchyn\u011b \u010cech (jednoho ze dvou hlavn\u00edch region\u016f \u010cesk\u00e9 republiky) t\u011b\u017e\u00ed z mikroklimatu, kter\u00e9 ovliv\u0148uje v\u0161echny slo\u017eky \u010desk\u00fdch j\u00eddel. P\u0159irozen\u00fdmi kulin\u00e1\u0159sk\u00fdmi prvky t\u00e9to kuchyn\u011b jsou poln\u00ed plody, zelenina, lesn\u00ed plody, houby, ryby a zv\u011b\u0159ina. Obd\u011bl\u00e1van\u00e1 pole zanech\u00e1vaj\u00ed velk\u00e9 mno\u017estv\u00ed lahodn\u00fdch produkt\u016f, kter\u00e9 obohacuj\u00ed pokrmy a speciality t\u00e9to zem\u011b.<\/p>\n\n\n\n<h4 id=\"main-czech-dishes\" class=\"wp-block-heading\">Hlavn\u00ed \u010desk\u00e1 j\u00eddla<\/h4>\n\n\n\n<p>Mno\u017estv\u00ed pokrm\u016f \u010desk\u00e9 kuchyn\u011b je tak rozs\u00e1hl\u00e9, \u017ee je t\u011b\u017ek\u00e9 vybrat jen n\u011bkter\u00e9 z nich! Doporu\u010dujeme v\u00e1m v\u0161ak nevynechat \u017e\u00e1dnou z n\u00ed\u017ee uveden\u00fdch mo\u017enost\u00ed:<\/p>\n\n\n\n<p><strong>Knedl\u00edky,<\/strong>&nbsp;jsou \u0161\u0165avnat\u00e9 mou\u010dn\u00e9 \"knedl\u00edky\", kter\u00e9 jsou velmi typickou p\u0159\u00edlohou \u010desk\u00fdch j\u00eddel, mohou b\u00fdt z brambor nebo i ze strouhanky. Obvykle se p\u0159ipravuj\u00ed v pl\u00e1tc\u00edch a teprve pot\u00e9 se pod\u00e1vaj\u00ed na tal\u00ed\u0159i.<\/p>\n\n\n\n<p>Nejobl\u00edben\u011bj\u0161\u00ed j\u00eddlo,<strong>&nbsp;Vep\u0159o knedlo zelo,&nbsp;<\/strong>(pova\u017eovan\u00fd za n\u00e1rodn\u00ed pokrm) je&nbsp;<strong>vep\u0159ov\u00e1 pe\u010den\u011b s t\u011bstovinami&nbsp;<\/strong>a je pova\u017eov\u00e1n za nejreprezentativn\u011bj\u0161\u00ed \u010desk\u00fd pokrm.<\/p>\n\n\n\n<p><strong>Sv\u00ed\u010dkov\u00e1 na smetan\u011b&nbsp;<\/strong>je druh pe\u010den\u00e9ho hov\u011bz\u00edho masa, obvykle na s\u00e1dle, s om\u00e1\u010dkou z mrkve, petr\u017eele a smetany, ke kter\u00e9 se pod\u00e1vaj\u00ed knedl\u00edky. \u010casto se pod\u00e1v\u00e1 se l\u017e\u00edc\u00ed smetany a brusinkovou om\u00e1\u010dkou nebo brusinkov\u00fdm kompotem a n\u011bkolika pl\u00e1tky citronu.<\/p>\n\n\n\n<p>Ur\u010dit\u011b si nechcete nechat uj\u00edt vyzkou\u0161et&nbsp;<strong>\u010cesne\u010dka (\u010desnekov\u00e1 pol\u00e9vka)&nbsp;<\/strong>bu\u010f. Obvykle se pod\u00e1v\u00e1 s krutony, kousky vep\u0159ov\u00e9ho masa nebo klob\u00e1sou a vejcem.<\/p>\n\n\n\n<p>Pokud jde o n\u00e1poje, za\u010dn\u011bme konstatov\u00e1n\u00edm, \u017ee \u010cesk\u00e1 republika m\u00e1 nejvy\u0161\u0161\u00ed spot\u0159ebu piva na obyvatele na sv\u011bt\u011b. Jak tedy snadno uhodnete, \u010ce\u0161i jsou velk\u00fdmi milovn\u00edky piva, zejm\u00e9na plze\u0148sk\u00e9ho, n\u00e1rodn\u00edho. Po cel\u00e9 zemi si m\u016f\u017eete vychutnat rozs\u00e1hlou nab\u00eddku kvalitn\u00edch pivnic se styly z cel\u00e9ho sv\u011bta!<\/p>\n\n\n\n<p>Hled\u00e1te v Praze skv\u011bl\u00e9 restaurace, kde byste mohli ochutnat \u010deskou kuchyni? Pod\u00edvejte se na na\u0161e nejlep\u0161\u00ed tipy v na\u0161em pr\u016fvodci&nbsp;<a href=\"https:\/\/prague.org\/cs\/kde-se-najist-v-prazskych-restauracich\/\" target=\"_blank\" rel=\"noreferrer noopener\">Kde se naj\u00edst - restaurace v Praze<\/a>.<\/p>\n\n\n\n<h3 id=\"czech-language\" class=\"wp-block-heading\">\u010cesk\u00fd jazyk<\/h3>\n\n\n\n<p>\u010ce\u0161tina je z\u00e1padoslovansk\u00fd jazyk, kter\u00fdm se mluv\u00ed hlavn\u011b v \u010cesk\u00e9 republice a kter\u00fd se v p\u00edsemn\u00e9 podob\u011b vyjad\u0159uje pomoc\u00ed latinky a r\u016fzn\u00fdch diakritick\u00fdch znam\u00e9nek. \u010ce\u0161tina se t\u011bm, kte\u0159\u00ed se ji u\u010d\u00ed jako ciz\u00ed jazyk, m\u016f\u017ee zd\u00e1t slo\u017eit\u00e1; tato slo\u017eitost je zp\u016fsobena p\u0159edev\u0161\u00edm jej\u00ed morfologi\u00ed. Dal\u0161\u00ed zvl\u00e1\u0161tnost\u00ed tohoto jazyka je zd\u00e1nliv\u00e1 volnost v syntaxi; \u010dasto je gramaticky p\u0159ijateln\u00e1 jak\u00e1koli organiza\u010dn\u00ed mo\u017enost v\u00fdraz\u016f. Ru\u0161tina je jedn\u00edm ze slovansk\u00fdch jazyk\u016f, kter\u00e9 maj\u00ed tyto rysy spole\u010dn\u00e9. Jej\u00ed podobnost se sloven\u0161tinou ji zase \u010din\u00ed srozumiteln\u00fdm jazykem se sloven\u0161tinou.<\/p>\n\n\n\n<h3 id=\"czech-currency\" class=\"wp-block-heading\">\u010cesk\u00e1 m\u011bna<\/h3>\n\n\n\n<p>\u010cesk\u00e1 koruna, zn\u00e1m\u00e1 tak\u00e9 jako \u010desk\u00e1 koruna, spolu se zaniklou slovenskou korunou, jsou potomky \u010deskoslovensk\u00e9 koruny, kter\u00e1 byla ofici\u00e1ln\u00ed m\u011bnou \u010ceskoslovenska a\u017e do jeho z\u00e1niku v roce 1993.<\/p>\n\n\n\n<p>Pod\u00edvejte se na na\u0161eho pr\u016fvodce&nbsp;<a href=\"https:\/\/prague.org\/cs\/vse-co-potrebujete-vedet-o-mene-v-praze\/\" target=\"_blank\" rel=\"noreferrer noopener\">V\u0161e, co pot\u0159ebujete v\u011bd\u011bt o m\u011bn\u011b v Praze<\/a>&nbsp;a dozv\u00edte se v\u00edce o \u010desk\u00e9 korun\u011b a tak\u00e9 n\u011bkolik tip\u016f, kde v Praze najdete nejlep\u0161\u00ed sm\u011bnn\u00e9 kurzy.<\/p>\n\n\n\n<h3 id=\"czech-sport\" class=\"wp-block-heading\">\u010cesk\u00fd sport<\/h3>\n\n\n\n<p><a href=\"https:\/\/prague.org\/cs\/usa-vs-ceskarepublika-hokej\/\">Ledn\u00ed hokej<\/a> je v \u010cesk\u00e9 republice nesm\u00edrn\u011b obl\u00edben\u00fdm sportem, kter\u00fd je ji\u017e po mnoho let sou\u010d\u00e1st\u00ed \u010desk\u00e9 kultury. \u010cesk\u00e1 hokejov\u00e1 reprezentace pat\u0159\u00ed k nejlep\u0161\u00edm na sv\u011bt\u011b a z\u00edskala \u0159adu medail\u00ed v mezin\u00e1rodn\u00edch sout\u011b\u017e\u00edch, jako jsou olympijsk\u00e9 hry, mistrovstv\u00ed sv\u011bta a Euro Hockey Tour. \u010ce\u0161t\u00ed hokejist\u00e9 jsou zn\u00e1m\u00ed svou zru\u010dnost\u00ed, rychlost\u00ed a hou\u017eevnatost\u00ed na led\u011b. Hokej je v \u010cesk\u00e9 republice nejen sportem, ale tak\u00e9 kulturn\u00edm fenom\u00e9nem, kter\u00fd spojuje lidi. Mnoho \u010desk\u00fdch rodin m\u00e1 k hokeji siln\u00fd vztah, d\u011bti za\u010d\u00ednaj\u00ed s hokejem ji\u017e v \u00fatl\u00e9m v\u011bku. Vedle hokeje je \u010cesk\u00e1 republika zn\u00e1m\u00e1 tak\u00e9 svou l\u00e1skou k pivu, hudb\u011b a tradi\u010dn\u00ed lidov\u00e9 kultu\u0159e. Od \u017eiv\u00fdch hospod a hudebn\u00edch klub\u016f v Praze a\u017e po mal\u00e1 m\u011bsta a vesnice, kter\u00e9 jsou rozesety po venkov\u011b, nab\u00edz\u00ed \u010cesk\u00e1 republika jedine\u010dnou sm\u011bs tradice a modernosti, kter\u00e1 p\u0159itahuje n\u00e1v\u0161t\u011bvn\u00edky z cel\u00e9ho sv\u011bta.<\/p>\n\n\n\n<h3 id=\"czech-chess\" class=\"wp-block-heading\">\u010cesk\u00e9 \u0161achy<\/h3>\n\n\n\n<p>Praha \u0160achy jsou ned\u00edlnou sou\u010d\u00e1st\u00ed \u010desk\u00e9 kultury a maj\u00ed bohatou historii. V \u010cesk\u00e9 republice se hraje ji\u017e po stalet\u00ed a pro mnoho m\u00edstn\u00edch obyvatel je obl\u00edbenou z\u00e1bavou. Z \u010cesk\u00e9 republiky vze\u0161lo n\u011bkolik sv\u011btov\u011b proslul\u00fdch \u0161achist\u016f, v\u010detn\u011b V\u011bry Men\u010dikov\u00e9, prvn\u00ed mistryn\u011b sv\u011bta v \u0161achu \u017een, a Davida Navary, velmistra, kter\u00fd reprezentoval zemi na mnoha mezin\u00e1rodn\u00edch turnaj\u00edch.<\/p>\n\n\n\n<p>V Praze s\u00eddl\u00ed n\u011bkolik \u0161achov\u00fdch klub\u016f a b\u011bhem roku se zde konaj\u00ed r\u016fzn\u00e9 \u0161achov\u00e9 turnaje, kter\u00e9 p\u0159itahuj\u00ed hr\u00e1\u010de z cel\u00e9ho sv\u011bta. Nejpresti\u017en\u011bj\u0161\u00edm z t\u011bchto turnaj\u016f je tzv. <a href=\"https:\/\/prague.org\/cs\/prague-chess-festival-2022-a-celebration-of-the-game\/\">Pra\u017esk\u00fd \u0161achov\u00fd festival<\/a>, kter\u00fd se kon\u00e1 ka\u017edoro\u010dn\u011b a kter\u00e9ho se \u00fa\u010dastn\u00ed n\u011bkte\u0159\u00ed z nejlep\u0161\u00edch sv\u011btov\u00fdch hr\u00e1\u010d\u016f.<\/p>\n\n\n\n<p>\u0160achy hraj\u00ed v\u00fdznamnou roli i v \u010desk\u00e9 literatu\u0159e, v n\u011bkolika knih\u00e1ch a pov\u00eddk\u00e1ch je tato hra \u00fast\u0159edn\u00edm t\u00e9matem. Jedn\u00edm z nejzn\u00e1m\u011bj\u0161\u00edch d\u011bl je \"Lu\u017einova obrana\" od Vladimira Nabokova, rom\u00e1n, kter\u00fd zkoum\u00e1 psychologick\u00e9 boje \u0161achisty.<\/p>\n\n\n\n<p>Celkov\u011b jsou pra\u017esk\u00e9 \u0161achy cen\u011bn\u00fdm aspektem \u010desk\u00e9 kultury, kter\u00fd nep\u0159est\u00e1v\u00e1 uchvacovat a inspirovat m\u00edstn\u00ed obyvatele i n\u00e1v\u0161t\u011bvn\u00edky.<\/p>\n\n\n\n<h2 id=\"visiting-the-czech-capital-prague\" class=\"wp-block-heading\">N\u00e1v\u0161t\u011bva hlavn\u00edho m\u011bsta \u010cesk\u00e9 republiky, Prahy<\/h2>\n\n\n\n<p>Praha je hlavn\u00edm m\u011bstem \u010cesk\u00e9 republiky a snov\u00e9ho regionu \u010cechy. M\u011bsto s v\u00edce ne\u017e milionem obyvatel je zn\u00e1m\u00e9 tak\u00e9 jako m\u011bsto stov\u011b\u017eat\u00e9 nebo \"zlat\u00e9 m\u011bsto\".<\/p>\n\n\n\n<p>N\u00e1v\u0161t\u011bva Prahy je jako vstup do fantazie. Ulice jsou jako stvo\u0159en\u00e9 pro prost\u00e9 pot\u011b\u0161en\u00ed smysl\u016f a obchody jsou vyzdobeny s nejv\u011bt\u0161\u00ed mo\u017enou p\u00e9\u010d\u00ed. V\u00fdrazn\u00e1 st\u0159edov\u011bk\u00e1 atmosf\u00e9ra, kter\u00e1 m\u011bsto obklopuje, dok\u00e1\u017ee n\u00e1v\u0161t\u011bvn\u00edky p\u0159en\u00e9st zp\u011bt v \u010dase a zp\u016fsobit, \u017ee nikdy nezapomenou na tak v\u00fdjime\u010dn\u00e9 m\u00edsto s tak rozmanit\u00fdmi aktivitami a&nbsp;<a href=\"https:\/\/prague.org\/cs\/10-nejlepsich-veci-ktere-se-daji-delat-vpraze\/\">m\u00edsta k n\u00e1v\u0161t\u011bv\u011b<\/a>.<\/p>\n\n\n\n<h2 id=\"explore-the-splendor-of-czech-culture-on-tour\" class=\"wp-block-heading\">Poznejte n\u00e1dheru \u010desk\u00e9 kultury na v\u00fdlet\u011b<\/h2>\n\n\n\n<p>Nen\u00ed lep\u0161\u00ed zp\u016fsob, jak poznat fascinuj\u00edc\u00ed \u010deskou kulturu, ne\u017e prost\u0159ednictv\u00edm n\u00e1sleduj\u00edc\u00edch dvou aktivit.<\/p>\n\n\n\n<h3 id=\"drinks-and-a-folkloric-dinner-performance\" class=\"wp-block-heading\">N\u00e1poje a folklorn\u00ed vystoupen\u00ed k ve\u010de\u0159i<\/h3>\n\n\n\n<div data-gyg-href=\"https:\/\/widget.getyourguide.com\/default\/activities.frame\" data-gyg-locale-code=\"en-US\" data-gyg-widget=\"activities\" data-gyg-number-of-items=\"1\" data-gyg-cmp=\"culture1\" data-gyg-partner-id=\"U94OQGQ\" data-gyg-placement=\"other\" data-gyg-tour-ids=\"390448\"><\/div>\n\n\n\n<p>Za\u017eijte ve\u010dern\u00ed p\u0159edstaven\u00ed s \u00fa\u010dinkuj\u00edc\u00edmi a hudebn\u00edky v tradi\u010dn\u00edch \u010desk\u00fdch a moravsk\u00fdch kroj\u00edch. Vyberte si dobr\u00fd hlavn\u00ed chod a vychutnejte si neomezen\u00e9 mno\u017estv\u00ed n\u00e1poj\u016f. Pivo, v\u00edno, nealkoholick\u00e9 n\u00e1poje a voda jsou p\u0159i prezentaci lidov\u00fdch tanc\u016f zdarma.<\/p>\n\n\n\n<h4 id=\"highlights\" class=\"wp-block-heading\">Nejd\u016fle\u017eit\u011bj\u0161\u00ed informace<\/h4>\n\n\n\n<ul>\n<li>Odpo\u010di\u0148te si a vychutnejte si vydatn\u00e9 j\u00eddlo o \u010dty\u0159ech chodech p\u0159ipraven\u00e9 z prav\u00fdch tradi\u010dn\u00edch \u010desk\u00fdch surovin.&nbsp;<\/li>\n\n\n\n<li>Prohl\u00eddka trv\u00e1 p\u0159ibli\u017en\u011b dv\u011b a p\u016fl hodiny<\/li>\n\n\n\n<li>Zru\u0161en\u00ed je zdarma<\/li>\n\n\n\n<li>Cena za\u010d\u00edn\u00e1 na 47,22 \u20ac na osobu.<\/li>\n\n\n\n<li>Nala\u010fte se na klasiku z \u010desk\u00e9 a moravsk\u00e9 oblasti a vyzkou\u0161ejte, zda se dok\u00e1\u017eete vyrovnat kapeln\u00edm aran\u017e\u00edm.&nbsp;<\/li>\n\n\n\n<li>Zapojte se do p\u0159edstaven\u00ed a zvl\u00e1dn\u011bte n\u011bkter\u00e9 tradi\u010dn\u00ed tance, jako je mazurka.<\/li>\n\n\n\n<li>Vyberte si j\u00eddlo ze seznamu lahodn\u00fdch pokrm\u016f.&nbsp;<\/li>\n\n\n\n<li>Tradi\u010dn\u00ed americk\u00e1 j\u00eddla se pod\u00e1vaj\u00ed v rodinn\u00e9m stylu v restauraci nebo formou bufetu na zahrad\u011b.&nbsp;<\/li>\n\n\n\n<li>Na konci p\u0159edstaven\u00ed si spolu s kapelou zazp\u00edvejte hymny sv\u00e9 zem\u011b.<\/li>\n<\/ul>\n\n\n\n<h4 id=\"what-is-included\" class=\"wp-block-heading\">Co je zahrnuto v cen\u011b<\/h4>\n\n\n\n<ul>\n<li>N\u00e1poj na uv\u00edtanou<\/li>\n\n\n\n<li>nekone\u010dn\u00e9 mno\u017estv\u00ed alkoholu, lihovin a nealkoholick\u00fdch n\u00e1poj\u016f.<\/li>\n\n\n\n<li>Typick\u00e9 \u010desk\u00e9 j\u00eddlo o \u010dty\u0159ech chodech<\/li>\n\n\n\n<li>Autentick\u00e1, aktu\u00e1ln\u00ed p\u0159edstaven\u00ed<\/li>\n\n\n\n<li>Zp\u00e1te\u010dn\u00ed transfery<\/li>\n\n\n\n<li>Anglick\u00fd hostitel nebo v\u00edta\u010d<\/li>\n\n\n\n<li>Vyzvednut\u00ed v hotelu je voliteln\u00e9<\/li>\n\n\n\n<li>invalidn\u00ed voz\u00edk je k dispozici<\/li>\n<\/ul>\n\n\n\n<div class=\"wp-block-buttons is-layout-flex wp-block-buttons-is-layout-flex\">\n<div class=\"wp-block-button is-style-cs-button-block\"><a class=\"wp-block-button__link wp-element-button\" href=\"https:\/\/www.getyourguide.com\/prague-l10\/prague-folkloric-dinner-show-with-drinks-t390448\/?partner_id=U94OQGQ&amp;utm_medium=online_publisher&amp;placement=button-cta&amp;cmp=culture1bis\" target=\"_blank\" rel=\"noreferrer noopener nofollow\">\u2192 V\u00fdjime\u010dn\u00e1 cena - rezervujte zde<\/a><\/div>\n<\/div>\n\n\n\n<h3 id=\"discover-the-citys-highlights\" class=\"wp-block-heading\">Objevte zaj\u00edmavosti m\u011bsta<\/h3>\n\n\n\n<div data-gyg-href=\"https:\/\/widget.getyourguide.com\/default\/activities.frame\" data-gyg-locale-code=\"en-US\" data-gyg-widget=\"activities\" data-gyg-number-of-items=\"1\" data-gyg-cmp=\"culture2\" data-gyg-partner-id=\"U94OQGQ\" data-gyg-placement=\"other\" data-gyg-tour-ids=\"382824\"><\/div>\n\n\n\n<p>Vychutnejte si prohl\u00eddku nejzn\u00e1m\u011bj\u0161\u00edch pra\u017esk\u00fdch pam\u00e1tek v mal\u00e9 skupin\u011b lod\u00ed, autobusem a p\u011b\u0161ky. Po prohl\u00eddce Star\u00e9ho M\u011bsta a Pra\u017esk\u00e9ho hradu se vydejte na plavbu po malebn\u00e9 Vltav\u011b.<\/p>\n\n\n\n<h4 id=\"highlights-2\" class=\"wp-block-heading\">Nejd\u016fle\u017eit\u011bj\u0161\u00ed informace<\/h4>\n\n\n\n<ul>\n<li>D\u00e9lka prohl\u00eddky je 3,5-4 hodiny.<\/li>\n\n\n\n<li>Objevte to nejlep\u0161\u00ed z Prahy b\u011bhem prohl\u00eddky s pr\u016fvodcem, kter\u00e1 v\u00e1s provede lod\u00ed, autobusem i p\u011b\u0161ky po nejzaj\u00edmav\u011bj\u0161\u00edch pam\u00e1tk\u00e1ch a \u010dtvrt\u00edch m\u011bsta.&nbsp;<\/li>\n\n\n\n<li>Promluvte si s pr\u016fvodcem a dozv\u00edte se v\u00edce o pozad\u00ed m\u011bsta a jeho nejzn\u00e1m\u011bj\u0161\u00edch pam\u00e1tk\u00e1ch.<\/li>\n\n\n\n<li>V prvn\u00edm kole prohl\u00eddky se projedete po malebn\u00e9m Star\u00e9m M\u011bst\u011b v pohodln\u00e9m klimatizovan\u00e9m minivanu.<\/li>\n\n\n\n<li>B\u011bhem t\u0159icetiminutov\u00e9 prohl\u00eddky m\u011bsta si prohl\u00e9dn\u011bte \u00fachvatnou N\u00e1rodn\u00ed galerii, proslul\u00e9 V\u00e1clavsk\u00e9 n\u00e1m\u011bst\u00ed a pra\u017esk\u00fd Tan\u010d\u00edc\u00ed d\u016fm.<\/li>\n\n\n\n<li>Prozkoumejte nejv\u011bt\u0161\u00ed starobyl\u00fd hrad na sv\u011bt\u011b p\u011b\u0161ky.<\/li>\n\n\n\n<li>&nbsp;Projd\u011bte se po tr\u00e1vn\u00edc\u00edch o rozloze 70 000 metr\u016f \u010dtvere\u010dn\u00edch.&nbsp;<\/li>\n\n\n\n<li>Vychutnejte si jedny z nejkr\u00e1sn\u011bj\u0161\u00edch fotografick\u00fdch v\u00fdhled\u016f na m\u011bsto.<\/li>\n\n\n\n<li>Vra\u0165te se k orloji na Starom\u011bstsk\u00e9m n\u00e1m\u011bst\u00ed.&nbsp;<\/li>\n\n\n\n<li>Pr\u016fvodce v\u00e1s sezn\u00e1m\u00ed s histori\u00ed m\u00edsta a symbolick\u00fdm v\u00fdznamem kinetick\u00fdch soch.&nbsp;<\/li>\n\n\n\n<li>Slu\u017ebu m\u016f\u017eete zru\u0161it bez jak\u00fdchkoli n\u00e1klad\u016f.<\/li>\n\n\n\n<li>Zastavte se v \u017eidovsk\u00e9 \u010dtvrti, kde se nach\u00e1zej\u00ed n\u011bkter\u00e9 z nejp\u016fsobiv\u011bj\u0161\u00edch budov m\u011bsta v cel\u00e9 sv\u00e9 slavnostn\u00ed kr\u00e1se.<\/li>\n\n\n\n<li>Proje\u010fte se po Vltav\u011b a odpo\u010di\u0148te si.&nbsp;<\/li>\n\n\n\n<li>B\u011bhem 60minutov\u00e9 plavby po jeze\u0159e si prohl\u00e9dn\u011bte pam\u00e1tky m\u011bsta a historick\u00fd Karl\u016fv most.<\/li>\n<\/ul>\n\n\n\n<h4 id=\"what-is-included-2\" class=\"wp-block-heading\">Co je zahrnuto v cen\u011b<\/h4>\n\n\n\n<ul>\n<li>Prohl\u00eddka Pra\u017esk\u00e9ho hradu s m\u00edstn\u00edm pr\u016fvodcem<\/li>\n\n\n\n<li>Prohl\u00eddka \u017eidovsk\u00e9 \u010dtvrti s m\u00edstn\u00edm obyvatelem<\/li>\n\n\n\n<li>Prohl\u00eddka historick\u00e9 \u010dtvrti autobusem<\/li>\n\n\n\n<li>Plavba po Vltav\u011b po dobu 1 hodiny<\/li>\n\n\n\n<li>Trojjazy\u010dn\u00ed pr\u016fvodci hovo\u0159\u00edc\u00ed plynn\u011b anglicky, \u0161pan\u011blsky, italsky a n\u011bmecky<\/li>\n<\/ul>\n\n\n\n<h2 id=\"faq\" class=\"cnvs-block-section-heading cnvs-block-section-heading-1710856516628 is-style-cnvs-block-section-heading-2 halignleft\" >\n\t<span class=\"cnvs-section-title\">\n\t\t<span>\u010cASTO KLADEN\u00c9 DOTAZY<\/span>\n\t<\/span>\n<\/h2>\n\n\n\n<div class=\"cnvs-block-collapsibles cnvs-block-collapsibles-1710856446798 cnvs-block-collapsibles-5\" >\n\t\n<div class=\"cnvs-block-collapsible cnvs-block-collapsible-1710856446894 cnvs-block-collapsible-opened\" >\n\t<div class=\"cnvs-block-collapsible-title\">\n\t\t<h6 id=\"what-are-some-lesser-known-czech-traditions-and-holidays-that-tourists-might-find-interesting\" class=\"cnvs-block-collapsible-heading\">\n\t\t\t<a href=\"#\">Jak\u00e9 m\u00e9n\u011b zn\u00e1m\u00e9 \u010desk\u00e9 tradice a sv\u00e1tky by mohly b\u00fdt pro turisty zaj\u00edmav\u00e9?<\/a>\n\t\t<\/h6>\n\t<\/div>\n\t<div class=\"cnvs-block-collapsible-content\">\n\t\t\n\n<p>Mezi m\u00e9n\u011b zn\u00e1m\u00e9 \u010desk\u00e9 tradice pat\u0159\u00ed Masopust, p\u0159edvelikono\u010dn\u00ed karneval s pr\u016fvody a maskami, a Mikul\u00e1\u0161, kter\u00fd se slav\u00ed 5. prosince a p\u0159i n\u011bm\u017e Mikul\u00e1\u0161 nav\u0161t\u011bvuje d\u011bti.<\/p>\n\n\t<\/div>\n<\/div>\n\n\n<div class=\"cnvs-block-collapsible cnvs-block-collapsible-1710856446899 cnvs-block-collapsible-opened\" >\n\t<div class=\"cnvs-block-collapsible-title\">\n\t\t<h6 id=\"how-do-czech-people-generally-perceive-tourists-and-what-are-some-tips-for-tourists-to-fit-in-better-with-the-locals\" class=\"cnvs-block-collapsible-heading\">\n\t\t\t<a href=\"#\">Jak \u010ce\u0161i obecn\u011b vn\u00edmaj\u00ed turisty a jak\u00e9 jsou tipy pro turisty, aby l\u00e9pe zapadli mezi m\u00edstn\u00ed?<\/a>\n\t\t<\/h6>\n\t<\/div>\n\t<div class=\"cnvs-block-collapsible-content\">\n\t\t\n\n<p>\u010ce\u0161i jsou k turist\u016fm obecn\u011b pohostinn\u00ed. Turist\u00e9 by m\u011bli b\u00fdt zdvo\u0159il\u00ed, dochviln\u00ed a sna\u017eit se nau\u010dit n\u011bkolik z\u00e1kladn\u00edch \u010desk\u00fdch fr\u00e1z\u00ed, aby l\u00e9pe zapadli.<\/p>\n\n\t<\/div>\n<\/div>\n\n\n<div class=\"cnvs-block-collapsible cnvs-block-collapsible-1710856454072 cnvs-block-collapsible-opened\" >\n\t<div class=\"cnvs-block-collapsible-title\">\n\t\t<h6 id=\"what-are-some-must-try-czech-dishes-or-beverages-that-are-not-mentioned-in-the-article\" class=\"cnvs-block-collapsible-heading\">\n\t\t\t<a href=\"#\">Jak\u00e9 \u010desk\u00e9 pokrmy nebo n\u00e1poje, o kter\u00fdch se v \u010dl\u00e1nku nep\u00ed\u0161e, mus\u00edte ochutnat?<\/a>\n\t\t<\/h6>\n\t<\/div>\n\t<div class=\"cnvs-block-collapsible-content\">\n\t\t\n\n<p>Mus\u00edte vyzkou\u0161et <a href=\"https:\/\/prague.org\/cs\/prague-pastries\/\" data-type=\"link\" data-id=\"https:\/\/prague.org\/prague-pastries\/\">\u010cesk\u00e1 j\u00eddla<\/a> Sma\u017een\u00fd s\u00fdr, Rajsk\u00e1 om\u00e1\u010dka s hov\u011bz\u00edm masem a knedl\u00edkem a plze\u0148sk\u00e9 pivo, kter\u00e9 je z\u00e1kladem \u010desk\u00fdch n\u00e1poj\u016f.<\/p>\n\n\t<\/div>\n<\/div>\n\n\n<div class=\"cnvs-block-collapsible cnvs-block-collapsible-1710856454237 cnvs-block-collapsible-opened\" >\n\t<div class=\"cnvs-block-collapsible-title\">\n\t\t<h6 id=\"are-there-any-notable-differences-in-customs-or-attitudes-between-different-regions-of-the-czech-republic\" class=\"cnvs-block-collapsible-heading\">\n\t\t\t<a href=\"#\">Existuj\u00ed n\u011bjak\u00e9 v\u00fdrazn\u00e9 rozd\u00edly ve zvyc\u00edch nebo postoj\u00edch mezi jednotliv\u00fdmi regiony \u010cesk\u00e9 republiky?<\/a>\n\t\t<\/h6>\n\t<\/div>\n\t<div class=\"cnvs-block-collapsible-content\">\n\t\t\n\n<p>Ano, existuj\u00ed rozd\u00edly. Nap\u0159\u00edklad Moravan\u00e9 na v\u00fdchod\u011b jsou zn\u00e1m\u00ed svou vina\u0159skou kulturou a v\u0159elej\u0161\u00ed pohostinnost\u00ed ne\u017e Moravan\u00e9 na v\u00fdchod\u011b. <a href=\"https:\/\/prague.org\/cs\/pubs-in-prague\/\" data-type=\"link\" data-id=\"https:\/\/prague.org\/pubs-in-prague\/\">pivn\u00ed kultura<\/a> a rezervovanost \u010cech\u016f na z\u00e1pad\u011b.<\/p>\n\n\t<\/div>\n<\/div>\n\n\n<div class=\"cnvs-block-collapsible cnvs-block-collapsible-1710856454377 cnvs-block-collapsible-opened\" >\n\t<div class=\"cnvs-block-collapsible-title\">\n\t\t<h6 id=\"how-can-tourists-best-experience-czech-culture-and-history-beyond-the-main-tourist-attractions-in-prague\" class=\"cnvs-block-collapsible-heading\">\n\t\t\t<a href=\"#\">Jak mohou turist\u00e9 nejl\u00e9pe poznat \u010deskou kulturu a historii mimo hlavn\u00ed turistick\u00e9 atrakce v Praze?<\/a>\n\t\t<\/h6>\n\t<\/div>\n\t<div class=\"cnvs-block-collapsible-content\">\n\t\t\n\n<p>Turist\u00e9 mohou poznat \u010deskou kulturu p\u0159i n\u00e1v\u0161t\u011bv\u011b men\u0161\u00edch m\u011bst, jako je \u010cesk\u00fd Krumlov, p\u0159i n\u00e1v\u0161t\u011bv\u011b m\u00edstn\u00edch festival\u016f, p\u0159i pozn\u00e1v\u00e1n\u00ed region\u00e1ln\u00edch <a href=\"https:\/\/www.getyourguide.fr\/musee-du-communisme-prague-l26117\/prague-billet-d-entree-au-musee-du-communisme-t235062\/?partner_id=U94OQGQ&amp;utm_medium=online_publisher\" data-type=\"link\" data-id=\"https:\/\/www.getyourguide.fr\/musee-du-communisme-prague-l26117\/prague-billet-d-entree-au-musee-du-communisme-t235062\/?partner_id=U94OQGQ&amp;utm_medium=online_publisher\" rel=\"nofollow noopener\">muzea<\/a>a ubytov\u00e1n\u00ed v rodinn\u00fdch penzionech.<\/p>\n\n\t<\/div>\n<\/div>\n\n<\/div>\n\n\n\n<div class=\"wp-block-buttons is-layout-flex wp-block-buttons-is-layout-flex\">\n<div class=\"wp-block-button is-style-cs-button-block\"><a class=\"wp-block-button__link wp-element-button\" href=\"https:\/\/www.getyourguide.com\/prague-l10\/prague-4-hour-city-tour-by-bus-boat-and-on-foot-t382824\/?partner_id=U94OQGQ&amp;utm_medium=online_publisher&amp;placement=button-cta&amp;cmp=culture2bis\" target=\"_blank\" rel=\"noreferrer noopener nofollow\">\u2192 Dostupnost na posledn\u00ed chv\u00edli<\/a><\/div>\n<\/div>\n\n\n\n<div class=\"gyg-iframe-container\" style=\"margin-bottom:1.5em\"><iframe style=\"border:0;height:100%;width:100%\" title=\"Widget m\u011bsta GetYourGuide\" src=\"https:\/\/widget.getyourguide.com\/default\/city.frame?widget=wp_city&amp;cmp=prague&amp;iata=PRG&amp;locale_code=en-GB&amp;partner_id=U94OQGQ\"><\/iframe><\/div>","protected":false},"excerpt":{"rendered":"\u010cesk\u00e1 kultura Jac\u00ed jsou \u010ce\u0161i? \u010ce\u0161i jsou obecn\u011b pova\u017eov\u00e1ni za velmi p\u0159\u00edmo\u010dar\u00e9, sarkastick\u00e9 a pon\u011bkud ironick\u00e9 lidi....","protected":false},"author":2,"featured_media":2738,"comment_status":"closed","ping_status":"closed","sticky":false,"template":"","format":"standard","meta":{"footnotes":""},"categories":[15,204,39],"tags":[49],"table_tags":[],"_links":{"self":[{"href":"https:\/\/prague.org\/cs\/wp-json\/wp\/v2\/posts\/2737"}],"collection":[{"href":"https:\/\/prague.org\/cs\/wp-json\/wp\/v2\/posts"}],"about":[{"href":"https:\/\/prague.org\/cs\/wp-json\/wp\/v2\/types\/post"}],"author":[{"embeddable":true,"href":"https:\/\/prague.org\/cs\/wp-json\/wp\/v2\/users\/2"}],"replies":[{"embeddable":true,"href":"https:\/\/prague.org\/cs\/wp-json\/wp\/v2\/comments?post=2737"}],"version-history":[{"count":15,"href":"https:\/\/prague.org\/cs\/wp-json\/wp\/v2\/posts\/2737\/revisions"}],"predecessor-version":[{"id":13685,"href":"https:\/\/prague.org\/cs\/wp-json\/wp\/v2\/posts\/2737\/revisions\/13685"}],"wp:featuredmedia":[{"embeddable":true,"href":"https:\/\/prague.org\/cs\/wp-json\/wp\/v2\/media\/2738"}],"wp:attachment":[{"href":"https:\/\/prague.org\/cs\/wp-json\/wp\/v2\/media?parent=2737"}],"wp:term":[{"taxonomy":"category","embeddable":true,"href":"https:\/\/prague.org\/cs\/wp-json\/wp\/v2\/categories?post=2737"},{"taxonomy":"post_tag","embeddable":true,"href":"https:\/\/prague.org\/cs\/wp-json\/wp\/v2\/tags?post=2737"},{"taxonomy":"table_tags","embeddable":true,"href":"https:\/\/prague.org\/cs\/wp-json\/wp\/v2\/table_tags?post=2737"}],"curies":[{"name":"wp","href":"https:\/\/api.w.org\/{rel}","templated":true}]}}