{"id":3075,"date":"2022-06-08T10:37:17","date_gmt":"2022-06-08T08:37:17","guid":{"rendered":"https:\/\/prague.org\/?p=3075"},"modified":"2023-08-03T15:22:09","modified_gmt":"2023-08-03T13:22:09","slug":"beautiful-parks-and-gardens","status":"publish","type":"post","link":"https:\/\/prague.org\/cs\/beautiful-parks-and-gardens\/","title":{"rendered":"Kr\u00e1sn\u00e9 parky a zahrady"},"content":{"rendered":"<h2 id=\"7-most-beautiful-parks-and-gardens-in-prague\" class=\"wp-block-heading\">7 nejkr\u00e1sn\u011bj\u0161\u00edch park\u016f a zahrad v Praze<\/h2>\n\n\n\n<p>Praha je zn\u00e1m\u00e1 svou kr\u00e1snou architekturou, kter\u00e1 sah\u00e1 od gotick\u00fdch kostel\u016f a katedr\u00e1l a\u017e po rokokovou budovu Pra\u017esk\u00e9ho hradu.&nbsp;<a href=\"https:\/\/prague.org\/cs\/kinsky-palace\/\">Pal\u00e1c Kinsk\u00fdch<\/a>. M\u00e1 v\u0161ak co nab\u00eddnout i milovn\u00edk\u016fm les\u016f, park\u016f a zahrad. V t\u00e9to \u010desk\u00e9 metropoli je toti\u017e po cel\u00e9m m\u011bst\u011b rozeseto v\u00edce ne\u017e 200 zelen\u00fdch ploch, kter\u00e9 tvo\u0159\u00ed 20% jeho celkov\u00e9 rozlohy. Pra\u017esk\u00e9 zahrady a parky jsou proslul\u00e9 svou v\u00fdjime\u010dnou kr\u00e1sou. V tomto \u010desk\u00e9m hlavn\u00edm m\u011bst\u011b se nach\u00e1z\u00ed v\u00edce ne\u017e 200 zelen\u00fdch ploch, kter\u00e9 tvo\u0159\u00ed 20% celkov\u00e9 rozlohy m\u011bsta.<\/p>\n\n\n\n<p>Tato m\u00edsta jsou tak\u00e9 velmi r\u016fznorod\u00e1: n\u011bkter\u00e1 jsou historick\u00fdmi zahradami, mal\u00fdmi sady, rozs\u00e1hl\u00fdmi lesy a velk\u00fdmi parkov\u00fdmi komplexy. Krom\u011b toho, \u017ee nab\u00edzej\u00ed m\u00edsto pro odpo\u010dinek, se v nich konaj\u00ed tak\u00e9 zaj\u00edmav\u00e9 akce, jako jsou sez\u00f3nn\u00ed festivaly, v\u00fdstavy a kulin\u00e1\u0159sk\u00e9 akce.<\/p>\n\n\n\n<p>A\u0165 u\u017e sem zav\u00edt\u00e1te v letn\u00edch m\u011bs\u00edc\u00edch, kdy je teplo, nebo na podzim, kdy se m\u011bn\u00ed barvy, zde je sedm nejkr\u00e1sn\u011bj\u0161\u00edch park\u016f a zahrad ve m\u011bst\u011b, kter\u00e9 si m\u016f\u017eete prohl\u00e9dnout.<\/p>\n\n\n\n<div class=\"gyg-iframe-container\" style=\"margin-bottom:1.5em\"><iframe style=\"border:0;height:100%;width:100%\" title=\"Widget aktivit GetYourGuide\" src=\"https:\/\/widget.getyourguide.com\/default\/activities.frame?widget=wp_activities&amp;currency=EUR&amp;locale_code=en-GB&amp;number_of_items=3&amp;partner_id=U94OQGQ&amp;q=parks%20prague\"><\/iframe><\/div>\n\n\n\n<h3 id=\"prepare-to-be-dazzled-by-the-stunning-beauty-of-kampa-park-prague\" class=\"wp-block-heading\"><strong>P\u0159ipravte se, \u017ee v\u00e1s osln\u00ed \u00fachvatn\u00e1 kr\u00e1sa pra\u017esk\u00e9ho parku Kampa<\/strong><\/h3>\n\n\n\n<p>Nach\u00e1z\u00ed se na&nbsp;<a href=\"https:\/\/prague.org\/cs\/kampa-island\/\">Ostrov Kampa<\/a>&nbsp;mezi Vltavou a potokem \u010certovka se nach\u00e1z\u00ed malebn\u00fd pra\u017esk\u00fd park Kampa. D\u00edky sv\u00e9 jedine\u010dn\u00e9 poloze se v\u00e1m naskytne jedine\u010dn\u00fd v\u00fdhled na \u0159eku a na okol\u00ed.&nbsp;<a href=\"https:\/\/prague.org\/cs\/mensi-mesto-2\/\">Mal\u00e1 Strana<\/a>. I samotn\u00e9 m\u00edsto je v\u00fdjime\u010dn\u00e9 svou poh\u00e1dkovou atmosf\u00e9rou, kter\u00e1 vyza\u0159uje z pal\u00e1c\u016f, starobyl\u00fdch dom\u016f, mal\u00fdch ml\u00fdn\u016f a kr\u00e1sn\u00fdch most\u016f.<\/p>\n\n\n\n<h3 id=\"experience-nature-perfectly-at-stromovka-park-in-prague\" class=\"wp-block-heading\"><strong>Za\u017eijte p\u0159\u00edrodu dokonale v pra\u017esk\u00e9m parku Stromovka<\/strong><\/h3>\n\n\n\n<p><a href=\"https:\/\/prague.org\/cs\/royal-park-stromovka\/\">Park Stromovka<\/a>&nbsp;v Praze je dal\u0161\u00edm z nejkr\u00e1sn\u011bj\u0161\u00edch park\u016f ve m\u011bst\u011b. Stromovka byla p\u0159i sv\u00e9m vzniku ve 13. stolet\u00ed p\u016fvodn\u011b zam\u00fd\u0161lena jako kr\u00e1lovsk\u00e1 obora, proto je tak obrovsk\u00e1. Pozd\u011bji byla v 19. stolet\u00ed p\u0159em\u011bn\u011bna na park. Park se rozkl\u00e1d\u00e1 na plo\u0161e asi 95 hektar\u016f, co\u017e z n\u011bj snadno \u010din\u00ed jeden z nejv\u011bt\u0161\u00edch v Praze.&nbsp;<\/p>\n\n\n\n<p>Tento park se nach\u00e1z\u00ed v klidn\u00e9 a tich\u00e9 \u010d\u00e1sti m\u011bsta a je mezi n\u00e1v\u0161t\u011bvn\u00edky a milovn\u00edky park\u016f velmi obl\u00edben\u00fd d\u00edky p\u0159\u00edrodn\u00ed zeleni, kterou nab\u00edz\u00ed.<\/p>\n\n\n\n<h2 id=\"other-notable-prague-parks-and-gardens\" class=\"wp-block-heading\"><strong>Dal\u0161\u00ed v\u00fdznamn\u00e9 pra\u017esk\u00e9 parky a zahrady<\/strong><\/h2>\n\n\n\n<h3 id=\"letna-park-letenske-sady\" class=\"wp-block-heading\"><strong>Letensk\u00fd park (Letensk\u00e9 sady)<\/strong><\/h3>\n\n\n\n<p>Nach\u00e1z\u00ed se na kopci,&nbsp;<a href=\"https:\/\/prague.org\/cs\/letni-park\/\">Park Letn\u00e1<\/a>&nbsp;je dal\u0161\u00edm zn\u00e1m\u00fdm pra\u017esk\u00fdm parkem, ze kter\u00e9ho se v\u00e1m naskytne \u00fachvatn\u00fd v\u00fdhled na m\u011bsto, pohled z pta\u010d\u00ed perspektivy na Vltavu a jej\u00ed mosty a fascinuj\u00edc\u00ed pohled na Star\u00e9 M\u011bsto. Krom\u011b n\u00e1dhern\u00fdch pam\u00e1tek slou\u017e\u00ed letensk\u00fd park tak\u00e9 jako pivn\u00ed zahr\u00e1dka. M\u016f\u017eete si zde d\u00e1t kel\u00edmek piva za zhruba 50 K\u010d, naj\u00edt si m\u00edsto u n\u011bkter\u00e9ho z piknikov\u00fdch stolk\u016f a jen tak si u\u017e\u00edvat den s v\u00fdhledem kolem sebe.<\/p>\n\n\n\n<figure class=\"wp-block-image size-full\"><img decoding=\"async\" width=\"720\" height=\"480\" src=\"https:\/\/prague.org\/wp-content\/uploads\/2022\/06\/image-45.png\" alt=\"Vy\u0161\u0161\u00ed pohled na mosty p\u0159es Vltavu z letensk\u00e9ho parku. Praha, \u010cesk\u00e1 republika za soumraku\" class=\"wp-image-4320\" srcset=\"https:\/\/prague.org\/wp-content\/uploads\/2022\/06\/image-45.png 720w, https:\/\/prague.org\/wp-content\/uploads\/2022\/06\/image-45-600x400.png 600w, https:\/\/prague.org\/wp-content\/uploads\/2022\/06\/image-45-300x200.png 300w, https:\/\/prague.org\/wp-content\/uploads\/2022\/06\/image-45-380x253.png 380w\" sizes=\"(max-width: 720px) 100vw, 720px\" \/><figcaption class=\"wp-element-caption\">Vy\u0161\u0161\u00ed pohled na mosty p\u0159es Vltavu z letensk\u00e9ho parku. Praha, \u010cesk\u00e1 republika za soumraku<\/figcaption><\/figure>\n\n\n\n<p>Park je tak\u00e9 obl\u00edben\u00fdm m\u00edstem skateboardist\u016f, tak\u017ee je m\u016f\u017eete vid\u011bt, jak se proh\u00e1n\u011bj\u00ed kolem ob\u0159\u00edho metronomu zn\u00e1m\u00e9ho jako Stroj \u010dasu, kter\u00fd nahradil star\u00fd Stalin\u016fv pomn\u00edk.<\/p>\n\n\n\n<h3 id=\"petrin-hill-petrinske-sady\" class=\"wp-block-heading\"><strong>Pet\u0159\u00ednsk\u00fd vrch (Pet\u0159\u00ednsk\u00e9 sady)<\/strong><\/h3>\n\n\n\n<p><a href=\"https:\/\/prague.org\/cs\/petrin-hill\/\">Vrch Pet\u0159\u00edn<\/a>&nbsp;je tak\u00e9 jedn\u00edm z pra\u017esk\u00fdch park\u016f a zahrad, kter\u00e9 jsou domovem nejr\u016fzn\u011bj\u0161\u00edch atrakc\u00ed. Od jeho miniaturn\u00ed Eiffelovy v\u011b\u017ee a\u017e po zahrady,&nbsp;<a href=\"https:\/\/prague.org\/cs\/zrcadlove-bludiste-2\/\">Zrcadlov\u00e9 bludi\u0161t\u011b<\/a>a lanovou dr\u00e1hu. Obzvl\u00e1\u0161\u0165 kr\u00e1sn\u00e9 je to na ja\u0159e, kdy jsou stromy a zahrady v pln\u00e9m kv\u011btu. Milovn\u00edci kv\u011btin se mohou vydat do R\u016f\u017eov\u00e9 zahrady na vrcholu nebo do zd\u011bn\u00e9 kv\u011btinov\u00e9 zahrady Kv\u011btnice, kterou najdete nedaleko hv\u011bzd\u00e1rny a planet\u00e1ria.<\/p>\n\n\n\n<figure class=\"wp-block-image size-full\"><img decoding=\"async\" width=\"720\" height=\"480\" src=\"https:\/\/prague.org\/wp-content\/uploads\/2022\/06\/image-46.png\" alt=\"Podrobnosti katedr\u00e1la svat\u00e9ho Vav\u0159ince\" class=\"wp-image-4321\" srcset=\"https:\/\/prague.org\/wp-content\/uploads\/2022\/06\/image-46.png 720w, https:\/\/prague.org\/wp-content\/uploads\/2022\/06\/image-46-600x400.png 600w, https:\/\/prague.org\/wp-content\/uploads\/2022\/06\/image-46-300x200.png 300w, https:\/\/prague.org\/wp-content\/uploads\/2022\/06\/image-46-380x253.png 380w\" sizes=\"(max-width: 720px) 100vw, 720px\" \/><figcaption class=\"wp-element-caption\">Podrobnosti katedr\u00e1la svat\u00e9ho Vav\u0159ince<\/figcaption><\/figure>\n\n\n\n<p>K dispozici je tak\u00e9&nbsp;<a href=\"https:\/\/prague.org\/cs\/strahovsky-klaster\/\">Strahovsk\u00fd kl\u00e1\u0161ter<\/a>&nbsp;v jeho\u017e bl\u00edzkosti se nach\u00e1z\u00ed knihovna a obraz\u00e1rna pro milovn\u00edky knih a um\u011bn\u00ed. Pro z\u00e1jemce o astronomii a p\u0159\u00edrodn\u00ed v\u011bdy je \u0160tef\u00e1nikova hv\u011bzd\u00e1rna m\u00edstem, kde se d\u00edky dalekohled\u016fm, kopul\u00edm a v\u00fdstav\u00e1m dozv\u00edte v\u00edce o obloze.<\/p>\n\n\n\n<h3 id=\"kampa-park\" class=\"wp-block-heading\"><strong>Park Kampa<\/strong><\/h3>\n\n\n\n<p>Na ostrov\u011b mezi Vltavou a potokem \u010certovka se nach\u00e1z\u00ed malebn\u00fd park Kampa. D\u00edky sv\u00e9 jedine\u010dn\u00e9 poloze se v\u00e1m naskytne jedine\u010dn\u00fd v\u00fdhled na \u0159eku a&nbsp;<a href=\"https:\/\/prague.org\/cs\/mensi-mesto-2\/\">Mal\u00e1 Strana<\/a>. I samotn\u00e9 m\u00edsto je zaj\u00edmav\u00e9 svou poh\u00e1dkovou atmosf\u00e9rou, kter\u00e1 vyza\u0159uje z pal\u00e1c\u016f, starobyl\u00fdch dom\u016f, mal\u00fdch ml\u00fdn\u016f a kr\u00e1sn\u00fdch most\u016f.<\/p>\n\n\n\n<figure class=\"wp-block-image size-full is-resized\"><img decoding=\"async\" src=\"https:\/\/prague.org\/wp-content\/uploads\/2022\/06\/image-47.png\" alt=\"Sv\u00edt\u00e1n\u00ed v historick\u00e9 Praze nedaleko Karlova mostu,\" class=\"wp-image-4323\" width=\"680\" height=\"453\" srcset=\"https:\/\/prague.org\/wp-content\/uploads\/2022\/06\/image-47.png 720w, https:\/\/prague.org\/wp-content\/uploads\/2022\/06\/image-47-600x400.png 600w, https:\/\/prague.org\/wp-content\/uploads\/2022\/06\/image-47-300x200.png 300w, https:\/\/prague.org\/wp-content\/uploads\/2022\/06\/image-47-380x253.png 380w\" sizes=\"(max-width: 680px) 100vw, 680px\" \/><figcaption class=\"wp-element-caption\">Sv\u00edt\u00e1n\u00ed v historick\u00e9 Praze u Karlova mostu<\/figcaption><\/figure>\n\n\n\n<p>Ji\u017en\u00ed tr\u00e1vn\u00edky se \u010dasto vyu\u017e\u00edvaj\u00ed ke kulturn\u00edm akc\u00edm a jsou obl\u00edben\u00fdm m\u00edstem pro pikniky. Nedaleko se nach\u00e1z\u00ed Museum Kampa, kde je um\u00edst\u011bna sb\u00edrka d\u011bl Franti\u0161ka Kupky o abstraktn\u00edm um\u011bn\u00ed. Pokud chcete za\u017e\u00edt n\u011bco bizarn\u00edho, prohl\u00e9dn\u011bte si sochy mimozemsk\u00fdch d\u011bt\u00ed od Davida \u010cern\u00e9ho severn\u011b od muzea.<\/p>\n\n\n\n<h3 id=\"pruhonice-park-pruhonicky-park\" class=\"wp-block-heading\"><strong>Pr\u016fhonick\u00fd park (Pr\u016fhonick\u00fd park)<\/strong><\/h3>\n\n\n\n<p>Pr\u016fhonick\u00fd park je dal\u0161\u00ed zaj\u00edmavou sou\u010d\u00e1st\u00ed pra\u017esk\u00fdch park\u016f a zahrad. Tento park je nejen skv\u011bl\u00fdm p\u0159\u00edkladem evropsk\u00e9 krajin\u00e1\u0159sk\u00e9 architektury, ale tak\u00e9 domovem rozs\u00e1hl\u00e9 botanick\u00e9 sb\u00edrky, v jej\u00edm\u017e are\u00e1lu se nach\u00e1z\u00ed v\u00edce ne\u017e 1 600 druh\u016f rostlin. Tento park se nach\u00e1z\u00ed na jihov\u00fdchodn\u00edm okraji m\u011bsta a od roku 2012 je zaps\u00e1n na seznamu kulturn\u00edho d\u011bdictv\u00ed UNESCO.&nbsp;<\/p>\n\n\n\n<figure class=\"wp-block-image\"><img decoding=\"async\" src=\"https:\/\/i0.wp.com\/prague.org\/wp-content\/uploads\/2021\/07\/Prague-Czech-Republic-skyline-with-historic-Charles-Bridge-and-Vltava-river-as-seen-from-spring-park.-Vintage.-Prague-Czech-Republic-skyline-with-historic-Charles-Bridge-and-Vltava-river.-Vintage-1.jpg?ssl=1\" alt=\"Panorama Prahy s historick\u00fdm Karlov\u00fdm mostem a Vltavou p\u0159i pohledu z jarn\u00edho parku. Vintage\" class=\"wp-image-5089\"\/><figcaption class=\"wp-element-caption\">Panorama Prahy s historick\u00fdm Karlov\u00fdm mostem a Vltavou z jarn\u00edho parku<\/figcaption><\/figure>\n\n\n\n<p>Na \u00fazem\u00ed parku se nach\u00e1zej\u00ed rybn\u00edky a jezera a tak\u00e9 stojat\u00e9 vody pln\u00e9 n\u00e1dhern\u00fdch divok\u00fdch kv\u011btin. P\u0159\u00edrodn\u00ed kr\u00e1sy tohoto m\u00edsta dopl\u0148uje b\u00fdval\u00fd st\u0159edov\u011bk\u00fd hrad ty\u010d\u00edc\u00ed se nad krajinou. Pro svou malebnost a romantickou kr\u00e1su je obl\u00edben\u00fdm m\u00edstem pro svatby a nen\u00ed neobvykl\u00e9 vid\u011bt p\u00e1ry proch\u00e1zej\u00edc\u00ed se po jeho chodn\u00edc\u00edch.<\/p>\n\n\n\n<p>Park je obzvl\u00e1\u0161\u0165 okouzluj\u00edc\u00ed na ja\u0159e, kdy jsou rododendrony v pln\u00e9m kv\u011btu.&nbsp;<\/p>\n\n\n\n<h2 id=\"historical-and-botanical-gardens\" class=\"wp-block-heading\"><strong>Historick\u00e9 a botanick\u00e9 zahrady<\/strong><\/h2>\n\n\n\n<h3 id=\"prague-castle-gardens-zahrady-prazskeho-hradu\" class=\"wp-block-heading\"><strong>Zahrady Pra\u017esk\u00e9ho hradu (Zahrady Pra\u017esk\u00e9ho hradu)<\/strong><\/h3>\n\n\n\n<p>N\u00e1v\u0161t\u011bva Prahy je ne\u00fapln\u00e1, pokud se nezastav\u00edte v majest\u00e1tn\u00edch&nbsp;<a href=\"https:\/\/prague.org\/cs\/prazsky-hrad-2\/\">Pra\u017esk\u00fd hrad<\/a>. Dal\u0161\u00edm v\u00fdznamn\u00fdm p\u0159\u00edkladem pra\u017esk\u00fdch zahrad a parku jsou Zahrady Pra\u017esk\u00e9ho hradu. Dobrou zpr\u00e1vou je, \u017ee kdy\u017e u\u017e zde budete, \u010dek\u00e1 v\u00e1s tak\u00e9 prohl\u00eddka shluku zahrad obklopuj\u00edc\u00edch slavnou pam\u00e1tku. Ve\u0159ejnosti jsou p\u0159\u00edstupn\u00e9 zahrady Rajsk\u00e1 (Rajsk\u00e1) a Na Valech (Na Valech) v ji\u017en\u00ed \u010d\u00e1sti, kter\u00e9 si st\u00e1le zachov\u00e1vaj\u00ed p\u016fvodn\u00ed uspo\u0159\u00e1d\u00e1n\u00ed z 20. let 20. stolet\u00ed.&nbsp;<\/p>\n\n\n\n<p>Vedle sv\u011b\u017e\u00ed zelen\u011b na v\u00e1s \u010dekaj\u00ed n\u00e1dhern\u00e9 alt\u00e1ny a socha\u0159sk\u00e9 prvky, jako je B\u00fd\u010d\u00ed schodi\u0161t\u011b spojuj\u00edc\u00ed n\u00e1dvo\u0159\u00ed&nbsp;<a href=\"https:\/\/prague.org\/cs\/katedrala-sv-vita\/\">Katedr\u00e1la svat\u00e9ho V\u00edta<\/a>&nbsp;do zahrady. Ur\u010dit\u011b si prohl\u00e9dn\u011bte tak\u00e9 Ple\u010dnikovu pyramidu a vyhl\u00eddku Mal\u00fd Belved\u00e9r, kde se m\u016f\u017eete posadit a jednodu\u0161e se vyh\u0159\u00edvat na slunci.<\/p>\n\n\n\n<p>V l\u00e9t\u011b je zde v\u00fdstava drav\u00fdch pt\u00e1k\u016f, kde si m\u016f\u017eete za 100 K\u010d pochovat jest\u0159\u00e1ba nebo sovu.<\/p>\n\n\n\n<h3 id=\"wallenstein-garden-valdstejnska-zahrada\" class=\"wp-block-heading\"><strong>Vald\u0161tejnsk\u00e1 zahrada (Vald\u0161tejnsk\u00e1 Zahrada)<\/strong><\/h3>\n\n\n\n<p>Poh\u00e1dkovost <a href=\"https:\/\/prague.org\/cs\/valdstejnsky-palac\/\">Vald\u0161tejnsk\u00e1 zahrada<\/a> je skryt\u00fd klenot za stanic\u00ed metra Malostransk\u00e1. Je to druh\u00e1 nejv\u011bt\u0161\u00ed zahrada ve m\u011bst\u011b, hned po Hradn\u00ed zahrad\u011b. Py\u0161n\u00ed se architektonick\u00fdmi prvky inspirovan\u00fdmi \u0159eckou a \u0159\u00edmskou mytologi\u00ed spolu s n\u00e1dhern\u011b slo\u017eit\u00fdmi geometrick\u00fdmi \u017eiv\u00fdmi ploty a n\u00e1dhern\u00fdmi b\u00edl\u00fdmi p\u00e1vy, kte\u0159\u00ed se potuluj\u00ed po zahrad\u011b. P\u0159i vstupu v\u00e1s uv\u00edt\u00e1 n\u00e1dhern\u00fd t\u0159\u00edobloukov\u00fd portikus Sala Terrena a na jez\u00edrku je ostrov se sochou Herkula.<\/p>\n\n\n\n<p>Pokud chcete nav\u0161t\u00edvit n\u011bco zaj\u00edmav\u011bj\u0161\u00edho, nav\u0161tivte Kvapkovou ze\u010f, kter\u00e1 z d\u00e1lky vypad\u00e1 jako st\u011bna z kapaj\u00edc\u00edch lebek. P\u0159i bli\u017e\u0161\u00edm pohledu zjist\u00edte, \u017ee se jedn\u00e1 o pouhou sestavu um\u011bl\u00fdch kr\u00e1pn\u00edk\u016f, i kdy\u017e pro n\u011bkoho to neznamen\u00e1, \u017ee by byla m\u00e9n\u011b znepokojiv\u00e1.<\/p>\n\n\n\n<figure class=\"wp-block-image\"><img decoding=\"async\" src=\"https:\/\/i0.wp.com\/prague.org\/wp-content\/uploads\/2021\/07\/A-pond-with-The-Hercules-Fountain-at-Wallenstein-Garden.-Prague-Czech-Republic.jpg?ssl=1\" alt=\"Jez\u00edrko s Herkulovou font\u00e1nou ve Vald\u0161tejnsk\u00e9 zahrad\u011b. Praha, \u010cesk\u00e1 republika\" class=\"wp-image-5021\"\/><figcaption class=\"wp-element-caption\">Jez\u00edrko s Herkulovou font\u00e1nou ve Vald\u0161tejnsk\u00e9 zahrad\u011b. Praha, \u010cesk\u00e1 republika.<\/figcaption><\/figure>\n\n\n\n<h3 id=\"prague-botanical-garden-botanicka-zahrada-praha\" class=\"wp-block-heading\"><strong>Botanick\u00e1 zahrada Praha (Botanick\u00e1 Zahrada Praha)<\/strong><\/h3>\n\n\n\n<p>Na \u00fabo\u010d\u00ed Troje se nach\u00e1z\u00ed dal\u0161\u00ed zn\u00e1m\u00fd pra\u017esk\u00fd park, tzv.&nbsp;<a href=\"https:\/\/prague.org\/cs\/botanicka-zahrada\/\">Botanick\u00e1 zahrada Praha<\/a>, kde se na plo\u0161e p\u0159ibli\u017en\u011b 30 hektar\u016f nach\u00e1z\u00ed p\u0159ibli\u017en\u011b 20 000 druh\u016f rostlin. Nach\u00e1zej\u00ed se zde r\u016fzn\u00e9 v\u00fdstavn\u00ed plochy, nap\u0159\u00edklad japonsk\u00e1 medita\u010dn\u00ed zahrada, seversk\u00e9 borov\u00e9 h\u00e1je a okrasn\u00e1 zahrada s pestrobarevn\u00fdmi kv\u011btinami.&nbsp;<\/p>\n\n\n\n<p>V are\u00e1lu zahrady se nach\u00e1z\u00ed tak\u00e9 historick\u00e1 vinice sv. Kl\u00e1ry, kter\u00e1 je jednou z nejstar\u0161\u00edch a nejv\u011bt\u0161\u00edch ve m\u011bst\u011b. Vina\u0159skou chalupu m\u016f\u017eete nav\u0161t\u00edvit a zakoupit si v\u00edna vyroben\u00e1 tradi\u010dn\u00edm zp\u016fsobem v n\u00ed\u017ee polo\u017een\u00fdch sklep\u00edch.<\/p>\n\n\n\n<div class=\"wp-block-buttons is-layout-flex wp-block-buttons-is-layout-flex\"><\/div>\n\n\n\n<div class=\"gyg-iframe-container\" style=\"margin-bottom:1.5em\"><iframe style=\"border:0;height:100%;width:100%\" title=\"Widget m\u011bsta GetYourGuide\" src=\"https:\/\/widget.getyourguide.com\/default\/city.frame?widget=wp_city&amp;iata=PRG&amp;locale_code=en-GB&amp;partner_id=U94OQGQ\"><\/iframe><\/div>","protected":false},"excerpt":{"rendered":"7 nejkr\u00e1sn\u011bj\u0161\u00edch park\u016f a zahrad v Praze Praha je zn\u00e1m\u00e1 svou n\u00e1dhernou architekturou, kter\u00e1 zahrnuje...","protected":false},"author":2,"featured_media":3352,"comment_status":"closed","ping_status":"closed","sticky":false,"template":"","format":"standard","meta":{"footnotes":""},"categories":[1,204,47],"tags":[85],"table_tags":[],"_links":{"self":[{"href":"https:\/\/prague.org\/cs\/wp-json\/wp\/v2\/posts\/3075"}],"collection":[{"href":"https:\/\/prague.org\/cs\/wp-json\/wp\/v2\/posts"}],"about":[{"href":"https:\/\/prague.org\/cs\/wp-json\/wp\/v2\/types\/post"}],"author":[{"embeddable":true,"href":"https:\/\/prague.org\/cs\/wp-json\/wp\/v2\/users\/2"}],"replies":[{"embeddable":true,"href":"https:\/\/prague.org\/cs\/wp-json\/wp\/v2\/comments?post=3075"}],"version-history":[{"count":13,"href":"https:\/\/prague.org\/cs\/wp-json\/wp\/v2\/posts\/3075\/revisions"}],"predecessor-version":[{"id":8804,"href":"https:\/\/prague.org\/cs\/wp-json\/wp\/v2\/posts\/3075\/revisions\/8804"}],"wp:featuredmedia":[{"embeddable":true,"href":"https:\/\/prague.org\/cs\/wp-json\/wp\/v2\/media\/3352"}],"wp:attachment":[{"href":"https:\/\/prague.org\/cs\/wp-json\/wp\/v2\/media?parent=3075"}],"wp:term":[{"taxonomy":"category","embeddable":true,"href":"https:\/\/prague.org\/cs\/wp-json\/wp\/v2\/categories?post=3075"},{"taxonomy":"post_tag","embeddable":true,"href":"https:\/\/prague.org\/cs\/wp-json\/wp\/v2\/tags?post=3075"},{"taxonomy":"table_tags","embeddable":true,"href":"https:\/\/prague.org\/cs\/wp-json\/wp\/v2\/table_tags?post=3075"}],"curies":[{"name":"wp","href":"https:\/\/api.w.org\/{rel}","templated":true}]}}