{"id":3116,"date":"2022-06-08T13:02:32","date_gmt":"2022-06-08T11:02:32","guid":{"rendered":"https:\/\/prague.org\/?p=3116"},"modified":"2024-07-09T16:50:22","modified_gmt":"2024-07-09T14:50:22","slug":"krizik-fountain","status":"publish","type":"post","link":"https:\/\/prague.org\/cs\/krizik-fountain\/","title":{"rendered":"Font\u00e1na Krizik"},"content":{"rendered":"<h2 id=\"krizik-fountain-prague\" class=\"wp-block-heading\">K\u0159i\u017e\u00edkova font\u00e1na, Praha<\/h2>\n\n\n\n<p>\u010cesk\u00fd n\u00e1zev:&nbsp;<strong>K\u0159i\u017e\u00edkova font\u00e1na<\/strong><\/p>\n\n\n\n<p>Zn\u00e1m\u00e1 je tak\u00e9 jako tan\u010d\u00edc\u00ed nebo hudebn\u00ed font\u00e1na, n\u011bkte\u0159\u00ed ji dokonce ozna\u010duj\u00ed jako zp\u00edvaj\u00edc\u00ed font\u00e1nu Krizik. Krizikova font\u00e1na je technologick\u00fd z\u00e1zrak a&nbsp;<strong>destinace, kterou mus\u00edte nav\u0161t\u00edvit&nbsp;<\/strong>na historick\u00e9m v\u00fdstavi\u0161ti v Praze. Toto p\u016fsobiv\u00e9 m\u00edsto je proslul\u00e9 sv\u00fdmi \u00fachvatn\u00fdmi p\u0159edstaven\u00edmi vody, sv\u011btla a hudby.&nbsp;<strong>venkovn\u00ed amfite\u00e1tr<\/strong>&nbsp;se kon\u00e1 \u0159ada ve\u010dern\u00edch koncert\u016f a baletn\u00edch p\u0159edstaven\u00ed pro r\u016fznorod\u00e9 publikum. V\u010detn\u011b \u010dty\u0159 v\u00edce\u00fa\u010delov\u00fdch pavilon\u016f, kter\u00e9 obklopuj\u00ed font\u00e1nu, m\u00e1 K\u0159i\u017e\u00edk celkovou plochu 5 488 metr\u016f \u010dtvere\u010dn\u00edch.&nbsp;<\/p>\n\n\n\n<p>K\u0159i\u017e\u00edkova font\u00e1na v Praze byla p\u016fvodn\u011b postavena koncem 19. stolet\u00ed s pouh\u00fdmi pades\u00e1ti r\u016fznobarevn\u00fdmi reflektory na dn\u011b font\u00e1nov\u00e9 desky, dnes v\u0161ak tato pozoruhodn\u00e1 stavba obsahuje a\u017e t\u0159in\u00e1ct set reflektor\u016f, kter\u00e9 vytv\u00e1\u0159ej\u00ed fascinuj\u00edc\u00ed v\u00fdjevy.<\/p>\n\n\n\n<div class=\"gyg-iframe-container\" style=\"margin-bottom:1.5em\"><iframe style=\"border:0;height:100%;width:100%\" title=\"Widget aktivit GetYourGuide\" src=\"https:\/\/widget.getyourguide.com\/default\/activities.frame?widget=wp_activities&amp;currency=EUR&amp;locale_code=en-GB&amp;number_of_items=3&amp;partner_id=U94OQGQ&amp;q=fountain%20prague\"><\/iframe><\/div>\n\n\n\n<h2 id=\"location-how-to-get-to-the-krizik-fountain-prague\" class=\"wp-block-heading\"><strong>Um\u00edst\u011bn\u00ed a cesta ke K\u0159i\u017e\u00edkov\u011b font\u00e1n\u011b v Praze<\/strong><\/h2>\n\n\n\n<p>K\u0159i\u017e\u00edkova font\u00e1na se nach\u00e1z\u00ed na pra\u017esk\u00e9m V\u00fdstavi\u0161ti v Praze 7.&nbsp;<\/p>\n\n\n\n<p>Pokud cestujete ve\u0159ejnou dopravou: Hole\u0161ovice, pak p\u0159estupte na tramvaj \u010d. 1, 12, 15 nebo 25 a je\u010fte na dal\u0161\u00ed zast\u00e1vku V\u00fdstavi\u0161t\u011b Hole\u0161ovice. P\u0159estup m\u016f\u017eete tak\u00e9 vynechat a od stanice metra doj\u00edt na v\u00fdstavi\u0161t\u011b p\u011b\u0161ky za 10 minut. Pokud p\u0159ijdete p\u011b\u0161ky, amfite\u00e1tr K\u0159i\u017e\u00edkova font\u00e1na se nach\u00e1z\u00ed severn\u011b od Pr\u016fmyslov\u00e9ho pal\u00e1ce.<\/p>\n\n\n\n<p>Pokud cestujete autem, v okol\u00ed v\u00fdstavi\u0161t\u011b jsou k dispozici placen\u00e1 parkovi\u0161t\u011b.<\/p>\n\n\n\n<h2 id=\"opening-hours-entry-into-the-krizik-singing-fountain\" class=\"wp-block-heading\"><strong>Otev\u00edrac\u00ed doba a vstup do zp\u00edvaj\u00edc\u00ed font\u00e1ny Krizik<\/strong><\/h2>\n\n\n\n<p>Krizikova font\u00e1na je otev\u0159ena denn\u011b od 19:00 do 23:45. Cena K\u0159i\u017e\u00edkovy font\u00e1ny v Praze nebo vstupenky je 230 K\u010d. Tato cena vstupenky na K\u0159i\u017e\u00edkovu font\u00e1nu Praha plat\u00ed pro ka\u017ed\u00e9ho n\u00e1v\u0161t\u011bvn\u00edka, kter\u00fd se rozhodne poct\u00edt svou n\u00e1v\u0161t\u011bvou p\u0159edstaven\u00ed K\u0159i\u017e\u00edkovy font\u00e1ny.<\/p>\n\n\n\n<p>Ceny a \u010dasy vstupenek na \u017eiv\u00e1 vystoupen\u00ed se li\u0161\u00ed, ale obvykle je lze zakoupit u vstupu. Nejnov\u011bj\u0161\u00ed informace naleznete na ofici\u00e1ln\u00edch webov\u00fdch str\u00e1nk\u00e1ch.<\/p>\n\n\n\n<h2 id=\"what-to-do-what-to-see-at-the-krizik-fountain\" class=\"wp-block-heading\"><strong>Co d\u011blat a co vid\u011bt u K\u0159i\u017e\u00edkovy font\u00e1ny<\/strong><\/h2>\n\n\n\n<p>N\u00e1v\u0161t\u011bva ve\u010dern\u00edho p\u0159edstaven\u00ed Krizikovy font\u00e1ny je pro n\u00e1v\u0161t\u011bvn\u00edky povinn\u00e1. Krizikova font\u00e1na je jednou z nejobl\u00edben\u011bj\u0161\u00edch atrakc\u00ed hlavn\u00edho m\u011bsta v jarn\u00edch a letn\u00edch m\u011bs\u00edc\u00edch.<\/p>\n\n\n\n<p>V okol\u00ed je toho k vid\u011bn\u00ed mnohem v\u00edce. V\u00fdstavi\u0161t\u011b zahrnuje \u0159adu dal\u0161\u00edch pam\u011btihodnost\u00ed, kter\u00e9 stoj\u00ed za to nav\u0161t\u00edvit, v\u010detn\u011b Pr\u016fmyslov\u00e9ho pal\u00e1ce, Lapid\u00e1ria N\u00e1rodn\u00edho muzea, 40 metr\u016f vysok\u00e9 pyramidy, kter\u00e1 slou\u017e\u00ed k v\u00fdstav\u00e1m, Maroldova panoramatu a akv\u00e1ria SeaWorld. V are\u00e1lu se po cel\u00fd rok konaj\u00ed veletrhy a kulturn\u00ed akce, mj. <a href=\"https:\/\/prague.org\/cs\/st-matthews-fair\/\">Matthew Fair<\/a> (Mat\u011bjsk\u00e1 pou\u0165) na ja\u0159e.<\/p>\n\n\n\n<h2 id=\"history-of-the-krizik-singing-fountain\" class=\"wp-block-heading\"><strong>Historie zp\u00edvaj\u00edc\u00ed font\u00e1ny Krizik<\/strong><\/h2>\n\n\n\n<p>K\u0159i\u017e\u00edkovu font\u00e1nu postavil \u010desk\u00fd vyn\u00e1lezce&nbsp;<strong>Franti\u0161ek K\u0159i\u017e\u00edk<\/strong>&nbsp;a 24. kv\u011btna 1891 byl odhalen ve\u0159ejnosti b\u011bhem v\u00fdstavy General Land Centennial Exhibition. Font\u00e1na byla jednou z mnoha staveb postaven\u00fdch pro tuto sv\u011btovou v\u00fdstavu. Navzdory sv\u00fdm chud\u00fdm za\u010d\u00e1tk\u016fm je Franti\u0161ek K\u0159i\u017e\u00edk oslavov\u00e1n pro sv\u00e9 technologick\u00e9 inovace. Pat\u0159\u00ed mezi n\u011b zdokonalen\u00e1 obloukov\u00e1 lampa, prvn\u00ed m\u011bstsk\u00e1 elektr\u00e1rna v \u010desk\u00fdch zem\u00edch a tramvajov\u00e1 tra\u0165 v roce 1925.&nbsp;<a href=\"https:\/\/prague.org\/cs\/letni-park\/\">Letn\u00e1<\/a>. Pro v\u00fdstavu v roce 1981 dodal ve\u0161ker\u00e9 osv\u011btlen\u00ed a jeho vrcholn\u00fdm d\u00edlem byla osv\u011btlen\u00e1 font\u00e1na. Ta je dodnes d\u016fstojn\u00fdm dokladem jeho odkazu.<\/p>\n\n\n\n<p>K\u0159i\u017e\u00edkova font\u00e1na byla ve 20. letech 20. stolet\u00ed p\u0159estav\u011bna architektem Z. Sta\u0161kem a v roce 1991 znovu obnovena do sou\u010dasn\u00e9 podoby. \u00dachvatnou sv\u011btelnou a zvukovou pod\u00edvanou dnes umo\u017e\u0148uje 1300 r\u016fznobarevn\u00fdch reflektor\u016f a vodn\u00ed okruhy slo\u017een\u00e9 z v\u00edce ne\u017e 2 kilometr\u016f trubek v z\u00e1kladov\u00e9 desce font\u00e1ny.<\/p>\n\n\n\n<h2 id=\"faq\" class=\"cnvs-block-section-heading cnvs-block-section-heading-1710856516628 is-style-cnvs-block-section-heading-2 halignleft\" >\n\t<span class=\"cnvs-section-title\">\n\t\t<span>\u010cASTO KLADEN\u00c9 DOTAZY<\/span>\n\t<\/span>\n<\/h2>\n\n\n\n<div class=\"cnvs-block-collapsibles cnvs-block-collapsibles-1710856446798 cnvs-block-collapsibles-5\" >\n\t\n<div class=\"cnvs-block-collapsible cnvs-block-collapsible-1710856446894 cnvs-block-collapsible-opened\" >\n\t<div class=\"cnvs-block-collapsible-title\">\n\t\t<h6 id=\"are-there-any-discounts-available-for-students-seniors-or-children-for-the-krizik-fountain-shows\" class=\"cnvs-block-collapsible-heading\">\n\t\t\t<a href=\"#\">Are there any discounts available for students, seniors, or children for the Krizik Fountain shows?<\/a>\n\t\t<\/h6>\n\t<\/div>\n\t<div class=\"cnvs-block-collapsible-content\">\n\t\t\n\n<p>Yes, there are often discounts available for <a href=\"https:\/\/prague.org\/cs\/expat-guide-in-prague\/\" data-type=\"link\" data-id=\"https:\/\/prague.org\/expat-guide-in-prague\/\">studenti<\/a>, seniors, and children. It&#8217;s recommended to check the official website or inquire at the ticket booth for the most current discount information.<\/p>\n\n\t<\/div>\n<\/div>\n\n\n<div class=\"cnvs-block-collapsible cnvs-block-collapsible-1710856446899 cnvs-block-collapsible-opened\" >\n\t<div class=\"cnvs-block-collapsible-title\">\n\t\t<h6 id=\"what-type-of-music-is-typically-played-during-the-krizik-fountain-shows-and-are-there-themed-performances\" class=\"cnvs-block-collapsible-heading\">\n\t\t\t<a href=\"#\">What type of music is typically played during the Krizik Fountain shows, and are there themed performances?<\/a>\n\t\t<\/h6>\n\t<\/div>\n\t<div class=\"cnvs-block-collapsible-content\">\n\t\t\n\n<p>The Krizik Fountain shows feature a variety of music genres, including classical, pop, and contemporary hits. There are also themed performances that may include special musical scores and choreography tailored to the event or season.<\/p>\n\n\t<\/div>\n<\/div>\n\n\n<div class=\"cnvs-block-collapsible cnvs-block-collapsible-1710856454072 cnvs-block-collapsible-opened\" >\n\t<div class=\"cnvs-block-collapsible-title\">\n\t\t<h6 id=\"is-the-krizik-fountain-accessible-for-people-with-disabilities-including-wheelchair-access-and-seating\" class=\"cnvs-block-collapsible-heading\">\n\t\t\t<a href=\"#\">Is the Krizik Fountain accessible for people with disabilities, including wheelchair access and seating?<\/a>\n\t\t<\/h6>\n\t<\/div>\n\t<div class=\"cnvs-block-collapsible-content\">\n\t\t\n\n<p>The Krizik Fountain is accessible for <a href=\"https:\/\/prague.org\/cs\/prague-guide-for-disabled-visitors\/\" data-type=\"link\" data-id=\"https:\/\/prague.org\/prague-guide-for-disabled-visitors\/\">people with disabilities<\/a>. There are designated wheelchair-accessible areas and seating arrangements to accommodate visitors with special needs.<\/p>\n\n\t<\/div>\n<\/div>\n\n\n<div class=\"cnvs-block-collapsible cnvs-block-collapsible-1710856454237 cnvs-block-collapsible-opened\" >\n\t<div class=\"cnvs-block-collapsible-title\">\n\t\t<h6 id=\"are-there-any-dining-options-or-cafes-nearby-where-visitors-can-eat-before-or-after-the-shows\" class=\"cnvs-block-collapsible-heading\">\n\t\t\t<a href=\"#\">Are there any dining options or cafes nearby where visitors can eat before or after the shows?<\/a>\n\t\t<\/h6>\n\t<\/div>\n\t<div class=\"cnvs-block-collapsible-content\">\n\t\t\n\n<p>Yes, there are several<a href=\"https:\/\/www.getyourguide.fr\/prague-l10\/manger-prague-visite-gastronomique-d-une-demi-journee-t54438\/?ranking_uuid=81751c0e-0552-4b17-8520-8c46b8ff12e9\" data-type=\"link\" data-id=\"https:\/\/www.getyourguide.fr\/prague-l10\/manger-prague-visite-gastronomique-d-une-demi-journee-t54438\/?ranking_uuid=81751c0e-0552-4b17-8520-8c46b8ff12e9\" rel=\"nofollow noopener\"> mo\u017enosti stravov\u00e1n\u00ed <\/a>and cafes located near the exhibition grounds. Visitors can enjoy a meal or a snack before or after attending a show at the Krizik Fountain.<\/p>\n\n\t<\/div>\n<\/div>\n\n\n<div class=\"cnvs-block-collapsible cnvs-block-collapsible-1710856454377 cnvs-block-collapsible-opened\" >\n\t<div class=\"cnvs-block-collapsible-title\">\n\t\t<h6 id=\"can-the-krizik-fountain-shows-be-affected-by-weather-conditions-and-are-there-any-indoor-alternatives-if-a-show-is-canceled\" class=\"cnvs-block-collapsible-heading\">\n\t\t\t<a href=\"#\">Can the Krizik Fountain shows be affected by weather conditions, and are there any indoor alternatives if a show is canceled?<\/a>\n\t\t<\/h6>\n\t<\/div>\n\t<div class=\"cnvs-block-collapsible-content\">\n\t\t\n\n<p>The Krizik Fountain shows can be affected by adverse weather conditions, such as heavy rain or thunderstorms. In case of a cancellation, visitors should check the official website for updates and potential indoor alternatives or rescheduling options.<\/p>\n\n\t<\/div>\n<\/div>\n\n<\/div>\n\n\n\n<div class=\"gyg-iframe-container\" style=\"margin-bottom:1.5em\"><iframe style=\"border:0;height:100%;width:100%\" title=\"Widget m\u011bsta GetYourGuide\" src=\"https:\/\/widget.getyourguide.com\/default\/city.frame?widget=wp_city&amp;iata=PRG&amp;locale_code=en-US&amp;partner_id=U94OQGQ\"><\/iframe><\/div>","protected":false},"excerpt":{"rendered":"K\u0159i\u017e\u00edkova font\u00e1na, Praha K\u0159i\u017e\u00edkova font\u00e1na Zn\u00e1m\u00e1 tak\u00e9 jako tan\u010d\u00edc\u00ed nebo hudebn\u00ed font\u00e1na, n\u011bkte\u0159\u00ed ji dokonce ozna\u010duj\u00ed jako...","protected":false},"author":2,"featured_media":3117,"comment_status":"closed","ping_status":"closed","sticky":false,"template":"","format":"standard","meta":{"footnotes":""},"categories":[1,204,19],"tags":[78,30],"table_tags":[],"_links":{"self":[{"href":"https:\/\/prague.org\/cs\/wp-json\/wp\/v2\/posts\/3116"}],"collection":[{"href":"https:\/\/prague.org\/cs\/wp-json\/wp\/v2\/posts"}],"about":[{"href":"https:\/\/prague.org\/cs\/wp-json\/wp\/v2\/types\/post"}],"author":[{"embeddable":true,"href":"https:\/\/prague.org\/cs\/wp-json\/wp\/v2\/users\/2"}],"replies":[{"embeddable":true,"href":"https:\/\/prague.org\/cs\/wp-json\/wp\/v2\/comments?post=3116"}],"version-history":[{"count":9,"href":"https:\/\/prague.org\/cs\/wp-json\/wp\/v2\/posts\/3116\/revisions"}],"predecessor-version":[{"id":13672,"href":"https:\/\/prague.org\/cs\/wp-json\/wp\/v2\/posts\/3116\/revisions\/13672"}],"wp:featuredmedia":[{"embeddable":true,"href":"https:\/\/prague.org\/cs\/wp-json\/wp\/v2\/media\/3117"}],"wp:attachment":[{"href":"https:\/\/prague.org\/cs\/wp-json\/wp\/v2\/media?parent=3116"}],"wp:term":[{"taxonomy":"category","embeddable":true,"href":"https:\/\/prague.org\/cs\/wp-json\/wp\/v2\/categories?post=3116"},{"taxonomy":"post_tag","embeddable":true,"href":"https:\/\/prague.org\/cs\/wp-json\/wp\/v2\/tags?post=3116"},{"taxonomy":"table_tags","embeddable":true,"href":"https:\/\/prague.org\/cs\/wp-json\/wp\/v2\/table_tags?post=3116"}],"curies":[{"name":"wp","href":"https:\/\/api.w.org\/{rel}","templated":true}]}}