{"id":3141,"date":"2022-06-08T13:06:49","date_gmt":"2022-06-08T11:06:49","guid":{"rendered":"https:\/\/prague.org\/?p=3141"},"modified":"2023-08-03T15:21:46","modified_gmt":"2023-08-03T13:21:46","slug":"lesser-town-square","status":"publish","type":"post","link":"https:\/\/prague.org\/cs\/lesser-town-square\/","title":{"rendered":"Malostransk\u00e9 n\u00e1m\u011bst\u00ed (Malostransk\u00e9 N\u00e1m\u011bst\u00ed)"},"content":{"rendered":"<h2 id=\"lesser-town-square-prague\" class=\"wp-block-heading\">Malostransk\u00e9 n\u00e1m\u011bst\u00ed, Praha<\/h2>\n\n\n\n<p>\u010cesk\u00fd n\u00e1zev:&nbsp;<strong>Malostransk\u00e9 n\u00e1m\u011bst\u00ed<\/strong><\/p>\n\n\n\n<p>Nach\u00e1z\u00ed se v srdci&nbsp;<a href=\"https:\/\/prague.org\/cs\/mensi-mesto-2\/\">Mal\u00e1 \u010dtvr\u0165<\/a>, Malostransk\u00e9 n\u00e1m\u011bst\u00ed nebo&nbsp;<em>Malostransk\u00e9 n\u00e1m\u011bst\u00ed<\/em>&nbsp;v \u010de\u0161tin\u011b, je nezbytnou zast\u00e1vkou p\u0159i ka\u017ed\u00e9 prohl\u00eddce Prahy. Malostransk\u00e9 n\u00e1m\u011bst\u00ed je jedn\u00edm ze t\u0159\u00ed hlavn\u00edch pra\u017esk\u00fdch n\u00e1m\u011bst\u00ed a je odd\u011bleno od ostatn\u00edch dvou.<a href=\"https:\/\/prague.org\/cs\/old-town-square\/\">Starom\u011bstsk\u00e9 n\u00e1m\u011bst\u00ed<\/a>&nbsp;(Starom\u011bstsk\u00e9 n\u00e1m\u011bst\u00ed) a&nbsp;<a href=\"https:\/\/prague.org\/cs\/vaclavske-namesti\/\">V\u00e1clavsk\u00e9 n\u00e1m\u011bst\u00ed<\/a>&nbsp;(V\u00e1clavsk\u00e9 n\u00e1m\u011bst\u00ed) - u \u0159eky Vltavy. N\u00e1m\u011bst\u00ed je pozoruhodn\u00e9 svou \u00fa\u017easnou barokn\u00ed architekturou a bohatou nab\u00eddkou obchod\u016f a restaurac\u00ed. Malostransk\u00e9 n\u00e1m\u011bst\u00ed se m\u016f\u017ee pochlubit tak\u00e9 bohatou spole\u010denskou a politickou histori\u00ed jako centrum starobyl\u00e9 \u010d\u00e1sti m\u011bsta.<\/p>\n\n\n\n<div class=\"gyg-iframe-container\" style=\"margin-bottom:1.5em\"><iframe style=\"border:0;height:100%;width:100%\" title=\"Widget aktivit GetYourGuide\" src=\"https:\/\/widget.getyourguide.com\/default\/activities.frame?widget=wp_activities&amp;currency=EUR&amp;locale_code=en-GB&amp;number_of_items=3&amp;partner_id=U94OQGQ&amp;q=Lesser%20Town%20Square%20prague\"><\/iframe><\/div>\n\n\n\n<h2 id=\"where-is-lesser-town-square-located-in-prague-how-to-get-there\" class=\"wp-block-heading\"><strong>Kde se v Praze nach\u00e1z\u00ed Malostransk\u00e9 n\u00e1m\u011bst\u00ed a jak se tam dostat<\/strong><\/h2>\n\n\n\n<p>Na Malostransk\u00e9m n\u00e1m\u011bst\u00ed se nach\u00e1z\u00ed centr\u00e1ln\u00ed stanice tramvaje, tak\u017ee je velmi dob\u0159e dostupn\u00e9. Na stanici Malostransk\u00e9 n\u00e1m\u011bst\u00ed zastavuj\u00ed n\u00e1sleduj\u00edc\u00ed tramvajov\u00e9 linky: 12, 15, 20, 22 a 97. P\u011b\u0161ky je n\u00e1m\u011bst\u00ed vzd\u00e1leno p\u0159\u00edmo od n\u00e1m\u011bst\u00ed.&nbsp;<a href=\"https:\/\/prague.org\/cs\/charles-bridge\/\">Karl\u016fv most<\/a>&nbsp;(Karl\u016fv most), p\u0159es \u0159eku od&nbsp;<a href=\"https:\/\/prague.org\/cs\/ztratit-se-v-historicke-krase-stareho-mesta\/\">Star\u00e9 m\u011bsto<\/a>.&nbsp;<\/p>\n\n\n\n<figure class=\"wp-block-image size-full\"><img decoding=\"async\" width=\"719\" height=\"480\" src=\"https:\/\/prague.org\/wp-content\/uploads\/2022\/06\/image-38.png\" alt=\"Malostransk\u00e9 n\u00e1m\u011bst\u00ed od kostela svat\u00e9ho Mikul\u00e1\u0161e, Praha\" class=\"wp-image-4305\" srcset=\"https:\/\/prague.org\/wp-content\/uploads\/2022\/06\/image-38.png 719w, https:\/\/prague.org\/wp-content\/uploads\/2022\/06\/image-38-600x401.png 600w, https:\/\/prague.org\/wp-content\/uploads\/2022\/06\/image-38-300x200.png 300w, https:\/\/prague.org\/wp-content\/uploads\/2022\/06\/image-38-380x254.png 380w\" sizes=\"(max-width: 719px) 100vw, 719px\" \/><figcaption class=\"wp-element-caption\">Malostransk\u00e9 n\u00e1m\u011bst\u00ed od kostela svat\u00e9ho Mikul\u00e1\u0161e, Praha<\/figcaption><\/figure>\n\n\n\n<h2 id=\"opening-hours-lesser-town-square-prague-entrance-fee\" class=\"wp-block-heading\"><strong>Otev\u00edrac\u00ed doba a vstupn\u00e9 na Malostransk\u00e9m n\u00e1m\u011bst\u00ed v Praze<\/strong><\/h2>\n\n\n\n<blockquote class=\"wp-block-quote\">\n<p>N\u00e1m\u011bst\u00ed je venkovn\u00ed, tak\u017ee ho m\u016f\u017eete nav\u0161t\u00edvit kdykoli. Neplat\u00ed se zde \u017e\u00e1dn\u00e9 poplatky.&nbsp;<\/p>\n<\/blockquote>\n\n\n\n<h2 id=\"what-to-do-what-to-see-at-the-lesser-town-square\" class=\"wp-block-heading\"><strong>Co d\u011blat a co vid\u011bt na Malostransk\u00e9m n\u00e1m\u011bst\u00ed<\/strong><\/h2>\n\n\n\n<p>Hlavn\u00edm l\u00e1kadlem Malostransk\u00e9ho n\u00e1m\u011bst\u00ed v Praze je mo\u017en\u00e1 jeho architektura; n\u00e1m\u011bst\u00ed ze v\u0161ech stran obklopuj\u00ed p\u016fsobiv\u00e9 budovy. Hlavn\u00ed z nich je velkolep\u00e1&nbsp;<a href=\"https:\/\/prague.org\/cs\/kostel-svateho-mikulase\/\">Kostel svat\u00e9ho Mikul\u00e1\u0161e<\/a>, kter\u00fd je viditeln\u00fd t\u00e9m\u011b\u0159 z ka\u017ed\u00e9 \u010d\u00e1sti m\u011bsta. Kopule t\u00e9to impozantn\u00ed barokn\u00ed stavby se ty\u010d\u00ed do v\u00fd\u0161ky 70 metr\u016f - 230 stop. Prohl\u00e9dn\u011bte si interi\u00e9r a zjist\u011bte, pro\u010d je kostel v\u0161eobecn\u011b pova\u017eov\u00e1n za jeden z nejv\u011bt\u0161\u00edch p\u0159\u00edklad\u016f&nbsp;<strong>\u010cesk\u00e1 barokn\u00ed architektura<\/strong>.&nbsp;<\/p>\n\n\n\n<figure class=\"wp-block-image\"><img decoding=\"async\" src=\"https:\/\/i0.wp.com\/prague.org\/wp-content\/uploads\/2021\/07\/Aerial-view-over-Old-Town-and-Charles-Bridge-over-the-Vltava-River-in-Prague-Czech-Republic.jpg?ssl=1\" alt=\"Mal\u00e1 Strana, Star\u00e9 M\u011bsto a Karl\u016fv most p\u0159es Vltavu v Praze\" class=\"wp-image-5171\"\/><figcaption class=\"wp-element-caption\">Mal\u00e1 Strana, Star\u00e9 M\u011bsto a Karl\u016fv most p\u0159es Vltavu v Praze<\/figcaption><\/figure>\n\n\n\n<p>Mezi dal\u0161\u00ed zaj\u00edmavosti pat\u0159\u00ed\u00a0<a href=\"https:\/\/prague.org\/cs\/old-town-hall-tower\/\">Star\u00e1 radnice<\/a>, <a href=\"https:\/\/prague.org\/cs\/smiricky-palace\/\">Smi\u0159ick\u00fd pal\u00e1c<\/a> v dom\u011b \u010d. 18, architektonick\u00fd z\u00e1zrak Kaiser\u0161tejnsk\u00fd pal\u00e1c a \u0159ada mezin\u00e1rodn\u00edch velvyslanectv\u00ed, kter\u00e1 s\u00eddl\u00ed za mnoha v\u00fdrazn\u00fdmi barokn\u00edmi fas\u00e1dami kolem n\u00e1m\u011bst\u00ed. P\u0159\u00edzemn\u00ed domy, kter\u00e9 kdysi ob\u00fdvaly Malostransk\u00e9 n\u00e1m\u011bst\u00ed, byly p\u0159em\u011bn\u011bny na kav\u00e1rny, restaurace, atmosf\u00e9rick\u00e9 starosv\u011btsk\u00e9 hosp\u016fdky a mal\u00e9 obch\u016fdky. Ur\u010dit\u011b budete cht\u00edt str\u00e1vit n\u011bjak\u00fd \u010das prohl\u00eddkou t\u00e9to \u00fachvatn\u00e9 nab\u00eddky m\u00edst k j\u00eddlu a nakupov\u00e1n\u00ed, od hosp\u016fdek s vydatnou \u010deskou kuchyn\u00ed a pivem, jako je nap\u0159.\u00a0<strong>U Glaubic\u016f<\/strong>\u00a0do malebn\u00fdch obch\u016fdk\u016f, jako je\u00a0<strong>Spolek<\/strong>\u00a0knihkupectv\u00ed.<\/p>\n\n\n\n<p>Malostransk\u00e9 n\u00e1m\u011bst\u00ed je nejen malebn\u00fdm n\u00e1m\u011bst\u00edm obklopen\u00fdm \u00fachvatnou architekturou, ale tak\u00e9 m\u00edstem, kde se nach\u00e1z\u00ed jedna z nejuct\u00edvan\u011bj\u0161\u00edch n\u00e1bo\u017eensk\u00fdch ikon ve m\u011bst\u011b - kostel sv. <a href=\"https:\/\/prague.org\/cs\/socha-na-pohled-jezise\/\">Pra\u017esk\u00e9 Jezul\u00e1tko<\/a>. Socha, kter\u00e1 poch\u00e1z\u00ed ze 16. stolet\u00ed, zobrazuje Je\u017e\u00ed\u0161ka oble\u010den\u00e9ho ve zdoben\u00e9m rouchu a dr\u017e\u00edc\u00edho zlatou kouli. \u0158\u00edk\u00e1 se, \u017ee socha m\u00e1 z\u00e1zra\u010dnou moc a ka\u017edoro\u010dn\u011b ji nav\u0161t\u011bvuj\u00ed tis\u00edce poutn\u00edk\u016f. Najdete ji uvnit\u0159 kostela Panny Marie V\u00edt\u011bzn\u00e9, kter\u00fd se nach\u00e1z\u00ed na v\u00fdchodn\u00ed stran\u011b n\u00e1m\u011bst\u00ed.<\/p>\n\n\n\n<p>A\u010dkoli je v t\u00e9to \u010d\u00e1sti m\u011bsta mnoho turist\u016f, v oblasti Malostransk\u00e9ho n\u00e1m\u011bst\u00ed st\u00e1le \u017eije a pracuje mnoho m\u00edstn\u00edch obyvatel, tak\u017ee b\u011bhem sv\u00e9 n\u00e1v\u0161t\u011bvy uvid\u00edte sm\u011bsici cizinc\u016f a \u010cech\u016f. D\u00edky sv\u00e9 centr\u00e1ln\u00ed poloze a dopravn\u00edmu spojen\u00ed je Malostransk\u00e9 n\u00e1m\u011bst\u00ed skv\u011bl\u00fdm m\u00edstem pro pozorov\u00e1n\u00ed lid\u00ed. Pro\u010d se neusadit ve vyhl\u00e1\u0161en\u00e9 liter\u00e1rn\u00ed kav\u00e1rn\u011b tzv.&nbsp;<strong>Malostransk\u00e1 kav\u00e1rna<\/strong>&nbsp;a v\u0161echno to vst\u0159ebat?<\/p>\n\n\n\n<h2 id=\"history-of-the-lesser-town-square\" class=\"wp-block-heading\"><strong>Historie Malostransk\u00e9ho n\u00e1m\u011bst\u00ed<\/strong><\/h2>\n\n\n\n<p>Malostransk\u00e9 n\u00e1m\u011bst\u00ed je centrem pra\u017esk\u00e9ho d\u011bn\u00ed ji\u017e od 10. stolet\u00ed. Na n\u00e1m\u011bst\u00ed se v r\u016fzn\u00fdch obdob\u00edch nach\u00e1zelo krom\u011b hlavn\u00edho tr\u017ei\u0161t\u011b tak\u00e9 politick\u00e9 v\u011bzen\u00ed, s\u00eddlo mont\u00e1nn\u00ed po\u0161ty, radnice, finan\u010dn\u00ed \u00fa\u0159ad a \u00fa\u0159ad pro evidenci dan\u00ed z p\u0159\u00edjm\u016f. V\u011bt\u0161ina budov obklopuj\u00edc\u00edch n\u00e1m\u011bst\u00ed m\u00e1&nbsp;<strong>st\u0159edov\u011bk\u00e9 j\u00e1dro<\/strong>&nbsp;ale v obdob\u00ed renesance a baroka do\u0161lo k jejich p\u0159epracov\u00e1n\u00ed.&nbsp;<\/p>\n\n\n\n<p>N\u00e1m\u011bst\u00ed bylo kl\u00ed\u010dov\u00fdm m\u00edstem odporu m\u00edstn\u00ed protestantsk\u00e9 \u0161lechty proti habsbursk\u00fdm panovn\u00edk\u016fm. V roce 1575 zde protestant\u0161t\u00ed \u0161lechtici sepsali \u010ceskou konfesi, kter\u00e1 byla pr\u016fkopn\u00edkem n\u00e1bo\u017eensk\u00e9 tolerance v habsbursk\u00e9 \u0159\u00ed\u0161i. Pozd\u011bji, 22. kv\u011btna 1618, se \u010de\u0161t\u00ed \u0161lechtici shrom\u00e1\u017edili na&nbsp;<strong>Smi\u0159ick\u00fd pal\u00e1c<\/strong> na Malostransk\u00e9m n\u00e1m\u011bst\u00ed, aby zosnovali vzpouru proti sv\u00fdm habsbursk\u00fdm vl\u00e1dc\u016fm. To odstartovalo ud\u00e1lost, kter\u00e1 vyvolala t\u0159icetiletou v\u00e1lku, je\u017e za\u010dala n\u00e1sleduj\u00edc\u00edho dne.<\/p>\n\n\n\n<div class=\"gyg-iframe-container\" style=\"margin-bottom:1.5em\"><iframe style=\"border:0;height:100%;width:100%\" title=\"Widget m\u011bsta GetYourGuide\" src=\"https:\/\/widget.getyourguide.com\/default\/city.frame?widget=wp_city&amp;iata=PRG&amp;locale_code=en-US&amp;partner_id=U94OQGQ\"><\/iframe><\/div>","protected":false},"excerpt":{"rendered":"Malostransk\u00e9 n\u00e1m\u011bst\u00ed, Praha Malostransk\u00e9 n\u00e1m\u011bst\u00ed Malostransk\u00e9 n\u00e1m\u011bst\u00ed, neboli Malostransk\u00e9 n\u00e1m\u011bst\u00ed, se nach\u00e1z\u00ed v sam\u00e9m srdci Mal\u00e9 Strany....","protected":false},"author":2,"featured_media":3149,"comment_status":"closed","ping_status":"closed","sticky":false,"template":"","format":"standard","meta":{"footnotes":""},"categories":[1,204,19],"tags":[74,70],"table_tags":[],"_links":{"self":[{"href":"https:\/\/prague.org\/cs\/wp-json\/wp\/v2\/posts\/3141"}],"collection":[{"href":"https:\/\/prague.org\/cs\/wp-json\/wp\/v2\/posts"}],"about":[{"href":"https:\/\/prague.org\/cs\/wp-json\/wp\/v2\/types\/post"}],"author":[{"embeddable":true,"href":"https:\/\/prague.org\/cs\/wp-json\/wp\/v2\/users\/2"}],"replies":[{"embeddable":true,"href":"https:\/\/prague.org\/cs\/wp-json\/wp\/v2\/comments?post=3141"}],"version-history":[{"count":9,"href":"https:\/\/prague.org\/cs\/wp-json\/wp\/v2\/posts\/3141\/revisions"}],"predecessor-version":[{"id":8927,"href":"https:\/\/prague.org\/cs\/wp-json\/wp\/v2\/posts\/3141\/revisions\/8927"}],"wp:featuredmedia":[{"embeddable":true,"href":"https:\/\/prague.org\/cs\/wp-json\/wp\/v2\/media\/3149"}],"wp:attachment":[{"href":"https:\/\/prague.org\/cs\/wp-json\/wp\/v2\/media?parent=3141"}],"wp:term":[{"taxonomy":"category","embeddable":true,"href":"https:\/\/prague.org\/cs\/wp-json\/wp\/v2\/categories?post=3141"},{"taxonomy":"post_tag","embeddable":true,"href":"https:\/\/prague.org\/cs\/wp-json\/wp\/v2\/tags?post=3141"},{"taxonomy":"table_tags","embeddable":true,"href":"https:\/\/prague.org\/cs\/wp-json\/wp\/v2\/table_tags?post=3141"}],"curies":[{"name":"wp","href":"https:\/\/api.w.org\/{rel}","templated":true}]}}