{"id":3230,"date":"2022-06-08T13:22:44","date_gmt":"2022-06-08T11:22:44","guid":{"rendered":"https:\/\/prague.org\/?p=3230"},"modified":"2023-08-03T15:23:08","modified_gmt":"2023-08-03T13:23:08","slug":"national-gallery","status":"publish","type":"post","link":"https:\/\/prague.org\/cs\/narodni-galerie-2\/","title":{"rendered":"N\u00e1rodn\u00ed galerie v Praze"},"content":{"rendered":"<h2 id=\"national-gallery-a-place-of-the-national-art-treasure-and-heritage\" class=\"wp-block-heading\">N\u00e1rodn\u00ed galerie: m\u00edsto n\u00e1rodn\u00edho um\u011bleck\u00e9ho pokladu a d\u011bdictv\u00ed<\/h2>\n\n\n\n<div data-gyg-href=\"https:\/\/widget.getyourguide.com\/default\/activities.frame\" data-gyg-locale-code=\"en-US\" data-gyg-widget=\"activities\" data-gyg-number-of-items=\"3\" data-gyg-cmp=\"NATIONALMUSEUM\" data-gyg-partner-id=\"U94OQGQ\" data-gyg-placement=\"other\" data-gyg-q=\"prague%20National%20Gallery\"><\/div>\n\n\n\n<p>Kr\u00e1sa cestov\u00e1n\u00ed spo\u010d\u00edv\u00e1 v tom, \u017ee krom\u011b sv\u00e9 vlastn\u00ed kultury pozn\u00e1te i jin\u00e9. P\u0159i cestov\u00e1n\u00ed se nejen dozv\u00edte o jin\u00fdch kultur\u00e1ch, ale tak\u00e9 si jich za\u010dnete v\u00e1\u017eit. Galerie a muzea zt\u011bles\u0148uj\u00ed kulturu dan\u00e9 zem\u011b, a proto jsou v\u017edy uvedeny v cestovn\u00edch itiner\u00e1\u0159\u00edch.<\/p>\n\n\n\n<p>Vydejte se do stov\u011b\u017eat\u00e9ho m\u011bsta a poznejte bohatou kulturn\u00ed historii Prahy. Kulturn\u00ed d\u011bdictv\u00ed Prahy nab\u00edz\u00ed mnoho zaj\u00edmav\u00e9ho a mnoho dal\u0161\u00edho k pozn\u00e1n\u00ed. H\u00e1dejte, \u017ee nen\u00ed lep\u0161\u00edho m\u00edsta, kde se m\u016f\u017eete pou\u010dit a pokochat histori\u00ed Prahy, ne\u017e je N\u00e1rodn\u00ed galerie v Praze (<strong>N\u00e1rodn\u00ed galerie Praha<\/strong>). Je ve vlastnictv\u00ed st\u00e1tu a je to galerie, v n\u00ed\u017e se nach\u00e1z\u00ed&nbsp;<strong>nejv\u011bt\u0161\u00ed sb\u00edrka \u010desk\u00e9ho um\u011bn\u00ed<\/strong>. Krom\u011b m\u00edstn\u00edch um\u011bleck\u00fdch d\u011bl je zde i sb\u00edrka mezin\u00e1rodn\u00edch um\u011bleck\u00fdch d\u011bl.<\/p>\n\n\n\n<p>N\u00e1rodn\u00ed galerie v Praze je druhou nejstar\u0161\u00ed galeri\u00ed v Evrop\u011b. Byla kone\u010dn\u011b ofici\u00e1ln\u011b zalo\u017eena v roce 1949 a jej\u00edm posl\u00e1n\u00edm je povzn\u00e1\u0161et ducha n\u00e1roda prost\u0159ednictv\u00edm um\u011bn\u00ed.<\/p>\n\n\n\n<h2 id=\"a-brief-history-of-the-national-gallery-in-prague-the-oldest-cultural-institution-in-the-czech-republic\" class=\"wp-block-heading\"><strong>Stru\u010dn\u00e1 historie N\u00e1rodn\u00ed galerie v Praze - nejstar\u0161\u00ed kulturn\u00ed instituce v \u010cesk\u00e9 republice<\/strong><\/h2>\n\n\n\n<div data-gyg-href=\"https:\/\/widget.getyourguide.com\/default\/activities.frame\" data-gyg-locale-code=\"en-US\" data-gyg-widget=\"activities\" data-gyg-number-of-items=\"3\" data-gyg-cmp=\"NATIONALMUSEUM\" data-gyg-partner-id=\"U94OQGQ\" data-gyg-placement=\"other\" data-gyg-q=\"prague%20NATIONAL%20MUSEUM\"><\/div>\n\n\n\n<p>M\u011bsto stovky v\u011b\u017e\u00ed je n\u011b\u010d\u00edm zaj\u00edmav\u00e9. Je to skute\u010dnost, \u017ee je \u00fato\u010di\u0161t\u011bm kr\u00e1sn\u00e9ho kulturn\u00edho a historick\u00e9ho d\u011bdictv\u00ed \u010cech\u016f. V Praze se nach\u00e1z\u00ed des\u00edtky \u010desk\u00fdch historick\u00fdch pam\u00e1tek, z nich\u017e mnoh\u00e9 stoj\u00ed i po stovk\u00e1ch let. N\u00e1rodn\u00ed galerie v Praze je star\u00e1 v\u00edce ne\u017e 200 let a jej\u00ed z\u00e1klady byly polo\u017eeny v roce 1796. Stejn\u011b jako v\u0161echny galerie vznikla za \u00fa\u010delem uchov\u00e1v\u00e1n\u00ed a vystavov\u00e1n\u00ed kulturn\u00edho a historick\u00e9ho um\u011bn\u00ed, kter\u00e9 je \u010cech\u016fm vlastn\u00ed.<\/p>\n\n\n\n<p>Ji\u017e v roce 1796, kdy se dne\u0161n\u00ed \u010cesko je\u0161t\u011b naz\u00fdvalo Bohemia, p\u0159em\u00fd\u0161lela skupina vlastenc\u016f o tom, jak oslavit a zachovat \u010desk\u00e9 um\u011bn\u00ed. Tato skupina, v n\u00ed\u017e byli vlivn\u00ed \u0161lechtici a st\u0159edostavov\u0161t\u00ed intelektu\u00e1lov\u00e9, se rozhodla prosadit vznik galerie, kter\u00e1 by um\u011bn\u00ed nab\u00eddla pocit t\u0159\u00eddy a sl\u00e1vy. M\u011bli pocit, \u017ee prost\u00ed lid\u00e9 si um\u011bn\u00ed nev\u00e1\u017e\u00ed, a cht\u011bli tuto situaci napravit.<\/p>\n\n\n\n<p>Hlavn\u00ed s\u00eddlo galerie bylo zpo\u010d\u00e1tku ve \u0160ternbersk\u00e9m pal\u00e1ci na Hrad\u010danech. Po vstupu do 20. stolet\u00ed byly otev\u0159eny nov\u00e9 prostory pro um\u011bn\u00ed 19. a\u017e 20. stolet\u00ed, v\u011bt\u0161inou ve Veletr\u017en\u00edm neboli Veletr\u017en\u00edm pal\u00e1ci v Hole\u0161ovic\u00edch.<\/p>\n\n\n\n<p>N\u00e1rodn\u00ed galerie je jedn\u00edm z nejnav\u0161t\u011bvovan\u011bj\u0161\u00edch turistick\u00fdch center v Praze. Galerie je tak\u00e9 bezpochyby jednou z nejv\u011bt\u0161\u00edch a nejstar\u0161\u00edch kulturn\u00edch instituc\u00ed v Evrop\u011b. Jak se dalo o\u010dek\u00e1vat, je chr\u00e1n\u011bna n\u00e1rodn\u00edmi z\u00e1kony a p\u0159\u00edstupn\u00e1 turist\u016fm z cel\u00e9ho sv\u011bta. N\u00e1dhern\u011b \u0159e\u0161en\u00e1 galerie nab\u00edz\u00ed \u0161irokou \u0161k\u00e1lu l\u00e1kav\u00fdch um\u011bleck\u00fdch expozic, kter\u00e9 jsou ulo\u017eeny v r\u016fzn\u00fdch budov\u00e1ch uvnit\u0159 galerie.<\/p>\n\n\n\n<h2 id=\"what-are-the-collections-of-the-national-gallery-prague\" class=\"wp-block-heading\"><strong>Jak\u00e9 jsou sb\u00edrky N\u00e1rodn\u00ed galerie v Praze?<\/strong><\/h2>\n\n\n\n<p>P\u0159i n\u00e1v\u0161t\u011bv\u011b N\u00e1rodn\u00ed galerie v Praze budete muset p\u0159ech\u00e1zet mezi 11 budovami, proto\u017ee jej\u00ed sb\u00edrky jsou p\u0159\u00edli\u0161 rozs\u00e1hl\u00e9 na to, aby mohly b\u00fdt um\u00edst\u011bny pouze v jedn\u00e9. Samotn\u00e9 budovy jsou historick\u00e9 stavby nach\u00e1zej\u00edc\u00ed se v Praze i mimo ni. P\u0159i n\u00e1v\u0161t\u011bv\u011b zjist\u00edte, \u017ee ka\u017ed\u00fd objekt obsahuje specifick\u00fd soubor um\u011bleck\u00fdch d\u011bl rozd\u011blen\u00fdch podle \u010dasov\u00e9ho hlediska. P\u0159ev\u00e1\u017en\u00e1 v\u011bt\u0161ina um\u011bleck\u00fdch d\u011bl je vystavena bu\u010f do\u010dasn\u011b, nebo trvale, v z\u00e1vislosti na form\u011b um\u011bleck\u00e9ho d\u00edla.<\/p>\n\n\n\n<h3 id=\"collection-of-medieval-art-and-old-masters\" class=\"wp-block-heading\"><strong>Sb\u00edrka st\u0159edov\u011bk\u00e9ho um\u011bn\u00ed a star\u00fdch mistr\u016f<\/strong><\/h3>\n\n\n\n<p>Pokud v\u00e1s zaj\u00edmaj\u00ed star\u00e1 um\u011bleck\u00e1 d\u00edla, nav\u0161tivte kl\u00e1\u0161ter sv. Ane\u017eky \u010cesk\u00e9 v Praze.&nbsp;<a href=\"https:\/\/prague.org\/cs\/ztratit-se-v-historicke-krase-stareho-mesta\/\">Star\u00e9 m\u011bsto<\/a>. Abyste se tam dostali z&nbsp;<a href=\"https:\/\/prague.org\/cs\/praha-hlavni-nadrazi-2\/\">Hlavn\u00ed n\u00e1dra\u017e\u00ed Praha<\/a>&nbsp;(Hlavni nadrazi), m\u016f\u017eete jet autobusem \u010d. 207 a zastavte na zast\u00e1vce Dlouh\u00e1 t\u0159\u00edda. Pak jd\u011bte asi p\u011bt minut p\u011b\u0161ky, dokud nedojdete ke galerii.<\/p>\n\n\n<div class=\"wp-block-image\">\n<figure class=\"aligncenter size-full\"><img decoding=\"async\" width=\"720\" height=\"480\" src=\"https:\/\/prague.org\/wp-content\/uploads\/2022\/06\/image-57.png\" alt=\"Interi\u00e9r N\u00e1rodn\u00edho muzea v Praze, Galerie soch\" class=\"wp-image-4338\" srcset=\"https:\/\/prague.org\/wp-content\/uploads\/2022\/06\/image-57.png 720w, https:\/\/prague.org\/wp-content\/uploads\/2022\/06\/image-57-600x400.png 600w, https:\/\/prague.org\/wp-content\/uploads\/2022\/06\/image-57-300x200.png 300w, https:\/\/prague.org\/wp-content\/uploads\/2022\/06\/image-57-380x253.png 380w\" sizes=\"(max-width: 720px) 100vw, 720px\" \/><figcaption class=\"wp-element-caption\">Interi\u00e9r N\u00e1rodn\u00edho muzea v Praze, Galerie soch<\/figcaption><\/figure><\/div>\n\n\n<p>V kl\u00e1\u0161te\u0159e svat\u00e9 Ane\u017eky \u010cesk\u00e9 je v\u00edce ne\u017e 200 obraz\u016f a soch ze t\u0159\u00ed r\u016fzn\u00fdch stolet\u00ed. Najdete zde d\u00edla st\u0159edov\u011bk\u00e9ho um\u011blce Mistra Theodorika, d\u00edla Albrechta Altdorfera, Lucase Cranacha star\u0161\u00edho a mnoho dal\u0161\u00edch.<\/p>\n\n\n\n<p>Sb\u00edrka star\u00fdch mistr\u016f jednodu\u0161e ozna\u010duje obrazy, kter\u00e9 namalovali r\u016fzn\u00ed um\u011blci a mal\u00ed\u0159i mezi 16. a 18. stolet\u00edm. V podstat\u011b zahrnuje r\u016fzn\u00e1 um\u011bn\u00ed, kter\u00e1 vznikla zejm\u00e9na v obdob\u00ed baroka a renesance v d\u011bjin\u00e1ch um\u011bn\u00ed. Tato sb\u00edrka t\u011bchto neoceniteln\u00fdch um\u011bleck\u00fdch d\u011bl \u010d\u00edt\u00e1 snadno p\u0159es 7000 kus\u016f. Zvl\u00e1\u0161tn\u00ed p\u00e9\u010de je v\u011bnov\u00e1na i dal\u0161\u00edm um\u011bleck\u00fdm d\u00edl\u016fm, kter\u00e1 jsou star\u00e1 a\u017e do 14. stolet\u00ed. Tato sb\u00edrka, jak u\u017e n\u00e1zev napov\u00edd\u00e1, je jednodu\u0161e \u0159e\u010deno rozs\u00e1hlou kolekc\u00ed neoceniteln\u00fdch um\u011bleck\u00fdch d\u011bl vytvo\u0159en\u00fdch mistry um\u011bn\u00ed minulosti.<\/p>\n\n\n\n<p>Ke Schwarzenbersk\u00e9mu i \u0160ternbersk\u00e9mu pal\u00e1ci se dostanete tramvaj\u00ed \u010d. 22 z Hlavn\u00edho n\u00e1dra\u017e\u00ed se zast\u00e1vkou Pra\u017esk\u00fd hrad.<\/p>\n\n\n\n<h3 id=\"collection-of-19th-century-art-and-classical-modernism\" class=\"wp-block-heading\"><strong>Sb\u00edrka um\u011bn\u00ed 19. stolet\u00ed a klasick\u00e9 moderny<\/strong><\/h3>\n\n\n\n<p>N\u00e1rodn\u00ed galerie v Praze nab\u00edz\u00ed tak\u00e9 vynikaj\u00edc\u00ed sb\u00edrku um\u011bn\u00ed 19. stolet\u00ed s prvky klasick\u00e9 moderny. Zahrnuje tak\u00e9 nejm\u00e9n\u011b 5000 soch a v\u00edce ne\u017e 7000 d\u011bl \u010desk\u00e9ho um\u011bn\u00ed. Byla sponzorov\u00e1na p\u0159edev\u0161\u00edm akvizicemi um\u011bn\u00ed a p\u0159edstavuje kr\u00e1sn\u00e9 historick\u00e9 francouzsk\u00e9 um\u011bn\u00ed. Jako sb\u00edrka p\u0159edstavuj\u00edc\u00ed um\u011bn\u00ed 19. stolet\u00ed zobrazuje mimo jin\u00e9 um\u011bleck\u00e1 d\u00edla klasicismu, realismu a symbolismu.<\/p>\n\n\n\n<figure class=\"wp-block-image size-full\"><img decoding=\"async\" width=\"1024\" height=\"682\" src=\"https:\/\/prague.org\/wp-content\/uploads\/2022\/06\/image-58.png\" alt=\"N\u00e1rodn\u00ed galerie, Praha\" class=\"wp-image-4339\" srcset=\"https:\/\/prague.org\/wp-content\/uploads\/2022\/06\/image-58.png 1024w, https:\/\/prague.org\/wp-content\/uploads\/2022\/06\/image-58-600x400.png 600w, https:\/\/prague.org\/wp-content\/uploads\/2022\/06\/image-58-300x200.png 300w, https:\/\/prague.org\/wp-content\/uploads\/2022\/06\/image-58-768x512.png 768w, https:\/\/prague.org\/wp-content\/uploads\/2022\/06\/image-58-380x253.png 380w, https:\/\/prague.org\/wp-content\/uploads\/2022\/06\/image-58-800x533.png 800w\" sizes=\"(max-width: 1024px) 100vw, 1024px\" \/><figcaption class=\"wp-element-caption\">N\u00e1rodn\u00ed galerie, Praha<\/figcaption><\/figure>\n\n\n\n<h3 id=\"collection-of-modern-and-contemporary-art\" class=\"wp-block-heading\"><strong>Sb\u00edrka modern\u00edho a sou\u010dasn\u00e9ho um\u011bn\u00ed<\/strong><\/h3>\n\n\n\n<p>Um\u011bleck\u00e1 d\u00edla, kter\u00e1 jsou v sou\u010dasnosti vystavena v t\u00e9to sb\u00edrce, byla p\u016fvodn\u011b sou\u010d\u00e1st\u00ed Sb\u00edrky um\u011bn\u00ed 19. stolet\u00ed a klasick\u00e9 moderny. V roce 2018 v\u0161ak tato nov\u00e1 sb\u00edrka z\u00edskala samostatn\u00e9 uzn\u00e1n\u00ed a je vymezena p\u0159edev\u0161\u00edm sou\u010dasn\u00fdm um\u011bn\u00edm poloviny 20. stolet\u00ed - 40. let 20. stolet\u00ed. Um\u011bn\u00ed v t\u00e9to sb\u00edrce odr\u00e1\u017e\u00ed historick\u00e9 zm\u011bny nap\u0159\u00ed\u010d politickou a spole\u010denskou sc\u00e9nou.<\/p>\n\n\n\n<p><\/p>\n\n\n<div class=\"wp-block-image\">\n<figure class=\"aligncenter size-full is-resized\"><img decoding=\"async\" src=\"https:\/\/prague.org\/wp-content\/uploads\/2022\/06\/micael-navarro-UIyXyvS8VX4-unsplash.jpg\" alt=\"Centrum sou\u010dasn\u00e9ho um\u011bn\u00ed DOX, Praha\" class=\"wp-image-8015\" width=\"640\" height=\"480\" srcset=\"https:\/\/prague.org\/wp-content\/uploads\/2022\/06\/micael-navarro-UIyXyvS8VX4-unsplash.jpg 640w, https:\/\/prague.org\/wp-content\/uploads\/2022\/06\/micael-navarro-UIyXyvS8VX4-unsplash-600x450.jpg 600w, https:\/\/prague.org\/wp-content\/uploads\/2022\/06\/micael-navarro-UIyXyvS8VX4-unsplash-300x225.jpg 300w, https:\/\/prague.org\/wp-content\/uploads\/2022\/06\/micael-navarro-UIyXyvS8VX4-unsplash-16x12.jpg 16w, https:\/\/prague.org\/wp-content\/uploads\/2022\/06\/micael-navarro-UIyXyvS8VX4-unsplash-200x150.jpg 200w, https:\/\/prague.org\/wp-content\/uploads\/2022\/06\/micael-navarro-UIyXyvS8VX4-unsplash-260x195.jpg 260w, https:\/\/prague.org\/wp-content\/uploads\/2022\/06\/micael-navarro-UIyXyvS8VX4-unsplash-380x285.jpg 380w\" sizes=\"(max-width: 640px) 100vw, 640px\" \/><figcaption class=\"wp-element-caption\">Centrum sou\u010dasn\u00e9ho um\u011bn\u00ed DOX, Praha<\/figcaption><\/figure><\/div>\n\n\n<h3 id=\"collection-of-prints-and-drawings\" class=\"wp-block-heading\"><strong>Sb\u00edrka grafiky a kreseb<\/strong><\/h3>\n\n\n\n<p>Sb\u00edrka grafiky a kreseb obsahuje modern\u00ed i klasick\u00e9 tisky sahaj\u00edc\u00ed a\u017e do 14. stolet\u00ed. V t\u00e9to sb\u00edrce se nach\u00e1z\u00ed v\u00edce ne\u017e 400 000 drobn\u00fdch tisk\u016f a iluminovan\u00fdch kreseb, co\u017e z n\u00ed \u010din\u00ed nejv\u011bt\u0161\u00ed sb\u00edrku v galerii.<\/p>\n\n\n\n<figure class=\"wp-block-image size-full\"><img decoding=\"async\" width=\"1024\" height=\"682\" src=\"https:\/\/prague.org\/wp-content\/uploads\/2023\/02\/Collection-of-Prints-and-Drawings.jpg\" alt=\"Sb\u00edrka grafiky a kreseb\" class=\"wp-image-8150\" srcset=\"https:\/\/prague.org\/wp-content\/uploads\/2023\/02\/Collection-of-Prints-and-Drawings.jpg 1024w, https:\/\/prague.org\/wp-content\/uploads\/2023\/02\/Collection-of-Prints-and-Drawings-600x400.jpg 600w, https:\/\/prague.org\/wp-content\/uploads\/2023\/02\/Collection-of-Prints-and-Drawings-300x200.jpg 300w, https:\/\/prague.org\/wp-content\/uploads\/2023\/02\/Collection-of-Prints-and-Drawings-768x512.jpg 768w, https:\/\/prague.org\/wp-content\/uploads\/2023\/02\/Collection-of-Prints-and-Drawings-18x12.jpg 18w, https:\/\/prague.org\/wp-content\/uploads\/2023\/02\/Collection-of-Prints-and-Drawings-380x253.jpg 380w, https:\/\/prague.org\/wp-content\/uploads\/2023\/02\/Collection-of-Prints-and-Drawings-800x533.jpg 800w\" sizes=\"(max-width: 1024px) 100vw, 1024px\" \/><figcaption class=\"wp-element-caption\">Sb\u00edrka grafiky a kreseb<\/figcaption><\/figure>\n\n\n\n<h3 id=\"collection-of-asian-art\" class=\"wp-block-heading\"><strong>Sb\u00edrka asijsk\u00e9ho um\u011bn\u00ed<\/strong><\/h3>\n\n\n\n<p>Ocen\u011bn\u00ed um\u011bn\u00ed p\u0159esahuje r\u00e1mec vystavov\u00e1n\u00ed \u010desk\u00e9ho kulturn\u00edho um\u011bn\u00ed. T\u00edmto principem se \u0159\u00edd\u00ed i Sb\u00edrka asijsk\u00e9ho um\u011bn\u00ed v N\u00e1rodn\u00ed galerii Praha. V t\u00e9to sb\u00edrce je vystaveno nejm\u00e9n\u011b 13 000 um\u011bleck\u00fdch d\u011bl orient\u00e1ln\u00edch kultur.<\/p>\n\n\n\n<figure class=\"wp-block-image size-full\"><img decoding=\"async\" width=\"1024\" height=\"682\" src=\"https:\/\/prague.org\/wp-content\/uploads\/2023\/02\/Collection-of-Asian-Art.jpg\" alt=\"Sb\u00edrka asijsk\u00e9ho um\u011bn\u00ed\" class=\"wp-image-8151\" srcset=\"https:\/\/prague.org\/wp-content\/uploads\/2023\/02\/Collection-of-Asian-Art.jpg 1024w, https:\/\/prague.org\/wp-content\/uploads\/2023\/02\/Collection-of-Asian-Art-600x400.jpg 600w, https:\/\/prague.org\/wp-content\/uploads\/2023\/02\/Collection-of-Asian-Art-300x200.jpg 300w, https:\/\/prague.org\/wp-content\/uploads\/2023\/02\/Collection-of-Asian-Art-768x512.jpg 768w, https:\/\/prague.org\/wp-content\/uploads\/2023\/02\/Collection-of-Asian-Art-18x12.jpg 18w, https:\/\/prague.org\/wp-content\/uploads\/2023\/02\/Collection-of-Asian-Art-380x253.jpg 380w, https:\/\/prague.org\/wp-content\/uploads\/2023\/02\/Collection-of-Asian-Art-800x533.jpg 800w\" sizes=\"(max-width: 1024px) 100vw, 1024px\" \/><figcaption class=\"wp-element-caption\">Sb\u00edrka asijsk\u00e9ho um\u011bn\u00ed<\/figcaption><\/figure>\n\n\n\n<h3 id=\"online-collection\" class=\"wp-block-heading\"><strong>Online sb\u00edrka<\/strong><\/h3>\n\n\n\n<p>N\u00e1rodn\u00ed galerie v Praze m\u00e1 bohat\u00fd archiv um\u011bleck\u00fdch a kulturn\u00edch d\u011bl a provozuje tak\u00e9 online sb\u00edrku, kter\u00e1 sd\u00edl\u00ed vzru\u0161en\u00ed z klasick\u00e9ho kulturn\u00edho um\u011bn\u00ed s cel\u00fdm sv\u011btem. Ty jsou snadno p\u0159\u00edstupn\u00e9 online.<\/p>\n\n\n\n<figure class=\"wp-block-image size-full\"><img decoding=\"async\" width=\"1024\" height=\"682\" src=\"https:\/\/prague.org\/wp-content\/uploads\/2023\/02\/Online-Collection.jpg\" alt=\"Online sb\u00edrka\" class=\"wp-image-8152\" srcset=\"https:\/\/prague.org\/wp-content\/uploads\/2023\/02\/Online-Collection.jpg 1024w, https:\/\/prague.org\/wp-content\/uploads\/2023\/02\/Online-Collection-600x400.jpg 600w, https:\/\/prague.org\/wp-content\/uploads\/2023\/02\/Online-Collection-300x200.jpg 300w, https:\/\/prague.org\/wp-content\/uploads\/2023\/02\/Online-Collection-768x512.jpg 768w, https:\/\/prague.org\/wp-content\/uploads\/2023\/02\/Online-Collection-18x12.jpg 18w, https:\/\/prague.org\/wp-content\/uploads\/2023\/02\/Online-Collection-380x253.jpg 380w, https:\/\/prague.org\/wp-content\/uploads\/2023\/02\/Online-Collection-800x533.jpg 800w\" sizes=\"(max-width: 1024px) 100vw, 1024px\" \/><figcaption class=\"wp-element-caption\">Online sb\u00edrka<\/figcaption><\/figure>\n\n\n\n<h3 id=\"time-limited-exhibitions\" class=\"wp-block-heading\"><strong>\u010casov\u011b omezen\u00e9 v\u00fdstavy<\/strong><\/h3>\n\n\n\n<p>\u010casov\u011b omezen\u00e9 v\u00fdstavy N\u00e1rodn\u00ed galerie Praha se konaj\u00ed na n\u011bkolika m\u00edstech, p\u0159edev\u0161\u00edm ve Veletr\u017en\u00edm pal\u00e1ci, Vald\u0161tejnsk\u00e9 j\u00edzd\u00e1rn\u011b (Mal\u00e1 Strana) a v pal\u00e1ci Kinsk\u00fdch (Starom\u011bstsk\u00e9 n\u00e1m\u011bst\u00ed). Tyto v\u00fdstavy p\u0159edstavuj\u00ed dom\u00e1c\u00ed i zahrani\u010dn\u00ed modern\u00ed a sou\u010dasn\u00e1 um\u011bleck\u00e1 d\u00edla.<\/p>\n\n\n\n<figure class=\"wp-block-image size-full\"><img decoding=\"async\" width=\"1024\" height=\"682\" src=\"https:\/\/prague.org\/wp-content\/uploads\/2023\/02\/Time-Limited-Exhibitions.jpg\" alt=\"\u010casov\u011b omezen\u00e9 v\u00fdstavy\" class=\"wp-image-8153\" srcset=\"https:\/\/prague.org\/wp-content\/uploads\/2023\/02\/Time-Limited-Exhibitions.jpg 1024w, https:\/\/prague.org\/wp-content\/uploads\/2023\/02\/Time-Limited-Exhibitions-600x400.jpg 600w, https:\/\/prague.org\/wp-content\/uploads\/2023\/02\/Time-Limited-Exhibitions-300x200.jpg 300w, https:\/\/prague.org\/wp-content\/uploads\/2023\/02\/Time-Limited-Exhibitions-768x512.jpg 768w, https:\/\/prague.org\/wp-content\/uploads\/2023\/02\/Time-Limited-Exhibitions-18x12.jpg 18w, https:\/\/prague.org\/wp-content\/uploads\/2023\/02\/Time-Limited-Exhibitions-380x253.jpg 380w, https:\/\/prague.org\/wp-content\/uploads\/2023\/02\/Time-Limited-Exhibitions-800x533.jpg 800w\" sizes=\"(max-width: 1024px) 100vw, 1024px\" \/><figcaption class=\"wp-element-caption\">\u010casov\u011b omezen\u00e9 v\u00fdstavy<\/figcaption><\/figure>\n\n\n\n<h2 id=\"where-to-book-a-ticket-to-the-national-gallery-in-prague\" class=\"wp-block-heading\"><strong>Kde si rezervovat vstupenku do N\u00e1rodn\u00ed galerie v Praze?<\/strong><\/h2>\n\n\n\n<p>Jste fanou\u0161kem um\u011bn\u00ed? Pak je N\u00e1rodn\u00ed galerie v Praze m\u00edstem, kter\u00e9 mus\u00edte nav\u0161t\u00edvit. Vstupenku si m\u016f\u017eete rezervovat p\u0159\u00edmo online nebo u vstupu do galerie. Cena vstupenky na 10 dn\u00ed na hlavn\u00ed v\u00fdstavy v galerii je 500 K\u010d. D\u011bti a studenti do 26 let maj\u00ed vstup zdarma.<\/p>\n\n\n\n<p>Galerie je otev\u0159ena ka\u017ed\u00fd den krom\u011b pond\u011bl\u00ed od 10:00 do 18:00. Ve st\u0159edu se zav\u00edr\u00e1 ve 20:00. Um\u011bleck\u00e1 d\u00edla v N\u00e1rodn\u00ed galerii Praha je mo\u017en\u00e9 si prohl\u00e9dnout tak\u00e9 zdarma online. Sta\u010d\u00ed j\u00edt na&nbsp;<a href=\"https:\/\/sbirky.ngprague.cz\/en\" rel=\"nofollow noopener\">360stup\u0148ov\u00e1 virtu\u00e1ln\u00ed prohl\u00eddka<\/a>&nbsp;na webov\u00fdch str\u00e1nk\u00e1ch galerie.<\/p>\n\n\n\n<p>P\u0159ipravte se na to, \u017ee v\u00e1s ohrom\u00ed n\u00e1dhern\u00e1 expozice um\u011bn\u00ed a kultury v N\u00e1rodn\u00ed galerii v Praze, kter\u00e1 je ide\u00e1ln\u00edm m\u00edstem pro prohl\u00eddku.<\/p>\n\n\n\n<div class=\"gyg-iframe-container\" style=\"margin-bottom:1.5em\"><iframe style=\"border:0;height:100%;width:100%\" title=\"Widget m\u011bsta GetYourGuide\" src=\"https:\/\/widget.getyourguide.com\/default\/city.frame?widget=wp_city&amp;iata=PRG&amp;locale_code=en-US&amp;partner_id=U94OQGQ\"><\/iframe><\/div>","protected":false},"excerpt":{"rendered":"N\u00e1rodn\u00ed galerie: m\u00edsto n\u00e1rodn\u00edho um\u011bleck\u00e9ho pokladu a d\u011bdictv\u00ed Kr\u00e1sa cestov\u00e1n\u00ed spo\u010d\u00edv\u00e1 v tom, \u017ee si m\u016f\u017eete...","protected":false},"author":2,"featured_media":3234,"comment_status":"closed","ping_status":"closed","sticky":false,"template":"","format":"standard","meta":{"footnotes":""},"categories":[1,204,19],"tags":[87,78],"table_tags":[],"_links":{"self":[{"href":"https:\/\/prague.org\/cs\/wp-json\/wp\/v2\/posts\/3230"}],"collection":[{"href":"https:\/\/prague.org\/cs\/wp-json\/wp\/v2\/posts"}],"about":[{"href":"https:\/\/prague.org\/cs\/wp-json\/wp\/v2\/types\/post"}],"author":[{"embeddable":true,"href":"https:\/\/prague.org\/cs\/wp-json\/wp\/v2\/users\/2"}],"replies":[{"embeddable":true,"href":"https:\/\/prague.org\/cs\/wp-json\/wp\/v2\/comments?post=3230"}],"version-history":[{"count":10,"href":"https:\/\/prague.org\/cs\/wp-json\/wp\/v2\/posts\/3230\/revisions"}],"predecessor-version":[{"id":8456,"href":"https:\/\/prague.org\/cs\/wp-json\/wp\/v2\/posts\/3230\/revisions\/8456"}],"wp:featuredmedia":[{"embeddable":true,"href":"https:\/\/prague.org\/cs\/wp-json\/wp\/v2\/media\/3234"}],"wp:attachment":[{"href":"https:\/\/prague.org\/cs\/wp-json\/wp\/v2\/media?parent=3230"}],"wp:term":[{"taxonomy":"category","embeddable":true,"href":"https:\/\/prague.org\/cs\/wp-json\/wp\/v2\/categories?post=3230"},{"taxonomy":"post_tag","embeddable":true,"href":"https:\/\/prague.org\/cs\/wp-json\/wp\/v2\/tags?post=3230"},{"taxonomy":"table_tags","embeddable":true,"href":"https:\/\/prague.org\/cs\/wp-json\/wp\/v2\/table_tags?post=3230"}],"curies":[{"name":"wp","href":"https:\/\/api.w.org\/{rel}","templated":true}]}}