{"id":3375,"date":"2022-06-15T09:42:37","date_gmt":"2022-06-15T07:42:37","guid":{"rendered":"https:\/\/prague.org\/?p=3375"},"modified":"2023-08-03T15:27:40","modified_gmt":"2023-08-03T13:27:40","slug":"saint-wenceslas-statue","status":"publish","type":"post","link":"https:\/\/prague.org\/cs\/socha-svateho-vaclava\/","title":{"rendered":"Socha svat\u00e9ho V\u00e1clava, Praha"},"content":{"rendered":"<h2 id=\"saint-wenceslas-statue\" class=\"wp-block-heading\">Socha svat\u00e9ho V\u00e1clava<\/h2>\n\n\n\n<p>\u010cesk\u00fd n\u00e1zev:&nbsp;<strong>V\u00e1clavsk\u00e9 n\u00e1m\u011bst\u00ed<\/strong><\/p>\n\n\n\n<p>Praha, hlavn\u00ed m\u011bsto \u010cesk\u00e9 republiky, je zn\u00e1m\u00e1 jako jedno z nejkr\u00e1sn\u011bj\u0161\u00edch m\u011bst Evropy. Byla zalo\u017eena p\u0159ed v\u00edce ne\u017e tis\u00edci lety a jej\u00ed historie, legendy a poh\u00e1dky se vzn\u00e1\u0161ej\u00ed na ka\u017ed\u00e9m rohu ulice a budovy. Mnoho z t\u011bchto p\u0159\u00edb\u011bh\u016f se t\u00fdk\u00e1 svat\u00e9ho V\u00e1clava, patrona \u010cech\u016f. Socha svat\u00e9ho V\u00e1clava (\u010desky pomn\u00edk svat\u00e9ho V\u00e1clava) je obl\u00edben\u00fdm turistick\u00fdm m\u00edstem v Praze.<\/p>\n\n\n\n<div class=\"gyg-iframe-container\" style=\"margin-bottom:1.5em\"><iframe style=\"border:0;height:100%;width:100%\" title=\"Widget aktivit GetYourGuide\" src=\"https:\/\/widget.getyourguide.com\/default\/activities.frame?widget=wp_activities&amp;currency=EUR&amp;locale_code=en-GB&amp;number_of_items=3&amp;partner_id=U94OQGQ&amp;q=Saint%20Wenceslas%20Statue%20prague\"><\/iframe><\/div>\n\n\n\n<h2 id=\"location-how-to-get-to-the-saint-wenceslas-statue\" class=\"wp-block-heading\"><strong>Um\u00edst\u011bn\u00ed a cesta k so\u0161e svat\u00e9ho V\u00e1clava<\/strong><\/h2>\n\n\n\n<p>Socha svat\u00e9ho V\u00e1clava se nach\u00e1z\u00ed na horn\u00edm konci n\u00e1m\u011bst\u00ed.\u00a0<a href=\"https:\/\/prague.org\/cs\/vaclavske-namesti\/\">V\u00e1clavsk\u00e9 n\u00e1m\u011bst\u00ed<\/a>\u00a0p\u0159ed N\u00e1rodn\u00edm muzeem.<\/p>\n\n\n\n<p>Jak se dostat k so\u0161e svat\u00e9ho V\u00e1clava:<\/p>\n\n\n\n<ul><li>M\u016f\u017eete se tam dostat metrem. Nedaleko sochy se nach\u00e1z\u00ed stanice Muzeum (trasa A a C). V nejru\u0161n\u011bj\u0161\u00edch hodin\u00e1ch jezd\u00ed vlaky ka\u017ed\u00e9 2-4 minuty.&nbsp;<\/li><li>M\u016f\u017eete tak\u00e9 jet tramvaj\u00ed \u010d\u00edslo 3, 5, 6, 9, 14 nebo 24 na zast\u00e1vku V\u00e1clavsk\u00e9 n\u00e1m\u011bst\u00ed a k so\u0161e doj\u00edt p\u011b\u0161ky za maxim\u00e1ln\u011b 5 minut.<\/li><li>Pokud se vyd\u00e1te na prohl\u00eddku Prahy a nav\u0161t\u00edv\u00edte Pra\u017esk\u00fd hrad, m\u016f\u017eete na n\u00e1m\u011bst\u00ed doj\u00edt p\u011b\u0161ky. P\u0159ejd\u011bte p\u0159es historick\u00fd Karl\u016fv most na Nov\u00e9 M\u011bsto a sledujte ukazatele. Je to asi p\u016fl hodiny ch\u016fze.<\/li><\/ul>\n\n\n\n<h2 id=\"opening-hours-entry-into-the-statue-of-saint-wenceslas\" class=\"wp-block-heading\"><strong>Otev\u00edrac\u00ed doba a vstup do sochy svat\u00e9ho V\u00e1clava<\/strong><\/h2>\n\n\n\n<blockquote class=\"wp-block-quote\"><p>N\u00e1m\u011bst\u00ed je otev\u0159eno po cel\u00fd den i noc. Za vstup ani za prohl\u00eddku slavn\u00e9 pra\u017esk\u00e9 sochy se neplat\u00ed.<\/p><\/blockquote>\n\n\n\n<h2 id=\"what-to-do-what-to-see-at-the-saint-wenceslas-statue\" class=\"wp-block-heading\"><strong>Co d\u011blat a co vid\u011bt u sochy svat\u00e9ho V\u00e1clava<\/strong><\/h2>\n\n\n\n<p>Obrovskou bronzovou sochu svat\u00e9ho V\u00e1clava na V\u00e1clavsk\u00e9m n\u00e1m\u011bst\u00ed, osedlanou na v\u00e1le\u010dn\u00e9m koni, vytvo\u0159il \u010desk\u00fd socha\u0159 Josef V\u00e1clav Myslbek a odhalil ji v roce 1913. Socha svat\u00e9ho v\u00e1clava v Praze je vysok\u00e1 5,5 m. \u0160tika, kterou nese, dosahuje v\u00fd\u0161ky 7,2 m. U podstavce jsou \u010dty\u0159i men\u0161\u00ed sochy dal\u0161\u00edch \u010desk\u00fdch sv\u011btc\u016f: Ludmily, svat\u00e9 Ane\u017eky \u010cesk\u00e9, svat\u00e9ho Prokopa a svat\u00e9ho Adalberta Pra\u017esk\u00e9ho. N\u00e1pis na svatov\u00e1clavsk\u00e9m pomn\u00edku sochy svat\u00e9ho V\u00e1clava v Praze zn\u00ed: \"Sv:&nbsp;<em>\"Svat\u00fd V\u00e1clave, v\u00e9vodo \u010desk\u00fd, kn\u00ed\u017ee na\u0161e, nedopus\u0165, abychom zem\u0159eli ani my, ani ti, kte\u0159\u00ed p\u0159ijdou.\"<\/em><\/p>\n\n\n\n<h2 id=\"what-is-there-to-do-at-the-wenceslas-square\" class=\"wp-block-heading\"><strong>Co se d\u00e1 d\u011blat na V\u00e1clavsk\u00e9m n\u00e1m\u011bst\u00ed?<\/strong><\/h2>\n\n\n\n<p>V\u00e1clavsk\u00e9 n\u00e1m\u011bst\u00ed je od po\u010d\u00e1tku 13. stolet\u00ed spr\u00e1vn\u00edm a obchodn\u00edm centrem m\u011bsta. Lid\u00e9 se zde sch\u00e1zej\u00ed p\u0159i v\u00fdznamn\u00fdch ud\u00e1lostech. Je to hlavn\u00ed turistick\u00e1 zast\u00e1vka. Kv\u016fli jeho popularit\u011b na n\u011bm v pr\u016fb\u011bhu stalet\u00ed vyrostly des\u00edtky budov.<\/p>\n\n\n\n<p>Na str\u00e1nk\u00e1ch&nbsp;<a href=\"https:\/\/prague.org\/cs\/narodni-muzeum-2\/\">N\u00e1rodn\u00ed muzeum<\/a>&nbsp;zab\u00edr\u00e1 celou horn\u00ed \u010d\u00e1st \u010dtverce. Muzeum bylo postaveno v letech 1885 a\u017e 1891 a obsahuje v\u00edce ne\u017e 14 milion\u016f p\u0159edm\u011bt\u016f \u010desk\u00e9 historie.<\/p>\n\n\n\n<p>Architektura budov vokol\u00ed V\u00e1clavsk\u00e9ho n\u00e1m\u011bst\u00ed je sm\u00ed\u0161en\u00e1. Od novogotick\u00e9ho stylu Domu potravin p\u0159es neoklasicistn\u00ed hotel Jalta a\u017e po secesn\u00ed styl hotelu Zlat\u00e1 husa - ka\u017ed\u00e1 budova je jedine\u010dn\u00e1 a m\u00e1 svou historii.<\/p>\n\n\n\n<p>Na V\u00e1clavsk\u00e9m n\u00e1m\u011bst\u00ed najdete kina, divadla, obchody, velk\u00e9 obchodn\u00ed domy i mal\u00e9 butiky, restaurace a kav\u00e1rny, hotely a administrativn\u00ed budovy.&nbsp;<\/p>\n\n\n\n<h2 id=\"history-of-the-statue-of-saint-wenceslas-at-wenceslas-square\" class=\"wp-block-heading\"><strong>Historie sochy svat\u00e9ho V\u00e1clava na V\u00e1clavsk\u00e9m n\u00e1m\u011bst\u00ed&nbsp;<\/strong><\/h2>\n\n\n\n<p>V\u00e1clav byl \u010desk\u00fdm v\u00e9vodou v letech 924 a\u017e 929, kdy byl zavra\u017ed\u011bn sv\u00fdm mlad\u0161\u00edm bratrem. Byl zn\u00e1m\u00fd svou zbo\u017enost\u00ed a laskavost\u00ed a je n\u00e1m\u011btem zn\u00e1m\u00e9 v\u00e1no\u010dn\u00ed koledy. Po jeho smrti se na m\u00edst\u011b jeho poh\u0159bu stalo n\u011bkolik z\u00e1zrak\u016f a b\u011bhem n\u011bkolika let byl kanonizov\u00e1n.<\/p>\n\n\n\n<p>N\u011bkter\u00e9 z nich&nbsp;<strong>nejv\u00fdznamn\u011bj\u0161\u00ed ud\u00e1losti \u010desk\u00fdch d\u011bjin byly oslavov\u00e1ny kolem pra\u017esk\u00e9ho pam\u00e1tn\u00edku<\/strong>, v\u010detn\u011b shrom\u00e1\u017ed\u011bn\u00ed v dob\u011b \u010desk\u00e9 nez\u00e1vislosti v roce 1918 a znovuz\u00edsk\u00e1n\u00ed nez\u00e1vislosti v roce 1989.&nbsp;<\/p>\n\n\n\n<p>Pokud m\u00e1te mo\u017enost nav\u0161t\u00edvit toto kr\u00e1sn\u00e9 m\u011bsto, napl\u00e1nujte si n\u011bjak\u00fd \u010das na n\u00e1m\u011bst\u00ed vedle sochy svat\u00e9ho V\u00e1clava v Praze.<\/p>\n\n\n\n<div class=\"gyg-iframe-container\" style=\"margin-bottom:1.5em\"><iframe style=\"border:0;height:100%;width:100%\" title=\"Widget m\u011bsta GetYourGuide\" src=\"https:\/\/widget.getyourguide.com\/default\/city.frame?widget=wp_city&amp;iata=PRG&amp;locale_code=en-US&amp;partner_id=U94OQGQ\"><\/iframe><\/div>","protected":false},"excerpt":{"rendered":"Socha svat\u00e9ho V\u00e1clava V\u00e1clavsk\u00e9 n\u00e1m\u011bst\u00ed Praha, hlavn\u00ed m\u011bsto \u010cesk\u00e9 republiky, je zn\u00e1m\u00e1 t\u00edm, \u017ee je jedn\u00edm z nejv\u00fdznamn\u011bj\u0161\u00edch...","protected":false},"author":2,"featured_media":3380,"comment_status":"closed","ping_status":"closed","sticky":false,"template":"","format":"standard","meta":{"footnotes":""},"categories":[1,204,19],"tags":[92,70],"table_tags":[],"_links":{"self":[{"href":"https:\/\/prague.org\/cs\/wp-json\/wp\/v2\/posts\/3375"}],"collection":[{"href":"https:\/\/prague.org\/cs\/wp-json\/wp\/v2\/posts"}],"about":[{"href":"https:\/\/prague.org\/cs\/wp-json\/wp\/v2\/types\/post"}],"author":[{"embeddable":true,"href":"https:\/\/prague.org\/cs\/wp-json\/wp\/v2\/users\/2"}],"replies":[{"embeddable":true,"href":"https:\/\/prague.org\/cs\/wp-json\/wp\/v2\/comments?post=3375"}],"version-history":[{"count":7,"href":"https:\/\/prague.org\/cs\/wp-json\/wp\/v2\/posts\/3375\/revisions"}],"predecessor-version":[{"id":5801,"href":"https:\/\/prague.org\/cs\/wp-json\/wp\/v2\/posts\/3375\/revisions\/5801"}],"wp:featuredmedia":[{"embeddable":true,"href":"https:\/\/prague.org\/cs\/wp-json\/wp\/v2\/media\/3380"}],"wp:attachment":[{"href":"https:\/\/prague.org\/cs\/wp-json\/wp\/v2\/media?parent=3375"}],"wp:term":[{"taxonomy":"category","embeddable":true,"href":"https:\/\/prague.org\/cs\/wp-json\/wp\/v2\/categories?post=3375"},{"taxonomy":"post_tag","embeddable":true,"href":"https:\/\/prague.org\/cs\/wp-json\/wp\/v2\/tags?post=3375"},{"taxonomy":"table_tags","embeddable":true,"href":"https:\/\/prague.org\/cs\/wp-json\/wp\/v2\/table_tags?post=3375"}],"curies":[{"name":"wp","href":"https:\/\/api.w.org\/{rel}","templated":true}]}}