{"id":4771,"date":"2022-09-19T08:36:25","date_gmt":"2022-09-19T06:36:25","guid":{"rendered":"https:\/\/prague.org\/?p=4771"},"modified":"2023-08-03T15:32:25","modified_gmt":"2023-08-03T13:32:25","slug":"best-area-in-prague-for-hotel","status":"publish","type":"post","link":"https:\/\/prague.org\/cs\/nejlepsi-oblast-v-praze-pro-hotel\/","title":{"rendered":"8 nejlep\u0161\u00edch oblast\u00ed v Praze pro v\u00e1\u0161 hotel"},"content":{"rendered":"<p>R\u016fzn\u00e9 pra\u017esk\u00e9 \u010dtvrti nab\u00edzej\u00ed ka\u017ed\u00e9mu cestovateli n\u011bco jedine\u010dn\u00e9ho. Vzhledem k tomu, \u017ee m\u00e1te na v\u00fdb\u011br z tolika mo\u017enost\u00ed, je nejlep\u0161\u00ed v\u011bd\u011bt, jak\u00e9 zaj\u00edmavosti na v\u00e1s v jednotliv\u00fdch oblastech \u010dekaj\u00ed. Uvedli jsme osm nejlep\u0161\u00edch pra\u017esk\u00fdch oblast\u00ed, kter\u00e9 v\u00e1m pomohou naj\u00edt ten spr\u00e1vn\u00fd hotel.<\/p>\n\n\n\n<h2 id=\"best-area-in-prague-for-hotel-holesovice\" class=\"wp-block-heading\"><strong>Nejlep\u0161\u00ed oblast v Praze pro hotel: Hole\u0161ovice<\/strong><\/h2>\n\n\n\n<p>Hole\u0161ovice le\u017e\u00ed severn\u011b od centra Prahy, v m\u00edst\u011b, kde se oh\u00fdb\u00e1 \u0159eka Vltava. Je to skv\u011bl\u00e1 volba, pokud m\u00e1te r\u00e1di parky a nevad\u00ed v\u00e1m ur\u010dit\u00e1 vzd\u00e1lenost do centra m\u011bsta. V mnoha star\u00fdch budov\u00e1ch tohoto b\u00fdval\u00e9ho pr\u016fmyslov\u00e9ho centra dnes s\u00eddl\u00ed kav\u00e1rny, restaurace a galerie.<\/p>\n\n\n\n<p><strong><em>Doprava<\/em><\/strong>: Do Hole\u0161ovic se z centra m\u011bsta dostanete metrem C nebo tramvaj\u00ed 6 (z V\u00e1clavsk\u00e9ho n\u00e1m\u011bst\u00ed), tramvaj\u00ed 12 (z Mal\u00e9 Strany) nebo tramvaj\u00ed 17 (od N\u00e1rodn\u00edho divadla).<\/p>\n\n\n\n<p><strong><em>Zaj\u00edmavosti:<\/em><\/strong><\/p>\n\n\n\n<ul><li>Parky Stromovka a Letn\u00e1, kter\u00e9 maj\u00ed d\u011btsk\u00e1 h\u0159i\u0161t\u011b.<\/li><li>Sv\u011bteln\u00e1 font\u00e1na Krizik&nbsp;<\/li><li>N\u00e1rodn\u00ed technick\u00e9 muzeum a N\u00e1rodn\u00ed zem\u011bd\u011blsk\u00e9 muzeum<\/li><li>Centrum sou\u010dasn\u00e9ho um\u011bn\u00ed Dox&nbsp;<\/li><\/ul>\n\n\n\n<figure class=\"wp-block-image size-large\"><img decoding=\"async\" width=\"1024\" height=\"683\" src=\"https:\/\/prague.org\/wp-content\/uploads\/2022\/07\/Holesovice-1024x683.jpg\" alt=\"Hole\u0161ovice\" class=\"wp-image-5237\" srcset=\"https:\/\/prague.org\/wp-content\/uploads\/2022\/07\/Holesovice-1024x683.jpg 1024w, https:\/\/prague.org\/wp-content\/uploads\/2022\/07\/Holesovice-scaled-600x400.jpg 600w, https:\/\/prague.org\/wp-content\/uploads\/2022\/07\/Holesovice-300x200.jpg 300w, https:\/\/prague.org\/wp-content\/uploads\/2022\/07\/Holesovice-768x512.jpg 768w, https:\/\/prague.org\/wp-content\/uploads\/2022\/07\/Holesovice-1536x1024.jpg 1536w, https:\/\/prague.org\/wp-content\/uploads\/2022\/07\/Holesovice-2048x1365.jpg 2048w, https:\/\/prague.org\/wp-content\/uploads\/2022\/07\/Holesovice-380x253.jpg 380w, https:\/\/prague.org\/wp-content\/uploads\/2022\/07\/Holesovice-800x533.jpg 800w, https:\/\/prague.org\/wp-content\/uploads\/2022\/07\/Holesovice-1160x773.jpg 1160w, https:\/\/prague.org\/wp-content\/uploads\/2022\/07\/Holesovice-scaled.jpg 2560w\" sizes=\"(max-width: 1024px) 100vw, 1024px\" \/><figcaption>Praha<\/figcaption><\/figure>\n\n\n\n<h2 id=\"best-area-in-prague-for-hotel-castle-district-hradcany\" class=\"wp-block-heading\"><strong>Nejlep\u0161\u00ed oblast v Praze pro hotel: (Hrad\u010dany)<\/strong><\/h2>\n\n\n\n<p>Pokud se rozhodnete ubytovat v hradn\u00ed \u010dtvrti, budete jen p\u00e1r minut od Pra\u017esk\u00e9ho hradu z 9. stolet\u00ed. N\u011bkolik st\u0159edov\u011bk\u00fdch budov v t\u00e9to \u010dtvrti bylo p\u0159em\u011bn\u011bno na z\u00e1mky. <a href=\"https:\/\/prague.org\/cs\/nejlepsi-luxusni-apartmany-praha\/\">luxusn\u00ed hotely<\/a>, Jeliko\u017e se jedn\u00e1 p\u0159ev\u00e1\u017en\u011b o reziden\u010dn\u00ed \u010dtvr\u0165, je zde m\u00e9n\u011b mo\u017enost\u00ed no\u010dn\u00edho \u017eivota.<\/p>\n\n\n\n<p><strong><em>Doprava<\/em><\/strong>: Hradn\u00ed komplex se nach\u00e1z\u00ed nad Malou Stranou. Odtud se dostanete p\u011b\u0161ky do kopce od tramvajov\u00e9 zast\u00e1vky Malostransk\u00e9 n\u00e1m\u011bst\u00ed. Nebo m\u016f\u017eete jet tramvaj\u00ed \u010d. 22\/23 do stanice Pra\u017esk\u00fd hrad.<\/p>\n\n\n\n<p><strong><em>Zaj\u00edmavosti:<\/em><\/strong><\/p>\n\n\n\n<ul><li>Star\u00fd kr\u00e1lovsk\u00fd pal\u00e1c (Star\u00fd Kr\u00e1lovsk\u00fd Pal\u00e1c)<\/li><li>Barevn\u00e9 domy ze 16. stolet\u00ed na Golden Lane&nbsp;<\/li><li>Katedr\u00e1la svat\u00e9ho V\u00edta<\/li><li>Bazilika svat\u00e9ho Ji\u0159\u00ed<\/li><\/ul>\n\n\n\n<figure class=\"wp-block-image size-full\"><img decoding=\"async\" width=\"768\" height=\"512\" src=\"https:\/\/prague.org\/wp-content\/uploads\/2022\/07\/Castle-District-Hradcany-1.jpg\" alt=\"Hradn\u00ed okres (Hrad\u010dany)\" class=\"wp-image-5239\" srcset=\"https:\/\/prague.org\/wp-content\/uploads\/2022\/07\/Castle-District-Hradcany-1.jpg 768w, https:\/\/prague.org\/wp-content\/uploads\/2022\/07\/Castle-District-Hradcany-1-600x400.jpg 600w, https:\/\/prague.org\/wp-content\/uploads\/2022\/07\/Castle-District-Hradcany-1-300x200.jpg 300w, https:\/\/prague.org\/wp-content\/uploads\/2022\/07\/Castle-District-Hradcany-1-380x253.jpg 380w\" sizes=\"(max-width: 768px) 100vw, 768px\" \/><figcaption>Hradn\u00ed okres (Hrad\u010dany)<\/figcaption><\/figure>\n\n\n\n<h2 id=\"best-area-in-prague-for-hotel-mala-strana\" class=\"wp-block-heading\"><strong>Nejlep\u0161\u00ed oblast v Praze pro hotel: Mal\u00e1 Strana<\/strong><\/h2>\n\n\n\n<p>Mal\u00e1 Strana se nach\u00e1z\u00ed na zelen\u00e9m p\u0159edm\u011bst\u00ed na kopci, kter\u00e9 se ty\u010d\u00ed nad p\u0159epln\u011bn\u00fdm Star\u00fdm M\u011bstem a doporu\u010dujeme ji rodin\u00e1m a p\u00e1r\u016fm.&nbsp;<\/p>\n\n\n\n<p><strong><em>Doprava:<\/em><\/strong> Projd\u011bte se po Karlov\u011b most\u011b, kter\u00fd vede do Star\u00e9ho M\u011bsta (Stare Mesto) p\u0159es \u0159eku, vzd\u00e1len\u00e9ho asi 10 a\u017e 15 minut.&nbsp;<\/p>\n\n\n\n<p><strong><em>Zaj\u00edmavosti:<\/em><\/strong><\/p>\n\n\n\n<ul><li>Vald\u0161tejnsk\u00e1 zahrada Sen\u00e1tu \u010cR<\/li><li>Smi\u0159ick\u00fd pal\u00e1c<\/li><li>Ostrov a park Kampa<\/li><li>Lennon Wall<\/li><li>Kostel svat\u00e9ho Mikul\u00e1\u0161e a vyhl\u00eddkov\u00e1 plo\u0161ina na jeho zvonici<\/li><li>Pet\u0159\u00ednsk\u00fd vrch a rozhledna<\/li><li>Muzeum Franze Kafky&nbsp;<\/li><\/ul>\n\n\n\n<figure class=\"wp-block-image size-large\"><img decoding=\"async\" width=\"1024\" height=\"683\" src=\"https:\/\/prague.org\/wp-content\/uploads\/2022\/07\/Mala-Strana-1024x683.jpg\" alt=\"Mal\u00e1 Strana\" class=\"wp-image-5240\" srcset=\"https:\/\/prague.org\/wp-content\/uploads\/2022\/07\/Mala-Strana-1024x683.jpg 1024w, https:\/\/prague.org\/wp-content\/uploads\/2022\/07\/Mala-Strana-600x400.jpg 600w, https:\/\/prague.org\/wp-content\/uploads\/2022\/07\/Mala-Strana-300x200.jpg 300w, https:\/\/prague.org\/wp-content\/uploads\/2022\/07\/Mala-Strana-768x512.jpg 768w, https:\/\/prague.org\/wp-content\/uploads\/2022\/07\/Mala-Strana-1536x1024.jpg 1536w, https:\/\/prague.org\/wp-content\/uploads\/2022\/07\/Mala-Strana-2048x1366.jpg 2048w, https:\/\/prague.org\/wp-content\/uploads\/2022\/07\/Mala-Strana-380x253.jpg 380w, https:\/\/prague.org\/wp-content\/uploads\/2022\/07\/Mala-Strana-800x534.jpg 800w, https:\/\/prague.org\/wp-content\/uploads\/2022\/07\/Mala-Strana-1160x774.jpg 1160w, https:\/\/prague.org\/wp-content\/uploads\/2022\/07\/Mala-Strana.jpg 2120w\" sizes=\"(max-width: 1024px) 100vw, 1024px\" \/><figcaption>Mal\u00e1 Strana<\/figcaption><\/figure>\n\n\n\n<h2 id=\"best-area-in-prague-for-hotel-smichov-and-andel\" class=\"wp-block-heading\"><strong>Nejlep\u0161\u00ed oblast v Praze pro hotel: Sm\u00edchov a And\u011bl<\/strong><\/h2>\n\n\n\n<p>Pokud chcete b\u00fdt v souladu s m\u011bstskou atmosf\u00e9rou, m\u016f\u017eete se ubytovat ve \u010dtvrt\u00edch Sm\u00edchov a And\u011bl. Najdete zde spoustu n\u00e1kupn\u00edch center, restaurac\u00ed a mal\u00fdch klub\u016f, kter\u00e9 m\u016f\u017eete prozkoumat.&nbsp;<\/p>\n\n\n\n<p><strong><em>Doprava<\/em><\/strong>: Sm\u00edchov je vzd\u00e1len asi 15 a\u017e 20 minut ch\u016fze od Mal\u00e9 Strany. And\u011bl je kl\u00ed\u010dov\u00fdm dopravn\u00edm uzlem, pod n\u00edm\u017e vede trasa B metra. V oblasti jezd\u00ed tak\u00e9 n\u011bkolik tramvaj\u00ed a autobus\u016f.&nbsp;<\/p>\n\n\n\n<p><strong><em>Zaj\u00edmavosti:<\/em><\/strong><\/p>\n\n\n\n<ul><li>N\u00e1kupn\u00ed centra: Nov\u00fd Sm\u00edchov<\/li><li>Budova Zlat\u00fd and\u011bl<\/li><li>Kinsk\u00e9ho zahrada<\/li><li>Vila Bertramka (Muzeum Wolfganga Amadea Mozarta)<\/li><li>Galerie Portheimka (Muzeum skla)<\/li><li>Pivovar Staropramen<\/li><\/ul>\n\n\n\n<figure class=\"wp-block-image size-full\"><img decoding=\"async\" width=\"780\" height=\"470\" src=\"https:\/\/prague.org\/wp-content\/uploads\/2022\/07\/Smichov-and-Andel.jpg\" alt=\"Sm\u00edchov a And\u011bl\" class=\"wp-image-5241\" srcset=\"https:\/\/prague.org\/wp-content\/uploads\/2022\/07\/Smichov-and-Andel.jpg 780w, https:\/\/prague.org\/wp-content\/uploads\/2022\/07\/Smichov-and-Andel-600x362.jpg 600w, https:\/\/prague.org\/wp-content\/uploads\/2022\/07\/Smichov-and-Andel-300x181.jpg 300w, https:\/\/prague.org\/wp-content\/uploads\/2022\/07\/Smichov-and-Andel-768x463.jpg 768w, https:\/\/prague.org\/wp-content\/uploads\/2022\/07\/Smichov-and-Andel-380x229.jpg 380w\" sizes=\"(max-width: 780px) 100vw, 780px\" \/><figcaption>Sm\u00edchov a And\u011bl<\/figcaption><\/figure>\n\n\n\n<h2 id=\"best-area-in-prague-for-hotel-old-town\" class=\"wp-block-heading\"><strong>Nejlep\u0161\u00ed oblast v Praze pro hotel: Star\u00e9 M\u011bsto&nbsp;<\/strong><\/h2>\n\n\n\n<p>Star\u00e9 M\u011bsto je centrem Prahy a je nejdra\u017e\u0161\u00ed oblast\u00ed pro ubytov\u00e1n\u00ed a stravov\u00e1n\u00ed. V okol\u00ed jsou v\u0161ak i levn\u00e9 hotely a hostely - sta\u010d\u00ed jen v\u011bd\u011bt, \u017ee <a href=\"https:\/\/prague.org\/cs\/hledani-ubytovani-v-prazskem-staromeste\/\">kde hledat<\/a>.<\/p>\n\n\n\n<p>Nach\u00e1z\u00ed se zde mnoho nejzn\u00e1m\u011bj\u0161\u00edch turistick\u00fdch c\u00edl\u016f ve m\u011bst\u011b. Na Starom\u011bstsk\u00e9m n\u00e1m\u011bst\u00ed se b\u011bhem V\u00e1noc a Nov\u00e9ho roku konaj\u00ed nejlep\u0161\u00ed venkovn\u00ed trhy.<\/p>\n\n\n\n<p><strong><em>Doprava<\/em><\/strong>: Na Starom\u011bstsk\u00e9 n\u00e1m\u011bst\u00ed se dostanete metrem na trase A Starom\u011bstsk\u00e1 nebo na trase B N\u00e1m\u011bst\u00ed Republiky.Z obou m\u00edst je to p\u011bt minut ch\u016fze.<\/p>\n\n\n\n<p><strong><em>Zaj\u00edmavosti:<\/em><\/strong><\/p>\n\n\n\n<ul><li>Star\u00e1 radnice<\/li><li>Orloj<\/li><li>Pra\u0161n\u00e1 v\u011b\u017e<\/li><li>Pal\u00e1c Kinsk\u00fdch (N\u00e1rodn\u00ed galerie)<\/li><li>N\u00e1rodn\u00ed divadlo<\/li><li>T\u00fdnsk\u00fd chr\u00e1m<\/li><li>Staronov\u00e1 synagoga v \u017eidovsk\u00e9 \u010dtvrti&nbsp;<\/li><li>N\u00e1kupn\u00ed ulice Pa\u0159\u00ed\u017esk\u00e1<\/li><\/ul>\n\n\n\n<figure class=\"wp-block-image size-large\"><img decoding=\"async\" width=\"1024\" height=\"640\" src=\"https:\/\/prague.org\/wp-content\/uploads\/2022\/07\/Old-Town--1024x640.jpg\" alt=\"Star\u00e9 m\u011bsto\u00a0\" class=\"wp-image-5242\" srcset=\"https:\/\/prague.org\/wp-content\/uploads\/2022\/07\/Old-Town--1024x640.jpg 1024w, https:\/\/prague.org\/wp-content\/uploads\/2022\/07\/Old-Town--scaled-600x375.jpg 600w, https:\/\/prague.org\/wp-content\/uploads\/2022\/07\/Old-Town--300x188.jpg 300w, https:\/\/prague.org\/wp-content\/uploads\/2022\/07\/Old-Town--768x480.jpg 768w, https:\/\/prague.org\/wp-content\/uploads\/2022\/07\/Old-Town--1536x960.jpg 1536w, https:\/\/prague.org\/wp-content\/uploads\/2022\/07\/Old-Town--2048x1280.jpg 2048w, https:\/\/prague.org\/wp-content\/uploads\/2022\/07\/Old-Town--380x238.jpg 380w, https:\/\/prague.org\/wp-content\/uploads\/2022\/07\/Old-Town--800x500.jpg 800w, https:\/\/prague.org\/wp-content\/uploads\/2022\/07\/Old-Town--1160x725.jpg 1160w, https:\/\/prague.org\/wp-content\/uploads\/2022\/07\/Old-Town--scaled.jpg 2560w\" sizes=\"(max-width: 1024px) 100vw, 1024px\" \/><figcaption>Star\u00e9 m\u011bsto&nbsp;<\/figcaption><\/figure>\n\n\n\n<h2 id=\"best-area-in-prague-for-hotel-new-town\" class=\"wp-block-heading\"><strong>Nejlep\u0161\u00ed oblast v Praze pro hotel: Nov\u00e9 M\u011bsto pro nejlep\u0161\u00ed m\u00edsto v Praze<\/strong><\/h2>\n\n\n\n<p>P\u0159esto\u017ee bylo Nov\u00e9 M\u011bsto zalo\u017eeno v roce 1348, je nejmlad\u0161\u00edm z p\u011bti hlavn\u00edch m\u011bst Prahy. V obchodn\u011b-z\u00e1bavn\u00ed oblasti se nach\u00e1z\u00ed n\u011bkolik velk\u00fdch n\u00e1kupn\u00edch center, v\u010detn\u011b Palladia, Myslbeku a Slovansk\u00e9ho domu.<\/p>\n\n\n\n<p><strong><em>Doprava<\/em><\/strong>: Na V\u00e1clavsk\u00e9 n\u00e1m\u011bst\u00ed dojdete ze Starom\u011bstsk\u00e9ho n\u00e1m\u011bst\u00ed p\u011b\u0161ky asi za p\u011bt minut. Z metra vystoup\u00edte na stanici Muzeum nebo M\u016fstek a dostanete se na V\u00e1clavsk\u00e9 n\u00e1m\u011bst\u00ed.<\/p>\n\n\n\n<p><strong><em>Zaj\u00edmavosti<\/em><\/strong>:<\/p>\n\n\n\n<ul><li>V\u00e1clavsk\u00e9 n\u00e1m\u011bst\u00ed&nbsp;<\/li><li>St\u00e1tn\u00ed opera Praha<\/li><li>N\u00e1rodn\u00ed muzeum<\/li><li>Vy\u0161ehrad&nbsp;<\/li><li>Tan\u010d\u00edc\u00ed d\u016fm<\/li><li>Jubilejn\u00ed synagoga<\/li><\/ul>\n\n\n\n<figure class=\"wp-block-image size-full\"><img decoding=\"async\" width=\"1024\" height=\"683\" src=\"https:\/\/prague.org\/wp-content\/uploads\/2022\/07\/New-Town.jpg\" alt=\"Nov\u00e9 m\u011bsto\" class=\"wp-image-5243\" srcset=\"https:\/\/prague.org\/wp-content\/uploads\/2022\/07\/New-Town.jpg 1024w, https:\/\/prague.org\/wp-content\/uploads\/2022\/07\/New-Town-600x400.jpg 600w, https:\/\/prague.org\/wp-content\/uploads\/2022\/07\/New-Town-300x200.jpg 300w, https:\/\/prague.org\/wp-content\/uploads\/2022\/07\/New-Town-768x512.jpg 768w, https:\/\/prague.org\/wp-content\/uploads\/2022\/07\/New-Town-380x253.jpg 380w, https:\/\/prague.org\/wp-content\/uploads\/2022\/07\/New-Town-800x534.jpg 800w\" sizes=\"(max-width: 1024px) 100vw, 1024px\" \/><figcaption>Nov\u00e9 m\u011bsto<\/figcaption><\/figure>\n\n\n\n<h2 id=\"best-area-in-prague-for-hotel-karlin\" class=\"wp-block-heading\"><strong>Nejlep\u0161\u00ed oblast v Praze pro hotel: Karlin&nbsp;<\/strong><\/h2>\n\n\n\n<p>Karl\u00edn je b\u00fdval\u00e9 p\u0159\u00edstavn\u00ed m\u011bsto rozkl\u00e1daj\u00edc\u00ed se mezi Vltavou a V\u00edtkovem. Na pozad\u00ed rozv\u00edjej\u00edc\u00ed se kulin\u00e1\u0159sk\u00e9 sc\u00e9ny pomalu p\u0159itahuje turisty a mlad\u0161\u00ed obyvatele, <a href=\"https:\/\/prague.org\/cs\/jak-najit-levne-ubytovani-v-praze\/\">ni\u017e\u0161\u00ed sazby za bydlen\u00ed<\/a>a v\u00fdborn\u00e9 dopravn\u00ed spojen\u00ed.<\/p>\n\n\n\n<p><strong><em>Doprava<\/em><\/strong>: P\u011b\u0161\u00ed a cyklist\u00e9 mohou vyu\u017e\u00edt \u017di\u017ekovsk\u00fd tunel, kter\u00fdm se dostanou na \u017di\u017ekov, kter\u00fd le\u017e\u00ed severn\u011b od Karl\u00edna. Rovn\u011b\u017e m\u016f\u017eete nasednout na metro nebo tramvaj v K\u0159i\u017e\u00edkov\u011b ulici a dostat se na novom\u011bstsk\u00e9 V\u00e1clavsk\u00e9 n\u00e1m\u011bst\u00ed nebo n\u00e1m\u011bst\u00ed Republiky.&nbsp;<\/p>\n\n\n\n<p><strong><em>Zaj\u00edmavosti<\/em><\/strong>:<\/p>\n\n\n\n<ul><li>Karl\u00ednsk\u00e9 n\u00e1m\u011bst\u00ed<\/li><li>Ly\u010dkovo n\u00e1m\u011bst\u00ed&nbsp;<\/li><li>Kostel svat\u00fdch Cyrila a Metod\u011bje&nbsp;<\/li><li>Muzeum hlavn\u00edho m\u011bsta Prahy<\/li><li>Negrelliho viadukt \u017delezni\u010dn\u00ed most, kter\u00fd p\u0159ekra\u010duje Vltavu a kon\u010d\u00ed v Hole\u0161ovic\u00edch<\/li><\/ul>\n\n\n\n<figure class=\"wp-block-image size-large\"><img decoding=\"async\" width=\"1024\" height=\"683\" src=\"https:\/\/prague.org\/wp-content\/uploads\/2022\/07\/Karlin-1024x683.jpg\" alt=\"Karlin\" class=\"wp-image-5244\" srcset=\"https:\/\/prague.org\/wp-content\/uploads\/2022\/07\/Karlin-1024x683.jpg 1024w, https:\/\/prague.org\/wp-content\/uploads\/2022\/07\/Karlin-600x400.jpg 600w, https:\/\/prague.org\/wp-content\/uploads\/2022\/07\/Karlin-300x200.jpg 300w, https:\/\/prague.org\/wp-content\/uploads\/2022\/07\/Karlin-768x512.jpg 768w, https:\/\/prague.org\/wp-content\/uploads\/2022\/07\/Karlin-1536x1024.jpg 1536w, https:\/\/prague.org\/wp-content\/uploads\/2022\/07\/Karlin-380x253.jpg 380w, https:\/\/prague.org\/wp-content\/uploads\/2022\/07\/Karlin-800x533.jpg 800w, https:\/\/prague.org\/wp-content\/uploads\/2022\/07\/Karlin-1160x773.jpg 1160w, https:\/\/prague.org\/wp-content\/uploads\/2022\/07\/Karlin.jpg 1920w\" sizes=\"(max-width: 1024px) 100vw, 1024px\" \/><figcaption>Karlin<\/figcaption><\/figure>\n\n\n\n<h2 id=\"best-areas-in-prague-for-hotel-vinohrady-and-zizkov\" class=\"wp-block-heading\"><strong>Nejlep\u0161\u00ed oblasti v Praze pro hotel: Vinohrady a \u017di\u017ekov<\/strong><\/h2>\n\n\n\n<p>Vinohrady \u017eij\u00ed ru\u0161n\u00fdm no\u010dn\u00edm \u017eivotem, hospody a vin\u00e1rny p\u0159itahuj\u00ed rostouc\u00ed komunitu emigrant\u016f. Pivn\u00ed zahr\u00e1dky jsou tak\u00e9 na nedalek\u00e9m \u017di\u017ekov\u011b, kde najdete cenov\u011b nejdostupn\u011bj\u0161\u00ed hostely a samoobslu\u017en\u00e9 apartm\u00e1ny v Praze.<\/p>\n\n\n\n<p><strong><em>Doprava<\/em><\/strong>: Na Vinohrady se dostanete tramvaj\u00ed. Na Vinohradech jsou tak\u00e9 horn\u00ed stanice pra\u017esk\u00e9ho metra - N\u00e1m\u011bst\u00ed M\u00edru a Ji\u0159\u00edho z Pod\u011bbrad.<\/p>\n\n\n\n<p><strong><em>Zaj\u00edmavosti na Vinohradech:<\/em><\/strong><\/p>\n\n\n\n<ul><li>Park Havl\u00ed\u010dkovy sady<\/li><li>Riegrovy sady (Riegrovy sady a pivn\u00ed zahrada)<\/li><li>N\u00e1m\u011bst\u00ed M\u00edru<\/li><li>Pra\u017esk\u00e9 muzeum piva<\/li><\/ul>\n\n\n\n<p><strong><em>Zaj\u00edmavosti v \u017di\u017ekov\u011b:<\/em><\/strong><\/p>\n\n\n\n<ul><li>Mahlerovy zahrady<\/li><li>\u017di\u017ekovsk\u00e1 televizn\u00ed v\u011b\u017e s \"ob\u0159\u00edmi d\u011btmi\" m\u00edstn\u00edho socha\u0159e Davida \u010cern\u00e9ho<\/li><li>Pal\u00e1c Akropolis<\/li><\/ul>\n\n\n\n<figure class=\"wp-block-image size-large\"><img decoding=\"async\" width=\"1024\" height=\"684\" src=\"https:\/\/prague.org\/wp-content\/uploads\/2022\/07\/Vinohrady-and-Zizkov-1024x684.jpg\" alt=\"Vinohrady a \u017di\u017ekov\" class=\"wp-image-5245\" srcset=\"https:\/\/prague.org\/wp-content\/uploads\/2022\/07\/Vinohrady-and-Zizkov-1024x684.jpg 1024w, https:\/\/prague.org\/wp-content\/uploads\/2022\/07\/Vinohrady-and-Zizkov-scaled-600x401.jpg 600w, https:\/\/prague.org\/wp-content\/uploads\/2022\/07\/Vinohrady-and-Zizkov-300x200.jpg 300w, https:\/\/prague.org\/wp-content\/uploads\/2022\/07\/Vinohrady-and-Zizkov-768x513.jpg 768w, https:\/\/prague.org\/wp-content\/uploads\/2022\/07\/Vinohrady-and-Zizkov-1536x1025.jpg 1536w, https:\/\/prague.org\/wp-content\/uploads\/2022\/07\/Vinohrady-and-Zizkov-2048x1367.jpg 2048w, https:\/\/prague.org\/wp-content\/uploads\/2022\/07\/Vinohrady-and-Zizkov-380x254.jpg 380w, https:\/\/prague.org\/wp-content\/uploads\/2022\/07\/Vinohrady-and-Zizkov-800x534.jpg 800w, https:\/\/prague.org\/wp-content\/uploads\/2022\/07\/Vinohrady-and-Zizkov-1160x774.jpg 1160w, https:\/\/prague.org\/wp-content\/uploads\/2022\/07\/Vinohrady-and-Zizkov-scaled.jpg 2560w\" sizes=\"(max-width: 1024px) 100vw, 1024px\" \/><figcaption>Vinohrady a \u017di\u017ekov<\/figcaption><\/figure>\n\n\n\n<h2 id=\"zero-in-on-your-zone\" class=\"wp-block-heading\"><strong>Zam\u011b\u0159te se na svou oblast<\/strong><\/h2>\n\n\n\n<p>Nyn\u00ed, kdy\u017e jste si p\u0159e\u010detli o osmi nejlep\u0161\u00edch oblastech v Praze pro v\u00e1\u0161 hotel, m\u016f\u017eete za\u010d\u00edt hledat. <a href=\"https:\/\/prague.org\/cs\/kompletni-pruvodce-ubytovanim-v-praze\/\">ubytov\u00e1n\u00ed<\/a> ve v\u00e1mi preferovan\u00e9 lokalit\u011b.<\/p>\n\n\n\n<ins class=\"bookingaff\" data-aid=\"2250729\" data-target_aid=\"2250729\" data-prod=\"map\" data-width=\"100%\" data-height=\"590\" data-lang=\"ualng\" data-dest_id=\"0\" data-dest_type=\"landmark\" data-latitude=\"50.0755381\" data-longitude=\"14.4378005\" data-mwhsb=\"0\" data-address=\"Prague, Czechia\">\n    <!-- Anything inside will go away once widget is loaded. -->\n        <a href=\"\/\/www.booking.com?aid=2250729\">Booking.com<\/a>\n<\/ins>\n<script type=\"text\/javascript\">\n    (function(d, sc, u) {\n      var s = d.createElement(sc), p = d.getElementsByTagName(sc)[0];\n      s.type = 'text\/javascript';\n      s.async = true;\n      s.src = u + '?v=' + (+new Date());\n      p.parentNode.insertBefore(s,p);\n      })(document, 'script', '\/\/cf.bstatic.com\/static\/affiliate_base\/js\/flexiproduct.js');\n<\/script>","protected":false},"excerpt":{"rendered":"R\u016fzn\u00e9 pra\u017esk\u00e9 \u010dtvrti nab\u00edzej\u00ed ka\u017ed\u00e9mu cestovateli n\u011bco jedine\u010dn\u00e9ho. S tolika mo\u017enostmi v\u00fdb\u011bru...","protected":false},"author":2,"featured_media":4772,"comment_status":"closed","ping_status":"closed","sticky":false,"template":"","format":"standard","meta":{"footnotes":""},"categories":[18,23,204],"tags":[31],"table_tags":[],"_links":{"self":[{"href":"https:\/\/prague.org\/cs\/wp-json\/wp\/v2\/posts\/4771"}],"collection":[{"href":"https:\/\/prague.org\/cs\/wp-json\/wp\/v2\/posts"}],"about":[{"href":"https:\/\/prague.org\/cs\/wp-json\/wp\/v2\/types\/post"}],"author":[{"embeddable":true,"href":"https:\/\/prague.org\/cs\/wp-json\/wp\/v2\/users\/2"}],"replies":[{"embeddable":true,"href":"https:\/\/prague.org\/cs\/wp-json\/wp\/v2\/comments?post=4771"}],"version-history":[{"count":4,"href":"https:\/\/prague.org\/cs\/wp-json\/wp\/v2\/posts\/4771\/revisions"}],"predecessor-version":[{"id":5969,"href":"https:\/\/prague.org\/cs\/wp-json\/wp\/v2\/posts\/4771\/revisions\/5969"}],"wp:featuredmedia":[{"embeddable":true,"href":"https:\/\/prague.org\/cs\/wp-json\/wp\/v2\/media\/4772"}],"wp:attachment":[{"href":"https:\/\/prague.org\/cs\/wp-json\/wp\/v2\/media?parent=4771"}],"wp:term":[{"taxonomy":"category","embeddable":true,"href":"https:\/\/prague.org\/cs\/wp-json\/wp\/v2\/categories?post=4771"},{"taxonomy":"post_tag","embeddable":true,"href":"https:\/\/prague.org\/cs\/wp-json\/wp\/v2\/tags?post=4771"},{"taxonomy":"table_tags","embeddable":true,"href":"https:\/\/prague.org\/cs\/wp-json\/wp\/v2\/table_tags?post=4771"}],"curies":[{"name":"wp","href":"https:\/\/api.w.org\/{rel}","templated":true}]}}