{"id":8604,"date":"2023-02-28T09:30:59","date_gmt":"2023-02-28T07:30:59","guid":{"rendered":"https:\/\/prague.org\/?p=8604"},"modified":"2023-08-03T15:38:33","modified_gmt":"2023-08-03T13:38:33","slug":"what-is-prague-best-known-for-amongst-other-cities","status":"publish","type":"post","link":"https:\/\/prague.org\/cs\/cim-je-praha-nejznamejsi-mezi-ostatnimi-mesty\/","title":{"rendered":"\u010c\u00edm je Praha mezi ostatn\u00edmi m\u011bsty nejzn\u00e1m\u011bj\u0161\u00ed?"},"content":{"rendered":"<p>Zlat\u00e9 m\u011bsto, M\u011bsto stov\u011b\u017eat\u00e9, Srdce Evropy a tak d\u00e1le a tak d\u00e1le, ale \u010d\u00edm je toto m\u011bsto s tak cen\u011bn\u00fdmi n\u00e1zvy nejzn\u00e1m\u011bj\u0161\u00ed?&nbsp;<\/p>\n\n\n\n<p><a href=\"https:\/\/prague.org\/cs\/basic-prague-info\/culture\/\">Kulturn\u00ed \u017eivot v Praze<\/a> je nejcenn\u011bj\u0161\u00edm rysem m\u011bsta. V historii Prahy se v n\u00ed vyst\u0159\u00eddalo mnoho vysoce cen\u011bn\u00fdch talent\u016f v oblasti um\u011bn\u00ed, hudby a kultury. Ve m\u011bst\u011b \u017eil Mozart, jeden z nejv\u011bt\u0161\u00edch hudebn\u00edch skladatel\u016f sv\u00e9 doby. Ve m\u011bst\u011b byla tak\u00e9 poprv\u00e9 uvedena Pra\u017esk\u00e1 symfonie a Don Giovanni. Dal\u0161\u00ed kr\u00e1snou tradic\u00ed m\u011bsta z hlediska hudebn\u00ed kultury je ka\u017edoro\u010dn\u00ed p\u0159ipom\u00ednka lyrick\u00e9 hudby velk\u00fdch \u010desk\u00fdch skladatel\u016f Bed\u0159icha Smetany, Anton\u00edna Dvo\u0159\u00e1ka a Leo\u0161e Jan\u00e1\u010dka na Jarn\u00edm hudebn\u00edm festivalu. Orchestr vytvo\u0159en\u00fd k uct\u011bn\u00ed pam\u00e1tky t\u011bchto skladatel\u016f ukazuje, jak moc je Praha hrd\u00e1 a ochotn\u00e1 pozvednout svou historii a kulturu.<\/p>\n\n\n\n<h2 id=\"what-is-prague-known-for\" class=\"wp-block-heading\">\u010c\u00edm je Praha zn\u00e1m\u00e1?<\/h2>\n\n\n\n<figure class=\"wp-block-image size-large\"><img decoding=\"async\" width=\"1024\" height=\"683\" src=\"https:\/\/prague.org\/wp-content\/uploads\/2023\/02\/dancing-house-building-prague-1-1024x683.jpg\" alt=\"Stavba tane\u010dn\u00edch dom\u016f\" class=\"wp-image-8607\" srcset=\"https:\/\/prague.org\/wp-content\/uploads\/2023\/02\/dancing-house-building-prague-1-1024x683.jpg 1024w, https:\/\/prague.org\/wp-content\/uploads\/2023\/02\/dancing-house-building-prague-1-scaled-600x400.jpg 600w, https:\/\/prague.org\/wp-content\/uploads\/2023\/02\/dancing-house-building-prague-1-300x200.jpg 300w, https:\/\/prague.org\/wp-content\/uploads\/2023\/02\/dancing-house-building-prague-1-768x512.jpg 768w, https:\/\/prague.org\/wp-content\/uploads\/2023\/02\/dancing-house-building-prague-1-1536x1024.jpg 1536w, https:\/\/prague.org\/wp-content\/uploads\/2023\/02\/dancing-house-building-prague-1-2048x1365.jpg 2048w, https:\/\/prague.org\/wp-content\/uploads\/2023\/02\/dancing-house-building-prague-1-18x12.jpg 18w, https:\/\/prague.org\/wp-content\/uploads\/2023\/02\/dancing-house-building-prague-1-380x253.jpg 380w, https:\/\/prague.org\/wp-content\/uploads\/2023\/02\/dancing-house-building-prague-1-800x533.jpg 800w, https:\/\/prague.org\/wp-content\/uploads\/2023\/02\/dancing-house-building-prague-1-1160x773.jpg 1160w, https:\/\/prague.org\/wp-content\/uploads\/2023\/02\/dancing-house-building-prague-1-scaled.jpg 2560w\" sizes=\"(max-width: 1024px) 100vw, 1024px\" \/><figcaption class=\"wp-element-caption\">Stavba tane\u010dn\u00edch dom\u016f<\/figcaption><\/figure>\n\n\n\n<p>V Srdci Evropy najdete mnoho v\u011bc\u00ed, d\u00edky nim\u017e se v\u00e1m poda\u0159ilo <a href=\"https:\/\/prague.org\/cs\/\">Praha<\/a> vyniknout v r\u016fzn\u00fdch oblastech. Mezi n\u011b pat\u0159\u00ed nap\u0159\u00edklad velk\u00e9 mno\u017estv\u00ed historick\u00fdch pam\u00e1tek, kter\u00e9 se v tomto m\u011bst\u011b dochovaly i po tis\u00edcilet\u00edch od jeho zalo\u017een\u00ed, jako je kostel Kosti, a dal\u0161\u00edch 2 000 ofici\u00e1ln\u011b uznan\u00fdch architektonick\u00fdch a um\u011bleck\u00fdch pam\u00e1tek. Mno\u017estv\u00ed um\u011bleck\u00fdch sb\u00edrek ve m\u011bst\u011b, hudebn\u00ed historie (Wolfgang Amadeus Mozart a dal\u0161\u00ed velc\u00ed skladatel\u00e9 sv\u00e9 doby) a lahodn\u00e1 j\u00eddla, kter\u00e1 nab\u00edz\u00ed. V\u0161e je sv\u00fdm zp\u016fsobem ikona, kterou lze uznat jen jako sou\u010d\u00e1st toho nejlep\u0161\u00edho, co Praha nab\u00edz\u00ed.<\/p>\n\n\n\n<p>Krom\u011b bohat\u00e9 historie je Zlat\u00e9 m\u011bsto zn\u00e1m\u00e9 tak\u00e9 mnoha dal\u0161\u00edmi v\u011bcmi, mezi nimi\u017e je zn\u00e1m\u00fd jeho kulturn\u00ed a um\u011bleck\u00fd \u017eivotn\u00ed styl.<\/p>\n\n\n\n<p>Ka\u017ed\u00fd turista, kter\u00fd nav\u0161t\u00edv\u00ed Prahu, dojde v\u017edy ke stejn\u00e9mu z\u00e1v\u011bru, pokud jde o hodnocen\u00ed um\u011bleck\u00e9ho \u017eivotn\u00edho stylu budov ve m\u011bst\u011b.  Zp\u016fsob \u017eivota \u010desk\u00fdch obyvatel, presti\u017en\u00ed \u010desk\u00e1 kuchyn\u011b , hudba, kterou usly\u0161\u00edte, pra\u017esk\u00fd vzd\u011bl\u00e1vac\u00ed syst\u00e9m i dopravn\u00ed n\u00e1vrhy m\u011bsta. V\u0161echny tyto rysy se dokonale synchronizuj\u00ed a vytv\u00e1\u0159ej\u00ed kr\u00e1sn\u00fd velkolep\u00fd demografick\u00fd celek zvan\u00fd kulturn\u00ed \u017eivot Prahy.<\/p>\n\n\n\n<h2 id=\"what-food-is-prague-best-known-for\" class=\"wp-block-heading\">Jak\u00e9 j\u00eddlo je v Praze nejzn\u00e1m\u011bj\u0161\u00ed?<\/h2>\n\n\n\n<figure class=\"wp-block-image size-large\"><img decoding=\"async\" width=\"1024\" height=\"683\" src=\"https:\/\/prague.org\/wp-content\/uploads\/2023\/02\/foodiesfeed.com_traditional-czech-trdelnik-sweet-pastry-at-prague-christmas-market-1-1024x683.jpg\" alt=\"\" class=\"wp-image-8605\" srcset=\"https:\/\/prague.org\/wp-content\/uploads\/2023\/02\/foodiesfeed.com_traditional-czech-trdelnik-sweet-pastry-at-prague-christmas-market-1-1024x683.jpg 1024w, https:\/\/prague.org\/wp-content\/uploads\/2023\/02\/foodiesfeed.com_traditional-czech-trdelnik-sweet-pastry-at-prague-christmas-market-1-scaled-600x400.jpg 600w, https:\/\/prague.org\/wp-content\/uploads\/2023\/02\/foodiesfeed.com_traditional-czech-trdelnik-sweet-pastry-at-prague-christmas-market-1-300x200.jpg 300w, https:\/\/prague.org\/wp-content\/uploads\/2023\/02\/foodiesfeed.com_traditional-czech-trdelnik-sweet-pastry-at-prague-christmas-market-1-768x512.jpg 768w, https:\/\/prague.org\/wp-content\/uploads\/2023\/02\/foodiesfeed.com_traditional-czech-trdelnik-sweet-pastry-at-prague-christmas-market-1-1536x1024.jpg 1536w, https:\/\/prague.org\/wp-content\/uploads\/2023\/02\/foodiesfeed.com_traditional-czech-trdelnik-sweet-pastry-at-prague-christmas-market-1-2048x1365.jpg 2048w, https:\/\/prague.org\/wp-content\/uploads\/2023\/02\/foodiesfeed.com_traditional-czech-trdelnik-sweet-pastry-at-prague-christmas-market-1-18x12.jpg 18w, https:\/\/prague.org\/wp-content\/uploads\/2023\/02\/foodiesfeed.com_traditional-czech-trdelnik-sweet-pastry-at-prague-christmas-market-1-380x253.jpg 380w, https:\/\/prague.org\/wp-content\/uploads\/2023\/02\/foodiesfeed.com_traditional-czech-trdelnik-sweet-pastry-at-prague-christmas-market-1-800x533.jpg 800w, https:\/\/prague.org\/wp-content\/uploads\/2023\/02\/foodiesfeed.com_traditional-czech-trdelnik-sweet-pastry-at-prague-christmas-market-1-1160x773.jpg 1160w, https:\/\/prague.org\/wp-content\/uploads\/2023\/02\/foodiesfeed.com_traditional-czech-trdelnik-sweet-pastry-at-prague-christmas-market-1-scaled.jpg 2560w\" sizes=\"(max-width: 1024px) 100vw, 1024px\" \/><\/figure>\n\n\n\n<p>B\u00fdt v Praze jako rezident, prvn\u00ed n\u00e1v\u0161t\u011bvn\u00edk nebo po sob\u011b jdouc\u00ed n\u00e1v\u0161t\u011bvn\u00edk, jak\u00fd pokrm nebo <a href=\"https:\/\/prague.org\/cs\/kompletni-pruvodce-ceskou-potravinovou-kulturou\/\">m\u00edstn\u00ed kuchyn\u011b<\/a> je podle v\u00e1s nejp\u0159ita\u017eliv\u011bj\u0161\u00ed? No, doslova neexistuje zp\u016fsob, jak zjistit, kter\u00e9 j\u00eddlo je nejlep\u0161\u00ed, proto\u017ee Praha je skrz naskrz pro\u0161pikovan\u00e1 t\u011bmi nejlep\u0161\u00edmi \u010desk\u00fdmi j\u00eddly a kuchyn\u011bmi, po\u010d\u00ednaje \u010do\u010dkou na kyselo se \u0161unkou, vep\u0159ov\u00fdm \u0159\u00edzkem, hov\u011bz\u00edm gul\u00e1\u0161em, sma\u017een\u00fdm s\u00fdrem a kon\u010de vep\u0159ov\u00fdm kolenem, klob\u00e1sou, hov\u011bz\u00edm s \u010deskou koprovou om\u00e1\u010dkou a ovocn\u00fdmi knedl\u00edky, kter\u00fdch nen\u00ed v Praze nikdy dost.<\/p>\n\n\n\n<h2 id=\"what-is-prague-known-for-to-buy\" class=\"wp-block-heading\">Pro\u010d je Praha zn\u00e1m\u00e1 pro n\u00e1kup?<\/h2>\n\n\n\n<p>Bohat\u00e1 kulturn\u00ed historie Prahy ponech\u00e1v\u00e1 turist\u016fm p\u0159i odjezdu z Prahy omezenou, ale vynikaj\u00edc\u00ed nab\u00eddku sb\u011bratelsk\u00fdch p\u0159edm\u011bt\u016f nebo suven\u00fdr\u016f.&nbsp;<\/p>\n\n\n\n<p>Slavn\u00e9 \u010desk\u00e9 sklo, d\u0159ev\u011bn\u00e9 v\u00fdrobky, k\u0159i\u0161\u0165\u00e1lov\u00e9 \u0161perky, dekorace, v\u00edna a piva, tradi\u010dn\u00ed keramika a d\u0159ev\u011bn\u00e9 hra\u010dky - to v\u0161e jsou identifikovateln\u00e9 suven\u00fdry kdekoli na sv\u011bt\u011b.  V\u0161echny slou\u017e\u00ed jako forma memorabili\u00ed pro reprezentativn\u00ed a trval\u00e9 p\u0159ipom\u00ednky Zlat\u00e9ho m\u011bsta, kter\u00e9 v\u00e1m v\u017edy zaz\u00e1\u0159\u00ed v srdci, kdykoli se na n\u011b pod\u00edv\u00e1te.<\/p>\n\n\n\n<p>Turist\u00e9 z cel\u00e9ho sv\u011bta tak\u00e9 v\u00fdslovn\u011b doporu\u010duj\u00ed pra\u017esk\u00e9 sklen\u011bn\u00e9 a k\u0159i\u0161\u0165\u00e1lov\u00e9 \u0161perky k p\u0159eprav\u011b a vystaven\u00ed jako sou\u010d\u00e1st sb\u00edrek i ve sv\u00fdch vlastn\u00edch s\u00eddlech po cel\u00e9m sv\u011bt\u011b.<\/p>\n\n\n\n<h3 id=\"prague-is-basically-living-culture\" class=\"wp-block-heading\">Praha je v podstat\u011b \u017eiv\u00e1 kultura<\/h3>\n\n\n\n<p>N\u00e1v\u0161t\u011bva Prahy je synonymem pro vstup do sv\u011bta um\u011bn\u00ed a hudby, jak je patrn\u00e9 ze samotn\u00e9ho \u017eivota m\u011bsta. Budovy, hudba, j\u00eddlo, oble\u010den\u00ed a dal\u0161\u00ed, to v\u0161e sv\u011bd\u010d\u00ed o tom, \u017ee Praha je jednou z nejkulturn\u011bj\u0161\u00edch spole\u010dnost\u00ed na sv\u011bt\u011b.&nbsp;<\/p>\n\n\n\n<p>V\u0161echny v\u00fd\u0161e uveden\u00e9 skute\u010dnosti mohou popsat jen to nejlep\u0161\u00ed z toho, \u010d\u00edm je Praha zn\u00e1m\u00e1. A po sou\u010dasn\u00fdch ekonomick\u00fdch rozhodnut\u00edch, kter\u00e1 se ve m\u011bst\u011b d\u011blaj\u00ed, je vid\u011bt, \u017ee pokra\u010dov\u00e1n\u00ed na t\u00e9to cest\u011b ud\u011bl\u00e1 z Prahy b\u011bhem tis\u00edcilet\u00ed jedno z nejhistori\u010dt\u011bj\u0161\u00edch m\u011bst v Evrop\u011b.<\/p>\n\n\n\n<div class=\"gyg-iframe-container\" style=\"margin-bottom:1.5em\"><iframe style=\"border:0;height:100%;width:100%\" title=\"Widget m\u011bsta GetYourGuide\" src=\"https:\/\/widget.getyourguide.com\/default\/city.frame?widget=wp_city&amp;iata=PRG&amp;locale_code=en-GB&amp;partner_id=U94OQGQ\"><\/iframe><\/div>","protected":false},"excerpt":{"rendered":"Zlat\u00e9 m\u011bsto, M\u011bsto stov\u011b\u017eat\u00e9, Srdce Evropy a tak d\u00e1le a tak d\u00e1le...","protected":false},"author":2,"featured_media":8606,"comment_status":"closed","ping_status":"closed","sticky":false,"template":"","format":"standard","meta":{"footnotes":""},"categories":[204,15,39],"tags":[49],"table_tags":[],"_links":{"self":[{"href":"https:\/\/prague.org\/cs\/wp-json\/wp\/v2\/posts\/8604"}],"collection":[{"href":"https:\/\/prague.org\/cs\/wp-json\/wp\/v2\/posts"}],"about":[{"href":"https:\/\/prague.org\/cs\/wp-json\/wp\/v2\/types\/post"}],"author":[{"embeddable":true,"href":"https:\/\/prague.org\/cs\/wp-json\/wp\/v2\/users\/2"}],"replies":[{"embeddable":true,"href":"https:\/\/prague.org\/cs\/wp-json\/wp\/v2\/comments?post=8604"}],"version-history":[{"count":2,"href":"https:\/\/prague.org\/cs\/wp-json\/wp\/v2\/posts\/8604\/revisions"}],"predecessor-version":[{"id":8639,"href":"https:\/\/prague.org\/cs\/wp-json\/wp\/v2\/posts\/8604\/revisions\/8639"}],"wp:featuredmedia":[{"embeddable":true,"href":"https:\/\/prague.org\/cs\/wp-json\/wp\/v2\/media\/8606"}],"wp:attachment":[{"href":"https:\/\/prague.org\/cs\/wp-json\/wp\/v2\/media?parent=8604"}],"wp:term":[{"taxonomy":"category","embeddable":true,"href":"https:\/\/prague.org\/cs\/wp-json\/wp\/v2\/categories?post=8604"},{"taxonomy":"post_tag","embeddable":true,"href":"https:\/\/prague.org\/cs\/wp-json\/wp\/v2\/tags?post=8604"},{"taxonomy":"table_tags","embeddable":true,"href":"https:\/\/prague.org\/cs\/wp-json\/wp\/v2\/table_tags?post=8604"}],"curies":[{"name":"wp","href":"https:\/\/api.w.org\/{rel}","templated":true}]}}