{"id":9429,"date":"2023-05-02T15:44:07","date_gmt":"2023-05-02T13:44:07","guid":{"rendered":"https:\/\/prague.org\/?p=9429"},"modified":"2024-02-08T15:36:08","modified_gmt":"2024-02-08T13:36:08","slug":"where-is-prague-what-country","status":"publish","type":"post","link":"https:\/\/prague.org\/cs\/kde-je-praha-jaka-zeme\/","title":{"rendered":"Kde je Praha? Jak\u00e1 zem\u011b?"},"content":{"rendered":"<p><strong>Kde se nach\u00e1z\u00ed Praha? V jak\u00e9 zemi? <\/strong>Abychom mohli odpov\u011bd\u011bt na tyto dv\u011b ot\u00e1zky, je t\u0159eba si uv\u011bdomit, \u017ee Praha je hlavn\u00edm a nejv\u011bt\u0161\u00edm m\u011bstem \u010cesk\u00e9 republiky.<\/p>\n\n\n\n<p>Na tyto ot\u00e1zky odpov\u00edme, \u017ee toto kr\u00e1sn\u00e9 m\u011bsto se nach\u00e1z\u00ed v \u010cesk\u00e9 republice, zemi v srdci Evropy, kde se prol\u00edn\u00e1 minulost se sou\u010dasnost\u00ed. Je tak\u00e9 kl\u00ed\u010dov\u00fdm hospod\u00e1\u0159sk\u00fdm a kulturn\u00edm centrem Evropy, kter\u00e9 odhaluje bohat\u00e9 d\u011bdictv\u00ed <a href=\"https:\/\/prague.org\/cs\/prague-city-flag\/\" data-type=\"link\" data-id=\"https:\/\/prague.org\/prague-city-flag\/\">Vlajka m\u011bsta Prahy<\/a>.<\/p>\n\n\n\n<p>N\u00e1zev je odvozen od \u010desk\u00e9ho slova prah, co\u017e znamen\u00e1 \"pr\u00e1h\", a jeho n\u00e1dheru p\u0159edpov\u011bd\u011bla kouzeln\u00e1 kn\u011b\u017ena Libu\u0161e.<\/p>\n\n\n\n<p>M\u011bsto bylo zalo\u017eeno v obdob\u00ed \u0159\u00edmsk\u00e9 architektury a vzkv\u00e9talo v obdob\u00ed klasicismu a renesance; bylo tak\u00e9 s\u00eddlem dvou katolick\u00fdch panovn\u00edk\u016f, tak\u017ee se stalo c\u00edsa\u0159skou metropol\u00ed \u0158\u00edmsk\u00e9 \u0159\u00ed\u0161e.&nbsp;<\/p>\n\n\n\n<p>Po prvn\u00ed sv\u011btov\u00e9 v\u00e1lce se Praha stala hlavn\u00edm m\u011bstem \u010cesk\u00e9 republiky. P\u0159edt\u00edm byla v\u00fdznamn\u00fdm m\u011bstem habsbursk\u00e9 dynastie i jej\u00edho Rakouska-Uherska. Po rozpadu <a href=\"https:\/\/prague.org\/cs\/ceskoslovensko-zeme\/\" data-type=\"link\" data-id=\"https:\/\/prague.org\/czechoslovakia-country\/\">\u010ceskoslovensko<\/a> v roce 1993 se Praha stala hlavn\u00edm m\u011bstem \u010cesk\u00e9 republiky. V roce 2011 \u017eilo v Praze 1 226 697 obyvatel a m\u011bsto zab\u00edr\u00e1 496 km2.<\/p>\n\n\n\n<p>Chcete p\u0159esn\u011b v\u011bd\u011bt <strong>kde je Praha <a href=\"https:\/\/prague.org\/cs\/the-prague-metro-map\/\" data-type=\"URL\" data-id=\"https:\/\/prague.org\/the-prague-metro-map\/\">na map\u011b<\/a><\/strong>? \u010ct\u011bte d\u00e1l!<\/p>\n\n\n\n<h2 id=\"geographical-information-on-prague\" class=\"wp-block-heading\">Geografick\u00e9 informace o Praze&nbsp;<\/h2>\n\n\n\n<h3 id=\"where-is-prague-on-a-map\" class=\"wp-block-heading\"><a href=\"https:\/\/prague.org\/cs\/kde-je-praha\/\" data-type=\"URL\" data-id=\"https:\/\/prague.org\/where-is-prague\/\">Kde je Praha na map\u011b<\/a>?<\/h3>\n\n\n\n<figure class=\"wp-block-image size-large\"><img decoding=\"async\" width=\"1024\" height=\"683\" src=\"https:\/\/prague.org\/wp-content\/uploads\/2023\/04\/prague-gd90b93cb3_1920-1-1024x683.jpg\" alt=\"Mapa Prahy\" class=\"wp-image-9430\" srcset=\"https:\/\/prague.org\/wp-content\/uploads\/2023\/04\/prague-gd90b93cb3_1920-1-1024x683.jpg 1024w, https:\/\/prague.org\/wp-content\/uploads\/2023\/04\/prague-gd90b93cb3_1920-1-600x400.jpg 600w, https:\/\/prague.org\/wp-content\/uploads\/2023\/04\/prague-gd90b93cb3_1920-1-300x200.jpg 300w, https:\/\/prague.org\/wp-content\/uploads\/2023\/04\/prague-gd90b93cb3_1920-1-768x512.jpg 768w, https:\/\/prague.org\/wp-content\/uploads\/2023\/04\/prague-gd90b93cb3_1920-1-1536x1024.jpg 1536w, https:\/\/prague.org\/wp-content\/uploads\/2023\/04\/prague-gd90b93cb3_1920-1-18x12.jpg 18w, https:\/\/prague.org\/wp-content\/uploads\/2023\/04\/prague-gd90b93cb3_1920-1-380x253.jpg 380w, https:\/\/prague.org\/wp-content\/uploads\/2023\/04\/prague-gd90b93cb3_1920-1-800x533.jpg 800w, https:\/\/prague.org\/wp-content\/uploads\/2023\/04\/prague-gd90b93cb3_1920-1-1160x773.jpg 1160w, https:\/\/prague.org\/wp-content\/uploads\/2023\/04\/prague-gd90b93cb3_1920-1.jpg 1920w\" sizes=\"(max-width: 1024px) 100vw, 1024px\" \/><figcaption class=\"wp-element-caption\">Mapa Prahy<\/figcaption><\/figure>\n\n\n\n<p>M\u00edstn\u00ed obyvatel\u00e9 o m\u011bst\u011b mluv\u00ed jako o \"Praze\", ofici\u00e1ln\u011b se v\u0161ak nach\u00e1z\u00ed v \u010cech\u00e1ch, co\u017e je nejz\u00e1padn\u011bj\u0161\u00ed oblast \u010cesk\u00e9 republiky.<\/p>\n\n\n\n<p>Praha se nach\u00e1z\u00ed na severoz\u00e1pad\u011b \u010cesk\u00e9 republiky, p\u0159\u00edmo na Vltav\u011b, v\u00fdznamn\u00e9 \u0159ece.&nbsp;<\/p>\n\n\n\n<p>31 kilometr\u016f dlouh\u00e1 <a href=\"https:\/\/prague.org\/cs\/vltava-reka\/\">Vltava<\/a> prot\u00e9k\u00e1 hlavn\u00edm m\u011bstem o maxim\u00e1ln\u00ed velikosti 330 metr\u016f. Vltava je protk\u00e1na mnoha ostrovy, v\u010detn\u011b malebn\u00e9ho ostrova Kampa, Slovansk\u00e9ho ostrova pobl\u00ed\u017e zn\u00e1m\u00e9ho N\u00e1rodn\u00edho divadla a D\u011btsk\u00e9ho ostrova. Tyto ostrovy poskytuj\u00ed nejen klidn\u00fd \u00fanik z hlavn\u00edho m\u011bsta, ale tak\u00e9 host\u00ed \u0161irokou \u0161k\u00e1lu um\u011bleck\u00fdch a kulturn\u00edch aktivit. Pra\u017esk\u00e1 metropole je rozd\u011blena na 112 katastr\u00e1ln\u00edch \u00fazem\u00ed a 22 spr\u00e1vn\u00edch obvod\u016f.<\/p>\n\n\n\n<p>\u010cechy, Morava a \u010desk\u00e9 Slezsko jsou odli\u0161n\u00e9 geografick\u00e9 regiony, kter\u00e9 odpov\u00eddaj\u00ed dv\u011bma nejv\u011bt\u0161\u00edm politick\u00fdm \u010dlen\u011bn\u00edm zem\u011b. V \u010cech\u00e1ch se nach\u00e1z\u00ed Praha.<\/p>\n\n\n\n<p>\u010cesk\u00e1 republika, jej\u00edm\u017e hlavn\u00edm m\u011bstem je Praha, le\u017e\u00ed uprost\u0159ed Evropy, p\u0159esto\u017ee d\u0159\u00edve pat\u0159ila k v\u00fdchodoevropsk\u00fdm st\u00e1t\u016fm. S \u010ceskou republikou soused\u00ed Slovensko, Polsko, N\u011bmecko a Rakousko.&nbsp;<\/p>\n\n\n\n<p>Na severu soused\u00ed s Polskem, na z\u00e1pad\u011b s N\u011bmeckem, na jihu s Rakouskem a na v\u00fdchod\u011b se Slovenskem. V Praze \u017eije 1,3 milionu obyvatel.<\/p>\n\n\n\n<h3 id=\"where-is-prague-in-europe\" class=\"wp-block-heading\">Kde se v Evrop\u011b nach\u00e1z\u00ed Praha?<\/h3>\n\n\n\n<figure class=\"wp-block-image size-full\"><img decoding=\"async\" width=\"571\" height=\"322\" src=\"https:\/\/prague.org\/wp-content\/uploads\/2023\/04\/1535284491-1.png\" alt=\"Mapa \u010ceska\" class=\"wp-image-9431\" srcset=\"https:\/\/prague.org\/wp-content\/uploads\/2023\/04\/1535284491-1.png 571w, https:\/\/prague.org\/wp-content\/uploads\/2023\/04\/1535284491-1-300x169.png 300w, https:\/\/prague.org\/wp-content\/uploads\/2023\/04\/1535284491-1-18x10.png 18w, https:\/\/prague.org\/wp-content\/uploads\/2023\/04\/1535284491-1-380x214.png 380w\" sizes=\"(max-width: 571px) 100vw, 571px\" \/><figcaption class=\"wp-element-caption\">Mapa \u010ceska<\/figcaption><\/figure>\n\n\n\n<p><strong>Kde se v Evrop\u011b nach\u00e1z\u00ed Praha? <\/strong>Skv\u011bl\u00e1 ot\u00e1zka! Od roku 1920 je ofici\u00e1ln\u011b zn\u00e1m\u00e9 jako \"hlavn\u00ed m\u011bsto Praha\". Praha le\u017e\u00ed v geografick\u00e9m st\u0159edu Evropy, co\u017e j\u00ed vyneslo p\u0159ezd\u00edvky \"St\u0159echa Evropy\" a \"Srdce Evropy\".<\/p>\n\n\n\n<p>Tato kouzeln\u00e1 metropole se zlat\u00fdmi v\u011b\u017ei\u010dkami a kosteln\u00edmi v\u011b\u017eemi je \u010dtrn\u00e1ctou nejv\u011bt\u0161\u00ed v Evropsk\u00e9 unii. Samotn\u00e1 Praha m\u00e1 zhruba 1,3 milionu obyvatel, a\u010dkoli v \u0161ir\u0161\u00edm m\u011bstsk\u00e9m regionu \u017eij\u00ed podle odhad\u016f asi 2 miliony lid\u00ed. M\u011bsto je ji\u017e od st\u0159edov\u011bku politick\u00fdm, kulturn\u00edm a finan\u010dn\u00edm centrem st\u0159edn\u00ed Evropy a je v\u0161eobecn\u011b pova\u017eov\u00e1no za jedno z nej\u00fa\u017easn\u011bj\u0161\u00edch m\u011bst na sv\u011bt\u011b.<\/p>\n\n\n\n<p>Hlavn\u00ed m\u011bsto \u010cesk\u00e9 republiky je v\u00fdznamn\u00fdm evropsk\u00fdm centrem, kter\u00e9 je cenn\u00e9 nejen pro \u010cechy. Praha je m\u011bsto, kter\u00e9 by m\u011blo b\u00fdt na seznamu \"must-see\" ka\u017ed\u00e9ho z n\u00e1s, tak\u017ee pokud jste v n\u00ed je\u0161t\u011b nebyli, m\u011bli byste si napl\u00e1novat brzkou n\u00e1v\u0161t\u011bvu.<\/p>\n\n\n\n<h2 id=\"discover-prague-with-a-local-walking-tour-of-the-city\" class=\"wp-block-heading\">Objevte Prahu s m\u00edstn\u00edm: P\u011b\u0161\u00ed prohl\u00eddka m\u011bsta<\/h2>\n\n\n\n<div data-gyg-href=\"https:\/\/widget.getyourguide.com\/default\/activities.frame\" data-gyg-locale-code=\"en-US\" data-gyg-widget=\"activities\" data-gyg-number-of-items=\"1\" data-gyg-partner-id=\"U94OQGQ\" data-gyg-tour-ids=\"463771\"><\/div>\n\n\n\n<p>Vydejte se na fascinuj\u00edc\u00ed p\u011b\u0161\u00ed prohl\u00eddku Prahy se znal\u00fdm m\u00edstn\u00edm pr\u016fvodcem. Odhalte tajemstv\u00ed pra\u017esk\u00e9 historie, nasajte jej\u00ed pulzuj\u00edc\u00ed kulturu a nav\u0161tivte ikonick\u00e9 pam\u00e1tky, jako je Karl\u016fv most a pal\u00e1c \u017dof\u00edn.<\/p>\n\n\n\n<h3 id=\"highlights\" class=\"wp-block-heading\">Nejd\u016fle\u017eit\u011bj\u0161\u00ed informace <\/h3>\n\n\n\n<ul>\n<li>Z\u00edskejte jedine\u010dn\u00fd pohled na Prahu o\u010dima m\u00edstn\u00edho pr\u016fvodce. <\/li>\n\n\n\n<li>Poznejte bohatou historii a p\u0159\u00edb\u011bhy slavn\u00fdch pra\u017esk\u00fdch pam\u00e1tek. <\/li>\n\n\n\n<li>Po\u0159izujte \u00fa\u017easn\u00e9 fotografie a vytv\u00e1\u0159ejte si nezapomenuteln\u00e9 vzpom\u00ednky na svou n\u00e1v\u0161t\u011bvu. <\/li>\n\n\n\n<li>Z\u00edskejte zasv\u011bcen\u00e9 tipy na nejlep\u0161\u00ed bary, kav\u00e1rny a restaurace a poznejte m\u00edstn\u00ed kulin\u00e1\u0159skou sc\u00e9nu. <\/li>\n<\/ul>\n\n\n\n<h3 id=\"included\" class=\"wp-block-heading\">Zahrnuto<\/h3>\n\n\n\n<ul>\n<li>Poutav\u00e1 p\u011b\u0161\u00ed prohl\u00eddka Prahy se znal\u00fdm m\u00edstn\u00edm pr\u016fvodcem. <\/li>\n\n\n\n<li>Zasv\u011bcen\u00e9 koment\u00e1\u0159e o historii, kultu\u0159e a prom\u011bn\u00e1ch m\u011bsta. <\/li>\n\n\n\n<li>Doporu\u010den\u00ed nejlep\u0161\u00edch m\u00edstn\u00edch podnik\u016f, kter\u00e9 v\u00e1m zp\u0159\u00edjemn\u00ed pobyt v Praze.<\/li>\n<\/ul>\n\n\n\n<div class=\"wp-block-buttons is-layout-flex wp-block-buttons-is-layout-flex\">\n<div class=\"wp-block-button is-style-cs-button-block\"><a class=\"wp-block-button__link wp-element-button\" href=\"https:\/\/www.getyourguide.fr\/prague-l10\/l-art-et-la-culture-de-prague-reveles-par-un-local-t463771\/?partner_id=U94OQGQ&amp;utm_medium=online_publisher\" rel=\"nofollow noopener\">\u2192 Ov\u011b\u0159it dostupnost<\/a><\/div>\n<\/div>\n\n\n\n<h2 id=\"find-tranquility-in-the-beautiful-city-of-prague\" class=\"wp-block-heading\">Najd\u011bte klid v kr\u00e1sn\u00e9 Praze<\/h2>\n\n\n\n<p>Pokud jste \u010detli n\u00e1\u0161 \u010dl\u00e1nek, zn\u00e1te odpov\u011b\u010f na ot\u00e1zku \"<strong>kde je Praha<\/strong>. \"Praha je v cel\u00e9 Evrop\u011b pova\u017eov\u00e1na za jednu z nejlep\u0161\u00edch metropol\u00ed.&nbsp;<\/p>\n\n\n\n<p>Prague is the cultural, architectural, economic, and industrial heart of the Republic of Czech, which befits its status as the country&#8217;s capital. The city&#8217;s vintage allure, historic streets, twisting lanes, lovely pubs, and restaurants all contribute to its overall splendor, making it a hidden gem. For those who want to experience the two most breathtaking capitals in a week, they can book a tour from Prague to Paris.<\/p>","protected":false},"excerpt":{"rendered":"Kde se nach\u00e1z\u00ed Praha? V jak\u00e9 zemi? Pro zodpov\u011bzen\u00ed t\u011bchto dvou ot\u00e1zek je t\u0159eba si uv\u011bdomit, \u017ee Praha,...","protected":false},"author":2,"featured_media":9432,"comment_status":"closed","ping_status":"closed","sticky":false,"template":"","format":"standard","meta":{"footnotes":""},"categories":[15,204,39],"tags":[49],"table_tags":[],"_links":{"self":[{"href":"https:\/\/prague.org\/cs\/wp-json\/wp\/v2\/posts\/9429"}],"collection":[{"href":"https:\/\/prague.org\/cs\/wp-json\/wp\/v2\/posts"}],"about":[{"href":"https:\/\/prague.org\/cs\/wp-json\/wp\/v2\/types\/post"}],"author":[{"embeddable":true,"href":"https:\/\/prague.org\/cs\/wp-json\/wp\/v2\/users\/2"}],"replies":[{"embeddable":true,"href":"https:\/\/prague.org\/cs\/wp-json\/wp\/v2\/comments?post=9429"}],"version-history":[{"count":11,"href":"https:\/\/prague.org\/cs\/wp-json\/wp\/v2\/posts\/9429\/revisions"}],"predecessor-version":[{"id":12815,"href":"https:\/\/prague.org\/cs\/wp-json\/wp\/v2\/posts\/9429\/revisions\/12815"}],"wp:featuredmedia":[{"embeddable":true,"href":"https:\/\/prague.org\/cs\/wp-json\/wp\/v2\/media\/9432"}],"wp:attachment":[{"href":"https:\/\/prague.org\/cs\/wp-json\/wp\/v2\/media?parent=9429"}],"wp:term":[{"taxonomy":"category","embeddable":true,"href":"https:\/\/prague.org\/cs\/wp-json\/wp\/v2\/categories?post=9429"},{"taxonomy":"post_tag","embeddable":true,"href":"https:\/\/prague.org\/cs\/wp-json\/wp\/v2\/tags?post=9429"},{"taxonomy":"table_tags","embeddable":true,"href":"https:\/\/prague.org\/cs\/wp-json\/wp\/v2\/table_tags?post=9429"}],"curies":[{"name":"wp","href":"https:\/\/api.w.org\/{rel}","templated":true}]}}