{"id":9686,"date":"2023-06-19T11:27:50","date_gmt":"2023-06-19T09:27:50","guid":{"rendered":"https:\/\/prague.org\/?p=9686"},"modified":"2024-01-02T18:46:29","modified_gmt":"2024-01-02T16:46:29","slug":"prague-city-walking-tour","status":"publish","type":"post","link":"https:\/\/prague.org\/cs\/prague-city-walking-tour\/","title":{"rendered":"To nejlep\u0161\u00ed z p\u011b\u0161\u00edch prohl\u00eddek Prahy v roce 2024"},"content":{"rendered":"<p>Na str\u00e1nk\u00e1ch<strong> P\u011b\u0161\u00ed prohl\u00eddka Prahy<\/strong> v\u00e1s zavede k nejzn\u00e1m\u011bj\u0161\u00edm pam\u011btihodnostem m\u011bsta. A vzhledem k v\u00fdznamu \u010desk\u00e9 metropole jako nejv\u011bt\u0161\u00edho m\u011bsta a hlavn\u00edho m\u011bsta \u010cesk\u00e9 republiky i jej\u00edmu historick\u00e9mu v\u00fdznamu nav\u0161t\u00edv\u00ed Prahu ka\u017edoro\u010dn\u011b miliony lid\u00ed.<\/p>\n\n\n\n<p>Jedn\u00edm z nejlep\u0161\u00edch zp\u016fsob\u016f, jak se sezn\u00e1mit s Prahou a jej\u00edmi \u010detn\u00fdmi sv\u011btov\u00fdmi pam\u00e1tkami, je p\u0159ihl\u00e1sit se na n\u011bkterou z akc\u00ed <strong>P\u011b\u0161\u00ed prohl\u00eddky Prahy zdarma<\/strong>. N\u011bkter\u00e9 z nich <strong>nejlep\u0161\u00ed bezplatn\u00e1 p\u011b\u0161\u00ed prohl\u00eddka<\/strong> zku\u0161enosti <strong>v Praze <\/strong>pat\u0159\u00ed p\u0159echod p\u0159es \u0159eku Vltavu, kter\u00e1 rozd\u011bluje m\u011bsto na dv\u011b \u010d\u00e1sti; je to zaj\u00edmav\u00e1 pod\u00edvan\u00e1 pro ka\u017ed\u00e9ho, kdo se zaj\u00edm\u00e1 o st\u0159edov\u011bk\u00fd nebo barokn\u00ed architektonick\u00fd styl.&nbsp;<\/p>\n\n\n\n<p>Praha je vizu\u00e1ln\u00ed a sluchov\u00e1 extravagance, kterou je nejlep\u0161\u00ed prozkoumat p\u011b\u0161ky.<\/p>\n\n\n\n<p>V\u0161e, co se chcete dozv\u011bd\u011bt o <strong>P\u011b\u0161\u00ed prohl\u00eddka Prahy<\/strong>, jeden z nejlep\u0161\u00edch zp\u016fsob\u016f, jak poznat pra\u017esk\u00e9 zaj\u00edmavosti, je pr\u00e1v\u011b zde.<\/p>\n\n\n\n<h2 id=\"how-long-is-the-walking-tour-of-prague\" class=\"wp-block-heading\">Jak dlouho trv\u00e1 p\u011b\u0161\u00ed prohl\u00eddka Prahy?<\/h2>\n\n\n\n<p><strong>P\u011b\u0161\u00ed prohl\u00eddky v Praze<\/strong> si v posledn\u00edch letech z\u00edskaly na oblib\u011b, proto\u017ee nab\u00edzej\u00ed n\u00e1v\u0161t\u011bvn\u00edk\u016fm levn\u00fd a m\u00edstn\u00ed zp\u016fsob, jak si prohl\u00e9dnout m\u011bsto.<\/p>\n\n\n\n<p><strong>P\u011b\u0161\u00ed prohl\u00eddka Prahy<\/strong> trv\u00e1 p\u0159ibli\u017en\u011b 2,5 hodiny. \u010casov\u00fd r\u00e1mec v\u0161ak nen\u00ed p\u0159esn\u011b stanoven, tak\u017ee si m\u016f\u017eete vz\u00edt tolik \u010dasu, kolik pot\u0159ebujete.<\/p>\n\n\n\n<h2 id=\"which-is-the-best-month-for-walking-tours\" class=\"wp-block-heading\">Kter\u00fd m\u011bs\u00edc je nejlep\u0161\u00ed pro p\u011b\u0161\u00ed v\u00fdlety<\/h2>\n\n\n\n<p>V\u00fdletem do m\u011bsta neud\u011bl\u00e1te chybu v \u017e\u00e1dn\u00e9m ro\u010dn\u00edm obdob\u00ed, a\u010dkoli <a href=\"https:\/\/prague.org\/cs\/pruvodce-prazskym-pocasim-po-mesicich\/\">jaro a podzim v Praze <\/a>nab\u00edz\u00ed nejp\u0159\u00edjemn\u011bj\u0161\u00ed po\u010das\u00ed pro p\u011b\u0161\u00ed v\u00fdlety. Teploty jsou obvykle p\u0159\u00edjemn\u00e9 a davy lid\u00ed jsou men\u0161\u00ed ne\u017e na vrcholu roku. <a href=\"https:\/\/prague.org\/cs\/praha-v-lete-pruvodce-na-nezapomenutelne-zazitky\/\" data-type=\"URL\" data-id=\"https:\/\/prague.org\/prague-in-summer-your-guide-to-a-memorable-experience\/\">l\u00e9to<\/a>.&nbsp;<\/p>\n\n\n\n<p>Pra\u017esk\u00e9 parky se na ja\u0159e p\u0159edstavuj\u00ed v cel\u00e9 sv\u00e9 kr\u00e1se. Napl\u00e1nov\u00e1n\u00edm cesty v tomto obdob\u00ed je mo\u017en\u00e9 u\u0161et\u0159it na cestovn\u00e9m a ubytov\u00e1n\u00ed. Podzim je tak\u00e9 skv\u011bl\u00fdm obdob\u00edm, kdy si m\u016f\u017eete ud\u011blat \u010das a prohl\u00e9dnout si, co Praha nab\u00edz\u00ed.<\/p>\n\n\n\n<h2 id=\"what-are-the-advantages-of-walking-tours\" class=\"wp-block-heading\">Jak\u00e9 jsou v\u00fdhody p\u011b\u0161\u00edch v\u00fdlet\u016f<\/h2>\n\n\n\n<div data-gyg-href=\"https:\/\/widget.getyourguide.com\/default\/activities.frame\" data-gyg-locale-code=\"en-US\" data-gyg-widget=\"activities\" data-gyg-number-of-items=\"3\" data-gyg-cmp=\"freetours\" data-gyg-partner-id=\"U94OQGQ\" data-gyg-tour-ids=\"63988,470619,51182\"><\/div>\n\n\n\n<h3 id=\"its-the-most-practical-way-to-view-the-city\" class=\"wp-block-heading\">Je to nejprakti\u010dt\u011bj\u0161\u00ed zp\u016fsob, jak si prohl\u00e9dnout m\u011bsto.<\/h3>\n\n\n\n<p>Zd\u00e1 se, \u017ee nab\u00eddka v\u00fdlet\u016f se st\u00e1le roz\u0161i\u0159uje, od vozidel p\u0159es kola, taxi a\u017e po vlaky. P\u011b\u0161\u00ed prohl\u00eddka je nejlep\u0161\u00edm zp\u016fsobem, jak si prohl\u00e9dnout m\u011bsto, navzdory v\u00fdhod\u00e1m jin\u00fdch druh\u016f dopravy. Pro\u010d? B\u011bhem p\u011b\u0161\u00edho v\u00fdletu lze vid\u011bt a za\u017e\u00edt v\u00edce ne\u017e p\u0159i jak\u00e9mkoli jin\u00e9m.&nbsp;<\/p>\n\n\n\n<h3 id=\"walks-are-inspiring-and-nourishing-to-the-spirit\" class=\"wp-block-heading\">Proch\u00e1zky jsou inspiruj\u00edc\u00ed a posiluj\u00edc\u00ed pro ducha<\/h3>\n\n\n\n<p>Cestovatel\u00e9 za\u017e\u00edvaj\u00ed hlubok\u00fd pocit \u00fa\u017easu, kdy\u017e sv\u00fdm vlastn\u00edm tempem nas\u00e1vaj\u00ed n\u00e1dheru p\u0159\u00edrody. Dojemn\u00fdm z\u00e1\u017eitkem m\u016f\u017ee b\u00fdt i to, \u017ee si od znal\u00e9ho a poutav\u00e9ho pr\u016fvodce vyslechnete informace o historii oblasti, kterou proch\u00e1z\u00edte, a o lidech, kte\u0159\u00ed v n\u00ed \u017eili.&nbsp;<\/p>\n\n\n\n<h3 id=\"walking-tours-are-cost-effective\" class=\"wp-block-heading\">P\u011b\u0161\u00ed v\u00fdlety jsou cenov\u011b v\u00fdhodn\u00e9<\/h3>\n\n\n\n<p>P\u011b\u0161\u00ed v\u00fdlety jsou cenov\u011b v\u00fdhodn\u011bj\u0161\u00ed ne\u017e jin\u00e9 druhy cestov\u00e1n\u00ed, nap\u0159\u00edklad pron\u00e1jem auta nebo j\u00edzda autobusem \u010di vlakem, proto\u017ee se pohybujete po vlastn\u00edch noh\u00e1ch.&nbsp;<\/p>\n\n\n\n<h3 id=\"walking-is-a-good-way-to-maintain-physical-fitness\" class=\"wp-block-heading\">Ch\u016fze je dobr\u00fd zp\u016fsob, jak si udr\u017eet fyzickou kondici<\/h3>\n\n\n\n<p>Ch\u016fze m\u00e1 n\u011bkolik pozitivn\u00edch \u00fa\u010dink\u016f, mimo jin\u00e9 posiluje kosti a svaly, zlep\u0161uje rovnov\u00e1hu, sni\u017euje mno\u017estv\u00ed t\u011blesn\u00e9ho tuku, sni\u017euje riziko onemocn\u011bn\u00ed a zm\u00edr\u0148uje \u00fazkost a stres.&nbsp;<\/p>\n\n\n\n<h2 id=\"the-best-walking-tour-in-prague\" class=\"wp-block-heading\">Nejlep\u0161\u00ed p\u011b\u0161\u00ed prohl\u00eddka v Praze<\/h2>\n\n\n\n<h3 id=\"wwii-tour-of-prague\" class=\"wp-block-heading\"><a href=\"https:\/\/www.freetour.com\/prague\/free-ww-tour?utm_source=google&amp;utm_medium=cpc&amp;utm_campaign=Prague_ENG&amp;utm_term=&amp;gclid=Cj0KCQjwmtGjBhDhARIsAEqfDEfsfub3h2OsN_w33DyWYDyCCOYTPRhj9j7osVA7hNwhecm_wp-6rhwaAgazEALw_wcB\" rel=\"nofollow noopener\">Prohl\u00eddka Prahy za 2. sv\u011btov\u00e9 v\u00e1lky<\/a><\/h3>\n\n\n\n<p>Zjist\u011bte v\u00edce o<a href=\"https:\/\/prague.org\/cs\/o-nacisticke-okupaci-prahy-tedy-asi-ted\/\"> Nacistick\u00e1 okupace<\/a> \u010desk\u00e9ho hlavn\u00edho m\u011bsta b\u011bhem t\u00e9to pou\u010dn\u00e9 a bezplatn\u00e9 p\u011b\u0161\u00ed prohl\u00eddky. D\u016fraz bude kladen na obdob\u00ed od z\u00e1\u0159\u00ed 1938 do kv\u011btna 1945, kter\u00e9 bylo nejhor\u0161\u00ed v d\u011bjin\u00e1ch Prahy.<\/p>\n\n\n\n<h4 id=\"highlights\" class=\"wp-block-heading\">Nejd\u016fle\u017eit\u011bj\u0161\u00ed informace<\/h4>\n\n\n\n<ul>\n<li>B\u011bhem 2,5 hodiny se dozv\u00edte o jedn\u00e9 z nejbou\u0159liv\u011bj\u0161\u00edch epoch Prahy.&nbsp;<\/li>\n\n\n\n<li>Dozv\u00edte se, pro\u010d Hitler napadl \u010ceskoslovensko je\u0161t\u011b p\u0159ed ofici\u00e1ln\u00edm za\u010d\u00e1tkem druh\u00e9 sv\u011btov\u00e9 v\u00e1lky v roce 1939.<\/li>\n\n\n\n<li>Zjist\u011bte, pro\u010d byla \u010cesk\u00e1 republika pro T\u0159et\u00ed \u0159\u00ed\u0161i tak d\u016fle\u017eit\u00e1.<\/li>\n\n\n\n<li>Zjist\u011bte, pro\u010d Praha nebyla napadena tak tvrd\u011b jako jin\u00e1 evropsk\u00e1 hlavn\u00ed m\u011bsta.&nbsp;<\/li>\n\n\n\n<li>Objevte znepokojivou historii <a href=\"https:\/\/prague.org\/cs\/world-war-ii-in-prague-tour\/\">Praha za druh\u00e9 sv\u011btov\u00e9 v\u00e1lky<\/a> s pomoc\u00ed rodil\u00e9ho pr\u016fvodce.<\/li>\n\n\n\n<li>Odhalte velk\u00e9 \u010diny a srdcervouc\u00ed ztr\u00e1ty \u010desk\u00e9ho n\u00e1roda.<\/li>\n<\/ul>\n\n\n\n<h4 id=\"what-is-included\" class=\"wp-block-heading\">Co je zahrnuto v cen\u011b<\/h4>\n\n\n\n<ul>\n<li>Pr\u016fvodce pro rodil\u00e9 mluv\u010d\u00ed<\/li>\n\n\n\n<li>Zastavte se u kostela svat\u00e9ho Cyrila a Metod\u011bje, kde \u010de\u0161t\u00ed para\u0161utist\u00e9 postavili sv\u016fj posledn\u00ed \u0161pal\u00edr<\/li>\n<\/ul>\n\n\n\n<h3 id=\"explorations-of-the-old-city-and-the-jewish-district\" class=\"wp-block-heading\"><a href=\"https:\/\/www.freetour.com\/prague\/prague-from-middle-ages-to-rocknroll-free-tour\" rel=\"nofollow noopener\">Prohl\u00eddka Star\u00e9ho m\u011bsta a \u017eidovsk\u00e9 \u010dtvrti<\/a><\/h3>\n\n\n\n<figure class=\"wp-block-image size-full\"><img decoding=\"async\" width=\"939\" height=\"625\" src=\"https:\/\/prague.org\/wp-content\/uploads\/2023\/06\/martin-martz-X-kv-kv2lc-unsplash.jpg\" alt=\"V\u011b\u017e na pr\u00e1\u0161ek\" class=\"wp-image-9699\" srcset=\"https:\/\/prague.org\/wp-content\/uploads\/2023\/06\/martin-martz-X-kv-kv2lc-unsplash.jpg 939w, https:\/\/prague.org\/wp-content\/uploads\/2023\/06\/martin-martz-X-kv-kv2lc-unsplash-600x399.jpg 600w, https:\/\/prague.org\/wp-content\/uploads\/2023\/06\/martin-martz-X-kv-kv2lc-unsplash-300x200.jpg 300w, https:\/\/prague.org\/wp-content\/uploads\/2023\/06\/martin-martz-X-kv-kv2lc-unsplash-768x511.jpg 768w, https:\/\/prague.org\/wp-content\/uploads\/2023\/06\/martin-martz-X-kv-kv2lc-unsplash-18x12.jpg 18w, https:\/\/prague.org\/wp-content\/uploads\/2023\/06\/martin-martz-X-kv-kv2lc-unsplash-380x253.jpg 380w, https:\/\/prague.org\/wp-content\/uploads\/2023\/06\/martin-martz-X-kv-kv2lc-unsplash-800x532.jpg 800w\" sizes=\"(max-width: 939px) 100vw, 939px\" \/><figcaption class=\"wp-element-caption\">V\u011b\u017e na pr\u00e1\u0161ek<\/figcaption><\/figure>\n\n\n\n<p>Tato prohl\u00eddka je jednou z nejlep\u0161\u00edch<strong> bezplatn\u00e9 p\u011b\u0161\u00ed prohl\u00eddky Prahy<\/strong>. B\u011bhem hodiny si prohl\u00e9dnete \u017eidovskou \u010dtvr\u0165 a historick\u00e9 Star\u00e9 M\u011bsto pra\u017esk\u00e9. Ur\u010dit\u011b byste si m\u011bli prohl\u00e9dnout Star\u00fd \u017eidovsk\u00fd h\u0159bitov, Obecn\u00ed d\u016fm, \u00fa\u017easn\u00fd orloj a dal\u0161\u00ed pam\u00e1tky!<\/p>\n\n\n\n<h4 id=\"highlights-2\" class=\"wp-block-heading\">Nejd\u016fle\u017eit\u011bj\u0161\u00ed informace<\/h4>\n\n\n\n<ul>\n<li>Prozkoumejte nest\u00e1rnouc\u00ed a \u010dasto temnou historii Prahy b\u011bhem pou\u010dn\u00e9 p\u011b\u0161\u00ed prohl\u00eddky Star\u00e9ho M\u011bsta a historick\u00e9 \u017eidovsk\u00e9 \u010dtvrti.<\/li>\n\n\n\n<li>Zjist\u011bte, jak\u00e9 jsou p\u0159\u00edb\u011bhy domovn\u00edch znamen\u00ed a soch Pra\u0161n\u00e9 br\u00e1ny.&nbsp;<\/li>\n\n\n\n<li>Nav\u0161tivte radnici a obdivujte exteri\u00e9r kostela sv. Mikul\u00e1\u0161e.&nbsp;<\/li>\n\n\n\n<li>Prohl\u00e9dn\u011bte si orloj na Starom\u011bstsk\u00e9m n\u00e1m\u011bst\u00ed.<\/li>\n\n\n\n<li>Nav\u0161tivte centrum Star\u00e9ho m\u011bsta a pot\u00e9 se vydejte do starobyl\u00e9ho \u017eidovsk\u00e9ho ghetta, kde v\u00e1s pr\u016fvodce pobav\u00ed podivn\u00fdmi p\u0159\u00edb\u011bhy o slavn\u00e9 p\u0159\u00ed\u0161e\u0159e Golemovi Rabi Loewovi.<\/li>\n\n\n\n<li>Diskutujte o \u017eidovsk\u00fdch zvyc\u00edch a ritu\u00e1lech a p\u0159ipome\u0148te si d\u00edlo a \u017eivot \u017eidovsk\u00e9ho spisovatele Franze Kafky.<\/li>\n\n\n\n<li>Prohl\u00e9dn\u011bte si synagogy ve m\u011bst\u011b, zejm\u00e9na nejstar\u0161\u00ed v Evrop\u011b.&nbsp;<\/li>\n\n\n\n<li>Zjist\u011bte, kde bylo postaveno Centrum \u017eidovsk\u00e9 obce.&nbsp;<\/li>\n\n\n\n<li>Vydejte se na Star\u00fd \u017eidovsk\u00fd h\u0159bitov, kde se dozv\u00edte v\u00edce o po\u010d\u00e1tc\u00edch \u017eidovsk\u00e9 komunity v Praze.<\/li>\n<\/ul>\n\n\n\n<h4 id=\"what-is-included-2\" class=\"wp-block-heading\">Co je zahrnuto v cen\u011b<\/h4>\n\n\n\n<ul>\n<li>Prohl\u00eddka trv\u00e1 1,5 hodiny<\/li>\n\n\n\n<li>Voliteln\u00fd vstup do \u017didovsk\u00e9ho muzea<\/li>\n\n\n\n<li>Voliteln\u00e9 vyzvednut\u00ed v hotelu<\/li>\n\n\n\n<li>Profesion\u00e1ln\u00ed pr\u016fvodce<\/li>\n<\/ul>\n\n\n\n<h3 id=\"the-castle-district-golden-lane-and-prague-castle-walking-tour\" class=\"wp-block-heading\"><a href=\"https:\/\/www.freetour.com\/prague\/prague-castle-incl-change-of-guards-with-music-band-free-tour\" rel=\"nofollow noopener\">Hradn\u00ed \u010dtvr\u0165, Zlat\u00e1 uli\u010dka a proch\u00e1zka po Pra\u017esk\u00e9m hrad\u011b<\/a><\/h3>\n\n\n\n<figure class=\"wp-block-image size-full\"><img decoding=\"async\" width=\"937\" height=\"625\" src=\"https:\/\/prague.org\/wp-content\/uploads\/2023\/06\/azamat-esmurziyev-taYklSskS88-unsplash.jpg\" alt=\"Pohled na hrad\" class=\"wp-image-9697\" srcset=\"https:\/\/prague.org\/wp-content\/uploads\/2023\/06\/azamat-esmurziyev-taYklSskS88-unsplash.jpg 937w, https:\/\/prague.org\/wp-content\/uploads\/2023\/06\/azamat-esmurziyev-taYklSskS88-unsplash-600x400.jpg 600w, https:\/\/prague.org\/wp-content\/uploads\/2023\/06\/azamat-esmurziyev-taYklSskS88-unsplash-300x200.jpg 300w, https:\/\/prague.org\/wp-content\/uploads\/2023\/06\/azamat-esmurziyev-taYklSskS88-unsplash-768x512.jpg 768w, https:\/\/prague.org\/wp-content\/uploads\/2023\/06\/azamat-esmurziyev-taYklSskS88-unsplash-18x12.jpg 18w, https:\/\/prague.org\/wp-content\/uploads\/2023\/06\/azamat-esmurziyev-taYklSskS88-unsplash-380x253.jpg 380w, https:\/\/prague.org\/wp-content\/uploads\/2023\/06\/azamat-esmurziyev-taYklSskS88-unsplash-800x534.jpg 800w\" sizes=\"(max-width: 937px) 100vw, 937px\" \/><figcaption class=\"wp-element-caption\">Pohled na hrad<\/figcaption><\/figure>\n\n\n\n<p>Tento pr\u016fvodce <a href=\"https:\/\/prague.org\/cs\/prazsky-hrad-2\/\">Pra\u017esk\u00fd hrad<\/a> je ide\u00e1ln\u00ed pro ka\u017ed\u00e9ho, kdo se chce podrobn\u011b sezn\u00e1mit s Pra\u017esk\u00fdm hradem a okoln\u00ed hradn\u00ed \u010dtvrt\u00ed. V\u00e1\u0161 rodil\u00fd pr\u016fvodce v\u00e1m porad\u00ed, jak nejl\u00e9pe str\u00e1vit \u010das.<\/p>\n\n\n\n<h4 id=\"highlights-3\" class=\"wp-block-heading\">Nejd\u016fle\u017eit\u011bj\u0161\u00ed informace&nbsp;<\/h4>\n\n\n\n<ul>\n<li>Nav\u0161tivte slavn\u00e9 pam\u00e1tky, v\u010detn\u011b chr\u00e1mu svat\u00e9ho V\u00edta a starobyl\u00e9ho kr\u00e1lovsk\u00e9ho pal\u00e1ce.<\/li>\n\n\n\n<li>B\u011bhem zhruba patn\u00e1cti a\u017e dvaceti minut z\u00edsk\u00e1te stru\u010dn\u00fd p\u0159ehled o hradu a n\u011bkolik u\u017eite\u010dn\u00fdch rad v angli\u010dtin\u011b.<\/li>\n\n\n\n<li>Projd\u011bte se hradn\u00ed \u010dtvrt\u00ed a prohl\u00e9dn\u011bte si Pra\u017esk\u00fd hrad.&nbsp;<\/li>\n\n\n\n<li>Kompletn\u00ed popis atrakc\u00ed a jejich historie&nbsp;<\/li>\n\n\n\n<li>Prohl\u00e9dn\u011bte si hradn\u00ed prvky a elegantn\u00ed hradn\u00ed \u010dtvr\u0165 v\u010detn\u011b Zlat\u00e9 uli\u010dky.<\/li>\n<\/ul>\n\n\n\n<h4 id=\"what-is-included-3\" class=\"wp-block-heading\">Co je zahrnuto v cen\u011b<\/h4>\n\n\n\n<ul>\n<li>Pr\u016fvodce pro rodil\u00e9 mluv\u010d\u00ed<\/li>\n\n\n\n<li>\u00davod a z\u00e1kladn\u00ed orientace na hrad\u011b za 15 minut<\/li>\n\n\n\n<li>Mapa oblasti<\/li>\n<\/ul>\n\n\n\n<h3 id=\"the-evening-ghost-walking-tours\" class=\"wp-block-heading\"><a href=\"https:\/\/thecreativeadventurer.com\/free-ghost-tour-of-pragues-famous-mala-strana-district\/\" rel=\"nofollow noopener\">Ve\u010dern\u00ed proch\u00e1zky s duchy<\/a><\/h3>\n\n\n\n<p>Vydejte se na prohl\u00eddku s pr\u016fvodcem po <strong>Pra\u017esk\u00e9 <\/strong><a href=\"https:\/\/prague.org\/cs\/ztratit-se-v-historicke-krase-stareho-mesta\/\"><strong>Star\u00e9 m\u011bsto<\/strong><\/a><strong> p\u011b\u0161\u00ed prohl\u00eddka<\/strong> a p\u0159ipravte se na strach. Objevte stinnou str\u00e1nku Prahy a vydejte se tam, kam se b\u011b\u017en\u00fd turista dostane jen z\u0159\u00eddka.<\/p>\n\n\n\n<h4 id=\"highlights-4\" class=\"wp-block-heading\">Nejd\u016fle\u017eit\u011bj\u0161\u00ed informace<\/h4>\n\n\n\n<ul>\n<li>Vydejte se na pr\u016fzkum \u00fazk\u00fdch uli\u010dek Prahy.<\/li>\n\n\n\n<li>Prozkoumejte zvl\u00e1\u0161tn\u00ed historii a z\u00e1hady m\u011bsta.<\/li>\n\n\n\n<li>Poslechn\u011bte si p\u0159\u00edb\u011bhy o stra\u0161idlech, kter\u00e1 \u00fadajn\u011b stra\u0161\u00ed v historick\u00e9 \u010d\u00e1sti m\u011bsta.<\/li>\n\n\n\n<li>Poslechn\u011bte si d\u011bsiv\u00e9 p\u0159\u00edb\u011bhy z minulosti, kter\u00e9 se skute\u010dn\u011b staly<\/li>\n\n\n\n<li>P\u0159ipravte se na to, \u017ee v\u00e1s stra\u0161ideln\u00e9 podsv\u011bt\u00ed m\u011bsta nadchne.<\/li>\n<\/ul>\n\n\n\n<h4 id=\"what-is-included-4\" class=\"wp-block-heading\">Co je zahrnuto v cen\u011b<\/h4>\n\n\n\n<ul>\n<li>M\u00edstn\u00ed pr\u016fvodce<\/li>\n\n\n\n<li><a href=\"https:\/\/prague.org\/cs\/zazitek-pragues-dark-past-on-a-ghost-tour\/\">P\u011b\u0161\u00ed prohl\u00eddka duch\u016f<\/a><\/li>\n<\/ul>\n\n\n\n<h2 id=\"book-a-walking-tour-today\" class=\"wp-block-heading\">Rezervujte si p\u011b\u0161\u00ed prohl\u00eddku je\u0161t\u011b dnes!<\/h2>\n\n\n\n<figure class=\"wp-block-image size-full\"><img decoding=\"async\" width=\"937\" height=\"625\" src=\"https:\/\/prague.org\/wp-content\/uploads\/2023\/06\/radek-kozak-th35Hyge32A-unsplash.jpg\" alt=\"Prohl\u00eddka Prahy\" class=\"wp-image-9700\" srcset=\"https:\/\/prague.org\/wp-content\/uploads\/2023\/06\/radek-kozak-th35Hyge32A-unsplash.jpg 937w, https:\/\/prague.org\/wp-content\/uploads\/2023\/06\/radek-kozak-th35Hyge32A-unsplash-600x400.jpg 600w, https:\/\/prague.org\/wp-content\/uploads\/2023\/06\/radek-kozak-th35Hyge32A-unsplash-300x200.jpg 300w, https:\/\/prague.org\/wp-content\/uploads\/2023\/06\/radek-kozak-th35Hyge32A-unsplash-768x512.jpg 768w, https:\/\/prague.org\/wp-content\/uploads\/2023\/06\/radek-kozak-th35Hyge32A-unsplash-18x12.jpg 18w, https:\/\/prague.org\/wp-content\/uploads\/2023\/06\/radek-kozak-th35Hyge32A-unsplash-380x253.jpg 380w, https:\/\/prague.org\/wp-content\/uploads\/2023\/06\/radek-kozak-th35Hyge32A-unsplash-800x534.jpg 800w\" sizes=\"(max-width: 937px) 100vw, 937px\" \/><figcaption class=\"wp-element-caption\">Prohl\u00eddka Prahy<\/figcaption><\/figure>\n\n\n\n<p>P\u0159i n\u00e1v\u0161t\u011bv\u011b \u010desk\u00e9ho hlavn\u00edho m\u011bsta nen\u00ed lep\u0161\u00ed zp\u016fsob, jak se zorientovat, ne\u017e si d\u00e1t starou dobrou.<strong> P\u011b\u0161\u00ed prohl\u00eddka Prahy.<\/strong> B\u011bhem n\u011bkolika hodin se dozv\u00edte mnoho zaj\u00edmav\u00e9ho o tomto \u00fachvatn\u00e9m m\u011bst\u011b, nav\u0161t\u00edv\u00edte historick\u00e9 pam\u00e1tky, poslechnete si vypr\u00e1v\u011bn\u00ed m\u00edstn\u00edch obyvatel a prozkoum\u00e1te m\u00edsta, kter\u00e1 jsou zn\u00e1m\u00e1 jen m\u00edstn\u00edm obyvatel\u016fm.&nbsp;<\/p>\n\n\n\n<p>A nejv\u011bt\u0161\u00ed \u010d\u00e1st je, \u017ee<strong> p\u011b\u0161\u00ed prohl\u00eddky Prahy <\/strong>jsou vedeny anglicky mluv\u00edc\u00edmi pr\u016fvodci, tak\u017ee m\u016f\u017eete za\u017e\u00edt<strong> nejlep\u0161\u00ed bezplatn\u00e1 p\u011b\u0161\u00ed prohl\u00eddka Prahy<\/strong>.<\/p>\n\n\n\n<div class=\"gyg-iframe-container\" style=\"margin-bottom:1.5em\"><iframe style=\"border:0;height:100%;width:100%\" title=\"Widget m\u011bsta GetYourGuide\" src=\"https:\/\/widget.getyourguide.com\/default\/city.frame?widget=wp_city&amp;iata=PRG&amp;locale_code=en-GB&amp;partner_id=U94OQGQ\"><\/iframe><\/div>","protected":false},"excerpt":{"rendered":"P\u011b\u0161\u00ed prohl\u00eddka Prahy v\u00e1s zavede k nejzn\u00e1m\u011bj\u0161\u00edm pam\u011btihodnostem m\u011bsta. A vzhledem k tomu, \u017ee se jedn\u00e1 o...","protected":false},"author":2,"featured_media":9690,"comment_status":"closed","ping_status":"closed","sticky":false,"template":"","format":"standard","meta":{"footnotes":""},"categories":[14,204,43],"tags":[55],"table_tags":[],"_links":{"self":[{"href":"https:\/\/prague.org\/cs\/wp-json\/wp\/v2\/posts\/9686"}],"collection":[{"href":"https:\/\/prague.org\/cs\/wp-json\/wp\/v2\/posts"}],"about":[{"href":"https:\/\/prague.org\/cs\/wp-json\/wp\/v2\/types\/post"}],"author":[{"embeddable":true,"href":"https:\/\/prague.org\/cs\/wp-json\/wp\/v2\/users\/2"}],"replies":[{"embeddable":true,"href":"https:\/\/prague.org\/cs\/wp-json\/wp\/v2\/comments?post=9686"}],"version-history":[{"count":7,"href":"https:\/\/prague.org\/cs\/wp-json\/wp\/v2\/posts\/9686\/revisions"}],"predecessor-version":[{"id":12468,"href":"https:\/\/prague.org\/cs\/wp-json\/wp\/v2\/posts\/9686\/revisions\/12468"}],"wp:featuredmedia":[{"embeddable":true,"href":"https:\/\/prague.org\/cs\/wp-json\/wp\/v2\/media\/9690"}],"wp:attachment":[{"href":"https:\/\/prague.org\/cs\/wp-json\/wp\/v2\/media?parent=9686"}],"wp:term":[{"taxonomy":"category","embeddable":true,"href":"https:\/\/prague.org\/cs\/wp-json\/wp\/v2\/categories?post=9686"},{"taxonomy":"post_tag","embeddable":true,"href":"https:\/\/prague.org\/cs\/wp-json\/wp\/v2\/tags?post=9686"},{"taxonomy":"table_tags","embeddable":true,"href":"https:\/\/prague.org\/cs\/wp-json\/wp\/v2\/table_tags?post=9686"}],"curies":[{"name":"wp","href":"https:\/\/api.w.org\/{rel}","templated":true}]}}