{"id":11702,"date":"2023-10-20T16:54:25","date_gmt":"2023-10-20T14:54:25","guid":{"rendered":"https:\/\/prague.org\/?p=11702"},"modified":"2023-11-10T12:14:53","modified_gmt":"2023-11-10T10:14:53","slug":"what-is-the-time-in-prague","status":"publish","type":"post","link":"https:\/\/prague.org\/da\/hvad-er-tiden-i-prag\/","title":{"rendered":"Hvad er klokken i Prag: Se den aktuelle tid i Tjekkiet"},"content":{"rendered":"<p>At vide <strong>Hvad er klokken i Prag?<\/strong> er afg\u00f8rende, hvis du planl\u00e6gger at bes\u00f8ge byen eller har brug for at koordinere med kolleger. Historien, arkitekturen og befolkningen i denne centraleurop\u00e6iske juvel er virkelig bem\u00e6rkelsesv\u00e6rdig. Ved <strong>Hvad er klokken i Prag?<\/strong> f\u00f8r du ankommer, s\u00e5 du kan f\u00e5 mest muligt ud af din tid i byen.<\/p>\n\n\n\n<p>Uanset om du er lokal, bes\u00f8gende eller forretningsdrivende, er det vigtigt at holde styr p\u00e5 de <strong>tid i Prag<\/strong> er afg\u00f8rende for at holde tidsplanen, komme rundt, kende<a href=\"https:\/\/prague.org\/da\/vejret-i-prag\/\"> hvordan vejret er i Prag,<\/a> og holde kontakten med resten af verden. Den vil hj\u00e6lpe dig med at f\u00e5 det bedste ud af din tid i denne fantastiske europ\u00e6iske by og g\u00f8re din tur til Prag til mere end blot en forbig\u00e5ende interesse.<\/p>\n\n\n\n<p>I dag kan du ubesv\u00e6ret v\u00e6re synkroniseret med <strong>Tid i Prag<\/strong> gennem din foretrukne smartenhed, da de fleste smartphones, tablets og pc'er automatisk tilpasser sig den lokale tid. Uanset om du bruger webv\u00e6rkt\u00f8jer, smartphone-apps eller traditionelle metoder som v\u00e6gure og armb\u00e5ndsure, sikrer \"What is the Time in Prague?\", at du opdager den aktuelle tid i Tjekkiet, mens du afsl\u00f8rer de vigtige <a href=\"https:\/\/prague.org\/da\/tjekkisk-republik-kode-telefon\/\" data-type=\"link\" data-id=\"https:\/\/prague.org\/czech-republic-code-phone\/\">Kode til opkald til Tjekkiet<\/a>.<\/p>\n\n\n\n<h2 id=\"what-is-the-time-zone-of-prague\" class=\"wp-block-heading\">Hvad er tidszonen i Prag?<\/h2>\n\n\n\n<figure class=\"wp-block-image size-large\"><img decoding=\"async\" width=\"1024\" height=\"683\" src=\"https:\/\/prague.org\/wp-content\/uploads\/2023\/10\/luke-chesser-rCOWMC8qf8A-unsplash-1-1-1024x683.jpg\" alt=\"Tid i Prag\" class=\"wp-image-11704\" srcset=\"https:\/\/prague.org\/wp-content\/uploads\/2023\/10\/luke-chesser-rCOWMC8qf8A-unsplash-1-1-1024x683.jpg 1024w, https:\/\/prague.org\/wp-content\/uploads\/2023\/10\/luke-chesser-rCOWMC8qf8A-unsplash-1-1-300x200.jpg 300w, https:\/\/prague.org\/wp-content\/uploads\/2023\/10\/luke-chesser-rCOWMC8qf8A-unsplash-1-1-768x512.jpg 768w, https:\/\/prague.org\/wp-content\/uploads\/2023\/10\/luke-chesser-rCOWMC8qf8A-unsplash-1-1-1536x1024.jpg 1536w, https:\/\/prague.org\/wp-content\/uploads\/2023\/10\/luke-chesser-rCOWMC8qf8A-unsplash-1-1-2048x1365.jpg 2048w, https:\/\/prague.org\/wp-content\/uploads\/2023\/10\/luke-chesser-rCOWMC8qf8A-unsplash-1-1-18x12.jpg 18w, https:\/\/prague.org\/wp-content\/uploads\/2023\/10\/luke-chesser-rCOWMC8qf8A-unsplash-1-1-380x253.jpg 380w, https:\/\/prague.org\/wp-content\/uploads\/2023\/10\/luke-chesser-rCOWMC8qf8A-unsplash-1-1-800x533.jpg 800w, https:\/\/prague.org\/wp-content\/uploads\/2023\/10\/luke-chesser-rCOWMC8qf8A-unsplash-1-1-1160x773.jpg 1160w, https:\/\/prague.org\/wp-content\/uploads\/2023\/10\/luke-chesser-rCOWMC8qf8A-unsplash-1-1-600x400.jpg 600w, https:\/\/prague.org\/wp-content\/uploads\/2023\/10\/luke-chesser-rCOWMC8qf8A-unsplash-1-1-scaled.jpg 2560w\" sizes=\"(max-width: 1024px) 100vw, 1024px\" \/><figcaption class=\"wp-element-caption\">Tid i Prag<\/figcaption><\/figure>\n\n\n\n<p>P\u00e5 grund af sin centrale placering i Europa f\u00f8lger Tjekkiet centraleurop\u00e6isk tid (CET), n\u00e5r sommertiden ikke er i kraft. For at drage fordel af det ekstra lys om natten under sommertid skifter landet til centraleurop\u00e6isk sommertid (CEST) mellem den sidste s\u00f8ndag i marts og den sidste s\u00f8ndag i oktober. Ved at foretage denne \u00e6ndring forbliver Prag synkroniseret med resten af verden, som f\u00f8lger denne fremgangsm\u00e5de for at maksimere effektiviteten.<\/p>\n\n\n\n<p>Da Prag er hovedstad og den st\u00f8rste by i Tjekkiet, bruger den samme tidszone som resten af landet. Det er vigtigt at vide <strong>hvad er klokken i Tjekkiet<\/strong> uanset om du bes\u00f8ger historiske steder, g\u00f8r forretninger eller bare tager del i byens kulturelle tilbud. <a href=\"https:\/\/prague.org\/da\/hvordan-er-vejret-i-oktober-i-prag\/\">Vejret i oktober<\/a> er vigtig, is\u00e6r hvis du planl\u00e6gger en rejse i denne m\u00e5ned.<\/p>\n\n\n\n<h2 id=\"what-time-is-it-in-prague-czech-republic-prague-time-now\" class=\"wp-block-heading\">Hvad er klokken i Prag, Tjekkiet - Prag-tid nu?<\/h2>\n\n\n\n\n\t\t\t\t\n\t\t\t\t<div class=\"mx-localize-time\">\n\n\t\t\t\t\t\t\t\t\t\n\t\t\t\t\t\t<div class='mx-clock-europe-prague337 mx-clock-live-el'\n\t\t\t\t\t\t\tdata-bg-img-url='https:\/\/prague.org\/wp-content\/plugins\/mx-time-zone-clocks\/includes\/admin\/assets\/img\/clock-face21.png'\n\t\t\t\t\t\t\tdata-time_zone='Europe\/Prague'\n\t\t\t\t\t\t\tdata-city_name='Prague'\n\t\t\t\t\t\t\tdata-date_format='24'\n\t\t\t\t\t\t\tdata-digital_clock='false'\n\t\t\t\t\t\t\tdata-lang='en'\n\t\t\t\t\t\t\tdata-lang_for_date='en'\n\t\t\t\t\t\t\tdata-show_days='true'\n\t\t\t\t\t\t\tdata-showsecondhand='true'\n\t\t\t\t\t\t\tdata-arrow_type='classical'\n\t\t\t\t\t\t\tdata-super_simple='false'\n\t\t\t\t\t\t\tdata-arrows_color='white'\n\t\t\t\t\t\t><\/div>\n\n\t\t\t\t\t\n\t\t\t\t<\/div>\n\n\t\t\t\n\n\n\n<p>Tjekkiet ligger midt i Europa og deler gr\u00e6nser med Tyskland mod vest, \u00d8strig mod syd, Slovakiet mod \u00f8st og Polen mod nord\u00f8st. Landets hovedstad, Prag, ligger i hjertet af det B\u00f8hmiske Bassin, omtrent p\u00e5 samme breddegrad som Frankfurt eller Paris. Den fysiske placering er selvf\u00f8lgelig en afg\u00f8rende faktor for tidsstandarden.<\/p>\n\n\n\n<p>Bem\u00e6rk venligst, at den lokale<strong> tid i Prag<\/strong>Tjekkiet er baseret p\u00e5 den centraleurop\u00e6iske standardtid eller den centraleurop\u00e6iske sommertid. Desuden er 24-timers formatet mere almindeligt end 12-timers. S\u00e5 hvis du er vant til \"a.m. \/ p.m.\"-metoden, skal du ikke bekymre dig om at blive forvirret. I 24-timers systemet bliver 1 p.m. til 13:00 og 1 a.m. til 01:00.<\/p>\n\n\n\n<div data-gyg-href=\"https:\/\/widget.getyourguide.com\/default\/city.frame\" data-gyg-location-id=\"10\" data-gyg-locale-code=\"en-US\" data-gyg-widget=\"city\" data-gyg-partner-id=\"U94OQGQ\"><\/div>","protected":false},"excerpt":{"rendered":"Det er vigtigt at vide, hvad klokken er i Prag, hvis du har planer om at bes\u00f8ge byen, eller...","protected":false},"author":2,"featured_media":11703,"comment_status":"closed","ping_status":"closed","sticky":false,"template":"","format":"standard","meta":{"footnotes":""},"categories":[204,14,46],"tags":[49],"table_tags":[],"_links":{"self":[{"href":"https:\/\/prague.org\/da\/wp-json\/wp\/v2\/posts\/11702"}],"collection":[{"href":"https:\/\/prague.org\/da\/wp-json\/wp\/v2\/posts"}],"about":[{"href":"https:\/\/prague.org\/da\/wp-json\/wp\/v2\/types\/post"}],"author":[{"embeddable":true,"href":"https:\/\/prague.org\/da\/wp-json\/wp\/v2\/users\/2"}],"replies":[{"embeddable":true,"href":"https:\/\/prague.org\/da\/wp-json\/wp\/v2\/comments?post=11702"}],"version-history":[{"count":8,"href":"https:\/\/prague.org\/da\/wp-json\/wp\/v2\/posts\/11702\/revisions"}],"predecessor-version":[{"id":12017,"href":"https:\/\/prague.org\/da\/wp-json\/wp\/v2\/posts\/11702\/revisions\/12017"}],"wp:featuredmedia":[{"embeddable":true,"href":"https:\/\/prague.org\/da\/wp-json\/wp\/v2\/media\/11703"}],"wp:attachment":[{"href":"https:\/\/prague.org\/da\/wp-json\/wp\/v2\/media?parent=11702"}],"wp:term":[{"taxonomy":"category","embeddable":true,"href":"https:\/\/prague.org\/da\/wp-json\/wp\/v2\/categories?post=11702"},{"taxonomy":"post_tag","embeddable":true,"href":"https:\/\/prague.org\/da\/wp-json\/wp\/v2\/tags?post=11702"},{"taxonomy":"table_tags","embeddable":true,"href":"https:\/\/prague.org\/da\/wp-json\/wp\/v2\/table_tags?post=11702"}],"curies":[{"name":"wp","href":"https:\/\/api.w.org\/{rel}","templated":true}]}}