{"id":11983,"date":"2023-11-15T11:28:09","date_gmt":"2023-11-15T09:28:09","guid":{"rendered":"https:\/\/prague.org\/?p=11983"},"modified":"2023-11-15T15:43:42","modified_gmt":"2023-11-15T13:43:42","slug":"czech-photographer-josef-sudek","status":"publish","type":"post","link":"https:\/\/prague.org\/da\/tjekkisk-fotograf-josef-sudek\/","title":{"rendered":"Josef Sudeks lysende verden"},"content":{"rendered":"<p><strong>Den tjekkiske fotograf Josef Sudek<\/strong>, ofte kaldt \"Poeten fra Prag\", var en fotograf, hvis kunst efterlod en uudslettelig effekt p\u00e5 fotografiets verden. Hans fotografier har en surrealistisk, overjordisk kvalitet, og han har ry for at have et poetisk \u00f8je. P\u00e5 grund af hans evne til at oph\u00f8je det hverdagsagtige til det sublime, <strong>Den tjekkiske fotograf Josef Sudek<\/strong> betragtes som en legendarisk figur i fotografiets historie, is\u00e6r inden for tjekkisk kunst.<\/p>\n\n\n\n<p>Vi inviteres til at dykke ned i den mystiske sk\u00f8nhed, som Sudek indfangede og formede til evig tid gennem sin us\u00e6dvanlige tilgang til fotografering og den fordybende oplevelse, som hans galleri giver.<\/p>\n\n\n\n<p>Fotografer i dag henter fortsat motivation fra Josef Sudek, hvis arbejde har inspireret generationer til at se verden gennem mere lyriske linser og finde undren i det dagligdags.<\/p>\n\n\n\n<h2 id=\"the-artistic-vision-of-josef-sudek\" class=\"wp-block-heading\">Josef Sudeks kunstneriske vision&nbsp;<\/h2>\n\n\n\n<p>Josef Sudeks kunstneriske vision var s\u00e5 ekspansiv, at den gik langt ud over fotografiets normer. Sudeks liv, is\u00e6r F\u00f8rste Verdenskrig, formede hans kunst. Hans h\u00f8jre arm blev amputeret under konflikten, hvilket kan have afskr\u00e6kket andre. Sudeks fotografiske passion og beslutsomhed sejrede. Han reagerede p\u00e5 sine fysiske begr\u00e6nsninger ved at skabe sin egen fotografiske stil.<\/p>\n\n\n\n<p><strong>Den tjekkiske fotograf Josef Sudek<\/strong>'s evne til at g\u00f8re det hverdagsagtige ekstraordin\u00e6rt var central for hans kunst. Hans malerier viste generelt almindelige ting, stilleben og lokale omgivelser. Sudek var kendt for sin omhyggelighed og evne til at finde sk\u00f8nhed i det hverdagsagtige. Sudek fandt magi i hverdagsobjekter som frugtsk\u00e5le, vaser og ting fra arbejdsbordet.<\/p>\n\n\n\n<p>Sudeks k\u00e6rlighed til <a href=\"http:\/\/prague.org\/da\/\" data-type=\"link\" data-id=\"http:\/\/prague.org\/\">Prag<\/a>Prag, hvor han boede det meste af sit liv, formede hans kunst. Hans Prag-fotos er visuelle digte, der indfanger byens sj\u00e6l. Sudek fangede Prags konstant skiftende stemninger og atmosf\u00e6rer perfekt. Han fotograferede hovedstaden i forskelligt vejr og p\u00e5 forskellige tidspunkter af dagen for at vise dens evige sk\u00f8nhed. Hans Prag-fotos, som brugte naturligt lys til at skabe en \u00e6terisk f\u00f8lelse, viste hans evner inden for lys og skygge.<\/p>\n\n\n\n<h2 id=\"josef-sudek-and-the-art-of-capturing-light\" class=\"wp-block-heading\">Josef Sudek og kunsten at indfange lys<\/h2>\n\n\n\n<p>Lysets forvandlende effekt var central i Sudeks kunst. Lad os diskutere, hvordan han fangede den.<\/p>\n\n\n\n<h3 id=\"the-play-of-natural-light\" class=\"wp-block-heading\">Det naturlige lys' spil<\/h3>\n\n\n\n<p><strong>Josef Sudek fotografering<\/strong> ekspertise var et resultat af hans interesse for naturligt lys. Han elskede at se <a href=\"https:\/\/prague.org\/da\/guide-til-prag-vejr-for-maneder\/\" data-type=\"link\" data-id=\"https:\/\/prague.org\/guide-to-prague-weather-by-month\/\">\u00e5rstider<\/a> og hvordan solskin passerede gennem tr\u00e6er, kastede skygger og oplyste motiver. Hans tidlige fotos var surrealistiske p\u00e5 grund af det bl\u00f8de, diffuse lys fra tr\u00e6er eller gardiner.<\/p>\n\n\n\n<h3 id=\"window-panes-as-signatures\" class=\"wp-block-heading\">Vinduesruder som signaturer<\/h3>\n\n\n\n<p>Sudek arbejdede med rudemotivet, som han udnyttede effektivt. Hans billeder viste vinduesruder som lyshindringer og lysledere. Disse detaljerede skyggem\u00f8nstre lod ham indfange scenen uden for glasset. Sudeks rudeserie symboliserede forholdet mellem inde og ude, mellem det synlige og det skjulte.<\/p>\n\n\n\n<h3 id=\"magic-in-the-dark\" class=\"wp-block-heading\">Magi i m\u00f8rket<\/h3>\n\n\n\n<p>Sudek var ekspert i m\u00f8rkekammeret og fotograf. Hans trykekspertise gav ham mulighed for at styre lys og skygge i sine fotos. Hans store toneomfang og rige visuelle udtryk blev opn\u00e5et ved hj\u00e6lp af flere trykmetoder. Hans omhyggelige arbejde i m\u00f8rkekammeret afspejlede hans malerier.<\/p>\n\n\n\n<h3 id=\"the-sparkling-city-of-prague\" class=\"wp-block-heading\">Den funklende by Prag<\/h3>\n\n\n\n<p>Hans livslange hjem, Prag, inspirerede Sudek. Sudek indfangede Prags forskellige stemninger og atmosf\u00e6rer i sine fotos. Han tog billeder af byen p\u00e5 forskellige tidspunkter af dagen og lod lyset definere hvert billede. Sudeks Prag var oplyst af daggryets rolige gader og nattens \u00e6teriske gadelygter.<\/p>\n\n\n\n<h2 id=\"elegance-in-enigmatic-still-life-photography\" class=\"wp-block-heading\">Elegance i g\u00e5defuld fotografering af stilleben&nbsp;<\/h2>\n\n\n\n<p>Josef Sudeks evne til at fange den mystiske sk\u00f8nhed i almindelige genstande i sine stillebenfotografier er et bevis p\u00e5 hans kunstneriske ynde. De, der er heldige nok til at se <strong>Josef Sudek's<\/strong><strong> Stilleben <\/strong>kompositioner bliver konstant betaget og inspireret af hans billeder, som udfordrer beskueren til at v\u00e6rds\u00e6tte den sk\u00f8nhed og mystik, der findes i verden omkring os.<\/p>\n\n\n\n<h2 id=\"exploring-sudeks-lens-and-gallery\" class=\"wp-block-heading\">P\u00e5 opdagelse i Sudeks linse og galleri<\/h2>\n\n\n\n<p><strong>Den tjekkiske fotograf Josef Sudek<\/strong> brugte sin linse til at g\u00f8re det hverdagsagtige spektakul\u00e6rt. Flere vigtige tr\u00e6k kendetegnede hans tilgang til fotografiet:<\/p>\n\n\n\n<ul>\n<li>Beherskelse af lys<\/li>\n\n\n\n<li>Opm\u00e6rksomhed p\u00e5 detaljer<\/li>\n\n\n\n<li>Elegance og poesi<\/li>\n<\/ul>\n\n\n\n<p>De, der bes\u00f8ger <strong>Josef Sudek-galleriet<\/strong> i Prag bydes velkommen i en \u00e6terisk atmosf\u00e6re, hvor de fuldt ud kan opleve fotografens arbejde.<\/p>","protected":false},"excerpt":{"rendered":"Den tjekkiske fotograf Josef Sudek, ofte kaldt \"Prags poet\", var en fotograf, hvis kunst efterlod et uudsletteligt...","protected":false},"author":2,"featured_media":11984,"comment_status":"closed","ping_status":"closed","sticky":false,"template":"","format":"standard","meta":{"footnotes":""},"categories":[15,204,39],"tags":[49],"table_tags":[],"_links":{"self":[{"href":"https:\/\/prague.org\/da\/wp-json\/wp\/v2\/posts\/11983"}],"collection":[{"href":"https:\/\/prague.org\/da\/wp-json\/wp\/v2\/posts"}],"about":[{"href":"https:\/\/prague.org\/da\/wp-json\/wp\/v2\/types\/post"}],"author":[{"embeddable":true,"href":"https:\/\/prague.org\/da\/wp-json\/wp\/v2\/users\/2"}],"replies":[{"embeddable":true,"href":"https:\/\/prague.org\/da\/wp-json\/wp\/v2\/comments?post=11983"}],"version-history":[{"count":4,"href":"https:\/\/prague.org\/da\/wp-json\/wp\/v2\/posts\/11983\/revisions"}],"predecessor-version":[{"id":12038,"href":"https:\/\/prague.org\/da\/wp-json\/wp\/v2\/posts\/11983\/revisions\/12038"}],"wp:featuredmedia":[{"embeddable":true,"href":"https:\/\/prague.org\/da\/wp-json\/wp\/v2\/media\/11984"}],"wp:attachment":[{"href":"https:\/\/prague.org\/da\/wp-json\/wp\/v2\/media?parent=11983"}],"wp:term":[{"taxonomy":"category","embeddable":true,"href":"https:\/\/prague.org\/da\/wp-json\/wp\/v2\/categories?post=11983"},{"taxonomy":"post_tag","embeddable":true,"href":"https:\/\/prague.org\/da\/wp-json\/wp\/v2\/tags?post=11983"},{"taxonomy":"table_tags","embeddable":true,"href":"https:\/\/prague.org\/da\/wp-json\/wp\/v2\/table_tags?post=11983"}],"curies":[{"name":"wp","href":"https:\/\/api.w.org\/{rel}","templated":true}]}}