{"id":12617,"date":"2024-01-21T09:36:09","date_gmt":"2024-01-21T07:36:09","guid":{"rendered":"https:\/\/prague.org\/?p=12617"},"modified":"2024-02-16T11:52:25","modified_gmt":"2024-02-16T09:52:25","slug":"who-was-alexander-dubcek","status":"publish","type":"post","link":"https:\/\/prague.org\/da\/hvem-var-alexander-dubcek\/","title":{"rendered":"Hvem var Alexander Dubcek?\u00a0"},"content":{"rendered":"<p><strong>Hvem var Alexander Dubcek?<\/strong>? Alexander Dubcek huskes gennem historien som et symbol p\u00e5 heltemod, h\u00e5b og trods mod kommunismens barske kr\u00e6fter. Dubcek blev f\u00f8dt i 1921 i det dav\u00e6rende Tjekkoslovakiet og blev en n\u00f8glespiller i bev\u00e6gelsen For\u00e5ret i Prag, hvor han stod i spidsen for en kamp for politisk transformation, der for altid ville \u00e6ndre \u00d8steuropas kurs. V\u00e6r med, n\u00e5r vi tager fat p\u00e5 sp\u00f8rgsm\u00e5let \"<strong>Hvem var Alexander Dubcek?<\/strong>&#8221;&nbsp;<\/p>\n\n\n\n<p>Alexander Dubceks dristige reformer under for\u00e5ret i Prag \u00e6ndrede Tjekkoslovakiet og gav mange mennesker verden over h\u00e5b. Selvom hans dr\u00f8m om et \u00e5bent, demokratisk samfund kortvarigt blev knust, lever Dubceks \u00e5nd videre som en p\u00e5mindelse om menneskelig styrke og evnen til at mods\u00e6tte sig undertrykkende systemer.<\/p>\n\n\n\n<p>Selv om for\u00e5ret i Prag i 1968 ikke direkte for\u00e5rsagede <a href=\"https:\/\/prague.org\/da\/hvornar-tjekkoslovakiet-blev-splittet\/\">1992 opdeling af Tjekkoslovakiet<\/a>Det formede dens politiske historie.<\/p>\n\n\n\n<h2 id=\"background-understanding-communist-czechoslovakia\" class=\"wp-block-heading\">Baggrund - at forst\u00e5 det kommunistiske Tjekkoslovakiet<\/h2>\n\n\n\n<figure class=\"wp-block-image size-full\"><img decoding=\"async\" width=\"1024\" height=\"827\" src=\"https:\/\/prague.org\/wp-content\/uploads\/2024\/01\/zevende-congres-tsjechische-vakbeweging-praag-alexander-0b64f9-1024-1.jpg\" alt=\"Alexander Dubcek\" class=\"wp-image-12619\" srcset=\"https:\/\/prague.org\/wp-content\/uploads\/2024\/01\/zevende-congres-tsjechische-vakbeweging-praag-alexander-0b64f9-1024-1.jpg 1024w, https:\/\/prague.org\/wp-content\/uploads\/2024\/01\/zevende-congres-tsjechische-vakbeweging-praag-alexander-0b64f9-1024-1-300x242.jpg 300w, https:\/\/prague.org\/wp-content\/uploads\/2024\/01\/zevende-congres-tsjechische-vakbeweging-praag-alexander-0b64f9-1024-1-768x620.jpg 768w, https:\/\/prague.org\/wp-content\/uploads\/2024\/01\/zevende-congres-tsjechische-vakbeweging-praag-alexander-0b64f9-1024-1-15x12.jpg 15w, https:\/\/prague.org\/wp-content\/uploads\/2024\/01\/zevende-congres-tsjechische-vakbeweging-praag-alexander-0b64f9-1024-1-380x307.jpg 380w, https:\/\/prague.org\/wp-content\/uploads\/2024\/01\/zevende-congres-tsjechische-vakbeweging-praag-alexander-0b64f9-1024-1-800x646.jpg 800w, https:\/\/prague.org\/wp-content\/uploads\/2024\/01\/zevende-congres-tsjechische-vakbeweging-praag-alexander-0b64f9-1024-1-600x485.jpg 600w\" sizes=\"(max-width: 1024px) 100vw, 1024px\" \/><figcaption class=\"wp-element-caption\">Alexander Dubcek<\/figcaption><\/figure>\n\n\n\n<p>Tjekkoslovakiet oplevede en turbulent <a href=\"https:\/\/prague.org\/da\/tjekkisk-republik-kommunisme\/\">perioden under kommunismen<\/a>. Man m\u00e5 forst\u00e5 de komplicerede historiske, politiske og sociale rammer, der p\u00e5virkede millioner af liv under sovjetisk indflydelse, for at forst\u00e5 denne \u00e6ra. I denne artikel udfolder vi det historiske tapet for at forklare det kommunistiske Tjekkoslovakiet.<\/p>\n\n\n\n<h3 id=\"birth-of-a-nation\" class=\"wp-block-heading\">En nations f\u00f8dsel:<\/h3>\n\n\n\n<p>Det kommunistiske Tjekkoslovakiets f\u00f8dsel er afg\u00f8rende for at forst\u00e5 det. Den nye nation tog sine f\u00f8rste sp\u00e6de skridt mod uafh\u00e6ngighed efter F\u00f8rste Verdenskrig. T. G. Masaryk og Edvard Bene\u0161, grundl\u00e6ggerne af Tjekkoslovakiet, forestillede sig demokrati og enhed, som i sidste ende ville blive overskygget af kommunismen. Men grundl\u00e6ggernes ideer inspirerede mange tavse modstandere op gennem \u00e5rhundredet.<\/p>\n\n\n\n<h3 id=\"communisms-rise\" class=\"wp-block-heading\">Kommunismens fremmarch:<\/h3>\n\n\n\n<p>Efter krigen tog karismatiske personer som Klement Gottwald og Anton\u00edn Z\u00e1potock\u00fd magten i en tumultarisk periode. Deres m\u00e5l om at g\u00f8re Tjekkoslovakiet socialistisk blev realiseret efter kuppet i februar 1948. Da jernt\u00e6ppet faldt over Europa, skubbede Sovjetunionen Tjekkoslovakiet ind i kommunismen. Den skr\u00f8belige ligev\u00e6gt mellem tjekkisk national identitet og sovjetisk styre vil blive opl\u00f8st med tiden.<\/p>\n\n\n\n<h3 id=\"life-in-gray\" class=\"wp-block-heading\">Livet i gr\u00e5t:<\/h3>\n\n\n\n<p>Det kommunistiske Tjekkoslovakiet var skr\u00e6mmende, men charmerende. Dette kapitel viser, hvordan almindelige borgere blev begr\u00e6nset af et system, der bestemte deres rettigheder og sk\u00e6bne. Fra Prags t\u00e5rne til Ostravas industrielle kerne talte landskaberne om udholdenhed og uafh\u00e6ngighed.&nbsp;<\/p>\n\n\n\n<h3 id=\"underground-resistance\" class=\"wp-block-heading\">Modstand i undergrunden:<\/h3>\n\n\n\n<p>Utilfredsheden ulmede, mens jernn\u00e6ven blev strammet. Vaclav Havel og \"fl\u00f8jlsrevolutionen\" symboliserede den triumferende opposition, der v\u00e6ltede kommunismen. Forfattere, sangere og intellektuelle m\u00f8dtes i al hemmelighed for at fremme forandring og forme Tjekkoslovakiets demokrati.<\/p>\n\n\n\n<h3 id=\"the-legacy\" class=\"wp-block-heading\">Arven<\/h3>\n\n\n\n<p>Tjekkiet og Slovakiet gik ind i en ny \u00e6ra, da den tjekkoslovakiske f\u00f8deration fredeligt blev opl\u00f8st den 31. december 1992. Vi reflekterer over de varige sociale, \u00f8konomiske og politiske konsekvenser af det kommunistiske Tjekkoslovakiet. Fra industrielt kollaps til national stolthed og genoplivning af identitet - kommunismens fald giver genlyd overalt.<\/p>\n\n\n\n<h2 id=\"who-was-alexander-dubcek\" class=\"wp-block-heading\">Hvem var Alexander Dubcek?<\/h2>\n\n\n\n<p><strong>Hvem var Alexander Dubcek?<\/strong> Den slovakiske politiker Alexander Dub\u010dek (1921-1992) spillede en afg\u00f8rende rolle i Tjekkoslovakiets historie i Prag-for\u00e5ret. Her er <strong>Alexander Dub\u010deks biografi:<\/strong><\/p>\n\n\n\n<h3 id=\"early-years\" class=\"wp-block-heading\">De tidlige \u00e5r:<\/h3>\n\n\n\n<p>Alexander Dub\u010dek blev f\u00f8dt i Uhrovec, Tjekkoslovakiet (nu Slovakiet) den 27. november 1921.<\/p>\n\n\n\n<p>Dub\u010dek sluttede sig til den antifascistiske modstandsorganisation under Anden Verdenskrig og deltog i den slovakiske nationale opstand mod de tyske styrker.<\/p>\n\n\n\n<h3 id=\"political-career\" class=\"wp-block-heading\">Politisk karriere:<\/h3>\n\n\n\n<p>Efter krigen steg Dub\u010dek i graderne i det tjekkoslovakiske kommunistparti og bekl\u00e6dte forskellige poster i partiet og administrationen.<\/p>\n\n\n\n<h3 id=\"prague-spring-1968\" class=\"wp-block-heading\">For\u00e5ret i Prag, 1968<\/h3>\n\n\n\n<p>I januar 1968 blev Dub\u010dek f\u00f8rstesekret\u00e6r for det tjekkoslovakiske kommunistparti.<\/p>\n\n\n\n<p>Dub\u010dek stod i spidsen for politiske og \u00f8konomiske reformer under for\u00e5ret i Prag og promoverede \"socialisme med et menneskeligt ansigt\". Det omfattede pressefrihed, politisk frihed og demokratisk regeringsf\u00f8relse.<\/p>\n\n\n\n<h3 id=\"soviet-invasion-and-aftermath\" class=\"wp-block-heading\">Sovjetisk invasion og eftervirkningerne:<\/h3>\n\n\n\n<p>For at blokere Prag-for\u00e5ret og \u00f8stblokkens liberalisering invaderede sovjetiske soldater Tjekkoslovakiet i august 1968.<\/p>\n\n\n\n<p>Dub\u010dek blev arresteret og f\u00f8rt til Moskva. Da han vendte tilbage til Tjekkoslovakiet i april 1969, blev han fjernet, og reformerne vendte tilbage.<\/p>\n\n\n\n<h3 id=\"after-cold-war\" class=\"wp-block-heading\">Efter den kolde krig:<\/h3>\n\n\n\n<p>Dub\u010dek vendte tilbage til politik i slutningen af 1980'erne midt i de politiske forandringer i \u00d8steuropa.<\/p>\n\n\n\n<p>Han var med til at v\u00e6lte Tjekkoslovakiets kommunistiske regime i fl\u00f8jlsrevolutionen i 1989.<\/p>\n\n\n\n<p>Dub\u010dek blev valgt til formand for den tjekkoslovakiske forbundsforsamling, mens han var dens leder.<\/p>\n\n\n\n<h3 id=\"death\" class=\"wp-block-heading\">D\u00f8den:<\/h3>\n\n\n\n<p>Alexander Dub\u010dek d\u00f8de den 7. november 1992.<\/p>\n\n\n\n<h2 id=\"alexander-dubceks-role-among-czechoslovakias-leaders-during-prague-spring\" class=\"wp-block-heading\">Alexander Dubceks rolle blandt <a href=\"https:\/\/prague.org\/da\/tjekkoslovakiet-lederne\/\" data-type=\"link\" data-id=\"https:\/\/prague.org\/czechoslovakia-leaders\/\">Tjekkoslovakiets ledere<\/a> under for\u00e5ret i Prag<\/h2>\n\n\n\n<p><strong>Hvad var Alexander Dub\u010dek kendt for? <\/strong>Dub\u010dek stod i spidsen for en \u00e6ra af politisk liberalisering kendt som for\u00e5ret i Prag. I denne periode gennemf\u00f8rte han en r\u00e6kke reformer for at etablere \"socialisme med et menneskeligt ansigt\". \u00c6ndringerne omfattede udvidet pressefrihed, ytringsfrihed og en mere demokratisk regeringsstruktur.<\/p>\n\n\n\n<p>Dub\u010deks fors\u00f8g p\u00e5 at revidere det kommunistiske system st\u00f8dte p\u00e5 modstand fra Sovjetunionen og andre Warszawapagt-lande. I august 1968 invaderede sovjetisk ledede tropper Tjekkoslovakiet, undertrykte reformerne og genindsatte den ortodokse kommunistiske regering. Dub\u010dek blev arresteret og sendt til Moskva, f\u00f8r han blev erstattet af Gust\u00e1v Hus\u00e1k i Tjekkoslovakiet i april 1969.<\/p>\n\n\n\n<p><strong>Alexander Dub\u010deks engagement i for\u00e5ret i Prag<\/strong> og hans efterf\u00f8lgende afskedigelse afspejlede den kolde krigs geopolitiske sp\u00e6ndinger, da Sovjetunionen modsatte sig enhver afvigelse fra den traditionelle kommunisme i \u00f8stblokken.<\/p>\n\n\n\n<h2 id=\"navigating-political-dynamics-with-alexander-dubcek-in-the-cold-war-arena\" class=\"wp-block-heading\">At navigere i politisk dynamik med Alexander Dubcek i den kolde krigs arena&nbsp;<\/h2>\n\n\n\n<p><strong>Alexander Dub\u010deks rolle i den kolde krig<\/strong> var meget betydningsfuld!<\/p>\n\n\n\n<p>Perioden kendt som den kolde krig var pr\u00e6get af ideologiske sammenst\u00f8d, geopolitiske stridigheder og en kamp om magten mellem vest- og \u00f8stblokken. Under for\u00e5ret i Prag i 1968 spillede Alexander Dub\u010dek, f\u00f8rstesekret\u00e6r i det tjekkoslovakiske kommunistparti, en central rolle i den verdensomsp\u00e6ndende magtkamp. Dub\u010deks politiske \u00e6ndringer udfordrede \u00f8stblokkens traditioner og skabte en kompliceret politisk dynamik under den kolde krig.<\/p>\n\n\n\n<p>For\u00e5ret i Prag og de efterf\u00f8lgende begivenheder satte et uudsletteligt pr\u00e6g p\u00e5 fort\u00e6llingen om den kolde krig. Det understregede begr\u00e6nsningerne i politiske reformer inden for det kommunistiske system, s\u00e5vel som de betydelige risici, der er forbundet med at mods\u00e6tte sig status quo. Begivenheden viste ogs\u00e5, hvor langt Sovjetunionen var villig til at bruge sin indflydelse for at forhindre afvigelser fra de etablerede kommunistiske standarder.<\/p>\n\n\n\n<p>Erindringen om denne episode fungerer som en p\u00e5mindelse om de vanskeligheder, som individer, der s\u00f8ger politisk forandring i et bipol\u00e6rt samfund, st\u00f8der p\u00e5.<\/p>\n\n\n\n<h2 id=\"exploring-alexander-dubceks-memorable-quotes\" class=\"wp-block-heading\">P\u00e5 opdagelse i Alexander Dubceks mindev\u00e6rdige citater<\/h2>\n\n\n\n<p><strong>Citater af Alexander Dubcek<\/strong> inspirere os til at opretholde disse principper i vores liv og samfund. Blandt dem:<\/p>\n\n\n\n<p>1. \"Menneskets frihed m\u00e5 aldrig forr\u00e5des; ellers reduceres dens magt til en ren illusion.\"<\/p>\n\n\n\n<p>Dette citat indfanger hans urokkelige dedikation til individuel autonomi og valgfrihed.&nbsp;<\/p>\n\n\n\n<p>2. \"Demokrati handler ikke kun om valg, men om at give borgerne mulighed for at deltage aktivt i at forme deres egen sk\u00e6bne.\"<\/p>\n\n\n\n<p>Dubceks s\u00e6tning understreger, hvor vigtigt det er at engagere borgerne i et levende demokrati.<\/p>\n\n\n\n<p>3. \"Der er intet demokrati uden social retf\u00e6rdighed; begge er de s\u00f8jler, som et retf\u00e6rdigt samfund hviler p\u00e5.\"<\/p>\n\n\n\n<p>Denne bem\u00e6rkning minder os om, at et demokratisk samfund er defineret af dets evne til at tilbyde muligheder, retf\u00e6rdighed og ligebehandling for alle.<\/p>\n\n\n\n<p>4. \"Forandring er uundg\u00e5elig og n\u00f8dvendig, men den skal styres af et st\u00e6rkt moralsk kompas.\"<\/p>\n\n\n\n<p>Det viser, at udvikling ikke b\u00f8r g\u00e5 p\u00e5 kompromis med etik og moral.<\/p>\n\n\n\n<p>5. \"Enhed mellem nationer kan skabe en harmonisk verden, fri for aggressionens og konflikternes l\u00e6nker.\"<\/p>\n\n\n\n<p>&nbsp;Den understreger betydningen af internationalt samarbejde for at reducere vold og fremme fred.&nbsp;<\/p>\n\n\n\n<div data-gyg-href=\"https:\/\/widget.getyourguide.com\/default\/city.frame\" data-gyg-location-id=\"10\" data-gyg-locale-code=\"en-US\" data-gyg-widget=\"city\" data-gyg-partner-id=\"U94OQGQ\"><\/div>","protected":false},"excerpt":{"rendered":"Hvem var Alexander Dubcek? Alexander Dubcek er blevet husket gennem historien som et symbol p\u00e5 heltemod, h\u00e5b og trods...","protected":false},"author":2,"featured_media":12618,"comment_status":"closed","ping_status":"closed","sticky":false,"template":"","format":"standard","meta":{"footnotes":""},"categories":[15,204,39],"tags":[49],"table_tags":[],"_links":{"self":[{"href":"https:\/\/prague.org\/da\/wp-json\/wp\/v2\/posts\/12617"}],"collection":[{"href":"https:\/\/prague.org\/da\/wp-json\/wp\/v2\/posts"}],"about":[{"href":"https:\/\/prague.org\/da\/wp-json\/wp\/v2\/types\/post"}],"author":[{"embeddable":true,"href":"https:\/\/prague.org\/da\/wp-json\/wp\/v2\/users\/2"}],"replies":[{"embeddable":true,"href":"https:\/\/prague.org\/da\/wp-json\/wp\/v2\/comments?post=12617"}],"version-history":[{"count":3,"href":"https:\/\/prague.org\/da\/wp-json\/wp\/v2\/posts\/12617\/revisions"}],"predecessor-version":[{"id":13021,"href":"https:\/\/prague.org\/da\/wp-json\/wp\/v2\/posts\/12617\/revisions\/13021"}],"wp:featuredmedia":[{"embeddable":true,"href":"https:\/\/prague.org\/da\/wp-json\/wp\/v2\/media\/12618"}],"wp:attachment":[{"href":"https:\/\/prague.org\/da\/wp-json\/wp\/v2\/media?parent=12617"}],"wp:term":[{"taxonomy":"category","embeddable":true,"href":"https:\/\/prague.org\/da\/wp-json\/wp\/v2\/categories?post=12617"},{"taxonomy":"post_tag","embeddable":true,"href":"https:\/\/prague.org\/da\/wp-json\/wp\/v2\/tags?post=12617"},{"taxonomy":"table_tags","embeddable":true,"href":"https:\/\/prague.org\/da\/wp-json\/wp\/v2\/table_tags?post=12617"}],"curies":[{"name":"wp","href":"https:\/\/api.w.org\/{rel}","templated":true}]}}