{"id":9578,"date":"2023-05-24T09:03:46","date_gmt":"2023-05-24T07:03:46","guid":{"rendered":"https:\/\/prague.org\/?p=9578"},"modified":"2024-02-02T18:37:17","modified_gmt":"2024-02-02T16:37:17","slug":"prague-spring","status":"publish","type":"post","link":"https:\/\/prague.org\/da\/prag-forar\/","title":{"rendered":"L\u00e6r alt om for\u00e5ret i Prag i Tjekkoslovakiet"},"content":{"rendered":"<p>Politisk og social uro pr\u00e6gede det meste af det 20. \u00e5rhundrede i Prag.&nbsp;<\/p>\n\n\n\n<p>Det \u00f8strig-ungarske kongerige faldt fra hinanden efter F\u00f8rste Verdenskrig, og Prag blev hovedstad i Tjekkoslovakiet.&nbsp;<\/p>\n\n\n\n<p><a href=\"https:\/\/prague.org\/da\/hvor-er-prag-hvilket-land\/\">Hvor ligger Prag? <\/a><strong>Er Prag<\/strong> <strong>i Tjekkoslovakiet?<\/strong><\/p>\n\n\n\n<p><strong>Prag er ikke l\u00e6ngere en del af Tjekkoslovakiet<\/strong>.<\/p>\n\n\n\n<p>I 1993, <a href=\"https:\/\/prague.org\/da\/hvornar-tjekkoslovakiet-blev-splittet\/\" data-type=\"link\" data-id=\"https:\/\/prague.org\/when-did-czechoslovakia-split\/\">Tjekkiet og Slovakiet blev efterf\u00f8lgende adskilt og dannede separate lande.<\/a>.<\/p>\n\n\n\n<p>Vi kan ikke diskutere emnet uden at n\u00e6vne <strong>Tjekkoslovakiets Prag-for\u00e5r i 1968<\/strong>. For\u00e5ret i Prag var et vigtigt vendepunkt i Tjekkiets historie.<\/p>\n\n\n\n<p>Mens Tjekkoslovakiet stadig var under sovjetisk myndighed, var der mere \u00e5benhed over for kunst, medier og ytringsfrihed i omkring fire m\u00e5neder under de liberale reformister. <a href=\"https:\/\/prague.org\/da\/hvem-var-alexander-dubcek\/\" data-type=\"link\" data-id=\"https:\/\/prague.org\/who-was-alexander-dubcek\/\">Dub\u010dek<\/a> i 1968.&nbsp;<\/p>\n\n\n\n<p>Den korte periode mellem januar og august 1968 omtales almindeligvis som for\u00e5ret i Prag. Sovjetunionen frygtede, at Tjekkoslovakiets uafh\u00e6ngighed kunne sv\u00e6kke Sovjetunionen og kommunistpartiets greb om indflydelsen, og sendte tropper fra Warszawapagt-landene for at genoprette ro og orden.<\/p>\n\n\n\n<p>Men hvad var det, der udl\u00f8ste <strong>For\u00e5ret i Prag 1968 i Tjekkoslovakiet<\/strong>?<\/p>\n\n\n\n<h2 id=\"what-sparked-the-prague-spring-in-czechoslovakia\" class=\"wp-block-heading\">Hvad udl\u00f8ste for\u00e5ret i Prag i Tjekkoslovakiet?<\/h2>\n\n\n\n<p>Vrede demonstrationer i Tjekkoslovakiet v\u00e6ltede Novotn\u00fd, valgte Dub\u010dek og lagde op til for\u00e5ret i Prag. Nedenfor har vi beskrevet de faktorer, der f\u00f8rte til utilfredshed med det kommunistiske regime.<\/p>\n\n\n\n<h3 id=\"standard-of-living\" class=\"wp-block-heading\">Levestandard<\/h3>\n\n\n\n<p>Inflation, mangel p\u00e5 mad og et generelt fald i levestandarden bidrog alle til en stigende b\u00f8lge af utilfredshed i Tjekkoslovakiet op gennem 1960'erne. Arbejdernes boliger var under standard, og de havde kun r\u00e5d til at leve det mest basale liv.&nbsp;<\/p>\n\n\n\n<p>Tjekkoslovakiet havde den mest avancerede \u00f8konomi i \u00f8stblokken, men borgerne inds\u00e5 i stigende grad, at de gav afkald p\u00e5 deres levestandard for at st\u00f8tte Sovjetunionen.<\/p>\n\n\n\n<h3 id=\"dissatisfaction-with-the-political-system\" class=\"wp-block-heading\">Utilfredshed med det politiske system<\/h3>\n\n\n\n<p>Der var en stigende utilfredshed blandt det tjekkiske og slovakiske folk. Mange tjekker mente, at deres land var blevet mere autorit\u00e6rt i l\u00f8bet af de sidste to \u00e5rtier, hvor det kommunistiske styre var blevet udvidet. Novotn\u00fd blev kritiseret for sine begr\u00e6nsninger af ytrings- og pressefriheden. Da han valgte en semi-autorit\u00e6r kurs (ved at f\u00e6ngsle og dr\u00e6be ubev\u00e6bnede demonstranter), mistede han hurtigt opbakning.<\/p>\n\n\n\n<h3 id=\"help-from-the-west\" class=\"wp-block-heading\">Hj\u00e6lp fra Vesten<\/h3>\n\n\n\n<p>Nogle tjekker og slovakker troede, at USA ville bakke op om deres protester mod den kommunistiske administration, hvis de fandt sted. For eksempel lovede USA i Truman-doktrinen, at de ville<\/p>\n\n\n\n<h3 id=\"slowing-economy\" class=\"wp-block-heading\">Aftagende \u00f8konomi<\/h3>\n\n\n\n<p>Historisk set var den tjekkoslovakiske \u00f8konomi blandt de st\u00e6rkeste i \u00f8stblokken. Men det begyndte at g\u00e5 ned ad bakke i 1960'erne, da Sovjetunionen begyndte at tvinge Tjekkoslovakiet til at producere r\u00e5stoffer som st\u00e5l til Sovjetunionen i stedet for til landet selv.&nbsp;<\/p>\n\n\n\n<p>Folk f\u00f8lte ogs\u00e5, at kommunistpartiet blokerede for udviklingen. Deres direktiver om, hvad der skulle dyrkes, og det generelle opsyn med g\u00e5rdene kvalte ethvert fors\u00f8g p\u00e5 modernisering. Frustrationen voksede, da fors\u00f8gene p\u00e5 \u00f8konomisk forandring under Novotn\u00fd ogs\u00e5 faldt til jorden.<\/p>\n\n\n\n<h2 id=\"soviet-invasion-of-czechoslovakia-and-its-repercussions\" class=\"wp-block-heading\">Sovjetisk invasion af Tjekkoslovakiet og dens konsekvenser<\/h2>\n\n\n\n<p>Selv om Tjekkoslovakiet ikke var direkte involveret, blev landet alligevel udsat for verdensomsp\u00e6ndende kritik efter afslutningen p\u00e5 for\u00e5ret i Prag. Find ud af, hvordan det p\u00e5virkede andre forbindelser end blot den mellem USA og Sovjetunionen nedenfor.<\/p>\n\n\n\n<h3 id=\"the-warsaw-pact\" class=\"wp-block-heading\">Warszawapagten<\/h3>\n\n\n\n<p>Den sovjetiske dominans over satellitnationerne i \u00d8steuropa voksede med invasionen af Tjekkoslovakiet i 1960'erne. Der var ikke flere omv\u00e6ltninger i \u00d8steuropa frem til slutningen af 1980'erne p\u00e5 grund af Tjekkoslovakiets Prag-for\u00e5r og Brezhnev-doktrinen, som legitimerede milit\u00e6r indblanding i alle lande, der var uenige.<\/p>\n\n\n\n<h3 id=\"criticism-from-around-the-world\" class=\"wp-block-heading\">Kritik fra hele verden<\/h3>\n\n\n\n<p>Sovjetunionens handlinger blev skarpt kritiseret p\u00e5 verdensplan. Billeder af ubev\u00e6bnede civile, der holdt buketter foran de sovjetiske kampvogne, der n\u00e6rmede sig, viste Sovjetunionens grusomhed.&nbsp;<\/p>\n\n\n\n<p>Rum\u00e6nien og Jugoslavien tog for eksempel politisk afstand fra nationen Moskva efter krigen p\u00e5 grund af Brezhnev-doktrinen og s\u00e5 den som en hindring for fred.&nbsp;<\/p>\n\n\n\n<p>Det var dr\u00e5ben, der fik forholdet mellem Kina og Sovjetunionen til at bryde sammen, fordi Beijing frygtede, at Moskva ville bruge ideologien som en undskyldning for at invadere Kina.<\/p>\n\n\n\n<h3 id=\"implications-for-cold-war-relations\" class=\"wp-block-heading\">Konsekvenser for den kolde krigs relationer&nbsp;<\/h3>\n\n\n\n<p>Sovjetunionen gjorde det klart, at der ikke var tale om at leve fredeligt sammen, da de indf\u00f8rte Bresjnev-doktrinen. USA og Sovjetunionen fortsatte med at opbygge deres respektive v\u00e5ben p\u00e5 grund af det forv\u00e6rrede forhold.&nbsp;<\/p>\n\n\n\n<h2 id=\"unveiling-pragues-communist-era-3-5-hour-historical-and-bunker-tour\" class=\"wp-block-heading\">Afsl\u00f8ring af Prags kommunistiske \u00e6ra: 3,5 timers historisk og bunker-tur<\/h2>\n\n\n\n<div data-gyg-href=\"https:\/\/widget.getyourguide.com\/default\/activities.frame\" data-gyg-locale-code=\"en-US\" data-gyg-widget=\"activities\" data-gyg-number-of-items=\"1\" data-gyg-partner-id=\"U94OQGQ\" data-gyg-tour-ids=\"22927\"><\/div>\n\n\n\n<p>Tag p\u00e5 en f\u00e6ngslende 3,5-timers vandretur, og dyk ned i den sp\u00e6ndende historie om kommunismen i Prag. Ledsaget af en kyndig lokal guide udforsker du vigtige steder, der er knyttet til Prags for\u00e5r og fl\u00f8jlsrevolutionen. F\u00e5 et unikt indblik i livet bag jernt\u00e6ppet, n\u00e5r din guide deler personlige oplevelser fra den tid.<\/p>\n\n\n\n<h3 id=\"highlights\" class=\"wp-block-heading\">H\u00f8jdepunkter<\/h3>\n\n\n\n<ul>\n<li>Fordyb dig i den overbevisende historie om kommunismen i Tjekkoslovakiet <\/li>\n\n\n\n<li>Bes\u00f8g vigtige steder i forbindelse med for\u00e5ret i Prag og fl\u00f8jlsrevolutionen <\/li>\n\n\n\n<li>Tr\u00e6d ind i en autentisk arbejderklassekantine, og fordyb dig i atmosf\u00e6ren fra dengang. <\/li>\n\n\n\n<li>Oplev atmosf\u00e6ren i et atomsikret beskyttelsesrum fra 1950'erne <\/li>\n\n\n\n<li>F\u00e5 rabat p\u00e5 entr\u00e9en til Museum of Communism i Prag <\/li>\n<\/ul>\n\n\n\n<h3 id=\"included\" class=\"wp-block-heading\">Inkluderet<\/h3>\n\n\n\n<ul>\n<li>Eksklusiv adgang til en f\u00e6ngslende atombunker <\/li>\n\n\n\n<li>Modtag en original kommunistn\u00e5l som minde <\/li>\n\n\n\n<li>F\u00e5 rabat p\u00e5 indgangen til kommunismens museum <\/li>\n\n\n\n<li>Lille gruppest\u00f8rrelse, der sikrer en intim og personlig oplevelse (op til 8 personer) <\/li>\n\n\n\n<li>Tag en pause i den autentiske kantine og nyd en forfriskende Kofola-drik.<\/li>\n<\/ul>\n\n\n\n<div class=\"wp-block-buttons is-layout-flex wp-block-buttons-is-layout-flex\">\n<div class=\"wp-block-button is-style-cs-button-block\"><a class=\"wp-block-button__link wp-element-button\" href=\"https:\/\/www.getyourguide.fr\/prague-l10\/visite-de-prague-extravaganza-communism-t22927\/?partner_id=U94OQGQ&amp;utm_medium=online_publisher\" rel=\"nofollow noopener\">\u2192 L\u00e6s mere<\/a><\/div>\n<\/div>\n\n\n\n<h2 id=\"the-end-of-a-peaceful-era\" class=\"wp-block-heading\">Slutningen p\u00e5 en fredelig \u00e6ra<\/h2>\n\n\n\n<p>De efterf\u00f8lgende begivenheder under for\u00e5ret i Prag gav anledning til spekulationer om, at \u00e6raen med fredelig sameksistens mellem \u00f8st og vest var slut.<\/p>\n\n\n\n<p>Den egentlige \u00e5rsag til, at Sovjetunionen satte en stopper for <strong>Tjekkoslovakiets Prag-for\u00e5r i 1968 <\/strong>kort efter dens begyndelse, var fordi de var bange for at miste grebet om Tjekkoslovakiet, hvilket kunne f\u00f8re til lignende opstande andre steder. Der er meget at <a href=\"https:\/\/prague.org\/da\/udforsk-den-rige-prag-historie\/\">l\u00e6re om Prags rige historie<\/a>.<\/p>\n\n\n\n<h2 id=\"a-defining-moment-in-the-quest-for-freedom\" class=\"wp-block-heading\">Et afg\u00f8rende \u00f8jeblik i jagten p\u00e5 frihed<\/h2>\n\n\n\n<p>For\u00e5ret i Prag i 1968 st\u00e5r som et afg\u00f8rende kapitel i Tjekkoslovakiets historie og er indbegrebet af en kort periode med politisk liberalisering og reformer, der udfordrede den sovjetiske indflydelses hegemoni i \u00d8steuropa. Bev\u00e6gelsen, der blev indledt af Alexander Dub\u010dek, fors\u00f8gte at skabe \"socialisme med et menneskeligt ansigt\" ved at indf\u00f8re reformer, der lovede st\u00f8rre presse-, tale- og rejsefrihed samt en reduktion af det hemmelige politis aktiviteter. Men Sovjetunionen, der opfattede disse reformer som en trussel mod sit herred\u00f8mme og Warszawapagtens enhed, reagerede med Warszawapagt-troppernes voldsomme invasion af Tjekkoslovakiet, hvilket effektivt knuste bev\u00e6gelsen For\u00e5ret i Prag. Denne begivenhed understregede ikke kun begr\u00e6nsningerne for reformer inden for den sovjetiske sf\u00e6re, men intensiverede ogs\u00e5 sp\u00e6ndingerne i den kolde krig og efterlod en varig indvirkning p\u00e5 det tjekkoslovakiske samfund og det bredere internationale samfund. For\u00e5ret i Prag og dets undertrykkelse tjener som et vidnesbyrd om det tjekkiske og slovakiske folks str\u00e6ben efter frihed og modstandsdygtighed og markerer et vigtigt \u00f8jeblik i modstanden mod undertrykkelse.<\/p>","protected":false},"excerpt":{"rendered":"Politisk og social uro pr\u00e6gede det meste af det 20. \u00e5rhundrede i Prag.  Det \u00f8strig-ungarske konged\u00f8mme faldt fra hinanden efter...","protected":false},"author":2,"featured_media":9582,"comment_status":"closed","ping_status":"closed","sticky":false,"template":"","format":"standard","meta":{"footnotes":""},"categories":[204,15,39],"tags":[30],"table_tags":[],"_links":{"self":[{"href":"https:\/\/prague.org\/da\/wp-json\/wp\/v2\/posts\/9578"}],"collection":[{"href":"https:\/\/prague.org\/da\/wp-json\/wp\/v2\/posts"}],"about":[{"href":"https:\/\/prague.org\/da\/wp-json\/wp\/v2\/types\/post"}],"author":[{"embeddable":true,"href":"https:\/\/prague.org\/da\/wp-json\/wp\/v2\/users\/2"}],"replies":[{"embeddable":true,"href":"https:\/\/prague.org\/da\/wp-json\/wp\/v2\/comments?post=9578"}],"version-history":[{"count":8,"href":"https:\/\/prague.org\/da\/wp-json\/wp\/v2\/posts\/9578\/revisions"}],"predecessor-version":[{"id":12767,"href":"https:\/\/prague.org\/da\/wp-json\/wp\/v2\/posts\/9578\/revisions\/12767"}],"wp:featuredmedia":[{"embeddable":true,"href":"https:\/\/prague.org\/da\/wp-json\/wp\/v2\/media\/9582"}],"wp:attachment":[{"href":"https:\/\/prague.org\/da\/wp-json\/wp\/v2\/media?parent=9578"}],"wp:term":[{"taxonomy":"category","embeddable":true,"href":"https:\/\/prague.org\/da\/wp-json\/wp\/v2\/categories?post=9578"},{"taxonomy":"post_tag","embeddable":true,"href":"https:\/\/prague.org\/da\/wp-json\/wp\/v2\/tags?post=9578"},{"taxonomy":"table_tags","embeddable":true,"href":"https:\/\/prague.org\/da\/wp-json\/wp\/v2\/table_tags?post=9578"}],"curies":[{"name":"wp","href":"https:\/\/api.w.org\/{rel}","templated":true}]}}