{"id":11812,"date":"2023-10-23T08:55:13","date_gmt":"2023-10-23T06:55:13","guid":{"rendered":"https:\/\/prague.org\/?p=11812"},"modified":"2024-02-06T10:02:41","modified_gmt":"2024-02-06T08:02:41","slug":"who-was-jan-zizka","status":"publish","type":"post","link":"https:\/\/prague.org\/de\/wer-war-jan-zizka\/","title":{"rendered":"Jan \u017di\u017eka: Eine wahre Geschichte, K\u00e4mpfe, Tod und Statue"},"content":{"rendered":"<p>Wenn Sie sich f\u00fcr Geschichte interessieren, ist Ihnen der Name Jan \u017di\u017eka vielleicht ein Begriff, aber <strong>der Jan Zizka war<\/strong>? Aufgrund seiner Rolle als renommierter milit\u00e4rischer F\u00fchrer und integraler Bestandteil der <a href=\"https:\/\/prague.org\/de\/hussite-wars\/\" data-type=\"link\" data-id=\"https:\/\/prague.org\/hussite-wars\/\">Hussitenaufstand<\/a> Jan \u017di\u017eka, der im 15. Jahrhundert auf b\u00f6hmischem Gebiet lebte, wird noch in Jahrhunderten in Erinnerung bleiben. Sein Leben, das sich durch unersch\u00fctterliche Loyalit\u00e4t zu seiner Sache und au\u00dfergew\u00f6hnliche Kampff\u00e4higkeiten auszeichnete, ver\u00e4nderte den Lauf der Geschichte.<strong> Wer war Jan Zizka?<\/strong>? ist eine Frage, die wir in diesem Beitrag beantworten werden.<\/p>\n\n\n\n<p>Das tschechische Volk feiert und gedenkt Jan \u017di\u017eka noch heute. In zahlreichen St\u00e4dten und D\u00f6rfern stehen Statuen und Denkm\u00e4ler zu seinen Ehren. Das Jan-\u017di\u017eka-Denkmal im Prager Stadtteil \u017di\u017ekov in der N\u00e4he des,<a href=\"https:\/\/prague.org\/de\/neues-rathaus-2\/\"> Neues Rathaus in Prag<\/a> Merkmale<strong> <\/strong>a<strong> Jan-Zizka-Statue<\/strong> und ist damit das bekannteste \u017di\u017eka-Denkmal der Welt. Als bleibende Hommage an \u017di\u017eka ist dieses Denkmal eine der gr\u00f6\u00dften bronzenen Reiterfiguren der Welt.<\/p>\n\n\n\n<p>Das Leben und das Verm\u00e4chtnis von Jan \u017di\u017eka zeigen die Wirksamkeit fester \u00dcberzeugungen und innovativer Kriegsf\u00fchrung w\u00e4hrend der Hussitenkriege, die die tschechische Geschichte ver\u00e4ndert haben. Jan \u017di\u017eka: Eine wahre Geschichte befasst sich mit seinen K\u00e4mpfen, seinem tragischen Tod und seinem bleibenden Denkmal, w\u00e4hrend The <a href=\"https:\/\/prague.org\/de\/jan-zizka-und-catherine\/\" data-type=\"link\" data-id=\"https:\/\/prague.org\/jan-zizka-and-catherine\/\">Die wahre Geschichte von Jan \u017di\u017eka und Catherine<\/a> enth\u00fcllt die pers\u00f6nliche Seite und vertieft die Legende des legend\u00e4ren b\u00f6hmischen F\u00fchrers.<\/p>\n\n\n\n<h2 id=\"who-is-jan-zizka-exploring-the-life-of-a-czech-icon\" class=\"wp-block-heading\">Wer ist Jan Zizka: Erkundung des Lebens einer tschechischen Ikone&nbsp;<\/h2>\n\n\n\n<figure class=\"wp-block-image size-large\"><img decoding=\"async\" width=\"1024\" height=\"696\" src=\"https:\/\/prague.org\/wp-content\/uploads\/2023\/10\/pexels-carlo-junemann-10721636-1-1024x696.jpg\" alt=\"Jan \u017di\u017eka\" class=\"wp-image-11813\" srcset=\"https:\/\/prague.org\/wp-content\/uploads\/2023\/10\/pexels-carlo-junemann-10721636-1-1024x696.jpg 1024w, https:\/\/prague.org\/wp-content\/uploads\/2023\/10\/pexels-carlo-junemann-10721636-1-300x204.jpg 300w, https:\/\/prague.org\/wp-content\/uploads\/2023\/10\/pexels-carlo-junemann-10721636-1-768x522.jpg 768w, https:\/\/prague.org\/wp-content\/uploads\/2023\/10\/pexels-carlo-junemann-10721636-1-1536x1044.jpg 1536w, https:\/\/prague.org\/wp-content\/uploads\/2023\/10\/pexels-carlo-junemann-10721636-1-2048x1392.jpg 2048w, https:\/\/prague.org\/wp-content\/uploads\/2023\/10\/pexels-carlo-junemann-10721636-1-18x12.jpg 18w, https:\/\/prague.org\/wp-content\/uploads\/2023\/10\/pexels-carlo-junemann-10721636-1-380x258.jpg 380w, https:\/\/prague.org\/wp-content\/uploads\/2023\/10\/pexels-carlo-junemann-10721636-1-800x544.jpg 800w, https:\/\/prague.org\/wp-content\/uploads\/2023\/10\/pexels-carlo-junemann-10721636-1-1160x789.jpg 1160w, https:\/\/prague.org\/wp-content\/uploads\/2023\/10\/pexels-carlo-junemann-10721636-1-600x408.jpg 600w, https:\/\/prague.org\/wp-content\/uploads\/2023\/10\/pexels-carlo-junemann-10721636-1-scaled.jpg 2560w\" sizes=\"(max-width: 1024px) 100vw, 1024px\" \/><figcaption class=\"wp-element-caption\">Jan \u017di\u017eka<\/figcaption><\/figure>\n\n\n\n<p><strong>Wer ist Jan \u017di\u017eka<\/strong>? Aufgrund seiner herausragenden Stellung im tschechischen Milit\u00e4r w\u00e4hrend des 15. Jahrhunderts wird Jan \u017di\u017eka als Nationalheld gefeiert. Sein Leben war gepr\u00e4gt von einem unersch\u00fctterlichen Engagement f\u00fcr die hussitische Sache und der Entwicklung innovativer milit\u00e4rischer Techniken.<\/p>\n\n\n\n<p>Jan \u017di\u017eka wurde um das Jahr 1360 im K\u00f6nigreich B\u00f6hmen (der heutigen Tschechischen Republik) in dem kleinen Dorf Trocnov geboren. Wir wissen nur sehr wenig \u00fcber sein Aufwachsen, auch nicht \u00fcber seine Familie und seine Freunde. Wahrscheinlich stammte er aus bescheidenen Verh\u00e4ltnissen, aber er sollte ein legend\u00e4rer Krieger werden.<\/p>\n\n\n\n<h2 id=\"jan-zizka-true-story-the-untold-heroism\" class=\"wp-block-heading\">Jan Zizka Wahre Geschichte: Der unerz\u00e4hlte Heldenmut<\/h2>\n\n\n\n<p>\u00dcber seine milit\u00e4rischen Erfolge und seine F\u00fchrungsqualit\u00e4ten w\u00e4hrend der Hussitenkriege ist viel geschrieben worden, aber seine Heldentaten au\u00dferhalb des Feldes offenbaren einen noch mutigeren und entschlosseneren Mann. Hier ist <strong>Jan Zizka wahre Geschichte<\/strong> und sein uns\u00e4gliches Heldentum:<\/p>\n\n\n\n<h3 id=\"unorthodox-leadership\" class=\"wp-block-heading\">Unorthodoxe F\u00fchrung<\/h3>\n\n\n\n<p>Das Heldentum von Jan \u017di\u017eka liegt in seiner ungew\u00f6hnlichen F\u00fchrungsst\u00e4rke. Trotz <strong>Jan \u017di\u017eka verliert ein Auge<\/strong> in der Schlacht und schlie\u00dflich blind wurde, hielt \u017di\u017eka durch. Er nutzte seine anderen Sinne und vertraute darauf, dass seine Vorgesetzten ihm Befehle erteilten. Seine Furchtlosigkeit, mit der er seine Truppen blindlings anf\u00fchrte, verstie\u00df gegen alle Konventionen.<\/p>\n\n\n\n<h3 id=\"military-innovation\" class=\"wp-block-heading\">Milit\u00e4rische Innovation<\/h3>\n\n\n\n<p>Zu \u017di\u017ekas Tapferkeit geh\u00f6rten auch seine herausragenden milit\u00e4rischen Ideen. Beeindruckend war sein innovativer Einsatz von Armeewagen als mobile Festungen. Diese Taktik ver\u00e4nderte die Konflikte und zeigte seine Furchtlosigkeit bei der Anpassung und Innovation unter heftigen Konflikten.<\/p>\n\n\n\n<h3 id=\"brave-will\" class=\"wp-block-heading\">Tapferer Wille<\/h3>\n\n\n\n<p>\u017di\u017eka bewies w\u00e4hrend der Hussitenkriege Tapferkeit. Seine Tapferkeit im Guerillakrieg gegen m\u00e4chtige Feinde und seine strategische Brillanz \u00fcbertrafen alle Erwartungen. Trotz un\u00fcberwindbarer Hindernisse zeigte er bemerkenswerten Mut und Entschlossenheit.<\/p>\n\n\n\n<h3 id=\"cause-dedication\" class=\"wp-block-heading\">Ursache Dedication<\/h3>\n\n\n\n<p>Jan \u017di\u017ekas unersch\u00fctterliche Loyalit\u00e4t gegen\u00fcber der hussitischen Sache ist ein Beispiel f\u00fcr seine unsichtbare Tapferkeit. Er verteidigte leidenschaftlich die religi\u00f6sen und nationalen Freiheiten. Heldentum zeigt sich in seiner Hingabe an die hussitische Sache und seiner Bereitschaft, daf\u00fcr Opfer zu bringen.<\/p>\n\n\n\n<h2 id=\"jan-zizka-battles-triumphs-and-strategies-revealed\" class=\"wp-block-heading\">Jan Zizka-Schlachten: Triumphe und Strategien aufgedeckt<\/h2>\n\n\n\n<p>Das hussitische Heer unter der F\u00fchrung von \u017di\u017eka gewann in den Jahren 1420 und 1421 mehrere entscheidende Schlachten. Die <strong>Jan Zizka k\u00e4mpft<\/strong> waren die Schlacht von Sudom, die Schlacht von Vyehrad und die Schlacht von Kutn\u00e1 Hora. Diese Siege machten deutlich, dass \u017di\u017eka \u00fcber un\u00fcbertroffene milit\u00e4rische F\u00e4higkeiten verf\u00fcgte. Es wurde deutlich, dass \u017di\u017eka ein milit\u00e4risches Genie war, da er neue Methoden entwickelte, die den Ausgang der Konflikte ver\u00e4ndern sollten.<\/p>\n\n\n\n<h3 id=\"key-military-innovations\" class=\"wp-block-heading\">Wichtige milit\u00e4rische Innovationen<\/h3>\n\n\n\n<p>\u017di\u017eka ist f\u00fcr die Entwicklung mehrerer bedeutender milit\u00e4rischer Verbesserungen bekannt, darunter:<\/p>\n\n\n\n<p><strong>Kriegswagen: <\/strong>Der Einsatz von Kriegswagen war wohl seine auff\u00e4lligste Verbesserung der Kriegsf\u00fchrung. Diese rollenden Festungen waren bis an die Z\u00e4hne mit Kanonen und Musketieren bewaffnet. Sie sch\u00fctzten die hussitischen Truppen und machten sie mobiler, so dass sie Guerillakriege f\u00fchren und Belagerungen \u00fcberstehen konnten.<\/p>\n\n\n\n<p><strong>Hussitisch-taboritische Strategie:<\/strong> \u017di\u017eka war ein wichtiger Akteur im taboritischen Zweig der hussitischen Bewegung. Seine F\u00e4higkeit, die Taboriten zu f\u00fchren und innovative Strategien umzusetzen, war entscheidend f\u00fcr ihre Siege.<\/p>\n\n\n\n<h2 id=\"how-did-jan-zizka-die-unraveling-the-mystery\" class=\"wp-block-heading\">Wie starb Jan Zizka: Entr\u00e4tselung des Geheimnisses&nbsp;<\/h2>\n\n\n\n<p>Am 11. Oktober 1424 endete das Leben von Jan \u017di\u017eka. Als er starb, waren die Hussitenkriege, ein religi\u00f6ser und patriotischer Kampf, der B\u00f6hmen erfasst hatte, in vollem Gange.<\/p>\n\n\n\n<p>Es wurden mehrere Hypothesen dar\u00fcber aufgestellt, was \u017di\u017eka letztlich zum Verh\u00e4ngnis wurde, aber <strong>wie ist jan zizka gestorben? <\/strong>Einige sagen, er sei eines nat\u00fcrlichen Todes gestorben, w\u00e4hrend andere vermuten, dass er vergiftet wurde. Die historischen Aufzeichnungen sind nicht eindeutig, und die Einzelheiten sind nicht ganz klar.<\/p>\n\n\n\n<p>Viele Menschen glauben, dass \u017di\u017eka eines nat\u00fcrlichen Todes starb, etwa an einer Krankheit oder Blindheit. Das macht Sinn, wenn man bedenkt, wie alt er war und wie schwierig das Leben damals war.<\/p>\n\n\n\n<h2 id=\"jan-zizka-statue-a-tribute-to-a-legendary-figure\" class=\"wp-block-heading\">Jan Zizka-Statue: Eine Hommage an eine legend\u00e4re Figur<\/h2>\n\n\n\n<p>Wer war Jan \u017di\u017eka? Wir sind zuversichtlich, dass Sie jetzt die Antwort haben, denn wir haben uns eingehend damit befasst. Es ist wichtig, seinen nachhaltigen Einfluss auf das tschechische Volk und dar\u00fcber hinaus zu erkennen. \u00dcberall im Land k\u00f6nnen Sie eine Statue oder ein Denkmal zu seinen Ehren besichtigen, das Sie st\u00e4ndig an seinen bleibenden Einfluss erinnert. Das Jan-\u017di\u017eka-Denkmal im Prager Stadtteil \u017di\u017ekov mit dem riesigen Reiterstandbild von \u017di\u017eka auf einem H\u00fcgel ist das bekannteste dieser Denkm\u00e4ler, aber auch das <a href=\"https:\/\/prague.org\/de\/national-monument-at-vitkov\/\">Nationaldenkmal in V\u00edtkov<\/a>. Die Einweihung dieser Statuen zum Gedenken an \u017di\u017eka ist zu einer Quelle des Nationalstolzes geworden.<\/p>\n\n\n\n<p>Auch wenn mit dem Tod von Jan \u017di\u017eka eine \u00c4ra zu Ende ging, blieb sein Verm\u00e4chtnis in Form neuartiger milit\u00e4rischer Strategien, hartn\u00e4ckiger Beharrlichkeit und eines bleibenden Eindrucks als F\u00fchrungspers\u00f6nlichkeit bestehen.<\/p>\n\n\n\n<div data-gyg-href=\"https:\/\/widget.getyourguide.com\/default\/city.frame\" data-gyg-location-id=\"10\" data-gyg-locale-code=\"en-US\" data-gyg-widget=\"city\" data-gyg-partner-id=\"U94OQGQ\"><\/div>","protected":false},"excerpt":{"rendered":"Der Name Jan \u017di\u017eka ist Ihnen als Geschichtsinteressierten vielleicht ein Begriff, aber wer war Jan \u017di\u017eka...","protected":false},"author":2,"featured_media":11814,"comment_status":"closed","ping_status":"closed","sticky":false,"template":"","format":"standard","meta":{"footnotes":""},"categories":[204,15,39],"tags":[49],"table_tags":[],"_links":{"self":[{"href":"https:\/\/prague.org\/de\/wp-json\/wp\/v2\/posts\/11812"}],"collection":[{"href":"https:\/\/prague.org\/de\/wp-json\/wp\/v2\/posts"}],"about":[{"href":"https:\/\/prague.org\/de\/wp-json\/wp\/v2\/types\/post"}],"author":[{"embeddable":true,"href":"https:\/\/prague.org\/de\/wp-json\/wp\/v2\/users\/2"}],"replies":[{"embeddable":true,"href":"https:\/\/prague.org\/de\/wp-json\/wp\/v2\/comments?post=11812"}],"version-history":[{"count":3,"href":"https:\/\/prague.org\/de\/wp-json\/wp\/v2\/posts\/11812\/revisions"}],"predecessor-version":[{"id":12802,"href":"https:\/\/prague.org\/de\/wp-json\/wp\/v2\/posts\/11812\/revisions\/12802"}],"wp:featuredmedia":[{"embeddable":true,"href":"https:\/\/prague.org\/de\/wp-json\/wp\/v2\/media\/11814"}],"wp:attachment":[{"href":"https:\/\/prague.org\/de\/wp-json\/wp\/v2\/media?parent=11812"}],"wp:term":[{"taxonomy":"category","embeddable":true,"href":"https:\/\/prague.org\/de\/wp-json\/wp\/v2\/categories?post=11812"},{"taxonomy":"post_tag","embeddable":true,"href":"https:\/\/prague.org\/de\/wp-json\/wp\/v2\/tags?post=11812"},{"taxonomy":"table_tags","embeddable":true,"href":"https:\/\/prague.org\/de\/wp-json\/wp\/v2\/table_tags?post=11812"}],"curies":[{"name":"wp","href":"https:\/\/api.w.org\/{rel}","templated":true}]}}