{"id":11820,"date":"2023-10-25T10:22:22","date_gmt":"2023-10-25T08:22:22","guid":{"rendered":"https:\/\/prague.org\/?p=11820"},"modified":"2023-10-25T18:13:50","modified_gmt":"2023-10-25T16:13:50","slug":"who-was-vaclav-havel","status":"publish","type":"post","link":"https:\/\/prague.org\/de\/wer-war-vaclav-havel\/","title":{"rendered":"Wer war Vaclav Havel? Vom Dramatiker zum Pr\u00e4sidenten"},"content":{"rendered":"<h2 id=\"exploring-the-inspiring-journey-of-a-czech-icon\" class=\"wp-block-heading\">Erkundung der inspirierenden Reise einer tschechischen Ikone<\/h2>\n\n\n\n<p><strong>Wer war V\u00e1clav Havel?<\/strong>&nbsp; Wenn es um den Kampf f\u00fcr Freiheit, Gleichheit und Menschenrechte geht, kommt einem sofort der Name V\u00e1clav Havel in den Sinn. Havel geh\u00f6rt nach wie vor zu den bekanntesten und am meisten respektierten Pers\u00f6nlichkeiten der tschechischen und internationalen Geschichte. Dieser Artikel gibt eine ausf\u00fchrliche Antwort auf die Frage, \"<strong>Wer war V\u00e1clav Havel?<\/strong>\" \u00fcber sein Leben, seinen Tod, sein zweifaches Erbe und sein literarisches Werk.<\/p>\n\n\n\n<p>Der Aufstieg V\u00e1clavs vom regimekritischen Dramatiker zum ersten Pr\u00e4sidenten der postkommunistischen Tschechoslowakei und dann zum <strong>erster Pr\u00e4sident der Tschechischen Republik<\/strong> ist ein inspirierender Beweis daf\u00fcr, was man mit Mut, Ausdauer und dem Willen, das Richtige zu tun, erreichen kann.<\/p>\n\n\n\n<p>Wenn Sie sich f\u00fcr Geschichte interessieren und eine Reise nach Prag planen, ist das Leben von V\u00e1clav Havel ein inspirierendes Zeugnis daf\u00fcr, wie ein Einzelner die Welt ver\u00e4ndern kann, selbst wenn er mit Widrigkeiten konfrontiert ist. W\u00e4hrend Ihres Aufenthalts in Prag k\u00f6nnen Sie auch historische Ereignisse wie die <a href=\"https:\/\/prague.org\/de\/wo-bleiben-in-prag-bila-hora\/\">Schlacht von B\u00edl\u00e1 Hora<\/a> um ein tieferes Verst\u00e4ndnis f\u00fcr die reiche Geschichte der Stadt zu erlangen.<\/p>\n\n\n\n<h2 id=\"unraveling-vaclav-havels-biography-who-was-vaclav-havel\" class=\"wp-block-heading\">Die Biografie von Vaclav Havel entr\u00e4tseln: Wer war Vaclav Havel?&nbsp;<\/h2>\n\n\n\n<p>Nach Angaben von <strong>Biografie von Vaclav Havel<\/strong>Er wurde am 5. Oktober 1936 als Sohn einer wohlhabenden und kulturell vielf\u00e4ltigen Familie in Prag, Tschechoslowakei, geboren. Sein leiblicher Vater war ein angesehener Diplomat, seine Mutter eine ver\u00f6ffentlichte Autorin. V\u00e1clav entwickelte schon als junger Mann eine tiefe Leidenschaft f\u00fcr Literatur und Theater, da er in einer Gemeinschaft aufwuchs, die diese Aktivit\u00e4ten sch\u00e4tzte.<\/p>\n\n\n\n<p>Havel begann seinen k\u00fcnstlerischen Weg in den 1950er Jahren, als er sich an der Akademie der darstellenden K\u00fcnste in Prag an der Fakult\u00e4t f\u00fcr Theater einschrieb. In seinen jungen Jahren widmete er sich ganz der B\u00fchne und dem Schreiben und wurde bald als begabter Dramatiker anerkannt.<\/p>\n\n\n\n<h2 id=\"the-velvet-revolution-and-vaclav-havels-role-in-czech-history\" class=\"wp-block-heading\">Die Samtene Revolution und die Rolle von Vaclav Havel in der tschechischen Geschichte\u00a0<\/h2>\n\n\n\n<figure class=\"wp-block-image size-large\"><img decoding=\"async\" width=\"1024\" height=\"683\" src=\"https:\/\/prague.org\/wp-content\/uploads\/2023\/10\/Depositphotos_234360998_XL-1-1024x683.jpg\" alt=\"V\u00e1clav Havel\" class=\"wp-image-11856\" srcset=\"https:\/\/prague.org\/wp-content\/uploads\/2023\/10\/Depositphotos_234360998_XL-1-1024x683.jpg 1024w, https:\/\/prague.org\/wp-content\/uploads\/2023\/10\/Depositphotos_234360998_XL-1-300x200.jpg 300w, https:\/\/prague.org\/wp-content\/uploads\/2023\/10\/Depositphotos_234360998_XL-1-768x512.jpg 768w, https:\/\/prague.org\/wp-content\/uploads\/2023\/10\/Depositphotos_234360998_XL-1-1536x1024.jpg 1536w, https:\/\/prague.org\/wp-content\/uploads\/2023\/10\/Depositphotos_234360998_XL-1-2048x1365.jpg 2048w, https:\/\/prague.org\/wp-content\/uploads\/2023\/10\/Depositphotos_234360998_XL-1-18x12.jpg 18w, https:\/\/prague.org\/wp-content\/uploads\/2023\/10\/Depositphotos_234360998_XL-1-380x253.jpg 380w, https:\/\/prague.org\/wp-content\/uploads\/2023\/10\/Depositphotos_234360998_XL-1-800x533.jpg 800w, https:\/\/prague.org\/wp-content\/uploads\/2023\/10\/Depositphotos_234360998_XL-1-1160x773.jpg 1160w, https:\/\/prague.org\/wp-content\/uploads\/2023\/10\/Depositphotos_234360998_XL-1-600x400.jpg 600w, https:\/\/prague.org\/wp-content\/uploads\/2023\/10\/Depositphotos_234360998_XL-1-scaled.jpg 2560w\" sizes=\"(max-width: 1024px) 100vw, 1024px\" \/><figcaption class=\"wp-element-caption\">V\u00e1clav Havel<\/figcaption><\/figure>\n\n\n\n<p>Die Samtene Revolution, ein gewaltfreier Aufstand in der Tschechoslowakei im Jahr 1989, war ein wichtiger Wendepunkt in der<a href=\"https:\/\/prague.org\/de\/erkunde-die-reiche-prager-geschichte\/\"> Prags reiche Geschichte<\/a> und eine Quelle der Inspiration f\u00fcr demokratische Bewegungen auf der ganzen Welt. V\u00e1clav Havel, ein ehemaliger politischer Dissident und heute geachteter Staatsmann, war eine treibende Kraft hinter dem erfolgreichen Aufstand, der zur Unabh\u00e4ngigkeit der Tschechischen Republik f\u00fchrte.1 Zu Vaclav Havels Rolle in der tschechischen Geschichte geh\u00f6ren:<\/p>\n\n\n\n<h3 id=\"dissident-playwright\" class=\"wp-block-heading\">Dissidenter Dramatiker<\/h3>\n\n\n\n<p>Bevor er in die Politik ging, war Havel ein bekannter Dramatiker, der f\u00fcr seine nachdenklichen und bissigen Werke bekannt war. Seine St\u00fccke, insbesondere \"Die Gartenparty\" und \"Das Memorandum\", persiflierten das kommunistische Leben. Sein internationales Ansehen und seine intellektuelle Position stiegen durch diese Bem\u00fchungen.<\/p>\n\n\n\n<h3 id=\"dissident-leader\" class=\"wp-block-heading\">Dissidentenf\u00fchrer<\/h3>\n\n\n\n<p>Die tschechoslowakische Dissidentenbewegung, angef\u00fchrt von Havel, stellte sich gegen das kommunistische Regime. Er war an der Ausarbeitung der Charta 77 beteiligt, in der die Regierung aufgefordert wurde, ihre internationalen Menschenrechtsverpflichtungen einzuhalten. Die Beh\u00f6rden schikanierten und inhaftierten Havel, weil er das Regime kritisierte.<\/p>\n\n\n\n<h3 id=\"velvet-revolution\" class=\"wp-block-heading\">Samtene Revolution<\/h3>\n\n\n\n<p>Havels beste Rolle in der tschechischen Geschichte war die F\u00fchrung der Samtenen Revolution 1989. Der kommunistische Staat brach nach der gewaltlosen Rebellion zusammen. Havels moralische Kraft und Beredsamkeit inspirierten die Massen und verhalfen der Revolution zum Erfolg.<\/p>\n\n\n\n<h3 id=\"democratic-transition\" class=\"wp-block-heading\">Demokratischer \u00dcbergang<\/h3>\n\n\n\n<p>Die Samtene Revolution machte V\u00e1clav Havel zum Pr\u00e4sidenten der Tschechoslowakei und sp\u00e4ter der Tschechischen Republik. Er f\u00fchrte das Land durch den schwierigen \u00dcbergang vom Totalitarismus zur Demokratie. Seine F\u00fchrung f\u00f6rderte Demokratie, Menschenrechte und das Recht.<\/p>\n\n\n\n<h3 id=\"moral-leadership\" class=\"wp-block-heading\">Moralische F\u00fchrung<\/h3>\n\n\n\n<p>Havels starke Moral und sein Glaube an soziale Verantwortung pr\u00e4gten seine Regierung. Er setzte sich f\u00fcr politische Vers\u00f6hnung und das Vertrauen der B\u00fcrger ein.<\/p>\n\n\n\n<h3 id=\"global-human-rights-advocate\" class=\"wp-block-heading\">Globale Menschenrechtsverteidigerin<\/h3>\n\n\n\n<p>Havel setzte sich auch au\u00dferhalb der tschechischen Politik weltweit f\u00fcr Menschenrechte und Demokratie ein. F\u00fcr sein Engagement f\u00fcr diese \u00dcberzeugungen wurde er mit der Freiheitsmedaille des US-Pr\u00e4sidenten und anderen ausl\u00e4ndischen Auszeichnungen geehrt.<\/p>\n\n\n\n<h3 id=\"enduring-legacy\" class=\"wp-block-heading\">Bleibendes Erbe<\/h3>\n\n\n\n<p>Das Verm\u00e4chtnis von V\u00e1clav Havel lebt in der Tschechischen Republik und weltweit weiter. Er steht f\u00fcr St\u00e4rke, Unverw\u00fcstlichkeit, Gerechtigkeit und Freiheit. Sein Leben und seine Leistungen inspirieren die Verfechter von Freiheit, Demokratie und Menschenrechten.<\/p>\n\n\n\n<h2 id=\"vaclav-havels-passing-the-circumstances-of-his-death\" class=\"wp-block-heading\">Vaclav Havels Ableben: Die Umst\u00e4nde seines Todes&nbsp;<\/h2>\n\n\n\n<p><strong>Der Tod von V\u00e1clav Havel<\/strong> war am 18. Dezember 2011. Mit seinem Tod endete ein gro\u00dfartiges Leben im Kampf f\u00fcr Demokratie, Freiheit und Menschenrechte. Havel war eine Ikone unter den Dramatikern, Rebellen und Staatsm\u00e4nnern. <strong>Sein Tod<\/strong> war ein tragischer Verlust nicht nur f\u00fcr das tschechische Volk, sondern f\u00fcr alle, die sein unersch\u00fctterliches Engagement f\u00fcr diese \u00dcberzeugungen respektierten.<\/p>\n\n\n\n<h3 id=\"health-challenges\" class=\"wp-block-heading\">Gesundheitliche Herausforderungen<\/h3>\n\n\n\n<p>Die Gesundheit von V\u00e1clav Havel war in den Jahren nach seinem Tod ein gro\u00dfes Thema. Das Gef\u00e4ngnisleben w\u00e4hrend der kommunistischen \u00c4ra verschlimmerte die bereits bestehenden Atemprobleme. Im Jahr 1996 musste ihm aufgrund eines b\u00f6sartigen Tumors eine Lunge entfernt werden. Trotz seiner gesundheitlichen Probleme arbeitete er weiter im \u00f6ffentlichen Dienst und k\u00e4mpfte f\u00fcr Demokratie und Menschenrechte.<\/p>\n\n\n\n<h3 id=\"passing\" class=\"wp-block-heading\">Weitergabe<\/h3>\n\n\n\n<p>V\u00e1clav Havel, der ehemalige tschechische Pr\u00e4sident, ist in den fr\u00fchen Morgenstunden des 18. Dezember 2011 in seinem Haus in der l\u00e4ndlichen Gemeinde Hr\u00e1de\u010dek verstorben. Er war 75 Jahre alt. Komplikationen aufgrund seiner langj\u00e4hrigen gesundheitlichen Probleme f\u00fchrten schlie\u00dflich zu einem Atemversagen, das schlie\u00dflich zu seinem Tod f\u00fchrte.<\/p>\n\n\n\n<h2 id=\"a-statesman-and-a-writer-the-dual-legacy-of-vaclav-havel\" class=\"wp-block-heading\">Ein Staatsmann und ein Schriftsteller: Das doppelte Verm\u00e4chtnis von Vaclav Havel<\/h2>\n\n\n\n<p>V\u00e1clav Havel wird als Staatsmann in Erinnerung bleiben, der die Zukunft seines Landes ma\u00dfgeblich beeinflusst hat, und als Schriftsteller, dessen Gedanken und Werke auch Jahrzehnte nach seinem Tod noch unsch\u00e4tzbare Erkenntnisse vermitteln.<\/p>\n\n\n\n<h3 id=\"the-statesman\" class=\"wp-block-heading\">Der Staatsmann<\/h3>\n\n\n\n<p>Politisch wird V\u00e1clav Havel immer mit der<strong> Samtene Revolution von 1989<\/strong>Havel war ein Wendepunkt in der Geschichte der Tschechoslowakei und ein Symbol f\u00fcr den gewaltlosen Widerstand gegen die Diktatur. Nach dem Fall des Kommunismus in der Tschechoslowakei wurde Vaclav Havel Pr\u00e4sident des Landes. Er gilt weithin als Verfechter der Demokratie, der Menschenrechte und des Vorrangs des Rechts.<\/p>\n\n\n\n<h3 id=\"the-writer\" class=\"wp-block-heading\">Die Schriftstellerin<\/h3>\n\n\n\n<p>V\u00e1clav Havels literarischer Ruf eilte seiner politischen Karriere voraus. Die Weisheit, der Humor und die Hingabe an die Wahrheit in seinen literarischen Werken werden auch heute noch weithin bewundert.<\/p>\n\n\n\n<p>V\u00e1clav Havels Errungenschaften als politischer F\u00fchrer und als Schriftsteller sind ein Beweis daf\u00fcr, dass eine einzige Person eine globale Wirkung haben kann. Alle, die an die Unverw\u00fcstlichkeit des menschlichen Geistes glauben, um \u00fcber Widrigkeiten zu triumphieren und die Sache der Freiheit und Gleichheit voranzutreiben, sollten sich an seinem Lebensweg vom dissidenten Dramatiker, der sich der Ungerechtigkeit widersetzt, zum Pr\u00e4sidenten, der f\u00fcr Optimismus steht, ein Beispiel nehmen.<\/p>\n\n\n\n<h2 id=\"exploring-the-literary-world-books-by-vaclav-havel\" class=\"wp-block-heading\">Erkundung der literarischen Welt: B\u00fccher von Vaclav Havel<\/h2>\n\n\n\n<div data-gyg-href=\"https:\/\/widget.getyourguide.com\/default\/activities.frame\" data-gyg-locale-code=\"en-US\" data-gyg-widget=\"activities\" data-gyg-number-of-items=\"3\" data-gyg-partner-id=\"U94OQGQ\" data-gyg-q=\"prague%20Vaclav%20Havel\"><\/div>\n\n\n\n<p>Die Komplexit\u00e4t, der Witz und das Engagement f\u00fcr die Wahrheit in vielen Schriften von V\u00e1clav Havel ziehen weiterhin Leser an und werfen ein Licht auf seine philosophischen und politischen Positionen. Werfen wir einen Blick auf einige seiner<strong> B\u00fccher von Vaclav Havel<\/strong>:<\/p>\n\n\n\n<h3 id=\"the-power-of-the-powerless-1978\" class=\"wp-block-heading\">\"Die Macht der Machtlosen\" (1978)<\/h3>\n\n\n\n<p>Zu Havels hochgelobten Werken geh\u00f6rt auch dieser bahnbrechende Essay. Es ist eine Erkundung des \"Lebens in Wahrheit\" und der pers\u00f6nlichen Verantwortung in einem totalit\u00e4ren Staat. Dieses Werk ist ein Klassiker wegen Havels Analyse der Autorit\u00e4t und seines Pl\u00e4doyers f\u00fcr gewaltlosen Widerstand.<\/p>\n\n\n\n<h3 id=\"letters-to-olga-1983\" class=\"wp-block-heading\">\"Briefe an Olga\" (1983)<\/h3>\n\n\n\n<p>&nbsp;Ein Auszug aus dem 1983 erschienenen Buch \"Briefe an Olga\" Die Briefe, die er w\u00e4hrend seiner Haftzeit an seine Frau Olga schrieb, geben einen ber\u00fchrend intimen Einblick in Havels Leben als politischer Gefangener und Dissident. Sie zeigen seinen Wunsch nach Unabh\u00e4ngigkeit und seine unersch\u00fctterliche Hingabe an seine Werte.<\/p>\n\n\n\n<h3 id=\"summer-meditations-1991\" class=\"wp-block-heading\">\"Sommerliche Meditationen\" (1991)<\/h3>\n\n\n\n<p>Der Essayband \"Sommermeditationen\" (1991) befasst sich mit den Ver\u00e4nderungen in der Tschechoslowakei und auf der ganzen Welt nach dem Fall des Kommunismus. Havel reflektiert \u00fcber die Schwierigkeiten und M\u00f6glichkeiten einer demokratischen Gesellschaft.<\/p>\n\n\n\n<h3 id=\"to-the-castle-and-back-2007\" class=\"wp-block-heading\">\"Zum Schloss und zur\u00fcck\" (2007)<\/h3>\n\n\n\n<p>&nbsp;Havels Memoiren \"Bis zum Schloss und zur\u00fcck\" (2007) bieten einen interessanten Einblick in sein Leben, von seinen fr\u00fchen Jahren als Dissident bis zu seiner Pr\u00e4sidentschaft. Er spricht \u00fcber Erfahrungen, Beobachtungen und die Schwierigkeiten der politischen Arbeit.<\/p>\n\n\n\n<h3 id=\"disturbing-the-peace-1986\" class=\"wp-block-heading\">\"St\u00f6rung des Friedens\" (1986)<\/h3>\n\n\n\n<p>Havels Autobiographie \"Die St\u00f6rung des Friedens\" (1986) wurde aus dem Gef\u00e4ngnis heraus geschrieben und beschreibt sein Leben als Rebell und seine Begegnungen mit der kommunistischen Diktatur. Dies zeigt, wie sehr er an Freiheit und Menschenrechte glaubt.<\/p>\n\n\n\n<h3 id=\"open-letters-selected-writings-1965-1990-1991\" class=\"wp-block-heading\">\"Offene Briefe: Ausgew\u00e4hlte Schriften, 1965-1990\" (1991)<\/h3>\n\n\n\n<p>Politik, Kunst und der Platz des Intellektuellen in der Gesellschaft sind nur einige der vielen Themen, die in dieser Zusammenstellung von Havels Essays behandelt werden. Hier wird ein vollst\u00e4ndiges Bild seiner intellektuellen und politischen Entwicklung gezeichnet.<\/p>\n\n\n\n<p>Die Werke von V\u00e1clav Havel zeichnen sich durch ihre philosophische Strenge, moralische Klarheit und ihr Engagement f\u00fcr die universellen Grunds\u00e4tze der Demokratie, der Wahrhaftigkeit und der Menschenrechte aus. Seine Werke haben Menschen inspiriert, die an die transformative Kraft der Literatur glauben und sich dem unerm\u00fcdlichen Kampf f\u00fcr Freiheit und Gerechtigkeit verschrieben haben.<\/p>\n\n\n\n<div data-gyg-href=\"https:\/\/widget.getyourguide.com\/default\/city.frame\" data-gyg-location-id=\"10\" data-gyg-locale-code=\"en-US\" data-gyg-widget=\"city\" data-gyg-partner-id=\"U94OQGQ\"><\/div>","protected":false},"excerpt":{"rendered":"Erkundung des inspirierenden Weges einer tschechischen Ikone Wer war V\u00e1clav Havel?  Wenn es um den Kampf f\u00fcr die Freiheit geht,...","protected":false},"author":2,"featured_media":11858,"comment_status":"closed","ping_status":"closed","sticky":false,"template":"","format":"standard","meta":{"footnotes":""},"categories":[15,204,39],"tags":[49],"table_tags":[],"_links":{"self":[{"href":"https:\/\/prague.org\/de\/wp-json\/wp\/v2\/posts\/11820"}],"collection":[{"href":"https:\/\/prague.org\/de\/wp-json\/wp\/v2\/posts"}],"about":[{"href":"https:\/\/prague.org\/de\/wp-json\/wp\/v2\/types\/post"}],"author":[{"embeddable":true,"href":"https:\/\/prague.org\/de\/wp-json\/wp\/v2\/users\/2"}],"replies":[{"embeddable":true,"href":"https:\/\/prague.org\/de\/wp-json\/wp\/v2\/comments?post=11820"}],"version-history":[{"count":2,"href":"https:\/\/prague.org\/de\/wp-json\/wp\/v2\/posts\/11820\/revisions"}],"predecessor-version":[{"id":11860,"href":"https:\/\/prague.org\/de\/wp-json\/wp\/v2\/posts\/11820\/revisions\/11860"}],"wp:featuredmedia":[{"embeddable":true,"href":"https:\/\/prague.org\/de\/wp-json\/wp\/v2\/media\/11858"}],"wp:attachment":[{"href":"https:\/\/prague.org\/de\/wp-json\/wp\/v2\/media?parent=11820"}],"wp:term":[{"taxonomy":"category","embeddable":true,"href":"https:\/\/prague.org\/de\/wp-json\/wp\/v2\/categories?post=11820"},{"taxonomy":"post_tag","embeddable":true,"href":"https:\/\/prague.org\/de\/wp-json\/wp\/v2\/tags?post=11820"},{"taxonomy":"table_tags","embeddable":true,"href":"https:\/\/prague.org\/de\/wp-json\/wp\/v2\/table_tags?post=11820"}],"curies":[{"name":"wp","href":"https:\/\/api.w.org\/{rel}","templated":true}]}}