{"id":11983,"date":"2023-11-15T11:28:09","date_gmt":"2023-11-15T09:28:09","guid":{"rendered":"https:\/\/prague.org\/?p=11983"},"modified":"2023-11-15T15:43:42","modified_gmt":"2023-11-15T13:43:42","slug":"czech-photographer-josef-sudek","status":"publish","type":"post","link":"https:\/\/prague.org\/de\/tschechischer-fotograf-josef-sudek\/","title":{"rendered":"Die leuchtende Welt von Josef Sudek"},"content":{"rendered":"<p><strong>Der tschechische Fotograf Josef Sudek<\/strong>der h\u00e4ufig als \"Dichter von Prag\" bezeichnet wird, war ein Fotograf, dessen Kunst einen unausl\u00f6schlichen Einfluss auf die Welt der Fotografie hatte. Seine Fotografien haben eine surreale, jenseitige Qualit\u00e4t, und er hat den Ruf, ein poetisches Auge zu haben. Denn er verstand es, das Allt\u00e4gliche ins Erhabene zu heben, <strong>Der tschechische Fotograf Josef Sudek<\/strong> gilt als legend\u00e4re Figur in der Geschichte der Fotografie, insbesondere im Bereich der tschechischen Kunst.<\/p>\n\n\n\n<p>Wir sind eingeladen, in die geheimnisvolle Sch\u00f6nheit einzutauchen, die Sudek durch seine ungew\u00f6hnliche Herangehensweise an die Fotografie und die immersive Erfahrung, die seine Galerie bietet, f\u00fcr die Ewigkeit festgehalten und geformt hat.<\/p>\n\n\n\n<p>Auch heute noch lassen sich Fotografen von Josef Sudek inspirieren, dessen Werk Generationen dazu angeregt hat, die Welt durch ein lyrischeres Objektiv zu betrachten und das Wunder im Allt\u00e4glichen zu finden.<\/p>\n\n\n\n<h2 id=\"the-artistic-vision-of-josef-sudek\" class=\"wp-block-heading\">Die k\u00fcnstlerische Vision von Josef Sudek&nbsp;<\/h2>\n\n\n\n<p>Josef Sudeks k\u00fcnstlerische Vision war so weitreichend, dass sie weit \u00fcber die Normen der Fotografie hinausging. Sudeks Leben, insbesondere der Erste Weltkrieg, pr\u00e4gte seine Kunst. W\u00e4hrend des Konflikts wurde ihm der rechte Arm amputiert, was andere vielleicht abgeschreckt h\u00e4tte. Sudeks fotografische Leidenschaft und Entschlossenheit setzten sich durch. Er reagierte auf seine k\u00f6rperlichen Einschr\u00e4nkungen, um seinen eigenen fotografischen Stil zu entwickeln.<\/p>\n\n\n\n<p><strong>Der tschechische Fotograf Josef Sudek<\/strong>Die F\u00e4higkeit des K\u00fcnstlers, das Allt\u00e4gliche au\u00dfergew\u00f6hnlich zu machen, war von zentraler Bedeutung f\u00fcr seine Kunst. Seine Gem\u00e4lde zeigen in der Regel allt\u00e4gliche Dinge, Stillleben und lokale Szenerien. Sudek war bekannt f\u00fcr seine Akribie und seine F\u00e4higkeit, Sch\u00f6nheit im Allt\u00e4glichen zu finden. Sudek fand die Magie in allt\u00e4glichen Gegenst\u00e4nden wie Obstschalen, Vasen und Werkbankobjekten.<\/p>\n\n\n\n<p>Sudeks Liebe zu <a href=\"http:\/\/prague.org\/de\/\" data-type=\"link\" data-id=\"http:\/\/prague.org\/\">Prag<\/a>wo er die meiste Zeit seines Lebens verbracht hat, hat seine Kunst gepr\u00e4gt. Seine Prag-Fotos sind visuelle Gedichte, die die Seele der Stadt einfangen. Sudek hat die st\u00e4ndig wechselnden Stimmungen und Atmosph\u00e4ren Prags perfekt eingefangen. Er fotografierte die Hauptstadt bei unterschiedlichem Wetter und zu verschiedenen Tageszeiten, um ihre ewige Sch\u00f6nheit zu zeigen. Seine Prag-Fotos, die mit nat\u00fcrlichem Licht eine \u00e4therische Stimmung erzeugen, zeigen sein Geschick f\u00fcr Licht und Schatten.<\/p>\n\n\n\n<h2 id=\"josef-sudek-and-the-art-of-capturing-light\" class=\"wp-block-heading\">Josef Sudek und die Kunst, Licht einzufangen<\/h2>\n\n\n\n<p>Die transformierende Wirkung des Lichts war f\u00fcr Sudeks Kunst von zentraler Bedeutung. Lassen Sie uns dar\u00fcber sprechen, wie er sie einfing.<\/p>\n\n\n\n<h3 id=\"the-play-of-natural-light\" class=\"wp-block-heading\">Das Spiel des nat\u00fcrlichen Lichts<\/h3>\n\n\n\n<p><strong>Josef Sudek Fotografie<\/strong> Sein Interesse an nat\u00fcrlichem Licht war der Grund f\u00fcr sein Fachwissen. Er liebte die Beobachtung der <a href=\"https:\/\/prague.org\/de\/leitfaden-fur-das-wetter-in-prag-nach-monaten\/\" data-type=\"link\" data-id=\"https:\/\/prague.org\/guide-to-prague-weather-by-month\/\">Jahreszeiten<\/a> und wie die Sonne durch die B\u00e4ume fiel, Schatten warf und die Motive beleuchtete. Seine fr\u00fchen Fotos waren wegen des weichen, diffusen Lichts von B\u00e4umen oder Vorh\u00e4ngen surreal.<\/p>\n\n\n\n<h3 id=\"window-panes-as-signatures\" class=\"wp-block-heading\">Fensterscheiben als Signaturen<\/h3>\n\n\n\n<p>In Sudeks Werken findet sich das Motiv der Fensterscheibe, das er wirkungsvoll einsetzt. Seine Bilder zeigten Fensterscheiben als Lichthindernisse und -leiter. Mit diesen kunstvollen Schattenmustern gelang es ihm, die Szene au\u00dferhalb des Glases einzufangen. Sudeks Fensterglasserien symbolisierten Innen-Au\u00dfen-, Sichtbar-Verborgenes-Beziehungen.<\/p>\n\n\n\n<h3 id=\"magic-in-the-dark\" class=\"wp-block-heading\">Magie im Dunkeln<\/h3>\n\n\n\n<p>Sudek war ein Dunkelkammer-Experte und Fotograf. Dank seines Fachwissens \u00fcber Drucktechniken konnte er Licht und Schatten in seinen Fotos steuern. Seine gro\u00dfe Farbtonvielfalt und sein reiches Bildmaterial wurden durch verschiedene Druckverfahren erreicht. Seine akribische Arbeit in der Dunkelkammer spiegelte seine Gem\u00e4lde wider.<\/p>\n\n\n\n<h3 id=\"the-sparkling-city-of-prague\" class=\"wp-block-heading\">Die funkelnde Stadt Prag<\/h3>\n\n\n\n<p>Seine lebenslange Heimat, Prag, inspirierte Sudek. Sudek hielt die verschiedenen Stimmungen und Atmosph\u00e4ren Prags in seinen Fotos fest. Er fotografierte die Stadt zu verschiedenen Tageszeiten und lie\u00df das Licht jedes Bild bestimmen. Sudeks Prag wurde von den ruhigen Stra\u00dfen der Morgend\u00e4mmerung und den himmlischen Stra\u00dfenlaternen der Nacht beleuchtet.<\/p>\n\n\n\n<h2 id=\"elegance-in-enigmatic-still-life-photography\" class=\"wp-block-heading\">Eleganz in der r\u00e4tselhaften Stilllebenfotografie&nbsp;<\/h2>\n\n\n\n<p>Josef Sudeks F\u00e4higkeit, in seinen Stillleben die geheimnisvolle Sch\u00f6nheit allt\u00e4glicher Gegenst\u00e4nde einzufangen, zeugt von seiner k\u00fcnstlerischen Anmut. Wer das Gl\u00fcck hat, seine <strong>Josef Sudek's<\/strong><strong> Stillleben <\/strong>Die Kompositionen sind immer wieder faszinierend und inspirierend und fordern den Betrachter heraus, die Sch\u00f6nheit und das Geheimnisvolle der Welt um uns herum zu sch\u00e4tzen.<\/p>\n\n\n\n<h2 id=\"exploring-sudeks-lens-and-gallery\" class=\"wp-block-heading\">Erkundung von Sudeks Linse und Galerie<\/h2>\n\n\n\n<p><strong>Der tschechische Fotograf Josef Sudek<\/strong> nutzte sein Objektiv, um das Allt\u00e4gliche spektakul\u00e4r zu machen. Mehrere wichtige Merkmale zeichneten seine Herangehensweise an die Fotografie aus:<\/p>\n\n\n\n<ul>\n<li>Beherrschung des Lichts<\/li>\n\n\n\n<li>Liebe zum Detail<\/li>\n\n\n\n<li>Eleganz und Poesie<\/li>\n<\/ul>\n\n\n\n<p>Diejenigen, die die <strong>Josef Sudek Galerie<\/strong> in Prag werden in einer \u00e4therischen Atmosph\u00e4re empfangen, in der sie die Arbeit des Fotografen in vollem Umfang erleben k\u00f6nnen.<\/p>","protected":false},"excerpt":{"rendered":"Der tschechische Fotograf Josef Sudek, der h\u00e4ufig als \"Dichter von Prag\" bezeichnet wird, war ein Fotograf, dessen Kunst...","protected":false},"author":2,"featured_media":11984,"comment_status":"closed","ping_status":"closed","sticky":false,"template":"","format":"standard","meta":{"footnotes":""},"categories":[15,204,39],"tags":[49],"table_tags":[],"_links":{"self":[{"href":"https:\/\/prague.org\/de\/wp-json\/wp\/v2\/posts\/11983"}],"collection":[{"href":"https:\/\/prague.org\/de\/wp-json\/wp\/v2\/posts"}],"about":[{"href":"https:\/\/prague.org\/de\/wp-json\/wp\/v2\/types\/post"}],"author":[{"embeddable":true,"href":"https:\/\/prague.org\/de\/wp-json\/wp\/v2\/users\/2"}],"replies":[{"embeddable":true,"href":"https:\/\/prague.org\/de\/wp-json\/wp\/v2\/comments?post=11983"}],"version-history":[{"count":4,"href":"https:\/\/prague.org\/de\/wp-json\/wp\/v2\/posts\/11983\/revisions"}],"predecessor-version":[{"id":12038,"href":"https:\/\/prague.org\/de\/wp-json\/wp\/v2\/posts\/11983\/revisions\/12038"}],"wp:featuredmedia":[{"embeddable":true,"href":"https:\/\/prague.org\/de\/wp-json\/wp\/v2\/media\/11984"}],"wp:attachment":[{"href":"https:\/\/prague.org\/de\/wp-json\/wp\/v2\/media?parent=11983"}],"wp:term":[{"taxonomy":"category","embeddable":true,"href":"https:\/\/prague.org\/de\/wp-json\/wp\/v2\/categories?post=11983"},{"taxonomy":"post_tag","embeddable":true,"href":"https:\/\/prague.org\/de\/wp-json\/wp\/v2\/tags?post=11983"},{"taxonomy":"table_tags","embeddable":true,"href":"https:\/\/prague.org\/de\/wp-json\/wp\/v2\/table_tags?post=11983"}],"curies":[{"name":"wp","href":"https:\/\/api.w.org\/{rel}","templated":true}]}}