{"id":11983,"date":"2023-11-15T11:28:09","date_gmt":"2023-11-15T09:28:09","guid":{"rendered":"https:\/\/prague.org\/?p=11983"},"modified":"2023-11-15T15:43:42","modified_gmt":"2023-11-15T13:43:42","slug":"czech-photographer-josef-sudek","status":"publish","type":"post","link":"https:\/\/prague.org\/es\/fotografo-checo-josef-sudek\/","title":{"rendered":"El luminoso mundo de Josef Sudek"},"content":{"rendered":"<p><strong>El fot\u00f3grafo checo Josef Sudek<\/strong>El \"Poeta de Praga\" fue un fot\u00f3grafo cuyo arte dej\u00f3 un efecto indeleble en el mundo de la fotograf\u00eda. Sus fotograf\u00edas son surrealistas, de otro mundo, y tiene fama de poseer una mirada po\u00e9tica. Por su habilidad para elevar lo mundano a lo sublime, <strong>El fot\u00f3grafo checo Josef Sudek<\/strong> es considerado una figura legendaria en la historia de la fotograf\u00eda, especialmente en el \u00e1mbito del arte checo.<\/p>\n\n\n\n<p>Se nos invita a adentrarnos en la misteriosa belleza que Sudek captur\u00f3 y esculpi\u00f3 a perpetuidad a trav\u00e9s de su inusual enfoque de la fotograf\u00eda y la experiencia inmersiva que ofrece su galer\u00eda.<\/p>\n\n\n\n<p>Los fot\u00f3grafos de hoy en d\u00eda siguen inspir\u00e1ndose en Josef Sudek, cuya obra ha inspirado a generaciones a ver el mundo a trav\u00e9s de lentes m\u00e1s l\u00edricas y a encontrar la maravilla en lo mundano.<\/p>\n\n\n\n<h2 id=\"the-artistic-vision-of-josef-sudek\" class=\"wp-block-heading\">La visi\u00f3n art\u00edstica de Josef Sudek&nbsp;<\/h2>\n\n\n\n<p>La visi\u00f3n art\u00edstica de Josef Sudek era tan amplia que iba mucho m\u00e1s all\u00e1 de las normas de la fotograf\u00eda. La vida de Sudek, especialmente la Primera Guerra Mundial, molde\u00f3 su arte. En el conflicto le amputaron el brazo derecho, lo que podr\u00eda haber disuadido a otros. La pasi\u00f3n fotogr\u00e1fica y la determinaci\u00f3n de Sudek prevalecieron. Respondi\u00f3 a sus restricciones f\u00edsicas para crear su propio estilo fotogr\u00e1fico.<\/p>\n\n\n\n<p><strong>El fot\u00f3grafo checo Josef Sudek<\/strong>La capacidad del pintor para hacer de lo cotidiano algo extraordinario fue fundamental en su arte. Sus cuadros sol\u00edan mostrar cosas comunes, naturalezas muertas y escenarios locales. Sudek era conocido por su meticulosidad y su capacidad para encontrar la belleza en lo cotidiano. Sudek encontraba la magia en objetos cotidianos como fruteros, jarrones y objetos de la mesa de trabajo.<\/p>\n\n\n\n<p>El amor de Sudek por <a href=\"http:\/\/prague.org\/es\/\" data-type=\"link\" data-id=\"http:\/\/prague.org\/\">Praga<\/a>Praga, donde vivi\u00f3 la mayor parte de su vida, dio forma a su arte. Sus fotos de Praga son poemas visuales que captan el alma de la ciudad. Sudek capt\u00f3 a la perfecci\u00f3n los constantes cambios de humor y atm\u00f3sfera de Praga. Fotografi\u00f3 la capital con diferentes condiciones meteorol\u00f3gicas y a distintas horas del d\u00eda para mostrar su eterna belleza. Sus fotos de Praga, que utilizaban la luz natural para producir una sensaci\u00f3n et\u00e9rea, mostraban sus habilidades con las luces y las sombras.<\/p>\n\n\n\n<h2 id=\"josef-sudek-and-the-art-of-capturing-light\" class=\"wp-block-heading\">Josef Sudek y el arte de captar la luz<\/h2>\n\n\n\n<p>El efecto transformador de la luz era fundamental en el arte de Sudek. Veamos c\u00f3mo lo captaba.<\/p>\n\n\n\n<h3 id=\"the-play-of-natural-light\" class=\"wp-block-heading\">El juego de la luz natural<\/h3>\n\n\n\n<p><strong>Josef Sudek fotograf\u00eda<\/strong> La experiencia fue el resultado de su inter\u00e9s por la luz natural. Le encantaba observar la <a href=\"https:\/\/prague.org\/es\/guia-del-tiempo-en-praga-por-meses\/\" data-type=\"link\" data-id=\"https:\/\/prague.org\/guide-to-prague-weather-by-month\/\">temporadas<\/a> y c\u00f3mo la luz del sol atravesaba los \u00e1rboles, proyectaba sombras e iluminaba a los sujetos. Sus primeras fotos eran surrealistas por la luz suave y difusa de los \u00e1rboles o las cortinas.<\/p>\n\n\n\n<h3 id=\"window-panes-as-signatures\" class=\"wp-block-heading\">Las ventanas como firmas<\/h3>\n\n\n\n<p>En las obras de Sudek aparec\u00eda el motivo del cristal de ventana, que explotaba con eficacia. Sus cuadros mostraban los cristales de las ventanas como obst\u00e1culos y conductos de luz. Estos elaborados patrones de sombras le permit\u00edan captar la escena fuera del cristal. La serie del cristal de Sudek simbolizaba las relaciones interior-exterior, visible-oculto.<\/p>\n\n\n\n<h3 id=\"magic-in-the-dark\" class=\"wp-block-heading\">Magia en la oscuridad<\/h3>\n\n\n\n<p>Sudek era fot\u00f3grafo y experto en el cuarto oscuro. Sus conocimientos de impresi\u00f3n le permit\u00edan manejar la luz y la sombra en sus fotos. Su amplia gama de tonos y la riqueza de sus im\u00e1genes se consegu\u00edan utilizando varios m\u00e9todos de impresi\u00f3n. Su minucioso trabajo en el cuarto oscuro era un reflejo de sus pinturas.<\/p>\n\n\n\n<h3 id=\"the-sparkling-city-of-prague\" class=\"wp-block-heading\">La chispeante ciudad de Praga<\/h3>\n\n\n\n<p>Su hogar de toda la vida, Praga, inspir\u00f3 a Sudek. Sudek plasm\u00f3 en sus fotos los distintos estados de \u00e1nimo y atm\u00f3sferas de Praga. Tom\u00f3 fotos de la ciudad a distintas horas del d\u00eda, dejando que la luz definiera cada imagen. La Praga de Sudek estaba iluminada por las tranquilas calles del amanecer y las et\u00e9reas farolas de la noche.<\/p>\n\n\n\n<h2 id=\"elegance-in-enigmatic-still-life-photography\" class=\"wp-block-heading\">Elegancia en la fotograf\u00eda de bodegones enigm\u00e1ticos&nbsp;<\/h2>\n\n\n\n<p>La habilidad de Josef Sudek para captar la misteriosa belleza de los objetos comunes en sus fotograf\u00edas de naturalezas muertas es una prueba de su gracia art\u00edstica. Quienes tengan la suerte de ver <strong>Josef Sudek<\/strong><strong> naturaleza muerta <\/strong>Las composiciones quedan continuamente cautivadas e inspiradas por sus im\u00e1genes, que desaf\u00edan al espectador a apreciar la belleza y el misterio que existen en el mundo que nos rodea.<\/p>\n\n\n\n<h2 id=\"exploring-sudeks-lens-and-gallery\" class=\"wp-block-heading\">Explorar el objetivo y la galer\u00eda de Sudek<\/h2>\n\n\n\n<p><strong>El fot\u00f3grafo checo Josef Sudek<\/strong> utiliz\u00f3 su objetivo para hacer de lo mundano algo espectacular. Su enfoque de la fotograf\u00eda se distingu\u00eda por varias caracter\u00edsticas importantes:<\/p>\n\n\n\n<ul>\n<li>Dominio de la luz<\/li>\n\n\n\n<li>Atenci\u00f3n al detalle<\/li>\n\n\n\n<li>Elegancia y poes\u00eda<\/li>\n<\/ul>\n\n\n\n<p>Quienes visiten el <strong>Galer\u00eda Josef Sudek<\/strong> en Praga son recibidos en una atm\u00f3sfera et\u00e9rea donde pueden experimentar plenamente la obra del fot\u00f3grafo.<\/p>","protected":false},"excerpt":{"rendered":"El fot\u00f3grafo checo Josef Sudek, apodado con frecuencia el \"Poeta de Praga\", fue un fot\u00f3grafo cuyo arte dej\u00f3...","protected":false},"author":2,"featured_media":11984,"comment_status":"closed","ping_status":"closed","sticky":false,"template":"","format":"standard","meta":{"footnotes":""},"categories":[15,204,39],"tags":[49],"table_tags":[],"_links":{"self":[{"href":"https:\/\/prague.org\/es\/wp-json\/wp\/v2\/posts\/11983"}],"collection":[{"href":"https:\/\/prague.org\/es\/wp-json\/wp\/v2\/posts"}],"about":[{"href":"https:\/\/prague.org\/es\/wp-json\/wp\/v2\/types\/post"}],"author":[{"embeddable":true,"href":"https:\/\/prague.org\/es\/wp-json\/wp\/v2\/users\/2"}],"replies":[{"embeddable":true,"href":"https:\/\/prague.org\/es\/wp-json\/wp\/v2\/comments?post=11983"}],"version-history":[{"count":4,"href":"https:\/\/prague.org\/es\/wp-json\/wp\/v2\/posts\/11983\/revisions"}],"predecessor-version":[{"id":12038,"href":"https:\/\/prague.org\/es\/wp-json\/wp\/v2\/posts\/11983\/revisions\/12038"}],"wp:featuredmedia":[{"embeddable":true,"href":"https:\/\/prague.org\/es\/wp-json\/wp\/v2\/media\/11984"}],"wp:attachment":[{"href":"https:\/\/prague.org\/es\/wp-json\/wp\/v2\/media?parent=11983"}],"wp:term":[{"taxonomy":"category","embeddable":true,"href":"https:\/\/prague.org\/es\/wp-json\/wp\/v2\/categories?post=11983"},{"taxonomy":"post_tag","embeddable":true,"href":"https:\/\/prague.org\/es\/wp-json\/wp\/v2\/tags?post=11983"},{"taxonomy":"table_tags","embeddable":true,"href":"https:\/\/prague.org\/es\/wp-json\/wp\/v2\/table_tags?post=11983"}],"curies":[{"name":"wp","href":"https:\/\/api.w.org\/{rel}","templated":true}]}}