{"id":12570,"date":"2024-01-17T16:08:19","date_gmt":"2024-01-17T14:08:19","guid":{"rendered":"https:\/\/prague.org\/?p=12570"},"modified":"2024-02-16T11:52:29","modified_gmt":"2024-02-16T09:52:29","slug":"17-november-1989","status":"publish","type":"post","link":"https:\/\/prague.org\/es\/17-noviembre-1989\/","title":{"rendered":"17 de noviembre de 1989: Un momento crucial en la historia de Checoslovaquia"},"content":{"rendered":"<p>En <strong>17 de noviembre de 1989<\/strong>es un punto de inflexi\u00f3n en la historia de Checoslovaquia, que marca el inicio de una serie de acontecimientos que conducir\u00e1n a la ca\u00edda del gobierno comunista y al comienzo de una nueva era. El sitio <strong>17 de noviembre de 1989<\/strong> est\u00e1 inscrita en la conciencia colectiva como emblema de la lucha del pueblo por la libertad y la democracia, que culmin\u00f3 con el <a href=\"https:\/\/prague.org\/es\/revolucion-checa-de-1989\/\">Revoluci\u00f3n de Terciopelo.<\/a><\/p>\n\n\n\n<p>Para comprender realmente la importancia del 17 de noviembre de 1989, primero hay que analizar el ambiente sociopol\u00edtico que lo precedi\u00f3. Tras la toma de Checoslovaquia por los sovi\u00e9ticos en 1968, apodada la Primavera de Praga, la naci\u00f3n cay\u00f3 bajo una estricta autoridad comunista. Esta persecuci\u00f3n obstaculiz\u00f3 las libertades individuales, silenci\u00f3 las cr\u00edticas y aliment\u00f3 un descontento generalizado entre la poblaci\u00f3n, que se tradujo en una latente resistencia al r\u00e9gimen.<\/p>\n\n\n\n<p>Los acontecimientos que tuvieron lugar el<strong> 17 de noviembre de 1989 en Bratislava <\/strong>caus\u00f3 una impresi\u00f3n duradera al igual que toda Checoslovaquia .&nbsp;<\/p>\n\n\n\n<h2 id=\"chronicles-of-change-november-1989-in-czechoslovakia-bratislavas\" class=\"wp-block-heading\">Cr\u00f3nicas del cambio Noviembre de 1989 en Checoslovaquia Bratislava's<\/h2>\n\n\n\n<figure class=\"wp-block-image size-large\"><img decoding=\"async\" width=\"1024\" height=\"683\" src=\"https:\/\/prague.org\/wp-content\/uploads\/2024\/01\/oleh-morhun-8gEXxhCS0rE-unsplash-1024x683.jpg\" alt=\"Vista de Praga\" class=\"wp-image-12571\" srcset=\"https:\/\/prague.org\/wp-content\/uploads\/2024\/01\/oleh-morhun-8gEXxhCS0rE-unsplash-1024x683.jpg 1024w, https:\/\/prague.org\/wp-content\/uploads\/2024\/01\/oleh-morhun-8gEXxhCS0rE-unsplash-300x200.jpg 300w, https:\/\/prague.org\/wp-content\/uploads\/2024\/01\/oleh-morhun-8gEXxhCS0rE-unsplash-768x512.jpg 768w, https:\/\/prague.org\/wp-content\/uploads\/2024\/01\/oleh-morhun-8gEXxhCS0rE-unsplash-1536x1024.jpg 1536w, https:\/\/prague.org\/wp-content\/uploads\/2024\/01\/oleh-morhun-8gEXxhCS0rE-unsplash-2048x1365.jpg 2048w, https:\/\/prague.org\/wp-content\/uploads\/2024\/01\/oleh-morhun-8gEXxhCS0rE-unsplash-18x12.jpg 18w, https:\/\/prague.org\/wp-content\/uploads\/2024\/01\/oleh-morhun-8gEXxhCS0rE-unsplash-380x253.jpg 380w, https:\/\/prague.org\/wp-content\/uploads\/2024\/01\/oleh-morhun-8gEXxhCS0rE-unsplash-800x533.jpg 800w, https:\/\/prague.org\/wp-content\/uploads\/2024\/01\/oleh-morhun-8gEXxhCS0rE-unsplash-1160x773.jpg 1160w, https:\/\/prague.org\/wp-content\/uploads\/2024\/01\/oleh-morhun-8gEXxhCS0rE-unsplash-600x400.jpg 600w, https:\/\/prague.org\/wp-content\/uploads\/2024\/01\/oleh-morhun-8gEXxhCS0rE-unsplash-scaled.jpg 2560w\" sizes=\"(max-width: 1024px) 100vw, 1024px\" \/><figcaption class=\"wp-element-caption\">Vista de Praga<\/figcaption><\/figure>\n\n\n\n<p><strong>\u00bfQu\u00e9 ocurri\u00f3 el 17 de noviembre de 1989? <\/strong>Echemos un vistazo a las cr\u00f3nicas del cambio durante ese importante mes, haciendo especial hincapi\u00e9 en Bratislava, la capital de Eslovaquia, y su implicaci\u00f3n en los levantamientos que transformaron la historia checoslovaca.<\/p>\n\n\n\n<h3 id=\"the-spark-that-started-the-flame\" class=\"wp-block-heading\">La chispa que encendi\u00f3 la llama&nbsp;<\/h3>\n\n\n\n<p>Bratislava, la oscura capital de Checoslovaquia, se convirti\u00f3 en un foco de rebeli\u00f3n contra el r\u00e9gimen comunista. Tras el asesinato del manifestante estudiantil Martin \u0160m\u00edd en una manifestaci\u00f3n en Praga en <strong>Noviembre de 1989<\/strong>Los habitantes de Bratislava se sublevaron contra el gobierno autoritario. La ca\u00edda de \u0160m\u00edd inspir\u00f3 a los j\u00f3venes de Bratislava para impulsar el cambio y transformar su ciudad.<\/p>\n\n\n\n<h3 id=\"the-streets-awaken\" class=\"wp-block-heading\">Las calles despiertan<\/h3>\n\n\n\n<p>El activismo creci\u00f3 en las calles de Bratislava. Cientos de estudiantes, trabajadores e intelectuales cantaban en las plazas por la libertad, la democracia y el fin del comunismo. La Plaza de la Libertad, antigua Plaza del Palacio de Justicia, fue testigo de discursos apasionados, argumentos ardientes y una naci\u00f3n unida.<\/p>\n\n\n\n<h3 id=\"the-power-of-unity\" class=\"wp-block-heading\">El poder de la unidad<\/h3>\n\n\n\n<p>La Revoluci\u00f3n de Terciopelo demostr\u00f3 el incre\u00edble potencial de la unidad. Todos se unieron por la emancipaci\u00f3n, desde los obreros hasta los acad\u00e9micos y artistas de pelo rizado. La cadena humana entre Bratislava y Viena signific\u00f3 la unidad de Europa Oriental y Occidental y la universalidad del cambio.<\/p>\n\n\n\n<h3 id=\"bratislavas-bloodless-uprising\" class=\"wp-block-heading\">Levantamiento incruento de Bratislava<\/h3>\n\n\n\n<p>La Revoluci\u00f3n de Terciopelo fue pac\u00edfica. Los ciudadanos de Bratislava ayudaron a que la revoluci\u00f3n fuera incruenta. La poes\u00eda, el teatro y las sentadas no violentas sustituyeron a la violencia para protestar contra el r\u00e9gimen tir\u00e1nico. El mundo se maravill\u00f3 de que Bratislava inspirara futuros levantamientos.<\/p>\n\n\n\n<h2 id=\"turning-point-tracing-17-november-1989-events\" class=\"wp-block-heading\">Punto de inflexi\u00f3n Seguimiento de los acontecimientos del 17 de noviembre de 1989<\/h2>\n\n\n\n<p>El 17 de noviembre de 1989 se produjo un cambio radical en el clima pol\u00edtico de Checoslovaquia, considerado un punto de inflexi\u00f3n en la historia del pa\u00eds. Veamos qu\u00e9 ocurri\u00f3 aquel d\u00eda y c\u00f3mo sent\u00f3 las bases para la Revoluci\u00f3n de Terciopelo, que puso fin al control comunista en Checoslovaquia.<\/p>\n\n\n\n<h3 id=\"background-of-repression\" class=\"wp-block-heading\">Antecedentes de la represi\u00f3n<\/h3>\n\n\n\n<p>Durante el reinado comunista de Gust\u00e1v Hus\u00e1k en el <a href=\"https:\/\/prague.org\/es\/checoslovaquia-pais\/\">pa\u00eds de Checoslovaquia<\/a>La represi\u00f3n pol\u00edtica, la censura y la restricci\u00f3n de las libertades civiles eran frecuentes. La dictadura mantuvo el poder mediante la implantaci\u00f3n de una econom\u00eda bajo control centralizado y una fuerte conformidad ideol\u00f3gica.<\/p>\n\n\n\n<h3 id=\"november-17-uprising\" class=\"wp-block-heading\">Levantamiento del 17 de noviembre<\/h3>\n\n\n\n<p>En <strong>17 de noviembre de 1989 <\/strong>La revuelta comenz\u00f3 durante una protesta estudiantil en Praga. El salvaje ataque policial contra la manifestaci\u00f3n pac\u00edfica aviv\u00f3 la indignaci\u00f3n popular y desencaden\u00f3 una ola de disturbios que se extendi\u00f3 r\u00e1pidamente por todo el pa\u00eds, incluida Bratislava.<\/p>\n\n\n\n<h3 id=\"bratislavas-response\" class=\"wp-block-heading\">Respuesta de Bratislava<\/h3>\n\n\n\n<p>Los ciudadanos de la capital de Eslovaquia, Bratislava, respondieron a una demanda de cambio a escala estatal. La ciudad de Bratislava se convirti\u00f3 en el lienzo de multitudinarias manifestaciones que ped\u00edan el cese del r\u00e9gimen de partido \u00fanico y la introducci\u00f3n de la democracia. Las plazas y los monumentos de la ciudad reflejaron la voz colectiva del pueblo que se alzaba contra a\u00f1os de tiran\u00eda comunista.<\/p>\n\n\n\n<h3 id=\"emergence-of-civic-forum-in-bratislava\" class=\"wp-block-heading\">Surgimiento del Foro C\u00edvico de Bratislava<\/h3>\n\n\n\n<p>El Foro C\u00edvico, una combinaci\u00f3n de disidentes y acad\u00e9micos, surgi\u00f3 como una importante fuerza de reforma durante las manifestaciones de Bratislava. El Foro C\u00edvico de Bratislava se convirti\u00f3 en un foro de opiniones de la oposici\u00f3n, en el que se reclamaban reformas pol\u00edticas, elecciones libres y el fin del gobierno comunista.<\/p>\n\n\n\n<h3 id=\"solidarity-across-borders\" class=\"wp-block-heading\">Solidaridad sin fronteras<\/h3>\n\n\n\n<p>Bratislava foment\u00f3 la unidad transfronteriza, tanto dentro de Eslovaquia como entre eslovacos y checos. El esfuerzo com\u00fan contra el r\u00e9gimen comunista aument\u00f3 los lazos entre ambos pa\u00edses, allanando el camino para la desintegraci\u00f3n pac\u00edfica de Checoslovaquia en 1993.<\/p>\n\n\n\n<h3 id=\"resignation-of-the-communist-government\" class=\"wp-block-heading\">Dimisi\u00f3n del Gobierno comunista<\/h3>\n\n\n\n<p>La administraci\u00f3n comunista dimite debido a la presi\u00f3n de los manifestantes en Bratislava y a las protestas en todo el pa\u00eds. En medio de una oposici\u00f3n generalizada, el gabinete, incluido el Presidente Gust\u00e1v Hus\u00e1k, dimiti\u00f3 a principios de diciembre de 1989, marcando un importante punto de inflexi\u00f3n en el panorama pol\u00edtico.<\/p>\n\n\n\n<h3 id=\"vaclav-havels-presidency\" class=\"wp-block-heading\">Presidencia de V\u00e1clav Havel<\/h3>\n\n\n\n<p>V\u00e1clav Havel se convirti\u00f3 en presidente el 29 de diciembre de 1989, tras el fin del gobierno comunista. Este acontecimiento hist\u00f3rico marc\u00f3 el triunfo de la Revoluci\u00f3n de Terciopelo y el inicio de un periodo democr\u00e1tico en Checoslovaquia.<\/p>\n\n\n\n<h2 id=\"discover-a-month-of-transformation-from-the-velvet-revolution-on-november-17-1989\" class=\"wp-block-heading\">Descubra un mes de transformaci\u00f3n a partir de La Revoluci\u00f3n de Terciopelo del 17 de noviembre de 1989<\/h2>\n\n\n\n<p>En <strong>17 de noviembre de 1989 Revoluci\u00f3n de Terciopelo <\/strong>cambi\u00f3 el pa\u00eds y el mundo. Este momento revolucionario tuvo efectos pol\u00edticos, sociales y culturales m\u00e1s all\u00e1 de la desaparici\u00f3n de la dictadura comunista.<\/p>\n\n\n\n<h3 id=\"political-change-and-democratization\" class=\"wp-block-heading\">Cambio pol\u00edtico y democratizaci\u00f3n<\/h3>\n\n\n\n<p>Este fue el resultado m\u00e1s obvio y tangible. La democracia surgi\u00f3 tras la dimisi\u00f3n de la administraci\u00f3n comunista y el establecimiento de un nuevo sistema.<\/p>\n\n\n\n<p>Adem\u00e1s, el Levantamiento de Terciopelo puso fin a a\u00f1os de r\u00e9gimen autoritario estableciendo instituciones democr\u00e1ticas como elecciones libres y justas.<\/p>\n\n\n\n<h3 id=\"civic-society-and-activism-birth\" class=\"wp-block-heading\">Sociedad C\u00edvica y Activismo Nacimiento<\/h3>\n\n\n\n<p>El Foro C\u00edvico simboliz\u00f3 la rebeli\u00f3n contra la autoridad. El movimiento demostr\u00f3 c\u00f3mo una sociedad civil unida puede exigir reformas pol\u00edticas y luchar contra la opresi\u00f3n.<\/p>\n\n\n\n<p>Adem\u00e1s, la Revoluci\u00f3n de Terciopelo dio a los ciudadanos voz y voto en el futuro de su pa\u00eds. El compromiso c\u00edvico y el servicio c\u00edvico se convierten en valores nacionales.<\/p>\n\n\n\n<h3 id=\"nonviolent-resistance-symbol\" class=\"wp-block-heading\">S\u00edmbolo de resistencia no violenta<\/h3>\n\n\n\n<p>La no violencia de la Revoluci\u00f3n de Terciopelo inspir\u00f3 la resistencia a los reg\u00edmenes autoritarios en todo el mundo. Este m\u00e9todo inspir\u00f3 revoluciones por la libertad y los derechos humanos tras su \u00e9xito.<\/p>\n\n\n\n<h3 id=\"cultural-and-intellectual-renaissance\" class=\"wp-block-heading\">Renacimiento cultural e intelectual<\/h3>\n\n\n\n<p>Tras las restricciones, florecieron el arte y el pensamiento. La libertad de expresi\u00f3n promovi\u00f3 un renacimiento de las obras literarias, las artes y los medios de comunicaci\u00f3n, mostrando la viva cultura de la naci\u00f3n.<\/p>\n\n\n\n<p>Liderazgo intelectual: El dramaturgo disidente convertido en l\u00edder V\u00e1clav Havel personific\u00f3 el liderazgo intelectual de la Revoluci\u00f3n de Terciopelo. Los intelectuales dieron forma a la sociedad posrevolucionaria.<\/p>\n\n\n\n<h3 id=\"restructuring-and-modernizing-the-economy\" class=\"wp-block-heading\">Reestructuraci\u00f3n y modernizaci\u00f3n de la econom\u00eda<\/h3>\n\n\n\n<p>Tras la revoluci\u00f3n, se aplicaron reformas econ\u00f3micas orientadas al mercado. De un sistema estrictamente controlado a una econom\u00eda orientada al mercado, Checoslovaquia creci\u00f3 y se moderniz\u00f3.<\/p>\n\n\n\n<h2 id=\"remembering-november-17-1989-in-czechoslovakia\" class=\"wp-block-heading\">Recordando el 17 de noviembre de 1989 en Checoslovaquia<\/h2>\n\n\n\n<p>En <strong>17 de noviembre de 1989<\/strong>es un testimonio vivo de la fuerza de la solidaridad, la tenacidad del alma humana y la tenaz b\u00fasqueda de la igualdad y la libertad.&nbsp;<\/p>\n\n\n\n<p>La historia y la <a href=\"https:\/\/prague.org\/es\/todo-lo-que-necesita-saber-sobre-la-cultura-checa\/\">rica cultura checa<\/a> y Eslovaquia se conform\u00f3 en lo que hoy es la Rep\u00fablica Checa y Eslovaquia durante este mes de cambios.&nbsp;<\/p>\n\n\n\n<p>Al recordar este d\u00eda hist\u00f3rico, debemos honrar los sacrificios de quienes lucharon valientemente por nuestra libertad; ellos nos han inspirado para mantener vivo en nuestras vidas y en las de quienes nos rodean el fuego de la libertad que se encendi\u00f3 aquel d\u00eda.&nbsp;<\/p>\n\n\n\n<div data-gyg-href=\"https:\/\/widget.getyourguide.com\/default\/city.frame\" data-gyg-location-id=\"10\" data-gyg-locale-code=\"en-US\" data-gyg-widget=\"city\" data-gyg-partner-id=\"U94OQGQ\"><\/div>","protected":false},"excerpt":{"rendered":"El 17 de noviembre de 1989 marca un punto de inflexi\u00f3n en la historia de Checoslovaquia, dando paso a una serie de acontecimientos...","protected":false},"author":2,"featured_media":12572,"comment_status":"closed","ping_status":"closed","sticky":false,"template":"","format":"standard","meta":{"footnotes":""},"categories":[39,15,204],"tags":[49],"table_tags":[],"_links":{"self":[{"href":"https:\/\/prague.org\/es\/wp-json\/wp\/v2\/posts\/12570"}],"collection":[{"href":"https:\/\/prague.org\/es\/wp-json\/wp\/v2\/posts"}],"about":[{"href":"https:\/\/prague.org\/es\/wp-json\/wp\/v2\/types\/post"}],"author":[{"embeddable":true,"href":"https:\/\/prague.org\/es\/wp-json\/wp\/v2\/users\/2"}],"replies":[{"embeddable":true,"href":"https:\/\/prague.org\/es\/wp-json\/wp\/v2\/comments?post=12570"}],"version-history":[{"count":4,"href":"https:\/\/prague.org\/es\/wp-json\/wp\/v2\/posts\/12570\/revisions"}],"predecessor-version":[{"id":12595,"href":"https:\/\/prague.org\/es\/wp-json\/wp\/v2\/posts\/12570\/revisions\/12595"}],"wp:featuredmedia":[{"embeddable":true,"href":"https:\/\/prague.org\/es\/wp-json\/wp\/v2\/media\/12572"}],"wp:attachment":[{"href":"https:\/\/prague.org\/es\/wp-json\/wp\/v2\/media?parent=12570"}],"wp:term":[{"taxonomy":"category","embeddable":true,"href":"https:\/\/prague.org\/es\/wp-json\/wp\/v2\/categories?post=12570"},{"taxonomy":"post_tag","embeddable":true,"href":"https:\/\/prague.org\/es\/wp-json\/wp\/v2\/tags?post=12570"},{"taxonomy":"table_tags","embeddable":true,"href":"https:\/\/prague.org\/es\/wp-json\/wp\/v2\/table_tags?post=12570"}],"curies":[{"name":"wp","href":"https:\/\/api.w.org\/{rel}","templated":true}]}}