{"id":9415,"date":"2023-04-21T15:00:30","date_gmt":"2023-04-21T13:00:30","guid":{"rendered":"https:\/\/prague.org\/?p=9415"},"modified":"2024-01-02T18:02:12","modified_gmt":"2024-01-02T16:02:12","slug":"the-impact-of-the-defenestration-of-prague","status":"publish","type":"post","link":"https:\/\/prague.org\/es\/el-impacto-de-la-defenestracion-de-praga\/","title":{"rendered":"El impacto de la defenestraci\u00f3n de Praga&nbsp;"},"content":{"rendered":"<p>El 23 de mayo de 1618 estallaron las tensiones en Bohemia. Entonces, en lo que se conoci\u00f3 como <strong>Defenestraci\u00f3n de Praga<\/strong>tres dirigentes cat\u00f3licos fueron defenestrados por nativos protestantes. Se salvaron por los pelos o tropezaron con un mont\u00f3n de esti\u00e9rcol, pero los oficiales salieron con vida.<\/p>\n\n\n\n<p>Quiz\u00e1 se pregunte: \"\u00bfQu\u00e9 es la defenestraci\u00f3n?\". Defenestraci\u00f3n se refiere al acto de arrojar algo o a alguien por una ventana abierta. Hay un t\u00e9rmino para eso; tienes raz\u00f3n. Una de las palabras latinas para referirse a la ventana es fenestra. De ah\u00ed naci\u00f3 el terror\u00edfico t\u00e9rmino \"defenestraci\u00f3n\" (que significa \"arrojar a alguien por una ventana abierta\").<\/p>\n\n\n\n<p>Sin embargo, los resultados fueron desastrosos. Hab\u00eda algo m\u00e1s en juego que un desacuerdo entre dos credos en el <strong>Segunda defenestraci\u00f3n de Praga<\/strong>. Capt\u00f3 perfectamente el descontento creciente entre cat\u00f3licos y protestantes de toda Europa.<\/p>\n\n\n\n<p>Adem\u00e1s, sus mort\u00edferas consecuencias desencadenaron la Guerra de los Treinta A\u00f1os, responsable de la muerte de casi ocho millones de personas a causa de los combates y el hambre.<\/p>\n\n\n\n<p>Entonces, \u00bfqu\u00e9 caus\u00f3 el<strong> defenestraci\u00f3n de Praga en 1618<\/strong>?<\/p>\n\n\n\n<div data-gyg-href=\"https:\/\/widget.getyourguide.com\/default\/activities.frame\" data-gyg-locale-code=\"en-US\" data-gyg-widget=\"activities\" data-gyg-number-of-items=\"3\" data-gyg-cmp=\"DEFENESTRATION\" data-gyg-partner-id=\"U94OQGQ\" data-gyg-q=\"PRAGUE%20HISTORY\"><\/div>\n\n\n\n<h2 id=\"what-was-the-defenestration-of-prague\" class=\"wp-block-heading\">\u00bfQu\u00e9 fue la defenestraci\u00f3n de Praga?<\/h2>\n\n\n\n<p>Las tensiones entre cat\u00f3licos y protestantes dominaron los a\u00f1os previos al <strong>Defenestraci\u00f3n de Praga en 1618<\/strong>. Cuando el protestantismo se extendi\u00f3 por Europa y dividi\u00f3 el Imperio Romano, estas dos sectas lucharon durante la mayor parte del siglo XVI.<\/p>\n\n\n\n<p>El Acuerdo de Paz de Augsburgo de 1555 ciment\u00f3 una tregua inestable entre las dos sectas. Quien gobierna las tierras, dicta la pol\u00edtica religiosa (Cuius regio, eius religion) permite a un rey elegir la religi\u00f3n de su pa\u00eds.<\/p>\n\n\n\n<p>Los monarcas cat\u00f3licos de Bohemia permit\u00edan a los protestantes reunirse libremente. La Declaraci\u00f3n de Realeza de Rodolfo II de 1609 permit\u00eda la libertad de culto.<\/p>\n\n\n\n<p>Ah\u00ed la cosa se complica. Despu\u00e9s de que Mattias tomara el control, conserv\u00f3 la Carta de Monarca y nombr\u00f3 a Fernando II, su devoto sobrino cat\u00f3lico, Gobernante de Bohemia y su sucesor.<\/p>\n\n\n\n<p>Fernando quiso convertir el catolicismo en la religi\u00f3n exclusiva de Europa como monarca. Rechaz\u00f3 la Carta de Realeza y prohibi\u00f3 a los protestantes construir lugares de culto en Broumov y Hrob.<\/p>\n\n\n\n<p>Los protestantes se enfurecieron. El 23 de mayo de 1618 se reunieron en Praga para escuchar a los consejeros imperiales o burgraves, y a continuaci\u00f3n se produjo la Defenestraci\u00f3n de Praga.<\/p>\n\n\n\n<h2 id=\"the-impact-of-the-second-defenestration-of-prague\" class=\"wp-block-heading\">El impacto de la segunda defenestraci\u00f3n de Praga<\/h2>\n\n\n\n<p>El 23 de mayo de 1618, en el interior de la Canciller\u00eda de Bohemia, una turba iracunda de protestantes se enfrent\u00f3 a cuatro legisladores cat\u00f3licos. El conde Jindich Thurn y los dem\u00e1s protestantes ten\u00edan curiosidad por saber si los burgraves hab\u00edan dicho a Fernando que hiciera caso omiso de la Carta de Majestad.<\/p>\n\n\n\n<p>Dos de los burgraves pudieron escapar alegando que eran inocentes, mientras que los otros dos no tuvieron tanta suerte. La creciente turba de protestantes detuvo a los condes Villem Slavata y Jaroslav Martinitz, as\u00ed como a su secretario, de nombre Philip Fabricius.<\/p>\n\n\n\n<p>Cuando los tres cat\u00f3licos intentaron escapar, los protestantes indignados los agarraron. Martinitz, Slavata y Fabricius fueron empujados hacia una ventana por los protestantes mientras clamaban a la Sant\u00edsima Virgen Mar\u00eda pidiendo su ayuda.<\/p>\n\n\n\n<p>Aunque no se perdieron vidas, la defenestraci\u00f3n de Praga tuvo un profundo efecto en la ciudad. Los funcionarios cat\u00f3licos acudieron directamente a Fernando para informarle de la situaci\u00f3n. En respuesta, Fernando jur\u00f3 venganza.<\/p>\n\n\n\n<h2 id=\"the-aftermath\" class=\"wp-block-heading\">Las secuelas&nbsp;<\/h2>\n\n\n\n<p><strong>La defenestraci\u00f3n de Praga<\/strong> prendi\u00f3 como un campo seco. La tragedia ensanch\u00f3 la brecha entre cat\u00f3licos y protestantes en Europa. Bohemia se rebel\u00f3, derroc\u00f3 a Fernando II y proclam\u00f3 rey a Federico V.<\/p>\n\n\n\n<p>Alianzas cruzadas, fervor religioso y conflictos milenarios causaron estragos.  La Guerra de los Treinta A\u00f1os afect\u00f3 a ciudades y campos de cultivo y mat\u00f3 a casi 8 millones de personas.<\/p>\n\n\n\n<p>En 1648, la Paz de Westfalia puso fin al conflicto, pero la guerra durante d\u00e9cadas cambi\u00f3 Europa.  Espa\u00f1a cay\u00f3.  Francia ascendi\u00f3.  Bohemia tambi\u00e9n sufri\u00f3.<\/p>\n\n\n\n<p>Bohemia pierde su t\u00edtulo de reino y la libertad religiosa, por la que lucharon los protestantes en la Defenestraci\u00f3n de Praga.<\/p>\n\n\n\n<p>El catolicismo sustituy\u00f3 al protestantismo.  Hubo una supresi\u00f3n de la lengua checa del checo por el alem\u00e1n.<\/p>\n\n\n\n<p>La acci\u00f3n bohemia de asaltar ventanas tuvo m\u00e1s efectos.  La \"segunda\" defenestraci\u00f3n de Praga tuvo lugar en 1618, desde la primera en 1419.  Marzo de 1948 podr\u00eda haber sido testigo de otra.<\/p>\n\n\n\n<h2 id=\"tour-prague-and-see-the-impact-of-defenestration\" class=\"wp-block-heading\">Recorra Praga y vea El impacto de la defenestraci\u00f3n&nbsp;<\/h2>\n\n\n\n<p><strong>Defenestraci\u00f3n en Praga<\/strong> tiene repercusiones en toda Europa, como podr\u00e1 comprobar si viaja hasta all\u00ed. Y si le preocupa <a href=\"https:\/\/prague.org\/es\/cuanto-cuesta-visitar-praga\/\">cu\u00e1nto necesitar\u00e1 para vivir en Praga<\/a>No lo est\u00e9s.<\/p>\n\n\n\n<p>Este acontecimiento decisivo, que alter\u00f3 irrevocablemente el curso de la <a href=\"https:\/\/prague.org\/es\/explore-la-rica-historia-de-praga\/\" data-type=\"URL\" data-id=\"https:\/\/prague.org\/explore-the-rich-prague-history\/\">historia<\/a> representaba la ansiedad europea ante las nuevas religiones y presagiaba la violencia que sobrevendr\u00eda cuando los protestantes indignados se enfrentaran a la autoridad cat\u00f3lica.<\/p>\n\n\n\n<blockquote class=\"wp-block-quote\">\n<p>Para una comprensi\u00f3n m\u00e1s profunda del presente, descubra el <a href=\"https:\/\/prague.org\/es\/praga-guia-de-idiomas-que-idioma-hablan\/\" data-type=\"link\" data-id=\"https:\/\/prague.org\/prague-language-guide-what-language-do-they-speak\/\">din\u00e1mica ling\u00fc\u00edstica en Praga<\/a>.<\/p>\n<\/blockquote>\n\n\n\n<div class=\"gyg-iframe-container\" style=\"margin-bottom:1.5em\"><iframe style=\"border:0;height:100%;width:100%\" title=\"Widget de ciudad GetYourGuide\" src=\"https:\/\/widget.getyourguide.com\/default\/city.frame?widget=wp_city&amp;iata=PRG&amp;locale_code=en-GB&amp;partner_id=U94OQGQ\"><\/iframe><\/div>","protected":false},"excerpt":{"rendered":"El 23 de mayo de 1618 estallaron las tensiones en Bohemia. Entonces, en lo que se conoci\u00f3 como la...","protected":false},"author":2,"featured_media":9416,"comment_status":"closed","ping_status":"closed","sticky":false,"template":"","format":"standard","meta":{"footnotes":""},"categories":[204,15,39],"tags":[49],"table_tags":[],"_links":{"self":[{"href":"https:\/\/prague.org\/es\/wp-json\/wp\/v2\/posts\/9415"}],"collection":[{"href":"https:\/\/prague.org\/es\/wp-json\/wp\/v2\/posts"}],"about":[{"href":"https:\/\/prague.org\/es\/wp-json\/wp\/v2\/types\/post"}],"author":[{"embeddable":true,"href":"https:\/\/prague.org\/es\/wp-json\/wp\/v2\/users\/2"}],"replies":[{"embeddable":true,"href":"https:\/\/prague.org\/es\/wp-json\/wp\/v2\/comments?post=9415"}],"version-history":[{"count":3,"href":"https:\/\/prague.org\/es\/wp-json\/wp\/v2\/posts\/9415\/revisions"}],"predecessor-version":[{"id":12410,"href":"https:\/\/prague.org\/es\/wp-json\/wp\/v2\/posts\/9415\/revisions\/12410"}],"wp:featuredmedia":[{"embeddable":true,"href":"https:\/\/prague.org\/es\/wp-json\/wp\/v2\/media\/9416"}],"wp:attachment":[{"href":"https:\/\/prague.org\/es\/wp-json\/wp\/v2\/media?parent=9415"}],"wp:term":[{"taxonomy":"category","embeddable":true,"href":"https:\/\/prague.org\/es\/wp-json\/wp\/v2\/categories?post=9415"},{"taxonomy":"post_tag","embeddable":true,"href":"https:\/\/prague.org\/es\/wp-json\/wp\/v2\/tags?post=9415"},{"taxonomy":"table_tags","embeddable":true,"href":"https:\/\/prague.org\/es\/wp-json\/wp\/v2\/table_tags?post=9415"}],"curies":[{"name":"wp","href":"https:\/\/api.w.org\/{rel}","templated":true}]}}