{"id":11769,"date":"2023-10-24T08:31:36","date_gmt":"2023-10-24T06:31:36","guid":{"rendered":"https:\/\/prague.org\/?p=11769"},"modified":"2023-10-24T10:39:45","modified_gmt":"2023-10-24T08:39:45","slug":"bedrich-smetana-famous-works","status":"publish","type":"post","link":"https:\/\/prague.org\/fi\/bedrich-smetana-kuuluisat-teokset\/","title":{"rendered":"Bed\u0159ich Smetanan kuuluisat teokset: Maestro Ma Vlastin ja Moldaun takana."},"content":{"rendered":"<p>T\u0161ekin musiikin mestari<strong> Bedrich Smetanan kuuluisat teokset<\/strong> j\u00e4tti erehtym\u00e4tt\u00f6m\u00e4n vaikutuksen klassisen musiikin maailmaan, ja h\u00e4nen tunnetuimpia teoksiaan, kuten \"M\u00e1 Vlast\" ja \"The Moldau\", esitet\u00e4\u00e4n ja niist\u00e4 nautitaan edelleen. Varjoista esiin noussut musiikkinero <strong>Bedrich Smetanan kuuluisat teokset<\/strong> el\u00e4\u00e4 tulevien sukupolvien kansallisen ylpeyden ja inspiraation tunnuksena.<\/p>\n\n\n\n<p>Romanttisen nationalismin aika osuu samaan aikaan kuin Smetanan hedelm\u00e4llisin panos klassiseen musiikkiin. Etenkin vieraan hallinnon alaisilla alueilla, kuten It\u00e4vallan keisarikuntaan kuuluneessa B\u00f6\u00f6miss\u00e4, t\u00e4m\u00e4 ajanjakso oli ominaista kansallisen identiteetin ja ylpeyden renessanssille. Smetana kannatti kiihke\u00e4sti T\u0161ekin kansallista taistelua, ja h\u00e4nen musiikistaan tuli keino, jonka avulla T\u0161ekin kansa saattoi ilmaista kulttuuri-ihanteitaan.<\/p>\n\n\n\n<p>Bedich Smetanan vaikutus t\u0161ekkil\u00e4iseen musiikkiin oli mittaamaton, ja h\u00e4nen teoksensa ovat saavuttaneet yleismaailmallisen vetovoiman, jota ei voi luokitella historiallisen ajanjakson tai kansallisen alkuper\u00e4n mukaan.<\/p>\n\n\n\n<h2 id=\"bedrich-smetana-pronunciation-how-to-say-his-name-correctly\" class=\"wp-block-heading\">Bedrich Smetana \u00c4\u00e4nt\u00e4minen: Smetana Smetana: Kuinka sanoa h\u00e4nen nimens\u00e4 oikein&nbsp;<\/h2>\n\n\n\n<p><strong>Bedrich Smetana<\/strong> oli tunnettu t\u0161ekkil\u00e4inen s\u00e4velt\u00e4j\u00e4, vaikka h\u00e4nen nimens\u00e4 voi olla vaikea lausua muille kuin t\u0161ekkil\u00e4isille. T\u00e4ss\u00e4 on opas h\u00e4nen nimens\u00e4 oikeaan \u00e4\u00e4nt\u00e4miseen:<\/p>\n\n\n\n<p><strong>Bed\u0159ich<\/strong>:<\/p>\n\n\n\n<p>Sana \"s\u00e4nky\" rimmaa 'punainen' sanan kanssa.<\/p>\n\n\n\n<p>\"\u0159ich\" lausutaan samalla tavalla kuin \"reech\", ja \"\" on t\u0161ekkil\u00e4inen kirjain, joka tunnetaan nimell\u00e4 \"\u0159\" tai \"\u0159eka\", joka kuullaan pehme\u00e4n\u00e4 \"r\":n\u00e4, jota seuraa \"eech\".<\/p>\n\n\n\n<p>T\u00e4m\u00e4n seurauksena \"Bed\u0159ich\" lausutaan \"bed-reech\".<\/p>\n\n\n\n<p><strong>Smetana<\/strong>:<\/p>\n\n\n\n<p>\"Sme\" lausutaan samalla tavalla kuin \"smay\", ja \"e\" kuulostaa samalta kuin \"e\" sanassa \"let\".<\/p>\n\n\n\n<p>Kirjain \"ta\" lausutaan \"tah\", ja kirjain \"a\" lausutaan \"ah\", kuten \"auto\".<\/p>\n\n\n\n<p>Sana \"na\" lausutaan \"nah\".<\/p>\n\n\n\n<p>T\u00e4m\u00e4n seurauksena \"Smetana\" lausutaan \"smay-tah-nah\".<\/p>\n\n\n\n<p>Kokoan kaiken yhteen, <strong>Bed\u0159ich Smetanan \u00e4\u00e4nt\u00e4minen<\/strong> on \"bed-reech smay-tah-nah.\"<\/p>\n\n\n\n<p>Muista, ett\u00e4 t\u0161ekin kieli sis\u00e4lt\u00e4\u00e4 omaleimaisia \u00e4\u00e4nteit\u00e4 ja kirjaimia, joille ei v\u00e4ltt\u00e4m\u00e4tt\u00e4 ole selkeit\u00e4 englanninkielisi\u00e4 vastineita, joten \u00e4\u00e4nt\u00e4minen voi vaatia hieman harjoittelua.<\/p>\n\n\n\n<h2 id=\"bedrich-smetana-a-brief-biography\" class=\"wp-block-heading\">Bedrich Smetana: Smetana: Lyhyt el\u00e4m\u00e4kerta&nbsp;<\/h2>\n\n\n\n<p>Mukaan <strong>Bedrich Smetana biografia,<\/strong> h\u00e4n syntyi 2. maaliskuuta 1824 Litomy\u0161lin pikkukaupungissa, joka kuului tuolloin B\u00f6\u00f6min kuningaskuntaan mutta on nyky\u00e4\u00e4n T\u0161ekin tasavallassa. Smetanan poikkeuksellinen musiikillinen lahjakkuus n\u00e4kyi jo lapsuudesta l\u00e4htien. Franti\u0161ek Smetanan is\u00e4, joka oli harrastelijaviulisti ja panimomestari, tunnisti poikansa lahjakkuuden jo nuorena ja patisti t\u00e4t\u00e4 harjoittamaan sit\u00e4.<\/p>\n\n\n\n<p>Smetana kohtasi monia esteit\u00e4 matkallaan kuuluisaksi s\u00e4velt\u00e4j\u00e4ksi. H\u00e4nell\u00e4 oli vaikeuksia kuulossa ja h\u00e4n oli kuuro lyhyen aikaa uransa aikana, mik\u00e4 vain syvensi h\u00e4nen omistautumistaan musiikille. Useiden aikansa merkitt\u00e4vien muusikoiden oppilaana h\u00e4n asettui lopulta asumaan Prahaan ja teki siell\u00e4 itselleen nime\u00e4 pianistina, kapellimestarina ja kirjailijana.<\/p>\n\n\n\n<h2 id=\"bedrich-smetana-the-life-and-music-of-a-czech-composer\" class=\"wp-block-heading\">Bedrich Smetana: Smetana Smetana: T\u0161ekkil\u00e4isen s\u00e4velt\u00e4j\u00e4n el\u00e4m\u00e4 ja musiikki<\/h2>\n\n\n\n<p><strong>Bedrich Smetanan musiikki<\/strong> kunnianhimoisen matkan aikana h\u00e4n matkusti T\u0161ekin tasavallan vieh\u00e4tt\u00e4v\u00e4\u00e4n p\u00e4\u00e4kaupunkiin Prahaan, joka on vilkas taiteellisen toiminnan keskus. T\u00e4m\u00e4 muutos oli k\u00e4\u00e4nteentekev\u00e4 tapahtuma h\u00e4nen el\u00e4m\u00e4ss\u00e4\u00e4n, sill\u00e4 h\u00e4n uppoutui musiikkiopintoihinsa ja oli tyytyv\u00e4inen kaupungin kukoistavaan kulttuuriel\u00e4m\u00e4\u00e4n.&nbsp;<\/p>\n\n\n\n<p>Prahassa Smetana kehittyi muusikkona, joka esiintyi pianistina, kapellimestarina ja opettajana, mutta omisti my\u00f6s lukemattomia tunteja omien s\u00e4vellystens\u00e4 hiomiseen.<\/p>\n\n\n\n<h2 id=\"bedrich-smetanas-ma-vlast-an-in-depth-analysis-of-vltava-my-country\" class=\"wp-block-heading\">Bedrich Smetanan Ma Vlast: Vltava - 'My Country' -teoksen syv\u00e4llinen analyysi.&nbsp;<\/h2>\n\n\n\n<p><strong>&nbsp;\"Ma Vlast\" ja \"Vltava\" Bedrich Smetana<\/strong> ovat kaksi h\u00e4nen tunnetuinta ja pysyvint\u00e4 s\u00e4vellysty\u00f6t\u00e4\u00e4n, jotka ilment\u00e4v\u00e4t h\u00e4nen nerokkuuttaan ja t\u0161ekkil\u00e4ist\u00e4 musiikkiperinnett\u00e4, mutta h\u00e4n loi my\u00f6s merkitt\u00e4v\u00e4n teoksen, joka voidaan n\u00e4hd\u00e4 yhdess\u00e4 niist\u00e4<a href=\"https:\/\/prague.org\/fi\/parhaat-klassisen-musiikin-iltamat-prahassa\/\"> Prahan parhaat klassisen musiikin tapahtumapaikat<\/a>.<\/p>\n\n\n\n<h3 id=\"ma-vlast-my-homeland\" class=\"wp-block-heading\">\"Ma Vlast\" - Kotimaani<\/h3>\n\n\n\n<p><strong>Bedrich Smetanan teos \"Minun maani\" (<\/strong>\"Ma Vlast\") on kuuden sinfonisen runon sarja, joka kiteytt\u00e4\u00e4 h\u00e4nen pyrkimyksens\u00e4 kuvata T\u0161ekin tasavallan monipuolista kulttuuria ja maisemia. Ma Vlastin muodostavat kuusi teosta, joista jokainen on kunnianosoitus T\u0161ekin kulttuurin ja historian eri puolista. Mukana on muun muassa kappaleet \"Vy\u0161ehrad\", joka on saanut inspiraationsa samannimisest\u00e4 Prahan kukkulasta, ja \"T\u00e1bor\", joka viittaa husiittisotiin.<\/p>\n\n\n\n<p>T\u0161ekin kansan henki ja omistautuminen kotimaalleen on kauniisti kuvattu Smetanan s\u00e4velt\u00e4m\u00e4ss\u00e4 Ma Vlastissa.<\/p>\n\n\n\n<h3 id=\"the-moldau-a-journey-down-the-river\" class=\"wp-block-heading\">\"Moldau\" - matka jokea pitkin<\/h3>\n\n\n\n<p>Moldau\" (t\u0161ekiksi Vltava) kappaleesta \"Ma Vlast\" on yksi klassisen musiikin tunnetuimmista kappaleista. Moldau on musiikillinen vertauskuva Vltava-joelle, joka kiemurtelee T\u0161ekin maaseudulla ja on T\u0161ekin tasavallan pisin joki. Teos seuraa joen kulkua vuoristoisista alkul\u00e4hteist\u00e4\u00e4n, kun se kiemurtelee metsien ja niittyjen halki, ohittaa vieh\u00e4tt\u00e4vi\u00e4 kaupunkeja ja mahtavia linnoituksia ja liittyy lopulta upeaan liittoon Elben kanssa.&nbsp;<\/p>\n\n\n\n<p>Smetanan elinvoimaisen orkestraation ja lyyrisen tarinankerronnan ansiosta \"The Moldau\" ei ainoastaan puhuttele t\u0161ekkej\u00e4, vaan my\u00f6s kaikkia, jotka arvostavat luontoa ja veden virtausta.<\/p>\n\n\n\n<h2 id=\"other-famous-works-of-bedrich-smetana\" class=\"wp-block-heading\">Muita kuuluisia Bedrich Smetanan teoksia&nbsp;<\/h2>\n\n\n\n<p>Vaikka <strong>s\u00e4velt\u00e4j\u00e4 Bedrich Smetana<\/strong> muistetaan ensisijaisesti massiivisista teoksistaan, kuten \"Ma Vlast\" ja \"Moldau\", h\u00e4n kirjoitti my\u00f6s useita oopperoita, kamariteoksia, pianokappaleita ja orkesteriteoksia, joita voit nauttia katsomalla osoitteessa <a href=\"https:\/\/prague.org\/fi\/mustan-valon-teatteri-prahan-esitykset-musikaalit\/\">Mustan valon teatteri Prahassa<\/a>. Joitakin h\u00e4nen muita tunnettuja teoksiaan ovat seuraavat:<\/p>\n\n\n\n<h3 id=\"the-bartered-bride-prodana-nevesta\" class=\"wp-block-heading\">Vaihdettu morsian (Prodan\u00e1 nev\u011bsta)<\/h3>\n\n\n\n<p>Tunnetuin ja rakastetuin ooppera on \"Vaihdettu morsian\" (Prodan\u00e1 nevsta). Se on kevytmielinen ooppera, joka kertoo t\u0161ekkil\u00e4isest\u00e4 yhteis\u00f6st\u00e4, joka toimii asukkaidensa naittajana. Oopperan houkuttelevat melodiat ja perinteiset piirteet ovat saaneet sille laajaa suosiota.<\/p>\n\n\n\n<h3 id=\"string-quartet-no-2-in-d-minor\" class=\"wp-block-heading\">Jousikvartetto nro 2 d-molli<\/h3>\n\n\n\n<p>El\u00e4m\u00e4st\u00e4ni eli jousikvartetto nro 1 e-molli (t\u0161ekkil\u00e4isess\u00e4 alkuper\u00e4isteoksessa Smy\u010dcov\u00fd kvartet \u010d. 1 e moll, \"Z m\u00e9ho ivota\")Omael\u00e4m\u00e4kerralliset viittaukset ovat t\u00e4m\u00e4n jousikvarteton merkitt\u00e4v\u00e4 piirre. Smetana kirjoitti kamppailustaan kuurouden kanssa ja muista henkil\u00f6kohtaisista tilanteista.<\/p>\n\n\n\n<h3 id=\"smetanas-piano-trio-in-g-minor-op-15\" class=\"wp-block-heading\">Smetanan pianotrio g-molli, op. 15<\/h3>\n\n\n\n<p>T\u00e4m\u00e4 on upea ja koskettava kamarimusiikkiteos, joka osoittaa h\u00e4nen kykyns\u00e4 s\u00e4velt\u00e4j\u00e4n\u00e4. Se on tunnettu tunteiden syvyydest\u00e4 ja itsetutkiskelusta.<\/p>\n\n\n\n<h3 id=\"this-string-quartet\" class=\"wp-block-heading\">T\u00e4m\u00e4 jousikvartetti<\/h3>\n\n\n\n<p>Kvartetto nro 2 d-molli tunnetaan yleisesti nimell\u00e4 \"Kvartetto nro 2 d-molli\", ja se on toinen t\u00e4rke\u00e4 lis\u00e4 kamarimusiikin kaanoniin. Se osoittaa Smetanan musiikkiin vaikuttaneen romanttisen vivahteen.<\/p>\n\n\n\n<h3 id=\"overture-to-the-bartered-bride-prodana-nevesta\" class=\"wp-block-heading\">Overtuuri elokuvaan \"Vaihdettu morsian\" (Prodan\u00e1 nev\u011bsta)<\/h3>\n\n\n\n<p>T\u00e4m\u00e4 orkesteriteos on alkusoitto Smetanan tunnetusta oopperasta \"Vaihdettu morsian\" (Prodan\u00e1 nevsta). Teos kuvastaa oopperan teemojen olemusta tavalla, joka on sek\u00e4 elinvoimainen ett\u00e4 temperamenttinen.<\/p>\n\n\n\n<h3 id=\"these-six-piano-pieces\" class=\"wp-block-heading\">N\u00e4m\u00e4 kuusi pianokappaletta<\/h3>\n\n\n\n<p>Otsikolla \u0160est charakteristick\u00fdch skladeb eli \"Kuusi karakteristista kappaletta\" on kokoelma hahmos\u00e4vellyksi\u00e4. Ne valaisevat Smetanan s\u00e4vellyksiss\u00e4\u00e4n k\u00e4ytt\u00e4mien tyylien kirjoa.<\/p>\n\n\n\n<h3 id=\"czech-dances-ceske-tance\" class=\"wp-block-heading\">T\u0161ekin tanssit (\u010cesk\u00e9 tance)<\/h3>\n\n\n\n<p>Smetana kuvasi kotimaansa T\u0161ekin v\u00e4rikk\u00e4it\u00e4 ja temperamenttisia tanssitapoja s\u00e4vellyksiss\u00e4\u00e4n pianolle nimell\u00e4 T\u0161ekin tanssit (esk\u00e9 tance).<\/p>\n\n\n\n<h3 id=\"the-two-widows-dve-vdovy\" class=\"wp-block-heading\">Kaksi leske\u00e4 (Dv\u0115 vdovy)&nbsp;<\/h3>\n\n\n\n<p>Toinen Smetanan ihastuttava teos, \"Kaksi leske\u00e4\" (Dv\u0115 vdovy) on komediaooppera. Sen rakkauteen, avioliittoon ja yhteiskunnallisiin tapoihin liittyv\u00e4t teemat tekev\u00e4t siit\u00e4 iloisen kuunneltavaa.<\/p>\n\n\n\n<h3 id=\"richard-iii\" class=\"wp-block-heading\">Richard III&nbsp;<\/h3>\n\n\n\n<p>Smetanan Shakespearen n\u00e4ytelm\u00e4\u00e4n perustuva \"Richard III\" -ouvertuaari on klassinen esimerkki h\u00e4nen sinfonisesta taidoistaan.<\/p>\n\n\n\n<h2 id=\"a-visit-to-the-bedrich-smetana-museum-in-prague\" class=\"wp-block-heading\">Vierailu Bedrich Smetanan museossa Prahassa&nbsp;<\/h2>\n\n\n\n<p>Matka<strong> Bedrich Smetanan museo Prahassa<\/strong> on erinomainen tapa tutustua t\u00e4m\u00e4n kuuluisan t\u0161ekkil\u00e4isen s\u00e4velt\u00e4j\u00e4n el\u00e4m\u00e4\u00e4n ja ty\u00f6h\u00f6n sek\u00e4 uppoutua maan rikkaaseen musiikkiperinteeseen. Se on ehdoton vierailukohde Prahan musiikin yst\u00e4ville ja historian yst\u00e4ville, sill\u00e4 se vie k\u00e4vij\u00e4t syv\u00e4lle Bedich Smetanan maailmankaikkeuteen ja kulttuuritaustaan, joka muokkasi h\u00e4nen ty\u00f6t\u00e4\u00e4n.<\/p>\n\n\n\n<p>Prahan museo kunnioittaa <strong>Bedrich Smetanan kuuluisa teos; <\/strong>Se on kulttuuriaarre, joka valottaa s\u00e4velt\u00e4j\u00e4n el\u00e4m\u00e4\u00e4 ja h\u00e4nen merkitt\u00e4v\u00e4\u00e4 panostaan t\u0161ekkil\u00e4isen musiikin kehitykseen.&nbsp;<\/p>\n\n\n\n<h2 id=\"enchanting-prague-classical-concert-at-st-nicholas-church\" class=\"wp-block-heading\">Lumoava Prahan klassinen konsertti Pyh\u00e4n Nikolauksen kirkossa<\/h2>\n\n\n\n<div data-gyg-href=\"https:\/\/widget.getyourguide.com\/default\/activities.frame\" data-gyg-locale-code=\"en-US\" data-gyg-widget=\"activities\" data-gyg-number-of-items=\"1\" data-gyg-partner-id=\"U94OQGQ\" data-gyg-tour-ids=\"399599\"><\/div>\n\n\n\n<p>Tutustu klassisen musiikin loistoon yhdess\u00e4 Prahan upeimmista barokkipyh\u00e4k\u00f6ist\u00e4. Vanhankaupungin syd\u00e4mess\u00e4 sijaitsevassa Pyh\u00e4n Nikolauksen kirkossa j\u00e4rjestet\u00e4\u00e4n useita lumoavia esityksi\u00e4, joissa esiintyv\u00e4t arvostetun kansallisteatterin ja T\u0161ekin filharmonisen orkesterin taitavat muusikot.<\/p>\n\n\n\n<h3 id=\"highlights\" class=\"wp-block-heading\">Kohokohdat<\/h3>\n\n\n\n<ul>\n<li>Nauti klassisten mestariteosten monipuolisesta ohjelmistosta Prahan eturivin musiikillisten lahjakkuuksien tulkitsemana.<\/li>\n\n\n\n<li>Uppoudu barokkikirkon ainutlaatuiseen tunnelmaan samalla, kun klassisten s\u00e4vellysten harmoniset s\u00e4velet laulavat sinulle serenadia.<\/li>\n\n\n\n<li>Pyh\u00e4n Nikolauksen kirkon eteerinen sisustus ja moitteeton akustiikka saavat sinut innostumaan.<\/li>\n\n\n\n<li>Katsele barokkiaikaisia urkuja, joita itse legendaarinen Mozart k\u00e4ytti vuonna 1787.<\/li>\n<\/ul>\n\n\n\n<h3 id=\"included\" class=\"wp-block-heading\">Mukana<\/h3>\n\n\n\n<ul>\n<li>P\u00e4\u00e4sylippu esitykseen.<\/li>\n\n\n\n<li>Ilmainen painettu ohjelma englanniksi.<\/li>\n<\/ul>\n\n\n\n<div class=\"wp-block-buttons is-layout-flex wp-block-buttons-is-layout-flex\">\n<div class=\"wp-block-button is-style-cs-button-block\"><a class=\"wp-block-button__link wp-element-button\" href=\"https:\/\/www.getyourguide.com\/st-nicholas-church-prague-l4922\/prague-classical-concert-in-st-nicholas-church-t399599\/?partner_id=U94OQGQ&amp;utm_medium=online_publisher\" rel=\"nofollow noopener\">\u2192 Koe klassisen musiikin taikaa Pyh\u00e4n Nikolauksen kirkossa<\/a><\/div>\n<\/div>\n\n\n\n<div data-gyg-href=\"https:\/\/widget.getyourguide.com\/default\/city.frame\" data-gyg-location-id=\"10\" data-gyg-locale-code=\"en-US\" data-gyg-widget=\"city\" data-gyg-partner-id=\"U94OQGQ\"><\/div>","protected":false},"excerpt":{"rendered":"T\u0161ekkil\u00e4isen musiikin mestarin Bedrich Smetanan kuuluisat teokset j\u00e4ttiv\u00e4t erehtym\u00e4tt\u00f6m\u00e4n vaikutuksen klassisen musiikin maailmaan,...","protected":false},"author":2,"featured_media":11829,"comment_status":"closed","ping_status":"closed","sticky":false,"template":"","format":"standard","meta":{"footnotes":""},"categories":[1],"tags":[],"table_tags":[],"_links":{"self":[{"href":"https:\/\/prague.org\/fi\/wp-json\/wp\/v2\/posts\/11769"}],"collection":[{"href":"https:\/\/prague.org\/fi\/wp-json\/wp\/v2\/posts"}],"about":[{"href":"https:\/\/prague.org\/fi\/wp-json\/wp\/v2\/types\/post"}],"author":[{"embeddable":true,"href":"https:\/\/prague.org\/fi\/wp-json\/wp\/v2\/users\/2"}],"replies":[{"embeddable":true,"href":"https:\/\/prague.org\/fi\/wp-json\/wp\/v2\/comments?post=11769"}],"version-history":[{"count":3,"href":"https:\/\/prague.org\/fi\/wp-json\/wp\/v2\/posts\/11769\/revisions"}],"predecessor-version":[{"id":11832,"href":"https:\/\/prague.org\/fi\/wp-json\/wp\/v2\/posts\/11769\/revisions\/11832"}],"wp:featuredmedia":[{"embeddable":true,"href":"https:\/\/prague.org\/fi\/wp-json\/wp\/v2\/media\/11829"}],"wp:attachment":[{"href":"https:\/\/prague.org\/fi\/wp-json\/wp\/v2\/media?parent=11769"}],"wp:term":[{"taxonomy":"category","embeddable":true,"href":"https:\/\/prague.org\/fi\/wp-json\/wp\/v2\/categories?post=11769"},{"taxonomy":"post_tag","embeddable":true,"href":"https:\/\/prague.org\/fi\/wp-json\/wp\/v2\/tags?post=11769"},{"taxonomy":"table_tags","embeddable":true,"href":"https:\/\/prague.org\/fi\/wp-json\/wp\/v2\/table_tags?post=11769"}],"curies":[{"name":"wp","href":"https:\/\/api.w.org\/{rel}","templated":true}]}}