{"id":12617,"date":"2024-01-21T09:36:09","date_gmt":"2024-01-21T07:36:09","guid":{"rendered":"https:\/\/prague.org\/?p=12617"},"modified":"2024-02-16T11:52:25","modified_gmt":"2024-02-16T09:52:25","slug":"who-was-alexander-dubcek","status":"publish","type":"post","link":"https:\/\/prague.org\/fi\/kuka-oli-alexander-dubcek\/","title":{"rendered":"Kuka oli Alexander Dubcek?\u00a0"},"content":{"rendered":"<p><strong>Kuka oli Alexander Dubcek<\/strong>? Alexander Dubcek muistetaan kautta historian sankaruuden, toivon ja uhman symbolina kommunismin ankaria voimia vastaan. Vuonna 1921 silloisessa T\u0161ekkoslovakiassa syntyneest\u00e4 Dubcekista tuli Prahan kev\u00e4\u00e4n liikkeen keskeinen toimija, joka johti taistelua poliittisen muutoksen puolesta, joka muutti ikuisesti It\u00e4-Euroopan suunnan. Liity seuraamme, kun k\u00e4sittelemme kysymyst\u00e4 \"<strong>Kuka oli Alexander Dubcek?<\/strong>&#8221;&nbsp;<\/p>\n\n\n\n<p>Alexander Dubcekin rohkeat uudistukset Prahan kev\u00e4\u00e4n aikana muuttivat T\u0161ekkoslovakiaa ja antoivat monille ihmisille maailmanlaajuisesti toivoa. Vaikka h\u00e4nen unelmansa avoimesta, demokraattisesta yhteiskunnasta kariutui hetkeksi, Dubcekin henki el\u00e4\u00e4 muistutuksena inhimillisest\u00e4 sisukkuudesta ja kyvyst\u00e4 vastustaa sortoj\u00e4rjestelmi\u00e4.<\/p>\n\n\n\n<p>Vaikka Prahan kev\u00e4t vuonna 1968 ei suoraan aiheuttanutkin <a href=\"https:\/\/prague.org\/fi\/when-did-czechoslovakia-split\/\">T\u0161ekkoslovakian jakautuminen vuonna 1992<\/a>, se muokkasi sen poliittista historiaa.<\/p>\n\n\n\n<h2 id=\"background-understanding-communist-czechoslovakia\" class=\"wp-block-heading\">Taustaa - kommunistisen T\u0161ekkoslovakian ymm\u00e4rt\u00e4minen<\/h2>\n\n\n\n<figure class=\"wp-block-image size-full\"><img decoding=\"async\" width=\"1024\" height=\"827\" src=\"https:\/\/prague.org\/wp-content\/uploads\/2024\/01\/zevende-congres-tsjechische-vakbeweging-praag-alexander-0b64f9-1024-1.jpg\" alt=\"Alexander Dubcek\" class=\"wp-image-12619\" srcset=\"https:\/\/prague.org\/wp-content\/uploads\/2024\/01\/zevende-congres-tsjechische-vakbeweging-praag-alexander-0b64f9-1024-1.jpg 1024w, https:\/\/prague.org\/wp-content\/uploads\/2024\/01\/zevende-congres-tsjechische-vakbeweging-praag-alexander-0b64f9-1024-1-300x242.jpg 300w, https:\/\/prague.org\/wp-content\/uploads\/2024\/01\/zevende-congres-tsjechische-vakbeweging-praag-alexander-0b64f9-1024-1-768x620.jpg 768w, https:\/\/prague.org\/wp-content\/uploads\/2024\/01\/zevende-congres-tsjechische-vakbeweging-praag-alexander-0b64f9-1024-1-15x12.jpg 15w, https:\/\/prague.org\/wp-content\/uploads\/2024\/01\/zevende-congres-tsjechische-vakbeweging-praag-alexander-0b64f9-1024-1-380x307.jpg 380w, https:\/\/prague.org\/wp-content\/uploads\/2024\/01\/zevende-congres-tsjechische-vakbeweging-praag-alexander-0b64f9-1024-1-800x646.jpg 800w, https:\/\/prague.org\/wp-content\/uploads\/2024\/01\/zevende-congres-tsjechische-vakbeweging-praag-alexander-0b64f9-1024-1-600x485.jpg 600w\" sizes=\"(max-width: 1024px) 100vw, 1024px\" \/><figcaption class=\"wp-element-caption\">Alexander Dubcek<\/figcaption><\/figure>\n\n\n\n<p>T\u0161ekkoslovakia koki myrskyis\u00e4n ajan. <a href=\"https:\/\/prague.org\/fi\/tsekkilainen-tasavalta-kommunismi\/\">kommunismin aika<\/a>. Ymm\u00e4rt\u00e4\u00e4kseen t\u00e4t\u00e4 aikakautta on ymm\u00e4rrett\u00e4v\u00e4 monimutkainen historiallinen, poliittinen ja sosiaalinen ymp\u00e4rist\u00f6, joka vaikutti miljoonien ihmisten el\u00e4m\u00e4\u00e4n Neuvostoliiton vaikutuksen alaisena. T\u00e4ss\u00e4 artikkelissa selvitet\u00e4\u00e4n historiallinen taustakangas kommunistisen T\u0161ekkoslovakian selitt\u00e4miseksi.<\/p>\n\n\n\n<h3 id=\"birth-of-a-nation\" class=\"wp-block-heading\">Kansakunnan synty:<\/h3>\n\n\n\n<p>Kommunistisen T\u0161ekkoslovakian synty on ratkaisevan t\u00e4rke\u00e4\u00e4 sen ymm\u00e4rt\u00e4miseksi. T\u0161ekkoslovakian perustajat T. G. Masaryk ja Edvard Bene\u0161 visioivat demokratiaa ja yhten\u00e4isyytt\u00e4, jotka lopulta j\u00e4iv\u00e4t kommunismin varjoon. Perustajien ajatukset innoittivat kuitenkin monia hiljaisia vastustajia koko vuosisadan ajan.<\/p>\n\n\n\n<h3 id=\"communisms-rise\" class=\"wp-block-heading\">Kommunismin nousu:<\/h3>\n\n\n\n<p>Sodan j\u00e4lkeen Klement Gottwaldin ja Anton\u00edn Z\u00e1potock\u00fdn kaltaiset karismaattiset henkil\u00f6t nousivat valtaan myrskyis\u00e4n\u00e4 aikana. Heid\u00e4n tavoitteensa tehd\u00e4 T\u0161ekkoslovakiasta sosialistinen toteutui helmikuun 1948 vallankaappauksen j\u00e4lkeen. Kun rautaesirippu laskeutui Euroopan ylle, Neuvostoliitto ajoi T\u0161ekkoslovakian kommunismiin. T\u0161ekin kansallisen identiteetin ja Neuvostoliiton vallan v\u00e4linen herkk\u00e4 tasapaino purkautuu ajan my\u00f6t\u00e4.<\/p>\n\n\n\n<h3 id=\"life-in-gray\" class=\"wp-block-heading\">El\u00e4m\u00e4 harmaana:<\/h3>\n\n\n\n<p>Kommunistinen T\u0161ekkoslovakia oli pelottava mutta vieh\u00e4tt\u00e4v\u00e4. T\u00e4ss\u00e4 luvussa osoitetaan, miten tavallisia kansalaisia rajoitti j\u00e4rjestelm\u00e4, joka m\u00e4\u00e4r\u00e4si heid\u00e4n oikeutensa ja kohtalonsa. Maisemat Prahan torneista Ostravan teolliseen ydinkeskustaan puhuivat kest\u00e4vyydest\u00e4 ja itsen\u00e4isyydest\u00e4.&nbsp;<\/p>\n\n\n\n<h3 id=\"underground-resistance\" class=\"wp-block-heading\">Maanalainen vastarinta:<\/h3>\n\n\n\n<p>Tyytym\u00e4tt\u00f6myys kyti, kun Rautanyrkki kiristyi. Vaclav Havel ja \"samettivallankumous\" symboloivat voittoisaa oppositiota, joka kukisti kommunismin. Kirjailijat, laulajat ja \u00e4lymyst\u00f6 kokoontuivat salaa edist\u00e4m\u00e4\u00e4n muutosta ja muokkasivat T\u0161ekkoslovakian demokratiaa.<\/p>\n\n\n\n<h3 id=\"the-legacy\" class=\"wp-block-heading\">Perint\u00f6<\/h3>\n\n\n\n<p>T\u0161ekin tasavalta ja Slovakia siirtyiv\u00e4t uuteen aikakauteen, kun T\u0161ekkoslovakian liittovaltio hajosi rauhanomaisesti 31. joulukuuta 1992. Pohdimme kommunistisen T\u0161ekkoslovakian pysyvi\u00e4 sosiaalisia, taloudellisia ja poliittisia vaikutuksia. Kommunismin kaatuminen heijastuu kaikkialla teollisuuden romahduksesta kansalliseen ylpeyteen ja identiteetin elpymiseen.<\/p>\n\n\n\n<h2 id=\"who-was-alexander-dubcek\" class=\"wp-block-heading\">Kuka oli Alexander Dubcek?<\/h2>\n\n\n\n<p><strong>Kuka oli Alexander Dubcek?<\/strong> Slovakialainen poliitikko Alexander Dub\u010dek (1921-1992) oli keskeisess\u00e4 asemassa T\u0161ekkoslovakian Prahan kev\u00e4\u00e4n aikakauden historiassa. T\u00e4ss\u00e4 on <strong>Alexander Dub\u010dekin el\u00e4m\u00e4kerta:<\/strong><\/p>\n\n\n\n<h3 id=\"early-years\" class=\"wp-block-heading\">Varhaisvuodet:<\/h3>\n\n\n\n<p>Alexander Dub\u010dek syntyi Uhrovecissa, T\u0161ekkoslovakiassa (nykyisess\u00e4 Slovakiassa) 27. marraskuuta 1921.<\/p>\n\n\n\n<p>Dub\u010dek liittyi toisen maailmansodan aikana antifasistiseen vastarintaj\u00e4rjest\u00f6\u00f6n ja osallistui Slovakian kansannousuun saksalaisia joukkoja vastaan.<\/p>\n\n\n\n<h3 id=\"political-career\" class=\"wp-block-heading\">Poliittinen ura:<\/h3>\n\n\n\n<p>Sodan j\u00e4lkeen Dub\u010dek nousi T\u0161ekkoslovakian kommunistisessa puolueessa ja toimi eri teht\u00e4viss\u00e4 puolueessa ja hallinnossa.<\/p>\n\n\n\n<h3 id=\"prague-spring-1968\" class=\"wp-block-heading\">Prahan kev\u00e4t 1968<\/h3>\n\n\n\n<p>Tammikuussa 1968 Dub\u010dekista tuli T\u0161ekkoslovakian kommunistisen puolueen ensimm\u00e4inen sihteeri.<\/p>\n\n\n\n<p>Dub\u010dek johti poliittisia ja taloudellisia uudistuksia Prahan kev\u00e4\u00e4n aikana ja ajoi \"sosialismia, jolla on inhimilliset kasvot\". T\u00e4m\u00e4 sis\u00e4lsi lehdist\u00f6n, politiikan ja demokraattisen hallinnon vapaudet.<\/p>\n\n\n\n<h3 id=\"soviet-invasion-and-aftermath\" class=\"wp-block-heading\">Neuvostoliiton hy\u00f6kk\u00e4ys ja sen seuraukset:<\/h3>\n\n\n\n<p>Prahan kev\u00e4\u00e4n ja it\u00e4blokin vapauttamisen est\u00e4miseksi neuvostosotilaat hy\u00f6kk\u00e4siv\u00e4t T\u0161ekkoslovakiaan elokuussa 1968.<\/p>\n\n\n\n<p>Dub\u010dek pid\u00e4tettiin ja vietiin Moskovaan. Palattuaan T\u0161ekkoslovakiaan huhtikuussa 1969 h\u00e4net erotettiin ja uudistukset palautettiin.<\/p>\n\n\n\n<h3 id=\"after-cold-war\" class=\"wp-block-heading\">Kylm\u00e4n sodan j\u00e4lkeen:<\/h3>\n\n\n\n<p>Dub\u010dek palasi politiikkaan 1980-luvun lopulla It\u00e4-Euroopan poliittisten muutosten keskell\u00e4.<\/p>\n\n\n\n<p>H\u00e4n auttoi kaatamaan T\u0161ekkoslovakian kommunistihallinnon vuoden 1989 samettivallankumouksessa.<\/p>\n\n\n\n<p>Dub\u010dek valittiin T\u0161ekkoslovakian liittokokouksen puhemieheksi, kun h\u00e4n toimi sen johtajana.<\/p>\n\n\n\n<h3 id=\"death\" class=\"wp-block-heading\">Kuolema:<\/h3>\n\n\n\n<p>Alexander Dub\u010dek kuoli 7. marraskuuta 1992.<\/p>\n\n\n\n<h2 id=\"alexander-dubceks-role-among-czechoslovakias-leaders-during-prague-spring\" class=\"wp-block-heading\">Alexander Dubcekin rooli <a href=\"https:\/\/prague.org\/fi\/tsekkoslovakian-johtajat\/\" data-type=\"link\" data-id=\"https:\/\/prague.org\/czechoslovakia-leaders\/\">T\u0161ekkoslovakian johtajat<\/a> Prahan kev\u00e4\u00e4n aikana<\/h2>\n\n\n\n<p><strong>Mist\u00e4 Alexander Dub\u010dek tunnettiin? <\/strong>Dub\u010dek johti Prahan kev\u00e4\u00e4n\u00e4 tunnettua poliittisen liberalisoitumisen aikakautta. H\u00e4nen kautensa aikana h\u00e4n toteutti useita uudistuksia \"sosialismin luomiseksi inhimillisin kasvoin\". Muutoksiin kuuluivat lehdist\u00f6nvapauden laajentaminen, ilmaisunvapaus ja demokraattisempi hallintorakenne.<\/p>\n\n\n\n<p>Dub\u010dekin yritykset uudistaa kommunistista j\u00e4rjestelm\u00e4\u00e4 kohtasivat Neuvostoliiton ja muiden Varsovan liiton maiden vastustusta. Elokuussa 1968 Neuvostoliiton johtamat joukot hy\u00f6kk\u00e4siv\u00e4t T\u0161ekkoslovakiaan, tukahduttivat uudistukset ja palauttivat ortodoksisen kommunistihallituksen. Dub\u010dek pid\u00e4tettiin ja l\u00e4hetettiin Moskovaan, kunnes h\u00e4net korvasi Gust\u00e1v Hus\u00e1k T\u0161ekkoslovakiassa huhtikuussa 1969.<\/p>\n\n\n\n<p><strong>Alexander Dub\u010dekin osallistuminen Prahan kev\u00e4\u00e4seen<\/strong> ja h\u00e4nen my\u00f6hempi erottamisensa heijastivat kylm\u00e4n sodan geopoliittisia j\u00e4nnitteit\u00e4, sill\u00e4 Neuvostoliitto vastusti kaikkia poikkeamia perinteisest\u00e4 kommunismista it\u00e4blokin sis\u00e4ll\u00e4.<\/p>\n\n\n\n<h2 id=\"navigating-political-dynamics-with-alexander-dubcek-in-the-cold-war-arena\" class=\"wp-block-heading\">Poliittisen dynamiikan navigointi Alexander Dubcekin kanssa kylm\u00e4n sodan areenalla&nbsp;<\/h2>\n\n\n\n<p><strong>Alexander Dub\u010dekin rooli kylm\u00e4ss\u00e4 sodassa<\/strong> oli hyvin merkitt\u00e4v\u00e4!<\/p>\n\n\n\n<p>Kylm\u00e4n\u00e4 sotana tunnettua ajanjaksoa leimasivat ideologiset yhteenotot, geopoliittiset kiistat ja taistelu vallasta l\u00e4nsi- ja it\u00e4blokkien v\u00e4lill\u00e4. Vuoden 1968 Prahan kev\u00e4\u00e4n aikana T\u0161ekkoslovakian kommunistisen puolueen ensimm\u00e4isell\u00e4 sihteerill\u00e4 Alexander Dub\u010dekilla oli keskeinen rooli maailmanlaajuisessa valtataistelussa. Dub\u010dekin muutokset politiikassa haastoivat it\u00e4blokin perinteet ja loivat monimutkaista poliittista dynamiikkaa kylm\u00e4n sodan aikana.<\/p>\n\n\n\n<p>Prahan kev\u00e4t ja sit\u00e4 seuranneet tapahtumat j\u00e4ttiv\u00e4t l\u00e4htem\u00e4tt\u00f6m\u00e4n j\u00e4ljen kylm\u00e4n sodan historiaan. Se korosti kommunistisen j\u00e4rjestelm\u00e4n sis\u00e4isten poliittisten uudistusten rajallisuutta sek\u00e4 status quon vastustamiseen liittyvi\u00e4 merkitt\u00e4vi\u00e4 panoksia. Tapahtuma osoitti my\u00f6s, kuinka pitk\u00e4lle Neuvostoliitto oli valmis k\u00e4ytt\u00e4m\u00e4\u00e4n vaikutusvaltaansa est\u00e4\u00e4kseen poikkeamisen vakiintuneista kommunistisista normeista.<\/p>\n\n\n\n<p>Muisto t\u00e4st\u00e4 episodista muistuttaa niist\u00e4 vaikeuksista, joita yksil\u00f6t kohtaavat pyrkiess\u00e4\u00e4n poliittiseen muutokseen kaksinapaisessa yhteiskunnassa.<\/p>\n\n\n\n<h2 id=\"exploring-alexander-dubceks-memorable-quotes\" class=\"wp-block-heading\">Tutustuminen Alexander Dubcekin mieleenpainuviin lainauksiin<\/h2>\n\n\n\n<p><strong>Alexander Dubcekin lainaukset<\/strong> innostaa meit\u00e4 pit\u00e4m\u00e4\u00e4n kiinni n\u00e4ist\u00e4 periaatteista el\u00e4m\u00e4ss\u00e4mme ja yhteiskunnassamme. Heid\u00e4n joukossaan:<\/p>\n\n\n\n<p>1. \"Ihmisen vapautta ei saa koskaan pett\u00e4\u00e4, sill\u00e4 muuten sen voima j\u00e4\u00e4 pelk\u00e4ksi illuusioksi.\"<\/p>\n\n\n\n<p>T\u00e4m\u00e4 sitaatti kuvastaa h\u00e4nen vankkumatonta sitoutumistaan yksil\u00f6n autonomiaan ja valinnanvapauteen.&nbsp;<\/p>\n\n\n\n<p>2. \"Demokratiassa ei ole kyse vain vaaleista, vaan kansalaisten valtuuttamisesta osallistumaan aktiivisesti oman kohtalonsa muokkaamiseen.\" \"Demokratiassa ei ole kyse vain vaaleista, vaan kansalaisten valtuuttamisesta osallistumaan aktiivisesti oman kohtalonsa muokkaamiseen.\"<\/p>\n\n\n\n<p>Dubcekin lause korostaa kansalaisten sitouttamisen merkityst\u00e4 elinvoimaisessa demokratiassa.<\/p>\n\n\n\n<p>3. \"Demokratiaa ei ole ilman sosiaalista oikeudenmukaisuutta; molemmat ovat ne pilarit, joiden varassa oikeudenmukainen yhteiskunta seisoo.\"<\/p>\n\n\n\n<p>T\u00e4m\u00e4 huomautus muistuttaa meit\u00e4 siit\u00e4, ett\u00e4 demokraattinen yhteiskunta m\u00e4\u00e4ritell\u00e4\u00e4n sen kyvyll\u00e4 tarjota mahdollisuuksia, oikeudenmukaisuutta ja yhdenvertaista kohtelua kaikille.<\/p>\n\n\n\n<p>4. \"Muutos on v\u00e4ist\u00e4m\u00e4t\u00f6n ja v\u00e4ltt\u00e4m\u00e4t\u00f6n, mutta sit\u00e4 on ohjattava vahvalla moraalisella kompassilla.\" \"Muutos on v\u00e4ist\u00e4m\u00e4t\u00f6n ja v\u00e4ltt\u00e4m\u00e4t\u00f6n, mutta sit\u00e4 on ohjattava vahvalla moraalisella kompassilla.\"<\/p>\n\n\n\n<p>T\u00e4m\u00e4 osoittaa, ett\u00e4 kehitys ei saa vaarantaa etiikkaa ja moraalia.<\/p>\n\n\n\n<p>5. \"Kansakuntien v\u00e4linen yhten\u00e4isyys voi synnytt\u00e4\u00e4 harmonisen maailman, joka on vapaa aggression ja konfliktien kahleista.\"<\/p>\n\n\n\n<p>&nbsp;Siin\u00e4 korostetaan kansainv\u00e4lisen yhteisty\u00f6n merkityst\u00e4 v\u00e4kivallan v\u00e4hent\u00e4miseksi ja rauhan edist\u00e4miseksi.&nbsp;<\/p>\n\n\n\n<div data-gyg-href=\"https:\/\/widget.getyourguide.com\/default\/city.frame\" data-gyg-location-id=\"10\" data-gyg-locale-code=\"en-US\" data-gyg-widget=\"city\" data-gyg-partner-id=\"U94OQGQ\"><\/div>","protected":false},"excerpt":{"rendered":"Kuka oli Alexander Dubcek? Alexander Dubcek muistetaan kautta historian sankaruuden, toivon ja uhman symbolina....","protected":false},"author":2,"featured_media":12618,"comment_status":"closed","ping_status":"closed","sticky":false,"template":"","format":"standard","meta":{"footnotes":""},"categories":[15,204,39],"tags":[49],"table_tags":[],"_links":{"self":[{"href":"https:\/\/prague.org\/fi\/wp-json\/wp\/v2\/posts\/12617"}],"collection":[{"href":"https:\/\/prague.org\/fi\/wp-json\/wp\/v2\/posts"}],"about":[{"href":"https:\/\/prague.org\/fi\/wp-json\/wp\/v2\/types\/post"}],"author":[{"embeddable":true,"href":"https:\/\/prague.org\/fi\/wp-json\/wp\/v2\/users\/2"}],"replies":[{"embeddable":true,"href":"https:\/\/prague.org\/fi\/wp-json\/wp\/v2\/comments?post=12617"}],"version-history":[{"count":3,"href":"https:\/\/prague.org\/fi\/wp-json\/wp\/v2\/posts\/12617\/revisions"}],"predecessor-version":[{"id":13021,"href":"https:\/\/prague.org\/fi\/wp-json\/wp\/v2\/posts\/12617\/revisions\/13021"}],"wp:featuredmedia":[{"embeddable":true,"href":"https:\/\/prague.org\/fi\/wp-json\/wp\/v2\/media\/12618"}],"wp:attachment":[{"href":"https:\/\/prague.org\/fi\/wp-json\/wp\/v2\/media?parent=12617"}],"wp:term":[{"taxonomy":"category","embeddable":true,"href":"https:\/\/prague.org\/fi\/wp-json\/wp\/v2\/categories?post=12617"},{"taxonomy":"post_tag","embeddable":true,"href":"https:\/\/prague.org\/fi\/wp-json\/wp\/v2\/tags?post=12617"},{"taxonomy":"table_tags","embeddable":true,"href":"https:\/\/prague.org\/fi\/wp-json\/wp\/v2\/table_tags?post=12617"}],"curies":[{"name":"wp","href":"https:\/\/api.w.org\/{rel}","templated":true}]}}