{"id":13208,"date":"2024-04-08T10:03:55","date_gmt":"2024-04-08T08:03:55","guid":{"rendered":"https:\/\/prague.org\/?p=13208"},"modified":"2024-04-08T10:04:00","modified_gmt":"2024-04-08T08:04:00","slug":"german-community-in-prague","status":"publish","type":"post","link":"https:\/\/prague.org\/fi\/german-community-in-prague\/","title":{"rendered":"Saksalaiset Prahassa: Prahassa: yhteis\u00f6, suurl\u00e4hetyst\u00f6 ja koulutus"},"content":{"rendered":"<p>The <strong>Saksalaiset Prahassa <\/strong>on pitk\u00e4 ja tarinallinen historia, joka on muokannut kaupungin luonnetta ja kulttuuria. T\u00e4ss\u00e4 artikkelissa syvennyt\u00e4\u00e4n sis\u00e4iseen toimintaan <strong>Saksalaiset Prahassa<\/strong>, jossa tarkastellaan erityisesti koulutusmahdollisuuksia, jotka ovat yht\u00e4 lailla sek\u00e4 ulkosuomalaisten ett\u00e4 paikallisten ulottuvilla, Saksan suurl\u00e4hetyst\u00f6n toimintaa ja sen j\u00e4senten keskuudessa vallitsevaa vahvaa yhteis\u00f6llisyytt\u00e4.<\/p>\n\n\n\n<p>Prahan saksalaisten ja t\u0161ekkien v\u00e4lisell\u00e4 kulttuurivaihdolla ja yhteisell\u00e4 historialla on pitk\u00e4t ja rikkaat perinteet. Kiitos vankan j\u00e4rjest\u00f6verkoston, kuten Prahan <strong>Saksan suurl\u00e4hetyst\u00f6 Prahassa <\/strong>ja oppilaitosten ansiosta t\u00e4m\u00e4n kauniin kaupungin saksalaisyhteis\u00f6 kukoistaa t\u00e4n\u00e4kin p\u00e4iv\u00e4n\u00e4.<\/p>\n\n\n\n<p>Lis\u00e4ksi saksalaiset ovat asuneet Prahassa koko historian ajan, mik\u00e4 on lis\u00e4nnyt sen rikasta arkkitehtuuriperint\u00f6\u00e4, taloudellista vaurautta ja henkist\u00e4 perint\u00f6\u00e4.<\/p>\n\n\n\n<p>Olitpa sitten ulkosuomalainen, joka haluaa tavata muita saksalaisia, tai Prahan uusi tulokas, joka on utelias saksalaisesta kulttuurista, t\u00e4m\u00e4 dynaaminen kaupunki tarjoaa runsaasti mahdollisuuksia, joiden avulla voit asettua aloilleen ja saada yst\u00e4vi\u00e4. Mikset liittyisi osaksi Prahan saksalaisyhteis\u00f6\u00e4 ja tutustuisi Prahan pitk\u00e4aikaiseen ja <a href=\"https:\/\/prague.org\/fi\/oliko-rutto-koskaan-osa-saksaa\/\">Saksan tarunhohtoinen historia<\/a>?&nbsp;<\/p>\n\n\n\n<h2 id=\"insight-of-the-german-community-in-prague\" class=\"wp-block-heading\">Prahan saksalaisyhteis\u00f6n n\u00e4kemys<\/h2>\n\n\n\n<p>Monipuolinen ja aktiivinen yhteis\u00f6 <strong>Saksalaiset Prahassa<\/strong> on muotoutunut Saksan ja T\u0161ekin tasavallan v\u00e4lisen vuosisatojen mittaisen historian, kulttuurin ja kaupan my\u00f6t\u00e4. Prahassa asuvat saksalaiset ulkosuomalaiset, saksankielisten pioneerien j\u00e4lkel\u00e4iset ja ihmiset, joilla on saksalaisia kulttuurisiteit\u00e4, tuntevat vahvasti identiteettins\u00e4 ja yhteytens\u00e4, vaikka saksalaisv\u00e4est\u00f6n m\u00e4\u00e4r\u00e4 on vaihdellut.<\/p>\n\n\n\n<p>Saksalaiset kirjailijat ja taiteilijat, kuten<a href=\"https:\/\/prague.org\/fi\/prague-for-the-kafka-fan\/\"> Franz Kafka<\/a>, Rainer Maria Rilke ja Max Brod ovat muokanneet Prahan kulttuuria. Prahassa on monia <strong>Saksaksi dubatut elokuvateatterit Prahassa<\/strong>, kustantamot ja kulttuurilaitokset, jotka juhlistavat saksalaista kulttuuria.<\/p>\n\n\n\n<p>Kulttuurisen merkityksens\u00e4 lis\u00e4ksi Prahan saksalaisyhteis\u00f6 on taloudellisesti ja kaupallisesti merkitt\u00e4v\u00e4. Prahassa toimii monia saksalaisia yrityksi\u00e4 muun muassa teollisuuden, rahoituksen, teknologian ja matkailun aloilla. N\u00e4m\u00e4 yritykset vauhdittavat kaupungin taloutta, tarjoavat ty\u00f6paikkoja ja edist\u00e4v\u00e4t Saksan ja T\u0161ekin v\u00e4list\u00e4 kauppaa.&nbsp;<\/p>\n\n\n\n<p>Yhteis\u00f6 <strong>Saksalaiset Prahassa<\/strong> on erilaisia v\u00e4est\u00f6ryhmi\u00e4 ja sosiaalisia verkostoja. Dynaamisen kulttuurin, historiallisten n\u00e4ht\u00e4vyyksien ja hyv\u00e4n el\u00e4m\u00e4nlaadun vuoksi monet Prahassa asuvat saksalaiset ulkosuomalaiset ovat kotoisin Saksasta, It\u00e4vallasta ja Sveitsist\u00e4. T\u0161ekkil\u00e4isi\u00e4 juuria omaavat saksalaiset osallistuvat my\u00f6s kulttuuritapahtumiin, kielikursseille ja yhteis\u00f6kokouksiin kunnioittaakseen perint\u00f6\u00e4\u00e4n.<\/p>\n\n\n\n<p>Prahan saksalaisv\u00e4est\u00f6 hy\u00f6tyy my\u00f6s diplomaattisista instituutioista ja koulutusmahdollisuuksista saksalaisille ja heid\u00e4n perheilleen. Konsulipalveluita, kulttuurivaihtoa ja kahdenv\u00e4listen suhteiden kehitt\u00e4mist\u00e4 tarjoaa Prahan <strong>Saksan suurl\u00e4hetyst\u00f6 Prahassa.<\/strong><\/p>\n\n\n\n<h2 id=\"how-many-german-citizens-live-in-prague\" class=\"wp-block-heading\">Kuinka monta Saksan kansalaista asuu Prahassa?<\/h2>\n\n\n\n<p><strong>Kuinka monta saksalaista asuu Prahassa?<\/strong> Viimeaikaiset tiedot osoittavat, ett\u00e4 noin 4 000 <strong>Saksalaiset Prahassa<\/strong> on dokumentoitu pysyviksi asukkaiksi. Vaikka t\u00e4m\u00e4 ei ehk\u00e4 tunnu paljolta verrattuna Prahan muuhun v\u00e4est\u00f6\u00f6n, se merkitsee itse asiassa huomattavaa saksalaisten maahanmuuttajien ja ulkosuomalaisten keskittym\u00e4\u00e4.<\/p>\n\n\n\n<p>Prahan saksalaisyhteis\u00f6 on monipuolinen, sill\u00e4 se koostuu nuorista IT- ja finanssity\u00f6ntekij\u00f6ist\u00e4 ja senioreista, jotka etsiv\u00e4t halvempaa ja rennompaa el\u00e4m\u00e4ntapaa. Prahan alhaiset elinkustannukset, terveydenhuollon ja koulutuksen korkea laatu sek\u00e4 vilkas kulttuuriel\u00e4m\u00e4 houkuttelevat monia saksalaisia.<\/p>\n\n\n\n<h2 id=\"navigating-assistance-services-offered-by-the-german-embassy-in-prague\" class=\"wp-block-heading\">Navigointiapu: Prahan Saksan suurl\u00e4hetyst\u00f6n tarjoamat palvelut<\/h2>\n\n\n\n<p>Erilaisia palveluja tarjoaa <strong>Saksan suurl\u00e4hetyst\u00f6 Prahassa<\/strong> Saksan kansalaisille, asukkaille ja vierailijoille. Palveluihin kuuluvat:<\/p>\n\n\n\n<h3 id=\"consular-assistance\" class=\"wp-block-heading\">Konsuliapu<\/h3>\n\n\n\n<p><strong>Saksalaiset Prahassa<\/strong> voi hakea suurl\u00e4hetyst\u00f6st\u00e4 passihakemuksia ja -uudistuksia, kiireellisi\u00e4 matkustusasiakirjoja, notaaripalveluja ja asiakirjojen varmentamista.<\/p>\n\n\n\n<h3 id=\"immigration-and-visa-services\" class=\"wp-block-heading\">Maahanmuutto- ja viisumipalvelut<\/h3>\n\n\n\n<p>Suurl\u00e4hetyst\u00f6 k\u00e4sittelee viisumihakemukset Saksaan suuntautuvaa matkailua, liiketoimintaa, opiskelua ja perheenyhdist\u00e4mist\u00e4 varten. Lis\u00e4ksi se neuvoo T\u0161ekkiin l\u00e4htevi\u00e4 tai siell\u00e4 asuvia saksalaisia henkil\u00f6it\u00e4 maahanmuuttomenettelyiss\u00e4.<\/p>\n\n\n\n<h3 id=\"financial-and-legal-assistance\" class=\"wp-block-heading\">Taloudellinen ja oikeudellinen apu<\/h3>\n\n\n\n<p>Suurl\u00e4hetyst\u00f6 avustaa Saksan kansalaisia oikeudellisessa edustuksessa, oikeudellisissa menettelyiss\u00e4 ja pid\u00e4tys- tai vangitsemistapauksissa. My\u00f6s taloudelliset kysymykset, kuten verotus, el\u00e4kkeet ja sosiaaliturva, kuuluvat T\u0161ekin tasavallassa asuvien saksalaisten hoidettaviksi.<\/p>\n\n\n\n<h3 id=\"civil-registry-services\" class=\"wp-block-heading\">V\u00e4est\u00f6rekisteripalvelut<\/h3>\n\n\n\n<p>Ulkomailla asuvat saksalaiset voivat rekister\u00f6id\u00e4 syntym\u00e4t, avioliitot ja kuolemantapaukset suurl\u00e4hetyst\u00f6ss\u00e4. Se auttaa nimenmuutoksissa, perheasematodistuksissa ja siviilirekister\u00f6inniss\u00e4.<\/p>\n\n\n\n<h3 id=\"cultural-and-educational-promotion\" class=\"wp-block-heading\">Kulttuurin ja koulutuksen edist\u00e4minen<\/h3>\n\n\n\n<p>Suurl\u00e4hetyst\u00f6 j\u00e4rjest\u00e4\u00e4 kulttuuritapahtumia, tukee <strong>Saksan kielen kurssit Prahassa <\/strong>ja vaihtoja sek\u00e4 helpottaa Saksan ja T\u0161ekin tasavallan v\u00e4lisi\u00e4 akateemisia kumppanuuksia ja yhteisty\u00f6t\u00e4.<\/p>\n\n\n\n<h2 id=\"exploring-the-german-schools-in-prague\" class=\"wp-block-heading\">Prahan saksalaisiin kouluihin tutustuminen<\/h2>\n\n\n\n<p>The<strong> Saksan kielikoulut Prahassa<\/strong> palvella sek\u00e4 syntyper\u00e4isi\u00e4 t\u0161ekkej\u00e4 ett\u00e4 saksankielisi\u00e4 ulkomaalaisia tarjoamalla saksankieliseen opetussuunnitelmaan perustuvaa monikielist\u00e4 opetusta. Seuraavassa on luettelo Prahan saksankielisist\u00e4 kouluista:<\/p>\n\n\n\n<ul>\n<li>Deutsche Schule Prag (DSP)<\/li>\n\n\n\n<li>Saksalaiset p\u00e4iv\u00e4kodit<\/li>\n\n\n\n<li>Kielikoulut ja -instituutit<\/li>\n\n\n\n<li>Opetussuunnitelman ulkopuolinen toiminta ja kulttuuritapahtumat<\/li>\n\n\n\n<li>Kansainv\u00e4lisen ylioppilastutkinnon (IB) ohjelmat<\/li>\n<\/ul>\n\n\n\n<div data-gyg-href=\"https:\/\/widget.getyourguide.com\/default\/city.frame\" data-gyg-location-id=\"10\" data-gyg-locale-code=\"en-US\" data-gyg-widget=\"city\" data-gyg-partner-id=\"U94OQGQ\"><\/div>","protected":false},"excerpt":{"rendered":"Prahan saksalaisilla on pitk\u00e4 ja tarinallinen historia, joka on muokannut kaupungin luonnetta ja kulttuuria.....","protected":false},"author":19,"featured_media":13209,"comment_status":"closed","ping_status":"closed","sticky":false,"template":"","format":"standard","meta":{"footnotes":""},"categories":[204,14,46],"tags":[49],"table_tags":[],"_links":{"self":[{"href":"https:\/\/prague.org\/fi\/wp-json\/wp\/v2\/posts\/13208"}],"collection":[{"href":"https:\/\/prague.org\/fi\/wp-json\/wp\/v2\/posts"}],"about":[{"href":"https:\/\/prague.org\/fi\/wp-json\/wp\/v2\/types\/post"}],"author":[{"embeddable":true,"href":"https:\/\/prague.org\/fi\/wp-json\/wp\/v2\/users\/19"}],"replies":[{"embeddable":true,"href":"https:\/\/prague.org\/fi\/wp-json\/wp\/v2\/comments?post=13208"}],"version-history":[{"count":1,"href":"https:\/\/prague.org\/fi\/wp-json\/wp\/v2\/posts\/13208\/revisions"}],"predecessor-version":[{"id":13210,"href":"https:\/\/prague.org\/fi\/wp-json\/wp\/v2\/posts\/13208\/revisions\/13210"}],"wp:featuredmedia":[{"embeddable":true,"href":"https:\/\/prague.org\/fi\/wp-json\/wp\/v2\/media\/13209"}],"wp:attachment":[{"href":"https:\/\/prague.org\/fi\/wp-json\/wp\/v2\/media?parent=13208"}],"wp:term":[{"taxonomy":"category","embeddable":true,"href":"https:\/\/prague.org\/fi\/wp-json\/wp\/v2\/categories?post=13208"},{"taxonomy":"post_tag","embeddable":true,"href":"https:\/\/prague.org\/fi\/wp-json\/wp\/v2\/tags?post=13208"},{"taxonomy":"table_tags","embeddable":true,"href":"https:\/\/prague.org\/fi\/wp-json\/wp\/v2\/table_tags?post=13208"}],"curies":[{"name":"wp","href":"https:\/\/api.w.org\/{rel}","templated":true}]}}