{"id":14261,"date":"2025-04-15T19:34:51","date_gmt":"2025-04-15T17:34:51","guid":{"rendered":"https:\/\/prague.org\/?p=14261"},"modified":"2025-07-02T17:51:15","modified_gmt":"2025-07-02T15:51:15","slug":"prague-bike-fest-2025","status":"publish","type":"post","link":"https:\/\/prague.org\/fi\/prague-bike-fest-2025\/","title":{"rendered":"Prague Bike Fest 2025 - Viikonloppu t\u00e4ynn\u00e4 py\u00f6ri\u00e4, n\u00e4yttelyit\u00e4 ja perheen hauskanpitoa"},"content":{"rendered":"<p><span style=\"font-weight: 400;\">Valmistaudu <\/span><b>Praha Bike Fest 2025<\/b><span style=\"font-weight: 400;\">, kaupungin t\u00e4rkein py\u00f6r\u00e4ilytapahtuma, joka j\u00e4rjestet\u00e4\u00e4n 26.-27. huhtikuuta V\u00fdstavi\u0161t\u011b Prahassa. Festivaaliin kuuluu <\/span><b>py\u00f6r\u00e4n testaus Prahassa<\/b><span style=\"font-weight: 400;\">, adrenaliinipitoisia BMX-esityksi\u00e4, perheille suunnattuja hauskoja alueita, vilkas messutapahtuma ja opastettuja ryhm\u00e4ajoja. Se on ihanteellinen py\u00f6r\u00e4ilij\u00f6ille, perheille ja vierailijoille, jotka haluavat urheilla ja pit\u00e4\u00e4 hauskaa Prahassa t\u00e4n\u00e4 kev\u00e4\u00e4n\u00e4.<\/span><\/p>\n<h2 id=\"what-is-the-prague-bike-fest\"><span style=\"font-weight: 400;\">Mik\u00e4 on Prahan py\u00f6r\u00e4festivaali?<\/span><\/h2>\n<p><b>Praha Bike Fest 2025<\/b><span style=\"font-weight: 400;\"> on kaupungin t\u00e4rkein py\u00f6r\u00e4ilyfestivaali, joka kokoaa kaikenik\u00e4iset py\u00f6r\u00e4ilyn harrastajat yhteen viikonlopun ajelujen, esitysten ja k\u00e4yt\u00e4nn\u00f6n aktiviteettien merkeiss\u00e4. Tapahtuma V\u00fdstavi\u0161t\u011b Prahassa j\u00e4rjestet\u00e4\u00e4n lauantaina 26. huhtikuuta kello 10.00-19.00 ja sunnuntaina 2.4.7 kello 10.00-18.00.<\/span><\/p>\n<p><span style=\"font-weight: 400;\">The <\/span><b>py\u00f6r\u00e4ilyfestivaali Prahassa<\/b><span style=\"font-weight: 400;\"> sopii erinomaisesti perheille, ammattipy\u00f6r\u00e4ilij\u00f6ille, harrastajille ja lapsille. Se sis\u00e4lt\u00e4\u00e4 testiratoja, adrenaliinin\u00e4yt\u00f6ksi\u00e4, a <\/span><b>Prahan py\u00f6r\u00e4messut<\/b><span style=\"font-weight: 400;\">, lasten vy\u00f6hykkeet ja yhteis\u00f6ajelut. Tapahtumaa tukevat T\u0161ekin liikenneministeri\u00f6 ja T\u0161ekin py\u00f6r\u00e4ilyliitto, mik\u00e4 lis\u00e4\u00e4 sen uskottavuutta, sill\u00e4 se keskittyy vahvasti py\u00f6r\u00e4ilyyn.<\/span><\/p>\n<p><span style=\"font-weight: 400;\">\ud83d\udc49 Seuraa p\u00e4ivityksi\u00e4 osoitteessa <\/span><a href=\"https:\/\/www.instagram.com\/praguebikefest\/?hl=en\" rel=\"nofollow noopener\"><span style=\"font-weight: 400;\">Instagram<\/span><\/a><span style=\"font-weight: 400;\"> tai k\u00e4y osoitteessa <\/span><a href=\"https:\/\/www.instagram.com\/praguebikefest\/?hl=en\" rel=\"nofollow noopener\"><span style=\"font-weight: 400;\">virallinen verkkosivusto<\/span><\/a><span style=\"font-weight: 400;\">.<\/span><span style=\"font-weight: 400;\"><br \/>\n<\/span><\/p>\n<h3 id=\"bike-testing-expo-and-new-gear\"><span style=\"font-weight: 400;\">Py\u00f6r\u00e4testaus, Expo ja uudet varusteet<\/span><\/h3>\n<p><b>Sijainti<\/b><span style=\"font-weight: 400;\">: K\u0159i\u017e\u00edkovy pavilony &amp; ulkoilmavy\u00f6hykkeet<\/span><\/p>\n<p><span style=\"font-weight: 400;\">Yksi kohokohdista <\/span><b>Praha Bike Fest 2025<\/b><span style=\"font-weight: 400;\"> on mahdollisuus ajaa ja testata uusimpia py\u00f6ri\u00e4 erityisesti eri maastoihin ja ajotyyleihin tarkoitetuilla radoilla. K\u0159i\u017e\u00edkovy-paviljongissa ja viereisill\u00e4 ulkoalueilla k\u00e4vij\u00e4t voivat testata s\u00e4hk\u00f6py\u00f6ri\u00e4, maastopy\u00f6ri\u00e4, sorapy\u00f6ri\u00e4, kaupunkipy\u00f6ri\u00e4 ja lasten py\u00f6ri\u00e4. Asiantunteva henkil\u00f6kunta valvoo kokemusta.<\/span><\/p>\n<p><span style=\"font-weight: 400;\">Johtavat py\u00f6r\u00e4- ja varustevalmistajat esittelev\u00e4t uusimmat mallinsa ja innovaationsa ja tarjoavat py\u00f6r\u00e4ilyn yst\u00e4ville varhaisen v\u00e4l\u00e4hdyksen py\u00f6r\u00e4ilymaailman uusimmista uutuuksista. Lis\u00e4ksi k\u00e4vij\u00e4t voivat tuoda py\u00f6r\u00e4ns\u00e4 ilmaiseen huoltoon paikan p\u00e4\u00e4lle, joten se on ihanteellinen tilaisuus viritt\u00e4\u00e4 py\u00f6r\u00e4ns\u00e4 ennen kauden alkua.<\/span><span style=\"font-weight: 400;\"><br \/>\n<\/span><\/p>\n<p>&nbsp;<\/p>\n<h2 id=\"breathtaking-adrenaline-shows\"><span style=\"font-weight: 400;\">Henke\u00e4salpaavat adrenaliinin\u00e4yt\u00f6kset<\/span><\/h2>\n<p><span style=\"font-weight: 400;\">Valmistaudu korkealentoon adrenaliinin\u00e4yt\u00f6ksiss\u00e4 aikana <\/span><b>Praha Bike Fest 2025<\/b><span style=\"font-weight: 400;\">! Tapahtuma sis\u00e4lt\u00e4\u00e4 BMX-freestylea, trialpy\u00f6r\u00e4ilyhaasteita ja suositut Big Air -kilpailut, joissa ajajat tekev\u00e4t painovoimaa uhmaavia akrobaattisia temppuja ja voltteja.<\/span><\/p>\n<p><span style=\"font-weight: 400;\">Kansainv\u00e4liset huippu-urheilijat nousevat lavalle esittelem\u00e4\u00e4n taitojaan ja tuovat festivaaliin maailmanluokan energiaa ja syd\u00e4nt\u00e4 syk\u00e4hdytt\u00e4v\u00e4\u00e4 j\u00e4nnityst\u00e4. N\u00e4m\u00e4 uroteot ovat paitsi j\u00e4nnitt\u00e4v\u00e4\u00e4 katsottavaa my\u00f6s eritt\u00e4in valokuvauksellisia - muista siis ottaa kamera tai puhelin mukaan, jotta voit tallentaa henke\u00e4salpaavimmat hetket.<\/span><\/p>\n<p>&nbsp;<\/p>\n<h2 id=\"activities-for-families-kids\"><span style=\"font-weight: 400;\">Toimintaa perheille ja lapsille<\/span><\/h2>\n<p><b>Praha Bike Fest 2025<\/b><span style=\"font-weight: 400;\"> on t\u00e4ynn\u00e4 erityisesti perheille ja lapsille suunniteltuja aktiviteetteja. Lapset voivat ratsastaa turvallisesti ja luottavaisesti erityisess\u00e4 taitopuistossa ja lasten ratsastusradalla, jotka on r\u00e4\u00e4t\u00e4l\u00f6ity auttamaan lapsia kehitt\u00e4m\u00e4\u00e4n tasapainoa ja koordinaatiota hauskalla ja mukaansatempaavalla tavalla.<\/span><\/p>\n<p><span style=\"font-weight: 400;\">Liikennekasvatuksen minipuisto opettaa nuorille moottoripy\u00f6r\u00e4ilij\u00f6ille liikennes\u00e4\u00e4nt\u00f6j\u00e4 hauskojen ja vuorovaikutteisten aktiviteettien avulla. Koulutetut ohjaajat opastavat ja tukevat kaikentasoisia lapsia, ja viereiset huvialueet tarjoavat runsaasti viihdett\u00e4 ajeluiden v\u00e4lill\u00e4.<\/span><\/p>\n<p><span style=\"font-weight: 400;\">N\u00e4lk\u00e4iset pikkupy\u00f6r\u00e4ilij\u00e4t eiv\u00e4t tule pettym\u00e4\u00e4n, sill\u00e4 perheosaston l\u00e4heisyydess\u00e4 olevissa ruokakioskeissa myyd\u00e4\u00e4n lapsiyst\u00e4v\u00e4llisi\u00e4 aterioita ja v\u00e4lipaloja, joten festivaalilla on helppo viett\u00e4\u00e4 koko p\u00e4iv\u00e4.<\/span><\/p>\n<p>&nbsp;<\/p>\n<h2 id=\"group-rides-and-community-spirit\"><span style=\"font-weight: 400;\">Ryhm\u00e4ajelut ja yhteis\u00f6llisyys<\/span><\/h2>\n<p><span style=\"font-weight: 400;\">Liity ryhm\u00e4kyytiin osoitteessa <\/span><b>Praha Bike Fest 2025<\/b><span style=\"font-weight: 400;\"> kokemaan festivaalin vahvan yhteis\u00f6llisyyden ja yhteenkuuluvuuden tunteen. Py\u00f6r\u00e4ilij\u00e4t voivat valita maantiekursseista, maastoreiteist\u00e4 ja leppoisista sosiaalisista ajeluista, joita ohjaavat asiantuntijaoppaat ja py\u00f6r\u00e4ilyn ammattilaiset.<\/span><\/p>\n<p><span style=\"font-weight: 400;\">Se on erinomainen tilaisuus tutustua Prahaan kahdella py\u00f6r\u00e4ll\u00e4, tavata muita py\u00f6r\u00e4ilij\u00f6it\u00e4 ja nauttia ajelusta turvallisessa ja yst\u00e4v\u00e4llisess\u00e4 ymp\u00e4rist\u00f6ss\u00e4. Osallistuaksesi voit vain ilmoittautua paikan p\u00e4\u00e4ll\u00e4 olevalla ryhm\u00e4kyytipisteell\u00e4 ja ottaa mukaan py\u00f6r\u00e4si, kyp\u00e4r\u00e4si ja seikkailumielt\u00e4si - kaikki taitotasot ovat tervetulleita!<\/span><\/p>\n<p>&nbsp;<\/p>\n<h2 id=\"ticket-prices-and-practical-info\"><span style=\"font-weight: 400;\">Lippujen hinnat ja k\u00e4yt\u00e4nn\u00f6n tiedot<\/span><\/h2>\n<p><span style=\"font-weight: 400;\">Osallistuminen <\/span><b>Praha Bike Fest 2025<\/b><span style=\"font-weight: 400;\"> on yksinkertainen ja edullinen, ja lippuja on saatavilla ihmisille, perheille ja lapsille. T\u00e4ss\u00e4 lis\u00e4\u00e4 k\u00e4yt\u00e4nn\u00f6n tietoa:<\/span><\/p>\n<h3 id=\"ticket-prices\"><span style=\"font-weight: 400;\">Lippujen hinnat<\/span><\/h3>\n<ul>\n<li style=\"font-weight: 400;\" aria-level=\"1\"><b>Aikuiset<\/b><span style=\"font-weight: 400;\">220 CZK (1 p\u00e4iv\u00e4) tai 350 CZK (2 p\u00e4iv\u00e4\u00e4).<\/span><\/li>\n<li style=\"font-weight: 400;\" aria-level=\"1\"><b>Perhe (2 aikuista + 2 lasta):<\/b><span style=\"font-weight: 400;\"> 480 CZK tai 580 CZK<\/span><\/li>\n<li style=\"font-weight: 400;\" aria-level=\"1\"><b>Lapset (3-13)<\/b><span style=\"font-weight: 400;\">: 100 CZK tai 150 CZK.<\/span><\/li>\n<li style=\"font-weight: 400;\" aria-level=\"1\"><b>Alle kolmivuotiaat lapset:<\/b><span style=\"font-weight: 400;\"> Vapaa<\/span><\/li>\n<\/ul>\n<h3 id=\"where-to-buy\"><span style=\"font-weight: 400;\">Mist\u00e4 ostaa<\/span><\/h3>\n<ul>\n<li style=\"font-weight: 400;\" aria-level=\"1\"><span style=\"font-weight: 400;\">Verkossa osoitteessa <\/span><a href=\"https:\/\/praguebikefest.cz\/\" rel=\"nofollow noopener\"><span style=\"font-weight: 400;\">viralliset verkkosivut.<\/span><\/a><\/li>\n<li style=\"font-weight: 400;\" aria-level=\"1\"><span style=\"font-weight: 400;\">Tai suoraan tapahtuman sis\u00e4\u00e4nk\u00e4ynnin luona.<\/span><\/li>\n<\/ul>\n<h3 id=\"accessibility\"><span style=\"font-weight: 400;\">Saavutettavuus<\/span><\/h3>\n<ul>\n<li style=\"font-weight: 400;\" aria-level=\"1\"><span style=\"font-weight: 400;\">Ulko- ja sis\u00e4vy\u00f6hykkeet<\/span><\/li>\n<li style=\"font-weight: 400;\" aria-level=\"1\"><span style=\"font-weight: 400;\">Avoin yleis\u00f6lle ja t\u00e4ysin esteet\u00f6n.<\/span><\/li>\n<\/ul>\n<h2 id=\"where-to-stay-near-the-event\"><span style=\"font-weight: 400;\">Miss\u00e4 y\u00f6py\u00e4 tapahtuman l\u00e4hell\u00e4<\/span><\/h2>\n<p><span style=\"font-weight: 400;\">Asu Praha 7:ss\u00e4, erityisesti Letnassa tai Hole\u0161ovicessa, josta p\u00e4\u00e4set helposti Prahaan. <\/span><b>Praha Bike Fest 2025<\/b><span style=\"font-weight: 400;\">. Molemmat kaupunginosat ovat k\u00e4velymatkan p\u00e4\u00e4ss\u00e4 V\u00fdstavi\u0161t\u011b Prahasta, ja ne tarjoavat erinomaisen valikoiman hotelleja, kahviloita ja paikallisia n\u00e4ht\u00e4vyyksi\u00e4.<\/span><\/p>\n<p><span style=\"font-weight: 400;\">L\u00f6yd\u00e4t kaikenlaista edullisista majoitusvaihtoehdoista hienostuneisiin boutique-hotelleihin, joten pitk\u00e4n ratsastusp\u00e4iv\u00e4n j\u00e4lkeen on helppo rentoutua.<\/span><\/p>\n<h2 id=\"getting-there-and-transport-tips\"><span style=\"font-weight: 400;\">Perillep\u00e4\u00e4sy ja kuljetusvinkkej\u00e4<\/span><\/h2>\n<p><span style=\"font-weight: 400;\">The <\/span><b>Praha Bike Fest 2025<\/b><span style=\"font-weight: 400;\"> V\u00fdstavi\u0161t\u011b Prahassa on k\u00e4tev\u00e4sti saavutettavissa <\/span><a href=\"https:\/\/prague.org\/fi\/public-transport-in-prague\/\"><span style=\"font-weight: 400;\">julkinen liikenne <\/span><\/a><span style=\"font-weight: 400;\">ja auto, mik\u00e4 takaa kaikille osallistujille mukavan matkan.<\/span><\/p>\n<h3 id=\"by-metro\"><span style=\"font-weight: 400;\">Metro<\/span><\/h3>\n<p><span style=\"font-weight: 400;\">Ota linja C (punainen) N\u00e1dra\u017e\u00ed Hole\u0161ovicen asemalle. Sielt\u00e4 festivaalialueelle on 10 minuutin k\u00e4velymatka.<\/span><\/p>\n<h3 id=\"by-tram\"><span style=\"font-weight: 400;\">Raitiovaunulla<\/span><\/h3>\n<p><span style=\"font-weight: 400;\">Raitiovaunulinjat 6, 12 ja 17 pys\u00e4htyv\u00e4t aivan V\u00fdstavi\u0161t\u011bn kohdalla. Raitiovaunut kulkevat s\u00e4\u00e4nn\u00f6llisesti, joten t\u00e4m\u00e4 on hyv\u00e4 tapa p\u00e4\u00e4st\u00e4 tapahtumaan.<\/span><\/p>\n<h3 id=\"travel-by-car\"><span style=\"font-weight: 400;\">Matkusta autolla<\/span><\/h3>\n<p><span style=\"font-weight: 400;\">V\u00fdstavi\u0161t\u011bss\u00e4 on kolme julkista pys\u00e4k\u00f6intialuetta: P1, P2 ja P3. N\u00e4ille pys\u00e4k\u00f6intialueille p\u00e4\u00e4see Za Elektr\u00e1rnou -kadun kautta. P\u00e4\u00e4sy messualueen sis\u00e4osiin edellytt\u00e4\u00e4 erityist\u00e4 lupakorttia, jonka V\u00fdstavi\u0161t\u011b Praha, a.s. toimittaa. <\/span><a href=\"https:\/\/prague.org\/fi\/opas-pysakointiin-prahassa\/\"><span style=\"font-weight: 400;\">pys\u00e4k\u00f6intiopas<\/span><\/a><span style=\"font-weight: 400;\"> lis\u00e4tietoja. <\/span><span style=\"font-weight: 400;\"><br \/>\n<\/span><\/p>\n<h2 id=\"other-things-to-do-in-prague-that-weekend\"><span style=\"font-weight: 400;\">Muuta tekemist\u00e4 Prahassa kyseisen\u00e4 viikonloppuna<\/span><\/h2>\n<p><span style=\"font-weight: 400;\">Hy\u00f6dynn\u00e4 <\/span><b>Praha Bike Fest 2025<\/b><span style=\"font-weight: 400;\"> viikonloppu kiert\u00e4m\u00e4ll\u00e4 kaupungin upeita puistoja ja osallistumalla ulkoilma-aktiviteetteihin. T\u00e4m\u00e4 on loistava viikonloppu urheilun ja n\u00e4ht\u00e4vyyksien katselun yhdist\u00e4miseen.<\/span><span style=\"font-weight: 400;\"><br \/>\n<\/span><span style=\"font-weight: 400;\">Festivaalin j\u00e4lkeen voit rentoutua Letn\u00e1-puistossa tai Stromovka-puistossa, jotka ovat molemmat l\u00e4hell\u00e4 V\u00fdstavi\u0161t\u011b Praha -puistoa. Letn\u00e1-puistosta on panoraaman\u00e4kym\u00e4t kaupunkiin ja Vltava-joelle, kun taas Stromovka-puistossa on suuria viheralueita, jotka sopivat erinomaisesti rentoutumiseen tai rauhalliseen k\u00e4velyyn.<\/span><\/p>\n<p><span style=\"font-weight: 400;\">Jos haluat jatkaa py\u00f6r\u00e4matkaasi, kannattaa l\u00e4hte\u00e4 opastetulle py\u00f6r\u00e4retkelle, jossa esitell\u00e4\u00e4n Prahan historiallisia n\u00e4ht\u00e4vyyksi\u00e4 ja luonnonkauneutta. Vaihtoehtoina ovat mm:<\/span><\/p>\n<h3 id=\"off-the-beaten-path-bike-tour\"><span style=\"font-weight: 400;\">Py\u00f6r\u00e4retki polun ulkopuolella<\/span><\/h3>\n<p><span style=\"font-weight: 400;\">Py\u00f6r\u00e4ile upeaa Vltava-jokea pitkin ja koe Prahan vanhan ja uuden arkkitehtuurin sekoitus, kuten kuuluisa Tanssiva talo. T\u00e4ll\u00e4 matkalla syvennyt\u00e4\u00e4n toisen maailmansodan historiaan, erityisesti Reinhard Heydrichin murhaan. Tutustu salaisiin tarinoihin v\u00e4hemm\u00e4n tunnetuissa paikoissa, kuten Nuslen sillalla, ja tutustu historialliseen Vy\u0161ehradin linnaan ja sen kansallishautausmaahan, jonne on haudattu t\u0161ekkil\u00e4isi\u00e4 legendoja, kuten Smetana ja Dvo\u0159\u00e1k.\u00a0<\/span><\/p>\n<div data-gyg-href=\"https:\/\/widget.getyourguide.com\/default\/activities.frame\" data-gyg-locale-code=\"en-US\" data-gyg-widget=\"activities\" data-gyg-number-of-items=\"1\" data-gyg-partner-id=\"U94OQGQ\" data-gyg-tour-ids=\"249442\">Powered by <a href=\"https:\/\/www.getyourguide.com\/prague-l10\/\" target=\"_blank\" rel=\"noopener sponsored nofollow\">GetYourGuide<\/a><\/div>\n<h3 id=\"top-7-scenic-viewpoints-e-bike-adventure\"><span style=\"font-weight: 400;\">Top 7 luonnonkaunista n\u00e4k\u00f6alapaikkaa E-bike-seikkailu<\/span><\/h3>\n<p><span style=\"font-weight: 400;\">Tutustu Prahaan helposti t\u00e4ll\u00e4 s\u00e4hk\u00f6py\u00f6r\u00e4retkell\u00e4, joka sopii t\u00e4ydellisesti ensimm\u00e4iseksi kokonaiseksi p\u00e4iv\u00e4ksi kaupungissa. Kierr\u00e4t seitsem\u00e4n upeaa n\u00e4k\u00f6alapaikkaa seitsem\u00e4ll\u00e4 alueella, mukaan lukien klassiset n\u00e4ht\u00e4vyydet, kuten Vanhakaupunki, Pikkukaupunki, juutalaiskortteli ja Lennonin muuri. Aja pitkin erityisi\u00e4 py\u00f6r\u00e4ilyreittej\u00e4, vieraile muinaisilla ja moderneilla muistomerkeill\u00e4, ja saat paikallisia n\u00e4kemyksi\u00e4, kaupungin kartan ja kulinaarisia suosituksia, jotka auttavat sinua suunnittelemaan Prahan matkan loppuosan.<\/span><\/p>\n<div data-gyg-href=\"https:\/\/widget.getyourguide.com\/default\/activities.frame\" data-gyg-locale-code=\"en-US\" data-gyg-widget=\"activities\" data-gyg-number-of-items=\"1\" data-gyg-partner-id=\"U94OQGQ\" data-gyg-tour-ids=\"15061\">Powered by <a href=\"https:\/\/www.getyourguide.com\/prague-l10\/\" target=\"_blank\" rel=\"noopener sponsored nofollow\">GetYourGuide<\/a><\/div>\n<p>&nbsp;<\/p>\n<h3 id=\"3-hour-electric-bike-city-tour\"><span style=\"font-weight: 400;\">3 tunnin s\u00e4hk\u00f6py\u00f6r\u00e4ily kaupunkikierros<\/span><\/h3>\n<p><span style=\"font-weight: 400;\">L\u00e4hde pienryhm\u00e4ss\u00e4 s\u00e4hk\u00f6py\u00f6r\u00e4retkelle muinaisen Prahan ymp\u00e4ri. Vieraile merkitt\u00e4viss\u00e4 n\u00e4ht\u00e4vyyksiss\u00e4, kuten t\u00e4htitieteellisess\u00e4 kellossa, juutalaiskorttelissa ja piilotetuissa jalokiviss\u00e4. Aloita Kampa-puistosta ja ylit\u00e4 Kaarlensilta tutustuaksesi vanhankaupungin kujiin ja Vltava-jokeen. Ihaile maisemia Letn\u00e1-puistossa ja Belvedere-kes\u00e4palatsi ennen kuin suuntaat Prahan linnaan. Lopeta ajelu Petrin kukkulan l\u00e4pi ja ohita Tanssin talo ja kansallisteatteri paluumatkalla.<\/span><\/p>\n<div data-gyg-href=\"https:\/\/widget.getyourguide.com\/default\/activities.frame\" data-gyg-locale-code=\"en-US\" data-gyg-widget=\"activities\" data-gyg-number-of-items=\"1\" data-gyg-partner-id=\"U94OQGQ\" data-gyg-tour-ids=\"34246\">Powered by <a href=\"https:\/\/www.getyourguide.com\/prague-l10\/\" target=\"_blank\" rel=\"noopener sponsored nofollow\">GetYourGuide<\/a><\/div>\n<p>Kuvien l\u00e4hde: <a href=\"https:\/\/www.freepik.com\/\" target=\"_blank\" rel=\"nofollow noopener\">Freepik<\/a><\/p>\n<p>&nbsp;<\/p>\n<div data-gyg-href=\"https:\/\/widget.getyourguide.com\/default\/city.frame\" data-gyg-location-id=\"10\" data-gyg-locale-code=\"en-US\" data-gyg-widget=\"city\" data-gyg-partner-id=\"U94OQGQ\"><\/div>","protected":false},"excerpt":{"rendered":"Valmistaudu Prague Bike Fest 2025 -tapahtumaan, kaupungin t\u00e4rkeimp\u00e4\u00e4n py\u00f6r\u00e4ilytapahtumaan, joka j\u00e4rjestet\u00e4\u00e4n 26.-27. huhtikuuta V\u00fdstavi\u0161t\u011b...","protected":false},"author":21,"featured_media":14262,"comment_status":"closed","ping_status":"closed","sticky":false,"template":"","format":"standard","meta":{"footnotes":""},"categories":[204,19,1],"tags":[66],"table_tags":[],"_links":{"self":[{"href":"https:\/\/prague.org\/fi\/wp-json\/wp\/v2\/posts\/14261"}],"collection":[{"href":"https:\/\/prague.org\/fi\/wp-json\/wp\/v2\/posts"}],"about":[{"href":"https:\/\/prague.org\/fi\/wp-json\/wp\/v2\/types\/post"}],"author":[{"embeddable":true,"href":"https:\/\/prague.org\/fi\/wp-json\/wp\/v2\/users\/21"}],"replies":[{"embeddable":true,"href":"https:\/\/prague.org\/fi\/wp-json\/wp\/v2\/comments?post=14261"}],"version-history":[{"count":4,"href":"https:\/\/prague.org\/fi\/wp-json\/wp\/v2\/posts\/14261\/revisions"}],"predecessor-version":[{"id":14334,"href":"https:\/\/prague.org\/fi\/wp-json\/wp\/v2\/posts\/14261\/revisions\/14334"}],"wp:featuredmedia":[{"embeddable":true,"href":"https:\/\/prague.org\/fi\/wp-json\/wp\/v2\/media\/14262"}],"wp:attachment":[{"href":"https:\/\/prague.org\/fi\/wp-json\/wp\/v2\/media?parent=14261"}],"wp:term":[{"taxonomy":"category","embeddable":true,"href":"https:\/\/prague.org\/fi\/wp-json\/wp\/v2\/categories?post=14261"},{"taxonomy":"post_tag","embeddable":true,"href":"https:\/\/prague.org\/fi\/wp-json\/wp\/v2\/tags?post=14261"},{"taxonomy":"table_tags","embeddable":true,"href":"https:\/\/prague.org\/fi\/wp-json\/wp\/v2\/table_tags?post=14261"}],"curies":[{"name":"wp","href":"https:\/\/api.w.org\/{rel}","templated":true}]}}