{"id":14374,"date":"2025-07-30T10:25:23","date_gmt":"2025-07-30T08:25:23","guid":{"rendered":"https:\/\/prague.org\/?p=14374"},"modified":"2025-08-06T22:47:02","modified_gmt":"2025-08-06T20:47:02","slug":"invisible-exhibition-in-prague-a-journey-without-sight","status":"publish","type":"post","link":"https:\/\/prague.org\/fi\/nakymaton-nayttely-prahassa-matka-ilman-nakoa\/","title":{"rendered":"N\u00e4kym\u00e4t\u00f6n n\u00e4yttely Prahassa - matka ilman n\u00e4k\u00f6\u00e4"},"content":{"rendered":"<p><span style=\"font-weight: 400;\">The <\/span><b>Prahan n\u00e4kym\u00e4t\u00f6n n\u00e4yttely<\/b><span style=\"font-weight: 400;\"> on hetki, jolloin n\u00e4kemyksesi haihtuu ja esiin nousee jotain huomattavasti voimakkaampaa. Kuvittele, ett\u00e4 kaikki valot sammuvat. Sinua ymp\u00e4r\u00f6i t\u00e4ydellinen pimeys. Yht\u00e4kki\u00e4 jokainen \u00e4\u00e4ni tulee kuultavammaksi, jokainen pinta merkityksellisemm\u00e4ksi ja jokainen askel harkitummaksi. Mit\u00e4 tapahtuu, kun et voi en\u00e4\u00e4 luottaa n\u00e4k\u00f6si?<\/span><\/p>\n<p><span style=\"font-weight: 400;\">T\u00e4m\u00e4 on muutakin kuin pelkk\u00e4 museokierros. Osoitteessa <\/span><a href=\"https:\/\/neviditelna.cz\/en\/\" target=\"_blank\" rel=\"nofollow noopener\"><b>Prahan n\u00e4kym\u00e4t\u00f6n n\u00e4yttely<\/b><\/a><span style=\"font-weight: 400;\"> tarjoaa ainutlaatuisen tilaisuuden kokea el\u00e4m\u00e4\u00e4 ilman n\u00e4k\u00f6\u00e4 niiden opastuksella, jotka ymm\u00e4rt\u00e4v\u00e4t sit\u00e4 parhaiten: sokeiden ja n\u00e4k\u00f6vammaisten ihmisten. Se on mukaansatempaava, tunteikas ja yll\u00e4tt\u00e4v\u00e4n voimaannuttava. Kun uppoudut heid\u00e4n maailmaansa, saat uuden n\u00e4k\u00f6kulman omaan maailmaasi.<\/span><\/p>\n<p>&nbsp;<\/p>\n<figure id=\"attachment_14377\" aria-describedby=\"caption-attachment-14377\" style=\"width: 1180px\" class=\"wp-caption alignnone\"><img decoding=\"async\" class=\"wp-image-14377\" src=\"https:\/\/prague.org\/wp-content\/uploads\/2025\/07\/prague-invisible-exhibition-03-300x200.png\" alt=\"Sokeiden tai heikkon\u00e4k\u00f6isten is\u00e4ntien opastuksella opit liikkumaan tuntemattomassa vain j\u00e4ljell\u00e4 olevien aistiesi avulla.\" width=\"1180\" height=\"786\" srcset=\"https:\/\/prague.org\/wp-content\/uploads\/2025\/07\/prague-invisible-exhibition-03-300x200.png 300w, https:\/\/prague.org\/wp-content\/uploads\/2025\/07\/prague-invisible-exhibition-03-768x512.png 768w, https:\/\/prague.org\/wp-content\/uploads\/2025\/07\/prague-invisible-exhibition-03-18x12.png 18w, https:\/\/prague.org\/wp-content\/uploads\/2025\/07\/prague-invisible-exhibition-03-380x253.png 380w, https:\/\/prague.org\/wp-content\/uploads\/2025\/07\/prague-invisible-exhibition-03-800x533.png 800w, https:\/\/prague.org\/wp-content\/uploads\/2025\/07\/prague-invisible-exhibition-03-600x400.png 600w, https:\/\/prague.org\/wp-content\/uploads\/2025\/07\/prague-invisible-exhibition-03.png 900w\" sizes=\"(max-width: 1180px) 100vw, 1180px\" \/><figcaption id=\"caption-attachment-14377\" class=\"wp-caption-text\">Vierailu Prahan N\u00e4kym\u00e4tt\u00f6m\u00e4ss\u00e4 n\u00e4yttelyss\u00e4 on helppoa ja sopii mihin tahansa matkasuunnitelmaan.<\/figcaption><\/figure>\n<p>&nbsp;<\/p>\n<h2 id=\"what-is-the-prague-invisible-exhibition\"><b>Mik\u00e4 on Prahan n\u00e4kym\u00e4t\u00f6n n\u00e4yttely?<\/b><\/h2>\n<p><span style=\"font-weight: 400;\">\ud83d\udccd<\/span><b> Sijainti<\/b><span style=\"font-weight: 400;\">: Novom\u011bstsk\u00e1 Radnice, l\u00e4hell\u00e4 Karlovo n\u00e1m\u011bst\u00ed.<\/span><\/p>\n<p><span style=\"font-weight: 400;\">\u23f1 <\/span><b>Kesto<\/b><span style=\"font-weight: 400;\">noin 90 minuuttia (60 minuuttia t\u00e4ydellisess\u00e4 pimeydess\u00e4).<\/span><\/p>\n<p><span style=\"font-weight: 400;\">The <\/span><a href=\"https:\/\/neviditelna.cz\/en\/\" target=\"_blank\" rel=\"nofollow noopener\"><b>Prahan n\u00e4kym\u00e4t\u00f6n n\u00e4yttely<\/b><\/a><span style=\"font-weight: 400;\"> on ainutlaatuinen interaktiivinen kokemus, joka auttaa sinua ymm\u00e4rt\u00e4m\u00e4\u00e4n, mit\u00e4 tarkoittaa el\u00e4\u00e4 ilman n\u00e4k\u00f6\u00e4. Se on enemm\u00e4n kuin pelkk\u00e4 museo, sill\u00e4 se rohkaisee sinua astumaan t\u00e4ysin pime\u00e4\u00e4n ilmapiiriin, jossa muut aistit, kosketus, kuulo, tuoksu ja tasapaino, ottavat vallan.<\/span><\/p>\n<p><span style=\"font-weight: 400;\">N\u00e4yttelyn tavoitteena on edist\u00e4\u00e4 empatiaa, tietoisuutta ja sosiaalista osallisuutta haastamalla k\u00e4sityksemme maailmasta. Navigoidessasi realistisissa arkip\u00e4iv\u00e4isiss\u00e4 tilanteissa, kuten kadulla, kotona tai kahvilassa, luotat sokean tai heikkon\u00e4k\u00f6isen oppaan ohjaukseen.<\/span><\/p>\n<p><span style=\"font-weight: 400;\">N\u00e4m\u00e4 oppaat tekev\u00e4t muutakin kuin vain seuraavat sinua; he kertovat henkil\u00f6kohtaisista kokemuksistaan selke\u00e4sti, itsevarmasti ja jopa huumorilla. Heid\u00e4n l\u00e4sn\u00e4olonsa nostaa vierailun aistihaastattelusta silmi\u00e4 avaavaksi kokemukseksi maailmasta, joka on aina ollut olemassa, mutta joka on ollut piilossa.<\/span><\/p>\n<p>&nbsp;<\/p>\n<div data-gyg-href=\"https:\/\/widget.getyourguide.com\/default\/activities.frame\" data-gyg-locale-code=\"en-US\" data-gyg-widget=\"activities\" data-gyg-number-of-items=\"3\" data-gyg-partner-id=\"U94OQGQ\" data-gyg-q=\"prague exhibition\">Powered by <a href=\"https:\/\/www.getyourguide.com\/imucha-exhibition-l186852\/\" target=\"_blank\" rel=\"sponsored noopener nofollow\">GetYourGuide<\/a><\/div>\n<h2 id=\"inside-the-invisible-world-how-the-tour-works\"><span style=\"font-weight: 400;\">N\u00e4kym\u00e4tt\u00f6m\u00e4n maailman sis\u00e4ll\u00e4 - miten kiertue toimii<\/span><\/h2>\n<p><span style=\"font-weight: 400;\">The <\/span><b>Prahan n\u00e4kym\u00e4t\u00f6n n\u00e4yttely<\/b><span style=\"font-weight: 400;\"> kuljettaa sinut erilaisten eloisien, tavallisten paikkojen l\u00e4pi, jotka kaikki toistetaan t\u00e4ydellisess\u00e4 pimeydess\u00e4. Sokeiden tai heikkon\u00e4k\u00f6isten is\u00e4ntien opastamana opit liikkumaan tuntemattomassa vain j\u00e4ljell\u00e4 olevien aistiesi avulla.<\/span><\/p>\n<h3 id=\"%f0%9f%8f%99-7-common-situations-in-complete-darkness\"><span style=\"font-weight: 400;\">\ud83c\udfd9 7 common situations in complete darkness<\/span><\/h3>\n<p><span style=\"font-weight: 400;\">K\u00e4yd\u00e4\u00e4n l\u00e4pi realistisia kohtauksia, kuten:<\/span><\/p>\n<ul>\n<li style=\"font-weight: 400;\" aria-level=\"1\"><span style=\"font-weight: 400;\">Kadun ylitys.<\/span><\/li>\n<li style=\"font-weight: 400;\" aria-level=\"1\"><span style=\"font-weight: 400;\">Markkinapaikka.<\/span><\/li>\n<li style=\"font-weight: 400;\" aria-level=\"1\"><span style=\"font-weight: 400;\">Olohuone.<\/span><\/li>\n<li style=\"font-weight: 400;\" aria-level=\"1\"><span style=\"font-weight: 400;\">Kahvila<\/span><\/li>\n<li style=\"font-weight: 400;\" aria-level=\"1\"><span style=\"font-weight: 400;\">Mets\u00e4inen polku.<\/span><\/li>\n<li style=\"font-weight: 400;\" aria-level=\"1\"><span style=\"font-weight: 400;\">Museo.<\/span><\/li>\n<li style=\"font-weight: 400;\" aria-level=\"1\"><span style=\"font-weight: 400;\">Jopa laivamatka.<\/span><\/li>\n<\/ul>\n<p><span style=\"font-weight: 400;\">Jokaisessa paikassa on ainutlaatuisia esteit\u00e4, jotka rohkaisevat sinua sopeutumaan, kuuntelemaan, tuntemaan ja kehitt\u00e4m\u00e4\u00e4n luottamusta opastukseesi ja itseesi. Joka p\u00e4iv\u00e4 toiminnasta tulee uutta, ep\u00e4tavallista ja yll\u00e4tt\u00e4v\u00e4n tunteikasta.<\/span><\/p>\n<h3 id=\"our-senses-take-the-lead\"><span style=\"font-weight: 400;\">Aistimme ottavat johtoaseman.<\/span><\/h3>\n<p><span style=\"font-weight: 400;\">Kun n\u00e4k\u00f6kykysi on kadonnut, j\u00e4ljell\u00e4 olevat aistisi paranevat huomattavasti. Huomaat, miten \u00e4\u00e4net kimpoavat pinnoista, tekstuurit paljastavat vihjeit\u00e4 ja pienet tuoksut tuovat rikkautta jokaiseen kohtaukseen. Hiljaisuus ei ole tyhj\u00e4\u00e4, vaan se on kommunikaation muoto. Saatat jopa tulla tunnetasolla tietoisemmaksi.<\/span><\/p>\n<h3 id=\"suitable-for-all-ages\"><span style=\"font-weight: 400;\">Sopii kaikenik\u00e4isille.<\/span><\/h3>\n<p><span style=\"font-weight: 400;\">Kokemus on r\u00e4\u00e4t\u00e4l\u00f6ity huolellisesti aikuisille ja v\u00e4hint\u00e4\u00e4n seitsem\u00e4nvuotiaille lapsille. Se sopii erinomaisesti yksityishenkil\u00f6ille, perheille, koulujen lomille ja ryhm\u00e4kokoontumisiin. Halusitpa sitten oppia, solmia yhteyksi\u00e4 tai pohtia, t\u00e4m\u00e4 kokemus sopii kaikille.<\/span><\/p>\n<h3 id=\"wear-comfortable-shoes\"><span style=\"font-weight: 400;\">K\u00e4yt\u00e4 mukavia kenki\u00e4.<\/span><\/h3>\n<p><span style=\"font-weight: 400;\">K\u00e4velet monenlaisissa maastoissa, kuten mukulakivill\u00e4, puulattioilla ja pehmeill\u00e4 matoilla, joten vahvat ja mukavat keng\u00e4t ovat v\u00e4ltt\u00e4m\u00e4tt\u00f6m\u00e4t, jotta voit liikkua turvallisesti pime\u00e4ss\u00e4.<\/span><\/p>\n<h3 id=\"multilingual-tours-available\"><span style=\"font-weight: 400;\">Saatavilla on monikielisi\u00e4 kierroksia.<\/span><\/h3>\n<p><span style=\"font-weight: 400;\">Kierroksia tarjotaan t\u0161ekin, englannin, espanjan ja ven\u00e4j\u00e4n kielell\u00e4; vieraskieliset kierrokset on kuitenkin varattava etuk\u00e4teen p\u00e4tev\u00e4n oppaan saatavuuden varmistamiseksi. T\u00e4m\u00e4 tekee kierroksista helpommin l\u00e4hestytt\u00e4vi\u00e4 ja yst\u00e4v\u00e4llisempi\u00e4 kansainv\u00e4lisille vierailijoille.<\/span><\/p>\n<p><span style=\"font-weight: 400;\">Olitpa sitten paikallinen tai turisti, t\u00e4m\u00e4 kokemus j\u00e4\u00e4 el\u00e4m\u00e4\u00e4n viel\u00e4 pitk\u00e4\u00e4n sen j\u00e4lkeen, kun olet palannut valoon.<\/span><\/p>\n<figure id=\"attachment_14375\" aria-describedby=\"caption-attachment-14375\" style=\"width: 843px\" class=\"wp-caption alignnone\"><img decoding=\"async\" class=\"wp-image-14375\" src=\"https:\/\/prague.org\/wp-content\/uploads\/2025\/07\/prague-invisible-exhibition-02-300x200.jpg\" alt=\"Prahan n\u00e4kym\u00e4t\u00f6n -n\u00e4yttely on ainutlaatuinen interaktiivinen kokemus, joka auttaa sinua ymm\u00e4rt\u00e4m\u00e4\u00e4n, mit\u00e4 tarkoittaa el\u00e4\u00e4 ilman n\u00e4k\u00f6\u00e4.\" width=\"843\" height=\"562\" srcset=\"https:\/\/prague.org\/wp-content\/uploads\/2025\/07\/prague-invisible-exhibition-02-300x200.jpg 300w, https:\/\/prague.org\/wp-content\/uploads\/2025\/07\/prague-invisible-exhibition-02-768x512.jpg 768w, https:\/\/prague.org\/wp-content\/uploads\/2025\/07\/prague-invisible-exhibition-02-18x12.jpg 18w, https:\/\/prague.org\/wp-content\/uploads\/2025\/07\/prague-invisible-exhibition-02-380x253.jpg 380w, https:\/\/prague.org\/wp-content\/uploads\/2025\/07\/prague-invisible-exhibition-02-800x533.jpg 800w, https:\/\/prague.org\/wp-content\/uploads\/2025\/07\/prague-invisible-exhibition-02-600x400.jpg 600w, https:\/\/prague.org\/wp-content\/uploads\/2025\/07\/prague-invisible-exhibition-02.jpg 900w\" sizes=\"(max-width: 843px) 100vw, 843px\" \/><figcaption id=\"caption-attachment-14375\" class=\"wp-caption-text\">N\u00e4kym\u00e4t\u00f6n-n\u00e4yttelyn tavoitteena on edist\u00e4\u00e4 empatiaa, tietoisuutta ja sosiaalista osallisuutta | L\u00e4hde Neviditelna<\/figcaption><\/figure>\n<h2 id=\"talking-clocks-and-braille-typewriters-the-visible-zone\"><span style=\"font-weight: 400;\">Puhuvat kellot ja pistekirjoituskoneet - n\u00e4kyv\u00e4 alue<\/span><\/h2>\n<p><span style=\"font-weight: 400;\">Kierroksen pime\u00e4n osuuden j\u00e4lkeen p\u00e4\u00e4set n\u00e4kyv\u00e4lle alueelle, joka on hyvin valaistu, interaktiivinen huone, jossa esitell\u00e4\u00e4n innovatiivisia v\u00e4lineit\u00e4 ja teknologioita, joita sokeat ja n\u00e4k\u00f6vammaiset k\u00e4ytt\u00e4v\u00e4t jokap\u00e4iv\u00e4isess\u00e4 el\u00e4m\u00e4ss\u00e4\u00e4n. Vaikka kierroksen ensimm\u00e4inen osa <\/span><b>N\u00e4kym\u00e4t\u00f6n n\u00e4yttely Prahassa<\/b><span style=\"font-weight: 400;\"> rohkaisee sinua tunnustelemaan tiet\u00e4si tuntemattoman l\u00e4pi, ja toisessa osassa keskityt\u00e4\u00e4n oppimaan ja arvostamaan sit\u00e4, miten sokeat kulkevat maailmassa itsen\u00e4isesti ja kekseli\u00e4\u00e4sti.<\/span><\/p>\n<p><span style=\"font-weight: 400;\">T\u00e4m\u00e4 alue edist\u00e4\u00e4 k\u00e4yt\u00e4nn\u00f6n tutkimista. Sinua kannustetaan olemaan vuorovaikutuksessa, testaamaan ja leikkim\u00e4\u00e4n erilaisilla laitteilla, jotka parantavat esteett\u00f6myytt\u00e4 ja itsen\u00e4isyytt\u00e4. Se ei ole pelk\u00e4st\u00e4\u00e4n informatiivinen, vaan se on my\u00f6s eritt\u00e4in mukaansatempaava sek\u00e4 nuorille ett\u00e4 aikuisille.<\/span><\/p>\n<p><span style=\"font-weight: 400;\">T\u00e4\u00e4lt\u00e4 l\u00f6yd\u00e4t:<\/span><\/p>\n<ul>\n<li style=\"font-weight: 400;\" aria-level=\"1\"><span style=\"font-weight: 400;\">Pistekirjoituskoneet ja opetusv\u00e4lineet<\/span><\/li>\n<li style=\"font-weight: 400;\" aria-level=\"1\"><span style=\"font-weight: 400;\">Tuntopelit ja palapelit, joita voi pelata ilman n\u00e4k\u00f6\u00e4.<\/span><\/li>\n<li style=\"font-weight: 400;\" aria-level=\"1\"><span style=\"font-weight: 400;\">Puhuvat vaa'at, kellot ja keitti\u00f6v\u00e4lineet tekev\u00e4t p\u00e4ivitt\u00e4isist\u00e4 toiminnoista helpompia.<\/span><\/li>\n<li style=\"font-weight: 400;\" aria-level=\"1\"><span style=\"font-weight: 400;\">Erityisesti n\u00e4k\u00f6vammaisille suunnitellut lautapelit<\/span><\/li>\n<\/ul>\n<p><span style=\"font-weight: 400;\">Vierailijat viett\u00e4v\u00e4t t\u00e4\u00e4ll\u00e4 usein lis\u00e4aikaa, kyselev\u00e4t kysymyksi\u00e4 ja testaavat ty\u00f6kaluja. T\u00e4m\u00e4 on t\u00e4rke\u00e4 muistutus siit\u00e4, ett\u00e4 vammaisuus ei tarkoita kyvytt\u00f6myytt\u00e4, vaan pikemminkin erilaista tapaa toteuttaa asioita. Monet ihmiset l\u00e4htev\u00e4t t\u00e4\u00e4lt\u00e4 arvostavat suuresti sokeiden kekseli\u00e4isyytt\u00e4, sitkeytt\u00e4 ja ongelmanratkaisutaitoja.<\/span><\/p>\n<p>&nbsp;<\/p>\n<h2 id=\"how-to-visit-the-invisible-exhibition-in-prague\"><span style=\"font-weight: 400;\">Miten vierailla Prahan n\u00e4kym\u00e4tt\u00f6m\u00e4ss\u00e4 n\u00e4yttelyss\u00e4?\u00a0<\/span><\/h2>\n<p><span style=\"font-weight: 400;\">Vierailun suunnittelu<\/span><b> N\u00e4kym\u00e4t\u00f6n n\u00e4yttely Prahassa<\/b><span style=\"font-weight: 400;\"> on yksinkertainen ja joustava, joten se on erinomainen lis\u00e4 Prahan matkasuunnitelmaan - matkustitpa sitten yksin, perheen kanssa tai ryhm\u00e4ss\u00e4. N\u00e4yttely sopii kaikenik\u00e4isille (7+), ja kierroksia on saatavilla useilla eri kielill\u00e4. Seuraavassa kerrotaan, mit\u00e4 sinun on tiedett\u00e4v\u00e4, jotta saat vierailustasi kaiken irti:<\/span><\/p>\n<h3 id=\"location\"><span style=\"font-weight: 400;\">Sijainti<\/span><\/h3>\n<p><b>Osoite<\/b><span style=\"font-weight: 400;\">: Novom\u011bstsk\u00e1 radnice (Uusi kaupungintalo), Karlo n\u00e1m\u011bst\u00ed 1\/23, 2nd Floor, Praha 2.<\/span><\/p>\n<p><span style=\"font-weight: 400;\">Tapahtumapaikka sijaitsee k\u00e4tev\u00e4sti Prahan keskustassa, ja sinne p\u00e4\u00e4see helposti seuraavilla kulkuneuvoilla. <\/span><a href=\"https:\/\/prague.org\/fi\/opas-julkisen-liikenteen-kaytosta-prahassa\/\"><span style=\"font-weight: 400;\">julkinen liikenne<\/span><\/a><span style=\"font-weight: 400;\">. P\u00e4\u00e4set Karlovo n\u00e1m\u011bst\u00edyn k\u00e4ytt\u00e4m\u00e4ll\u00e4 metrolinjaa B, raitiovaunua tai k\u00e4velem\u00e4ll\u00e4 kaupungin keskustasta.<\/span><\/p>\n<h3 id=\"tour-schedule\"><span style=\"font-weight: 400;\">Kiertueen aikataulu<\/span><\/h3>\n<p><span style=\"font-weight: 400;\">Kierrokset alkavat 15 minuutin v\u00e4lein koko p\u00e4iv\u00e4n ajan, joten voit yleens\u00e4 l\u00f6yt\u00e4\u00e4 itsellesi sopivan ajan. Etuk\u00e4teisvaraus on kuitenkin eritt\u00e4in suositeltavaa, erityisesti vieraskielisten kierrosten tai ryhm\u00e4varausten osalta, sill\u00e4 tilaa on rajoitetusti ja kierrokset myyd\u00e4\u00e4n usein loppuun.<\/span><\/p>\n<h3 id=\"ticket-price\"><span style=\"font-weight: 400;\">Lipun hinta<\/span><\/h3>\n<ul>\n<li style=\"font-weight: 400;\" aria-level=\"1\"><span style=\"font-weight: 400;\">Aikuiset: CZK.<\/span><\/li>\n<li style=\"font-weight: 400;\" aria-level=\"1\"><span style=\"font-weight: 400;\">Opiskelija \/ seniori: 250 CZK<\/span><\/li>\n<li style=\"font-weight: 400;\" aria-level=\"1\"><span style=\"font-weight: 400;\">Perhelippu (2 aikuista + 2 lasta) maksaa 850 CZK.<\/span><\/li>\n<li style=\"font-weight: 400;\" aria-level=\"1\"><span style=\"font-weight: 400;\">V\u00e4hint\u00e4\u00e4n kymmenen hengen ryhm\u00e4t: CZK per henkil\u00f6<\/span><\/li>\n<li style=\"font-weight: 400;\" aria-level=\"1\"><span style=\"font-weight: 400;\">Alle 7-vuotiaat lapset ilmaiseksi.<\/span><\/li>\n<li style=\"font-weight: 400;\" aria-level=\"1\"><span style=\"font-weight: 400;\">Vieraskielinen matka maksaa +50 CZK\/henkil\u00f6.<\/span><\/li>\n<\/ul>\n<h3 id=\"payment-options\"><span style=\"font-weight: 400;\">Maksuvaihtoehdot<\/span><\/h3>\n<ul>\n<li style=\"font-weight: 400;\" aria-level=\"1\"><span style=\"font-weight: 400;\">K\u00e4teinen<\/span><\/li>\n<li style=\"font-weight: 400;\" aria-level=\"1\"><span style=\"font-weight: 400;\">Pankki-\/luottokortti (American Expressi\u00e4 lukuun ottamatta)<\/span><\/li>\n<li style=\"font-weight: 400;\" aria-level=\"1\"><span style=\"font-weight: 400;\">Valitut kulttuurisetelit.<\/span><\/li>\n<\/ul>\n<div class=\"mceTemp\"><\/div>\n<h2 id=\"other-unique-experiences-to-explore-in-prague\"><span style=\"font-weight: 400;\">Muita ainutlaatuisia kokemuksia Prahassa<\/span><\/h2>\n<p><span style=\"font-weight: 400;\">Jos haluat jatkaa seikkailua ymp\u00e4ri kaupunkia sen j\u00e4lkeen kun <\/span><b>Prahan n\u00e4kym\u00e4t\u00f6n n\u00e4yttely, <\/b><span style=\"font-weight: 400;\">\u00a0mukaansatempaavia, kulttuurisia ja silmi\u00e4 avaavia aktiviteetteja, kaupungissa on paljon enemm\u00e4n vaihtoehtoja.<\/span><\/p>\n<p><span style=\"font-weight: 400;\">Miksi et l\u00e4htisi katutaidekierrokselle tai sukeltaisi T\u0161ekin historiaan maanalaisessa bunkkerissa? Jos haluat jotain uutta, kokeile paikallista oluenmaistelua tai testaa tiimity\u00f6skentely\u00e4si Prahan pakohuoneessa. Haluatko mieluummin jotain maisemallista? Veneily Vltava-jokea pitkin tai vierailu Kafka-museossa ovat my\u00f6s unohtumattomia tapoja tutustua kaupungin luovaan sieluun.\u00a0<\/span><\/p>\n<p>Laajenna kokemuksesi laajemmalle kuin <strong>Prahan n\u00e4kym\u00e4t\u00f6n n\u00e4yttely<\/strong> n\u00e4ill\u00e4 unohtumattomilla aktiviteeteilla:<\/p>\n<h3 id=\"evening-river-cruise-in-prague-with-views-of-city-landmarks\">Iltainen jokiristeily Prahassa ja n\u00e4kym\u00e4t kaupungin maamerkkeihin<\/h3>\n<p>Purjehdi Vltava-jokea pitkin auringonlaskun aikaan ja n\u00e4e Prahan linna, Kaarlensilta ja paljon muuta. Nauti panoraaman\u00e4kymist\u00e4 ja monikielisest\u00e4 \u00e4\u00e4nikommentista.<\/p>\n<div data-gyg-href=\"https:\/\/widget.getyourguide.com\/default\/activities.frame\" data-gyg-locale-code=\"en-US\" data-gyg-widget=\"activities\" data-gyg-number-of-items=\"1\" data-gyg-partner-id=\"U94OQGQ\" data-gyg-tour-ids=\"357390\">Powered by <a href=\"https:\/\/www.getyourguide.com\/prague-l10\/\" target=\"_blank\" rel=\"noopener sponsored nofollow\">GetYourGuide<\/a><\/div>\n<h3 id=\"david-lynch-up-in-flames-art-film-music-exhibition-in-prague\">David Lynch: Up in Flames - Taide-, elokuva- ja musiikkin\u00e4yttely Prahassa<\/h3>\n<p>Tutustu David Lynchin surrealistiseen maailmaan piirustusten, elokuvien ja valokuvien avulla. Ainutlaatuinen n\u00e4yttely, jossa on teoksia 1960-luvulta t\u00e4h\u00e4n p\u00e4iv\u00e4\u00e4n, sek\u00e4 elokuva- ja musiikkitapahtumia.<\/p>\n<div data-gyg-href=\"https:\/\/widget.getyourguide.com\/default\/activities.frame\" data-gyg-locale-code=\"en-US\" data-gyg-widget=\"activities\" data-gyg-number-of-items=\"1\" data-gyg-partner-id=\"U94OQGQ\" data-gyg-tour-ids=\"1041452\">Powered by <a href=\"https:\/\/www.getyourguide.com\/prague-l10\/\" target=\"_blank\" rel=\"noopener sponsored nofollow\">GetYourGuide<\/a><\/div>\n<h3 id=\"experience-tchaikovskys-swan-lake-at-pragues\">Koe T\u0161aikovskin Joutsenlampi Prahan teatterissa.<\/h3>\n<p>Astu Prahassa Joutsenlammen satumaailmaan ja n\u00e4e huippusolistien esitt\u00e4v\u00e4n T\u0161aikovskin mestariteoksen taianomaisessa klassisen baletin illassa.<\/p>\n<div data-gyg-href=\"https:\/\/widget.getyourguide.com\/default\/activities.frame\" data-gyg-locale-code=\"en-US\" data-gyg-widget=\"activities\" data-gyg-number-of-items=\"1\" data-gyg-partner-id=\"U94OQGQ\" data-gyg-tour-ids=\"45285\">Powered by <a href=\"https:\/\/www.getyourguide.com\/prague-l10\/\" target=\"_blank\" rel=\"noopener sponsored nofollow\">GetYourGuide<\/a><\/div>\n<p>&nbsp;<\/p>\n<p>Kuvien l\u00e4hde: <a href=\"https:\/\/neviditelna.cz\/en\" target=\"_blank\" rel=\"nofollow noopener\">Neviditelna<\/a><\/p>\n<div data-gyg-href=\"https:\/\/widget.getyourguide.com\/default\/city.frame\" data-gyg-location-id=\"10\" data-gyg-locale-code=\"en-US\" data-gyg-widget=\"city\" data-gyg-partner-id=\"U94OQGQ\"><\/div>","protected":false},"excerpt":{"rendered":"Prahan n\u00e4kym\u00e4tt\u00f6m\u00e4ss\u00e4 n\u00e4yttelyss\u00e4 n\u00e4kysi haihtuu ja esiin nousee jotain huomattavasti voimakkaampaa. Kuvittele, ett\u00e4 kaikki...","protected":false},"author":21,"featured_media":14376,"comment_status":"closed","ping_status":"closed","sticky":false,"template":"","format":"standard","meta":{"footnotes":""},"categories":[204,19,1],"tags":[66],"table_tags":[],"_links":{"self":[{"href":"https:\/\/prague.org\/fi\/wp-json\/wp\/v2\/posts\/14374"}],"collection":[{"href":"https:\/\/prague.org\/fi\/wp-json\/wp\/v2\/posts"}],"about":[{"href":"https:\/\/prague.org\/fi\/wp-json\/wp\/v2\/types\/post"}],"author":[{"embeddable":true,"href":"https:\/\/prague.org\/fi\/wp-json\/wp\/v2\/users\/21"}],"replies":[{"embeddable":true,"href":"https:\/\/prague.org\/fi\/wp-json\/wp\/v2\/comments?post=14374"}],"version-history":[{"count":9,"href":"https:\/\/prague.org\/fi\/wp-json\/wp\/v2\/posts\/14374\/revisions"}],"predecessor-version":[{"id":14388,"href":"https:\/\/prague.org\/fi\/wp-json\/wp\/v2\/posts\/14374\/revisions\/14388"}],"wp:featuredmedia":[{"embeddable":true,"href":"https:\/\/prague.org\/fi\/wp-json\/wp\/v2\/media\/14376"}],"wp:attachment":[{"href":"https:\/\/prague.org\/fi\/wp-json\/wp\/v2\/media?parent=14374"}],"wp:term":[{"taxonomy":"category","embeddable":true,"href":"https:\/\/prague.org\/fi\/wp-json\/wp\/v2\/categories?post=14374"},{"taxonomy":"post_tag","embeddable":true,"href":"https:\/\/prague.org\/fi\/wp-json\/wp\/v2\/tags?post=14374"},{"taxonomy":"table_tags","embeddable":true,"href":"https:\/\/prague.org\/fi\/wp-json\/wp\/v2\/table_tags?post=14374"}],"curies":[{"name":"wp","href":"https:\/\/api.w.org\/{rel}","templated":true}]}}