{"id":14395,"date":"2025-08-21T21:31:04","date_gmt":"2025-08-21T19:31:04","guid":{"rendered":"https:\/\/prague.org\/?p=14395"},"modified":"2025-08-28T21:33:30","modified_gmt":"2025-08-28T19:33:30","slug":"explore-nostice-palace-ministry-of-culture-open-day-2025","status":"publish","type":"post","link":"https:\/\/prague.org\/fi\/tutustu-nosticen-palatsiin-kulttuuriministerion-avointen-ovien-paiva-2025\/","title":{"rendered":"Tutustu Nosticen palatsiin: Nostostice: Kulttuuriministeri\u00f6n avoimien ovien p\u00e4iv\u00e4 2025"},"content":{"rendered":"<p><span style=\"font-weight: 400;\">Syyskuun 28. p\u00e4iv\u00e4n\u00e4 2025 majesteettinen <\/span><b>Nosticen palatsi<\/b><span style=\"font-weight: 400;\"> is\u00e4nn\u00f6i T\u0161ekin tasavallan kulttuuriministeri\u00f6n vuosittaista kulttuuritapahtumaa <\/span><b>Avoimien ovien p\u00e4iv\u00e4 Nosticen palatsi<\/b><span style=\"font-weight: 400;\"> 2025 tapahtuma. T\u00e4m\u00e4 harvinainen tapahtuma mahdollistaa yleis\u00f6n p\u00e4\u00e4syn yhteen Prahan upeimmista barokkiaikaisista maamerkeist\u00e4 ja tutustumisen alueisiin, jotka ovat tavallisesti vierailijoilta suljettuja. Osoitteessa <\/span><b>Nosticen palatsin kierros <\/b><span style=\"font-weight: 400;\">sis\u00e4lt\u00e4\u00e4 vierailuja edustussaleihin, ministerin toimistoon ja taidegallerioihin. Olitpa sitten historian yst\u00e4v\u00e4, arkkitehtuurin harrastaja tai yksinkertaisesti utelias, on <\/span><b>Nosticen palatsin avointen ovien p\u00e4iv\u00e4<\/b><span style=\"font-weight: 400;\"> tarjoaa harvinaisen kurkistuksen palatsin rikkaaseen kulttuurimenneisyyteen.<\/span><\/p>\n<h2 id=\"nostice-palace-a-baroque-jewel-in-the-heart-of-prague\"><span style=\"font-weight: 400;\">Nosticen palatsi - barokkihelmi Prahan syd\u00e4mess\u00e4<\/span><\/h2>\n<p><span style=\"font-weight: 400;\">Jalo Nosticin perhe rakensi <\/span><b>Nosticen palatsi <\/b><span style=\"font-weight: 400;\">1600-luvun lopulla, ja se on barokkisuunnittelun mestariteos. Sen ylellisesti maalatut julkisivut, valtavat portaat ja stukkosein\u00e4t kuvastavat ajan ylellist\u00e4 el\u00e4m\u00e4ntyyli\u00e4.<\/span><\/p>\n<p><span style=\"font-weight: 400;\">Se on aikojen saatossa is\u00e4nn\u00f6inyt aristokraatteja ja diplomaatteja, ja t\u00e4ll\u00e4 hetkell\u00e4 se on virallisena kotipaikkana <\/span><b>T\u0161ekin tasavallan kulttuuriministeri\u00f6<\/b><span style=\"font-weight: 400;\">. Palatsi on nimetty kulttuurimuistomerkiksi paitsi arkkitehtuurinsa my\u00f6s sen panoksen vuoksi maan poliittiseen ja taiteelliseen el\u00e4m\u00e4\u00e4n.<\/span><\/p>\n<p>&nbsp;<\/p>\n<div data-gyg-href=\"https:\/\/widget.getyourguide.com\/default\/activities.frame\" data-gyg-locale-code=\"en-US\" data-gyg-widget=\"activities\" data-gyg-number-of-items=\"3\" data-gyg-partner-id=\"U94OQGQ\" data-gyg-q=\"prague castle\">Powered by <a href=\"https:\/\/www.getyourguide.com\/prague-castle-l2720\/\" target=\"_blank\" rel=\"sponsored noopener nofollow\">GetYourGuide<\/a><\/div>\n<h2 id=\"what-to-expect-on-the-open-day-2025\"><span style=\"font-weight: 400;\">Mit\u00e4 odottaa avoimien ovien p\u00e4iv\u00e4n\u00e4 2025<\/span><\/h2>\n<p><span style=\"font-weight: 400;\">\ud83d\udcc5<\/span><b>P\u00e4iv\u00e4m\u00e4\u00e4r\u00e4<\/b><span style=\"font-weight: 400;\">: Sunnuntai, 28. syyskuuta 2025,\u00a0\u00a0<\/span><\/p>\n<p><span style=\"font-weight: 400;\">\ud83d\udd58<\/span><b>Aika<\/b><span style=\"font-weight: 400;\">: 09:00-17:00<\/span><\/p>\n<p><span style=\"font-weight: 400;\">\ud83c\udfdb\ufe0f<\/span><b>Tapahtumapaikka:<\/b><span style=\"font-weight: 400;\">\u00a0 Nosticen palatsi<\/span><\/p>\n<p><span style=\"font-weight: 400;\">\ud83c\udf9f\ufe0f<\/span><b> Sis\u00e4\u00e4np\u00e4\u00e4sy:<\/b><span style=\"font-weight: 400;\"> Vapaa<\/span><\/p>\n<p><span style=\"font-weight: 400;\">\ud83d\udeb6 <\/span><b>Kiertue<\/b><span style=\"font-weight: 400;\">: Itseopastettu kierros<\/span><\/p>\n<h3 id=\"spaces-accessible\"><span style=\"font-weight: 400;\">\u00a0Esteett\u00f6m\u00e4t tilat:<\/span><\/h3>\n<ul>\n<li style=\"font-weight: 400;\" aria-level=\"1\"><b>Edustaja Halls<\/b><span style=\"font-weight: 400;\"> - Tutustu diplomaatti- ja kulttuuritoimintaa j\u00e4rjest\u00e4viin saleihin.<\/span><\/li>\n<li style=\"font-weight: 400;\" aria-level=\"1\"><b>Ministerin kanslia<\/b><span style=\"font-weight: 400;\">: A Look into the Workstation of Czech Cultural Leaders.<\/span><\/li>\n<li style=\"font-weight: 400;\" aria-level=\"1\"><b>Taidegalleria<\/b><span style=\"font-weight: 400;\">: Tutustu vanhan mestarin maalauksiin ja muihin ministeri\u00f6n kokoelman esineisiin.<\/span><\/li>\n<li style=\"font-weight: 400;\" aria-level=\"1\"><b>Palace Chape<\/b><span style=\"font-weight: 400;\">l - Tutustu uskonnollisiin barokkikoristeisiin ja kurkista viereiseen kirjastoon, joka on yleens\u00e4 suljettu yleis\u00f6lt\u00e4.<\/span><span style=\"font-weight: 400;\"><br \/>\n<\/span><\/li>\n<\/ul>\n<p>&nbsp;<\/p>\n<h2 id=\"discover-czech-heritage-inside-a-working-ministry\"><span style=\"font-weight: 400;\">Tutustu T\u0161ekin perint\u00f6\u00f6n toimivan ministeri\u00f6n sis\u00e4ll\u00e4<\/span><\/h2>\n<p><span style=\"font-weight: 400;\">Sen upean barokkijulkisivun taakse, <\/span><b>Nostic Palace Praha<\/b><span style=\"font-weight: 400;\"> edustaa T\u0161ekin tasavallan sitoutumista kulttuuri-identiteettins\u00e4 s\u00e4ilytt\u00e4miseen ja vahvistamiseen. Palatsi rakennettiin 1600-luvulla vaikutusvaltaiselle Nostitzin suvulle, ja nykyisin siin\u00e4 sijaitsee <\/span><a href=\"https:\/\/mk.gov.cz\/\" rel=\"nofollow noopener\"><i><span style=\"font-weight: 400;\">Avoimien ovien p\u00e4iv\u00e4<\/span><\/i><span style=\"font-weight: 400;\"> osoitteessa <\/span><b>Kulttuuriministeri\u00f6, T\u0161ekin tasavalta<\/b><\/a><span style=\"font-weight: 400;\">ja yhdist\u00e4\u00e4 vaivattomasti muinaisen komeuden ja modernin valtion organisaation toiminnan.<\/span><\/p>\n<p><span style=\"font-weight: 400;\">Sis\u00e4lle astuessaan k\u00e4vij\u00e4t kohtaavat muutakin kuin upeita k\u00e4yt\u00e4vi\u00e4 ja freskokattoja; he astuvat el\u00e4v\u00e4\u00e4n ty\u00f6pajaan, jossa kehitet\u00e4\u00e4n p\u00e4ivitt\u00e4in toimintalinjoja, n\u00e4yttelyit\u00e4 ja konservointihankkeita. . <\/span><b>Ilmoituksen palatsin avoimien ovien p\u00e4iv\u00e4<\/b><span style=\"font-weight: 400;\"> rohkaisee yleis\u00f6\u00e4 tutustumaan tiloihin, jotka ovat tavallisesti suljettuja vierailijoilta, ja tarjoaa ainutlaatuisen katsauksen kulissien taakse siihen, miten kulttuuriperint\u00f6\u00e4 s\u00e4ilytet\u00e4\u00e4n ja suojellaan.<\/span><\/p>\n<p><span style=\"font-weight: 400;\">Tapahtuma on osa laajempaa kansallista liikett\u00e4, jonka tavoitteena on tehd\u00e4 kulttuurilaitoksista avoimempia ja vuorovaikutteisempia, jotta k\u00e4vij\u00e4t voivat n\u00e4hd\u00e4 suoraan, miten historia, taide ja hallinto kohtaavat yhdess\u00e4 h\u00e4mm\u00e4stytt\u00e4v\u00e4ss\u00e4 paikassa.<\/span><\/p>\n<p>&nbsp;<\/p>\n<h2 id=\"more-cultural-things-to-do-in-prague\"><span style=\"font-weight: 400;\">Lis\u00e4\u00e4 kulttuurista tekemist\u00e4 Prahassa<\/span><\/h2>\n<p><span style=\"font-weight: 400;\">Tutustuttuaan <\/span><b>Nosticen palatsi<\/b><span style=\"font-weight: 400;\">, sukeltaa syvemm\u00e4lle Prahan kulttuuriymp\u00e4rist\u00f6\u00f6n:<\/span><\/p>\n<h3 id=\"museum-tours\"><span style=\"font-weight: 400;\">Museokierrokset<\/span><\/h3>\n<ul>\n<li style=\"font-weight: 400;\" aria-level=\"1\"><span style=\"font-weight: 400;\">Tutustu Prahan toisen maailmansodan historiaan opastetulla k\u00e4velykierroksella.\u00a0<\/span><\/li>\n<li style=\"font-weight: 400;\" aria-level=\"1\"><span style=\"font-weight: 400;\">Tutustu vanhankaupungin sota-ajan arpiin, vieraile 12. vuosisadan palatsisuojassa, jossa on harvinaisia esineit\u00e4, ja kiertele Pyhien Kyrilloksen ja Metodiuksen katedraalin kryptassa, jossa operaatio Anthropoid toteutettiin.<\/span><\/li>\n<li style=\"font-weight: 400;\" aria-level=\"1\"><span style=\"font-weight: 400;\">Kuule tarinoita rohkeudesta, uhrautumisesta ja vastarinnasta, jotka muovasivat kaupungin taistelua natsimiehityst\u00e4 vastaan.<\/span><\/li>\n<\/ul>\n<div data-gyg-href=\"https:\/\/widget.getyourguide.com\/default\/activities.frame\" data-gyg-locale-code=\"en-US\" data-gyg-widget=\"activities\" data-gyg-number-of-items=\"1\" data-gyg-partner-id=\"U94OQGQ\" data-gyg-tour-ids=\"14170\">Powered by <a href=\"https:\/\/www.getyourguide.com\/prague-l10\/\" target=\"_blank\" rel=\"noopener sponsored nofollow\">GetYourGuide<\/a><\/div>\n<h3 id=\"architectural-walks\"><span style=\"font-weight: 400;\">Arkkitehtuurik\u00e4velyt<\/span><\/h3>\n<ul>\n<li style=\"font-weight: 400;\" aria-level=\"1\"><span style=\"font-weight: 400;\">Aloita turvallisuuslomakkeella ja koeajolla.\u00a0<\/span><\/li>\n<li style=\"font-weight: 400;\" aria-level=\"1\"><span style=\"font-weight: 400;\">Opettele Triken ohjaus oppaaltasi. Kaksi henkil\u00f6\u00e4 jakaa yhden Triken.\u00a0<\/span><\/li>\n<li style=\"font-weight: 400;\" aria-level=\"1\"><span style=\"font-weight: 400;\">Aja kaupungin keskustasta ohi maamerkkien, n\u00e4k\u00f6alapaikkojen ja n\u00e4ht\u00e4vyyksien.\u00a0<\/span><\/li>\n<li style=\"font-weight: 400;\" aria-level=\"1\"><span style=\"font-weight: 400;\">Kuule faktoja kustakin paikasta. Pys\u00e4hdy valokuviin matkan varrella.<\/span><\/li>\n<\/ul>\n<div data-gyg-href=\"https:\/\/widget.getyourguide.com\/default\/activities.frame\" data-gyg-locale-code=\"en-US\" data-gyg-widget=\"activities\" data-gyg-number-of-items=\"1\" data-gyg-partner-id=\"U94OQGQ\" data-gyg-tour-ids=\"518999\">Powered by <a href=\"https:\/\/www.getyourguide.com\/prague-l10\/\" target=\"_blank\" rel=\"noopener sponsored nofollow\">GetYourGuide<\/a><\/div>\n<h3 id=\"art-exhibitions\"><span style=\"font-weight: 400;\">Taiden\u00e4yttelyt<\/span><\/h3>\n<ul>\n<li style=\"font-weight: 400;\" aria-level=\"1\"><span style=\"font-weight: 400;\">Vieraile Prahan fantastisten illuusioiden museossa, jossa on yli 150 interaktiivista n\u00e4yttelyesinett\u00e4.\u00a0<\/span><\/li>\n<li style=\"font-weight: 400;\" aria-level=\"1\"><span style=\"font-weight: 400;\">Nauti temppumaalauksista, optisista illuusioista ja mielen h\u00e4mment\u00e4vist\u00e4 installaatioista, jotka haastavat havaintokyvyn.\u00a0<\/span><\/li>\n<li style=\"font-weight: 400;\" aria-level=\"1\"><span style=\"font-weight: 400;\">Poseeraa King Kongin, Einsteinin tai surrealististen kohtausten kanssa hulvattomia kuvia ja videoita varten.\u00a0<\/span><\/li>\n<li style=\"font-weight: 400;\" aria-level=\"1\"><span style=\"font-weight: 400;\">Kokemus sopii kaikenik\u00e4isille, ja se p\u00e4\u00e4ttyy suloisesti l\u00e4heiseen historialliseen My\u0161\u00e1kin kahvilaan ja konditoriaan vuodelta 1922.<\/span><\/li>\n<\/ul>\n<div data-gyg-href=\"https:\/\/widget.getyourguide.com\/default\/activities.frame\" data-gyg-locale-code=\"en-US\" data-gyg-widget=\"activities\" data-gyg-number-of-items=\"1\" data-gyg-partner-id=\"U94OQGQ\" data-gyg-tour-ids=\"485609\">Powered by <a href=\"https:\/\/www.getyourguide.com\/prague-l10\/\" target=\"_blank\" rel=\"noopener sponsored nofollow\">GetYourGuide<\/a><\/div>\n<h3 id=\"classical-music-concerts\"><span style=\"font-weight: 400;\">Klassisen musiikin konsertit.<\/span><\/h3>\n<ul>\n<li style=\"font-weight: 400;\" aria-level=\"1\"><span style=\"font-weight: 400;\">Nauti tunnin verran klassisesta musiikista Prahan barokkikirkon peilikappelissa T\u0161ekin kuninkaallisen orkesterin, sopraano Eva M\u00fcllerov\u00e1n ja arvostettujen solistien kanssa.\u00a0<\/span><\/li>\n<li style=\"font-weight: 400;\" aria-level=\"1\"><span style=\"font-weight: 400;\">Ohjelmissa kuullaan muun muassa Mozartin, Vivaldin, Beethovenin ja Smetanan teoksia.\u00a0<\/span><\/li>\n<li style=\"font-weight: 400;\" aria-level=\"1\"><span style=\"font-weight: 400;\">Valitse kello 18 tai 20.00 konsertti, joista kumpikin tarjoaa ainutlaatuisen valikoiman mestariteoksia, joita esitt\u00e4v\u00e4t arvostetut urkurit, pianistit ja viulistit inspiroivassa historiallisessa ymp\u00e4rist\u00f6ss\u00e4.<\/span><\/li>\n<\/ul>\n<div data-gyg-href=\"https:\/\/widget.getyourguide.com\/default\/activities.frame\" data-gyg-locale-code=\"en-US\" data-gyg-widget=\"activities\" data-gyg-number-of-items=\"1\" data-gyg-partner-id=\"U94OQGQ\" data-gyg-tour-ids=\"498025\">Powered by <a href=\"https:\/\/www.getyourguide.com\/prague-l10\/\" target=\"_blank\" rel=\"noopener sponsored nofollow\">GetYourGuide<\/a><\/div>\n<h3 id=\"hidden-palace-tours\"><span style=\"font-weight: 400;\">K\u00e4tketyt palatsikierrokset\u00a0<\/span><\/h3>\n<ul>\n<li style=\"font-weight: 400;\" aria-level=\"1\"><span style=\"font-weight: 400;\">Tutustu Prahan linnaan paikallisen oppaan johdolla ja j\u00e4t\u00e4 sen valtavilla alueilla liikkuminen v\u00e4liin.\u00a0<\/span><\/li>\n<li style=\"font-weight: 400;\" aria-level=\"1\"><span style=\"font-weight: 400;\">Vieraile Pyh\u00e4n Vituksen katedraalissa, vanhassa kuninkaallisessa palatsissa, Pyh\u00e4n Yrj\u00f6n basilikassa ja Kultaisella kujalla.<\/span><\/li>\n<li style=\"font-weight: 400;\" aria-level=\"1\"><span style=\"font-weight: 400;\">Ihaile goottilaisia, barokkia ja romaanisia aarteita, historiallisia mosaiikkeja ja kuninkaallisia hautakammioita.<\/span><\/li>\n<li style=\"font-weight: 400;\" aria-level=\"1\"><span style=\"font-weight: 400;\">Kuuntele kiehtovia tarinoita defenestiosta Kafkan kaltaisiin taiteilijoihin t\u00e4ll\u00e4 mukaansatempaavalla satumatkalla.<\/span><\/li>\n<\/ul>\n<div data-gyg-href=\"https:\/\/widget.getyourguide.com\/default\/activities.frame\" data-gyg-locale-code=\"en-US\" data-gyg-widget=\"activities\" data-gyg-number-of-items=\"1\" data-gyg-partner-id=\"U94OQGQ\" data-gyg-tour-ids=\"219531\">Powered by <a href=\"https:\/\/www.getyourguide.com\/prague-l10\/\" target=\"_blank\" rel=\"sponsored noopener nofollow\">GetYourGuide<\/a><\/div>\n<p><span style=\"font-weight: 400;\"> \u00c4l\u00e4 missaa t\u00e4t\u00e4 harvinaista tilaisuutta astua sis\u00e4\u00e4n yhteen Prahan tyylikk\u00e4immist\u00e4 rakennuksista. The <\/span><b>Nosticen palatsi<\/b><span style=\"font-weight: 400;\"> avaa ovensa vain kerran vuodessa - tartu tilaisuuteen ja tutustu t\u0161ekkil\u00e4iseen kulttuuriin l\u00e4helt\u00e4.<\/span><\/p>\n<p>&nbsp;<\/p>\n<p>Kuvien l\u00e4hde: <a href=\"https:\/\/www.freepik.com\/\" target=\"_blank\" rel=\"nofollow noopener\">Freepik<\/a><\/p>\n<div data-gyg-href=\"https:\/\/widget.getyourguide.com\/default\/city.frame\" data-gyg-location-id=\"10\" data-gyg-locale-code=\"en-US\" data-gyg-widget=\"city\" data-gyg-partner-id=\"U94OQGQ\"><\/div>","protected":false},"excerpt":{"rendered":"28. syyskuuta 2025 majesteettinen Nosticen palatsi is\u00e4nn\u00f6i T\u0161ekin tasavallan kulttuuriministeri\u00f6n vuosittaista Open...","protected":false},"author":21,"featured_media":14420,"comment_status":"closed","ping_status":"closed","sticky":false,"template":"","format":"standard","meta":{"footnotes":""},"categories":[204,19,1],"tags":[66],"table_tags":[],"_links":{"self":[{"href":"https:\/\/prague.org\/fi\/wp-json\/wp\/v2\/posts\/14395"}],"collection":[{"href":"https:\/\/prague.org\/fi\/wp-json\/wp\/v2\/posts"}],"about":[{"href":"https:\/\/prague.org\/fi\/wp-json\/wp\/v2\/types\/post"}],"author":[{"embeddable":true,"href":"https:\/\/prague.org\/fi\/wp-json\/wp\/v2\/users\/21"}],"replies":[{"embeddable":true,"href":"https:\/\/prague.org\/fi\/wp-json\/wp\/v2\/comments?post=14395"}],"version-history":[{"count":6,"href":"https:\/\/prague.org\/fi\/wp-json\/wp\/v2\/posts\/14395\/revisions"}],"predecessor-version":[{"id":14423,"href":"https:\/\/prague.org\/fi\/wp-json\/wp\/v2\/posts\/14395\/revisions\/14423"}],"wp:featuredmedia":[{"embeddable":true,"href":"https:\/\/prague.org\/fi\/wp-json\/wp\/v2\/media\/14420"}],"wp:attachment":[{"href":"https:\/\/prague.org\/fi\/wp-json\/wp\/v2\/media?parent=14395"}],"wp:term":[{"taxonomy":"category","embeddable":true,"href":"https:\/\/prague.org\/fi\/wp-json\/wp\/v2\/categories?post=14395"},{"taxonomy":"post_tag","embeddable":true,"href":"https:\/\/prague.org\/fi\/wp-json\/wp\/v2\/tags?post=14395"},{"taxonomy":"table_tags","embeddable":true,"href":"https:\/\/prague.org\/fi\/wp-json\/wp\/v2\/table_tags?post=14395"}],"curies":[{"name":"wp","href":"https:\/\/api.w.org\/{rel}","templated":true}]}}