{"id":8255,"date":"2023-02-10T08:10:21","date_gmt":"2023-02-10T06:10:21","guid":{"rendered":"https:\/\/prague.org\/?p=8255"},"modified":"2023-08-03T15:37:05","modified_gmt":"2023-08-03T13:37:05","slug":"healthy-longevity-cafe-interview","status":"publish","type":"post","link":"https:\/\/prague.org\/fi\/healthy-longevity-cafe-haastattelu\/","title":{"rendered":"Healthy Longevity Caf\u00e9: Innovatiivinen hyvinvointipaikka"},"content":{"rendered":"<p>Voimme kaikki my\u00f6nt\u00e4\u00e4, ett\u00e4 hyvin suunniteltu ruokavalio voi menn\u00e4 pieleen, kun edess\u00e4 on houkuttelevia ruokavaihtoehtoja, piilokaloreita ja \"vain t\u00e4m\u00e4n kerran\" -mentaliteetti. Mutta ei Healthy Longevity Caf\u00e9ssa!\u00a0<\/p>\n\n\n\n<p>Ei ole mik\u00e4\u00e4n salaisuus, ett\u00e4 ruokavaliomuutosten on osoitettu lis\u00e4\u00e4v\u00e4n elinajanodotetta jopa kymmenell\u00e4 vuodella nuorilla ja kuudella-seitsem\u00e4ll\u00e4 vuodella aikuisilla.&nbsp;<\/p>\n\n\n\n<p>Ja vaikka kahviloista ei ole pulaa... <a href=\"http:\/\/prague.org\/fi\/\">Praha<\/a>, Healthy Longevity Caf\u00e9 on saanut mainetta tavoitteestaan auttaa yhteis\u00f6\u00e4 l\u00f6yt\u00e4m\u00e4\u00e4n koko hyvinvointipotentiaalinsa ja samalla edist\u00e4\u00e4 sit\u00e4 kohti pitk\u00e4kestoisempaa el\u00e4m\u00e4\u00e4, <a href=\"https:\/\/prague.org\/fi\/prahan-parhaat-terveysravintolat\/\">terveempi el\u00e4m\u00e4<\/a>.<br>Painottamalla pitk\u00e4ik\u00e4isyytt\u00e4 ja hyvinvointia jokaisessa ruokalajissa, <a href=\"https:\/\/www.healthylongevity.cafe\/prague-cafe\" rel=\"nofollow noopener\">Healthy Longevity Caf<\/a>\u00e9 tarjoaa sinulle uudenlaisen tavanomaisen kahvilan, smoothie-baarin ja ateriat.<\/p>\n\n\n\n<h2 id=\"enjoy-a-one-of-a-kind-meal-at-the-healthy-longevity-cafe\" class=\"wp-block-heading\">Nauti ainutlaatuinen ateria Healthy Longevity Caf\u00e9 -ravintolassa.<\/h2>\n\n\n\n<figure class=\"wp-block-image size-large\"><img decoding=\"async\" width=\"1024\" height=\"636\" src=\"https:\/\/prague.org\/wp-content\/uploads\/2023\/02\/IMG_9022-kopie-1024x636.jpeg\" alt=\"Healthy Longevity Cafe ruokia\" class=\"wp-image-8257\" srcset=\"https:\/\/prague.org\/wp-content\/uploads\/2023\/02\/IMG_9022-kopie-1024x636.jpeg 1024w, https:\/\/prague.org\/wp-content\/uploads\/2023\/02\/IMG_9022-kopie-scaled-600x373.jpeg 600w, https:\/\/prague.org\/wp-content\/uploads\/2023\/02\/IMG_9022-kopie-300x186.jpeg 300w, https:\/\/prague.org\/wp-content\/uploads\/2023\/02\/IMG_9022-kopie-768x477.jpeg 768w, https:\/\/prague.org\/wp-content\/uploads\/2023\/02\/IMG_9022-kopie-1536x954.jpeg 1536w, https:\/\/prague.org\/wp-content\/uploads\/2023\/02\/IMG_9022-kopie-2048x1272.jpeg 2048w, https:\/\/prague.org\/wp-content\/uploads\/2023\/02\/IMG_9022-kopie-18x12.jpeg 18w, https:\/\/prague.org\/wp-content\/uploads\/2023\/02\/IMG_9022-kopie-380x236.jpeg 380w, https:\/\/prague.org\/wp-content\/uploads\/2023\/02\/IMG_9022-kopie-800x497.jpeg 800w, https:\/\/prague.org\/wp-content\/uploads\/2023\/02\/IMG_9022-kopie-1160x720.jpeg 1160w, https:\/\/prague.org\/wp-content\/uploads\/2023\/02\/IMG_9022-kopie-scaled.jpeg 2560w\" sizes=\"(max-width: 1024px) 100vw, 1024px\" \/><figcaption class=\"wp-element-caption\">Healthy Longevity Caf\u00e9n ruokia<\/figcaption><\/figure>\n\n\n\n<p>Vieraile upeassa uudessa Healthy Longevity Caf\u00e9 -ravintolassa Nov\u00e9 M\u011bstossa, muutaman kilometrin et\u00e4isyydell\u00e4 <a href=\"https:\/\/prague.org\/fi\/wenceslas-aukio-praha\/\">Venceslauksen aukio<\/a>, jotta voisit selvitt\u00e4\u00e4, mist\u00e4 terveellisess\u00e4 el\u00e4m\u00e4ntavassa on kyse.&nbsp;<\/p>\n\n\n\n<p>Sen ainutlaatuinen valikoima korkealaatuisia, herkullisia ja ravitsevia ruokia ja herkullisia juomia on vain nautinnon alku.<\/p>\n\n\n\n<p>T\u00e4m\u00e4 uudenlainen ajatus kiinnitti huomiomme, joten otimme yhteytt\u00e4 yrityksen operatiiviseen johtajaan Zdenek Wimmeriin ja pyysimme h\u00e4nt\u00e4 haastatteluun.<\/p>\n\n\n\n<h2 id=\"interview-healthy-longevity-cafe\" class=\"wp-block-heading\">Haastattelu - Healthy Longevity Caf\u00e9<\/h2>\n\n\n\n<figure class=\"wp-block-image size-large\"><img decoding=\"async\" width=\"1024\" height=\"665\" src=\"https:\/\/prague.org\/wp-content\/uploads\/2023\/02\/JS518951-kopie-1024x665.jpeg\" alt=\"Healthy Longevity Cafe - Terveellisi\u00e4 smoothieita\" class=\"wp-image-8258\" srcset=\"https:\/\/prague.org\/wp-content\/uploads\/2023\/02\/JS518951-kopie-1024x665.jpeg 1024w, https:\/\/prague.org\/wp-content\/uploads\/2023\/02\/JS518951-kopie-scaled-600x390.jpeg 600w, https:\/\/prague.org\/wp-content\/uploads\/2023\/02\/JS518951-kopie-300x195.jpeg 300w, https:\/\/prague.org\/wp-content\/uploads\/2023\/02\/JS518951-kopie-768x499.jpeg 768w, https:\/\/prague.org\/wp-content\/uploads\/2023\/02\/JS518951-kopie-1536x998.jpeg 1536w, https:\/\/prague.org\/wp-content\/uploads\/2023\/02\/JS518951-kopie-2048x1330.jpeg 2048w, https:\/\/prague.org\/wp-content\/uploads\/2023\/02\/JS518951-kopie-18x12.jpeg 18w, https:\/\/prague.org\/wp-content\/uploads\/2023\/02\/JS518951-kopie-380x247.jpeg 380w, https:\/\/prague.org\/wp-content\/uploads\/2023\/02\/JS518951-kopie-800x520.jpeg 800w, https:\/\/prague.org\/wp-content\/uploads\/2023\/02\/JS518951-kopie-1160x753.jpeg 1160w, https:\/\/prague.org\/wp-content\/uploads\/2023\/02\/JS518951-kopie-scaled.jpeg 2560w\" sizes=\"(max-width: 1024px) 100vw, 1024px\" \/><figcaption class=\"wp-element-caption\">Healthy Longevity Caf\u00e9 - Terveellisi\u00e4 smoothieita<\/figcaption><\/figure>\n\n\n\n<h3 id=\"what-inspired-you-to-bring-the-healthy-longevity-cafe-concept-from-the-us-to-prague\" class=\"wp-block-heading\">Mik\u00e4 inspiroi sinua tuomaan Healthy Longevity Caf\u00e9 -konseptin Yhdysvalloista Prahaan?<\/h3>\n\n\n\n<blockquote class=\"wp-block-quote\">\n<p>Perustajamme Petr Sramek on t\u0161ekkil\u00e4inen. H\u00e4n on longevitytech.fund - maailman suurimman (pitk\u00e4ik\u00e4isyysrahaston) perustaja. Meid\u00e4n ekosysteemiss\u00e4mme on useita yrityksi\u00e4 HealthyLongevity.Clinic , HeathyLongevity.Global , HealthyLongevity.Guidel , HealthyLongevity.Data ja HealthyLongevity.Cafe, joten koska Petr on t\u0161ekkil\u00e4inen, meid\u00e4n ainutlaatuinen ensimm\u00e4inen pilottikahvilamme rakennettiin Prahaan, ja luomme hanketta, joka toistetaan Yhdysvalloissa.<\/p>\n<\/blockquote>\n\n\n\n<h3 id=\"what-makes-healthy-longevity-cafe-unique-from-other-restaurants-in-prague\" class=\"wp-block-heading\">Mik\u00e4 tekee Healthy Longevity Cafesta ainutlaatuisen verrattuna muihin Prahan ravintoloihin?<\/h3>\n\n\n\n<blockquote class=\"wp-block-quote\">\n<p>Se on koko konsepti. HL.cafe-konsepti perustuu kolmeen p\u00e4\u00e4periaatteeseen - ihmiskeskeinen suunnittelu, kest\u00e4vyys ja modulaarisuus. <\/p>\n\n\n\n<p>Kahvilassamme on diagnostiikkahuone, jossa on ravitsemusasiantuntijoita, ja sovellus. Meill\u00e4 on my\u00f6s kaunis tila toisessa kerroksessa tapahtumia, podcasteja, suoratoistoa jne. varten, <\/p>\n<\/blockquote>\n\n\n\n<h3 id=\"can-you-explain-the-focus-on-healthy-longevity-promoting-cuisine-for-the-menu\" class=\"wp-block-heading\">Voitteko selitt\u00e4\u00e4, miksi ruokalistalla keskityt\u00e4\u00e4n terveelliseen ja pitk\u00e4ik\u00e4isyytt\u00e4 edist\u00e4v\u00e4\u00e4n ruokaan?<\/h3>\n\n\n\n<blockquote class=\"wp-block-quote\">\n<p>Tavoitteenamme on ennaltaehk\u00e4ist\u00e4 sairauksia ja auttaa ihmisi\u00e4 el\u00e4m\u00e4\u00e4n aktiivisemmin, ja se alkaa ruoasta. Ruokamme on gluteenitonta, ja siin\u00e4 k\u00e4ytet\u00e4\u00e4n mahdollisimman laadukkaita tuotteita ja ainesosia.  Tulevaisuudessa haluaisimme luoda yksil\u00f6llist\u00e4 ruokaa testiemme tulosten perusteella.&nbsp;<\/p>\n<\/blockquote>\n\n\n\n<h3 id=\"how-does-healthy-longevity-cafe-cater-to-the-diverse-needs-and-preferences-of-both-tourists-and-locals-in-prague\" class=\"wp-block-heading\">Miten Healthy Longevity Caf\u00e9 vastaa Prahan matkailijoiden ja paikallisten erilaisiin tarpeisiin ja mieltymyksiin?<\/h3>\n\n\n\n<blockquote class=\"wp-block-quote\">\n<p>Kaikki ruokalistamme ovat t\u0161ekin- ja englanninkielisi\u00e4, ja henkil\u00f6kuntamme puhuu eri kieli\u00e4, joten kaikki ovat tervetulleita! Monet ihmiset etsiv\u00e4t gluteenitonta ruokaa, jota me tarjoamme. Terveellisest\u00e4 sy\u00f6misest\u00e4 on tulossa uusi trendi, eik\u00e4 alueellamme ole paljon vaihtoehtoja.<\/p>\n<\/blockquote>\n\n\n\n<h3 id=\"can-you-share-any-feedback-or-customer-reactions-you-have-received-since-opening-healthy-longevity-cafe-in-prague\" class=\"wp-block-heading\">Voitteko kertoa palautetta tai asiakkaiden reaktioita, joita olette saaneet sen j\u00e4lkeen, kun avasitte Healthy Longevity Caf\u00e9n Prahassa?<\/h3>\n\n\n\n<blockquote class=\"wp-block-quote\">\n<p><em>\"T\u00e4m\u00e4 kahvila ja konsepti on loistava ja mielest\u00e4ni tulevaisuus. Ruoka, henkil\u00f6kunta, rakennus ja ilmapiiri ovat ihania. Suosittelen l\u00e4mpim\u00e4sti vierailua. Sanoisin, ett\u00e4 t\u00e4llainen kahvila on pian useimmissa suurimmissa kaupungeissa hyvin pian.\"<\/em><\/p>\n<\/blockquote>\n\n\n\n<h3 id=\"can-you-share-any-plans-for-future-expansion-or-new-initiatives-for-healthy-longevity-cafe-in-prague\" class=\"wp-block-heading\">Voitteko kertoa, onko Healthy Longevity Caf\u00e9n tulevia laajentumissuunnitelmia tai uusia aloitteita Prahassa?<\/h3>\n\n\n\n<blockquote class=\"wp-block-quote\">\n<p>Ty\u00f6skentelemme edelleen sovelluksemme parissa, josta tulee loistava opas terveellisemp\u00e4\u00e4n el\u00e4m\u00e4ntapaan, kehit\u00e4mme terveellisi\u00e4 ohjelmia, tilauksia, diagnostisia testej\u00e4 jne. Aiomme tehd\u00e4 koulutusty\u00f6pajoja, podcasteja ja niin edelleen.<\/p>\n<\/blockquote>\n\n\n\n<h3 id=\"what-is-the-most-popular-dish-on-the-menu\" class=\"wp-block-heading\">Mik\u00e4 on ruokalistan suosituin ruokalaji?<\/h3>\n\n\n\n<blockquote class=\"wp-block-quote\">\n<p>Se on itse asiassa juoma, ja se on tehostekahvimme, ruoka vaihtuu joka vuodenaika.<\/p>\n<\/blockquote>\n\n\n\n<h3 id=\"can-you-describe-the-atmosphere-of-the-cafe-and-what-customers-can-expect-when-they-visit\" class=\"wp-block-heading\">Voitko kuvailla kahvilan tunnelmaa ja sit\u00e4, mit\u00e4 asiakkaat voivat odottaa vieraillessaan?<\/h3>\n\n\n\n<blockquote class=\"wp-block-quote\">\n<p>Tunnelma on hyvin rento, ja siell\u00e4 on paljon kukkia ja rauhoittava tunnelma. Se on loistava paikka ty\u00f6skennell\u00e4 tai rentoutua yst\u00e4vien kanssa, henkil\u00f6kuntamme on eritt\u00e4in hyvin koulutettu ja koulutettu kaikesta tarjoamastamme.<\/p>\n<\/blockquote>\n\n\n\n<h3 id=\"are-there-any-events-or-special-programs-that-customers-can-look-forward-to-at-healthy-longevity-cafe\" class=\"wp-block-heading\">Onko Healthy Longevity Caf\u00e9ssa tapahtumia tai erityisohjelmia, joita asiakkaat voivat odottaa?<\/h3>\n\n\n\n<blockquote class=\"wp-block-quote\">\n<p>Ty\u00f6pajoja Jan Hlavesin (yksi HL.Clinicin l\u00e4\u00e4k\u00e4reist\u00e4) kanssa, tilausohjelmia, jotka k\u00e4ynnistet\u00e4\u00e4n pian, autopy\u00f6r\u00e4 testattavaksi ja k\u00e4ytett\u00e4v\u00e4ksi, uusi ruokalista pian, istumapaikkoja ulkona, monia tapahtumia eri ihmisten ja yritysten kanssa, jotka ovat linjassa hankkeemme kanssa.&nbsp;<\/p>\n<\/blockquote>\n\n\n\n<h3 id=\"how-does-the-cafe-support-the-local-community-and-promote-sustainability\" class=\"wp-block-heading\">Miten kahvila tukee paikallista yhteis\u00f6\u00e4 ja edist\u00e4\u00e4 kest\u00e4v\u00e4\u00e4 kehityst\u00e4?<\/h3>\n\n\n\n<blockquote class=\"wp-block-quote\">\n<p>Kahvilakonseptin p\u00e4\u00e4periaatteena on kest\u00e4v\u00e4 kehitys, ja p\u00f6yt\u00e4mme ja baarimme on valmistettu 100%-muovij\u00e4tteest\u00e4.<\/p>\n<\/blockquote>\n\n\n\n<h2 id=\"be-ready-to-enjoy-a-healthier-meal\" class=\"wp-block-heading\">Ole valmis nauttimaan terveellisemm\u00e4st\u00e4 ateriasta!<\/h2>\n\n\n\n<figure class=\"wp-block-image size-large\"><img decoding=\"async\" width=\"1024\" height=\"848\" src=\"https:\/\/prague.org\/wp-content\/uploads\/2023\/02\/image_0_large-1-1024x848.jpeg\" alt=\"Healthy Longevity Cafe - uusi konsepti\" class=\"wp-image-8260\" srcset=\"https:\/\/prague.org\/wp-content\/uploads\/2023\/02\/image_0_large-1-1024x848.jpeg 1024w, https:\/\/prague.org\/wp-content\/uploads\/2023\/02\/image_0_large-1-600x497.jpeg 600w, https:\/\/prague.org\/wp-content\/uploads\/2023\/02\/image_0_large-1-300x248.jpeg 300w, https:\/\/prague.org\/wp-content\/uploads\/2023\/02\/image_0_large-1-768x636.jpeg 768w, https:\/\/prague.org\/wp-content\/uploads\/2023\/02\/image_0_large-1-14x12.jpeg 14w, https:\/\/prague.org\/wp-content\/uploads\/2023\/02\/image_0_large-1-380x315.jpeg 380w, https:\/\/prague.org\/wp-content\/uploads\/2023\/02\/image_0_large-1-800x662.jpeg 800w, https:\/\/prague.org\/wp-content\/uploads\/2023\/02\/image_0_large-1-1160x960.jpeg 1160w, https:\/\/prague.org\/wp-content\/uploads\/2023\/02\/image_0_large-1.jpeg 1440w\" sizes=\"(max-width: 1024px) 100vw, 1024px\" \/><figcaption class=\"wp-element-caption\">Healthy Longevity Caf\u00e9 - uusi konsepti<\/figcaption><\/figure>\n\n\n\n<p>Ei ole mik\u00e4\u00e4n salaisuus, ett\u00e4 ruokavaliomuutosten on osoitettu lis\u00e4\u00e4v\u00e4n elinajanodotetta jopa kymmenell\u00e4 vuodella nuorilla ja kuudella-seitsem\u00e4ll\u00e4 vuodella aikuisilla, mink\u00e4 vuoksi sinun kannattaa piipahtaa Healthy Longevity Caf\u00e9ssa. T\u00e4ss\u00e4 vieh\u00e4tt\u00e4v\u00e4ss\u00e4 kahvilassa voit todistaa, ett\u00e4 se on muutakin kuin terveystietoisen ruokailun paratiisi; se tarjoaa my\u00f6s hyvinvointiopastusta, superfoodeja, joissa on p\u00e4iv\u00e4n verran ravintoaineita, ja muita herkkuja.<\/p>\n\n\n<div class=\"cnvs-block-absolute-reviews cnvs-block-absolute-reviews-1675843739165 cnvs-block-absolute-reviews-layout-point-5\" >\t\t<div class=\"abr-post-review abr-review-block abr-review-point-5\" =\"reviews\"  =\"http:\/\/schema.org\/Review\">\n\n\t\t\t<div class=\"abr-review-author\" =\"author\"  =\"http:\/\/schema.org\/Person\">\n\t\t\t\t<span =\"name\">\n\t\t\t\t\t\t\t\t\t<\/span>\n\t\t\t<\/div>\n\n\t\t\t<!-- Info -->\n\t\t\t\n\t\t\t<!-- Review Total -->\n\t\t\t<div class=\"abr-review-total\">\n\t\t\t\t\t\t<div class=\"abr-review-data\">\n\t\t\t\n\t\t\t\t\t\t\t<div class=\"abr-review-line\">\n\t\t\t\t\t\t\t\t\t\t\t\t<span class=\"abr-review-slice abr-review-slice-active\"><\/span>\n\t\t\t\t\t\t\t\t\t\t\t\t\t<span class=\"abr-review-slice abr-review-slice-active\"><\/span>\n\t\t\t\t\t\t\t\t\t\t\t\t\t<span class=\"abr-review-slice abr-review-slice-active\"><\/span>\n\t\t\t\t\t\t\t\t\t\t\t\t\t<span class=\"abr-review-slice abr-review-slice-active\"><\/span>\n\t\t\t\t\t\t\t\t\t\t\t\t\t<span class=\"abr-review-slice abr-review-slice-active\"><\/span>\n\t\t\t\t\t\t\t\t\t\t<\/div>\n\t\t\t\n\t\t\t\t\t<\/div>\n\t\t\t\t\t\t\t\t<div class=\"abr-review-score\" =\"reviewRating\"  =\"http:\/\/schema.org\/Rating\">\n\t\t\t\t\t\t\t<div class=\"abr-review-text\">\n\t\t\t\t\t\t\t\t<span class=\"total\" =\"ratingValue\">5<\/span><span class=\"sep\">\/<\/span><span class=\"max\" =\"bestRating\">5<\/span>\t\t\t\t\t\t\t<\/div>\n\n\t\t\t\t\t\t\t\t\t\t\t\t\t\t\t<div class=\"abr-review-subtext\">\n\t\t\t\t\t\t\t\t\t\t\t\t\t\t\t\t\t\t\t<span class=\"abr-data-label\">Google Review<\/span>\n\t\t\t\t\t\t\t\t\t\n\t\t\t\t\t\t\t\t\t\t\t\t\t\t\t\t\t<\/div>\n\t\t\t\t\t\t\t\t\t\t\t\t\t<\/div>\n\t\t\t\t\t\t\t\t<\/div>\n\n\t\t\t<!-- Review Indicator -->\n\t\t\t\t\t\t\t\t<div class=\"abr-review-indicator\">\n\t\t\t\t\t\t<span class=\"abr-badge abr-badge-primary abr-review-badge-9\">\n\t\t\t\t\t\t\tAmazing\t\t\t\t\t\t<\/span>\n\t\t\t\t\t<\/div>\n\t\t\t\t\t\n\t\t\t<!-- Items List -->\n\t\t\t\n\t\t\t<!-- Items Pros \/ Cons -->\n\t\t\t\t\t<\/div>\n\t\t<\/div>\n\n\n<div class=\"wp-block-buttons is-layout-flex wp-block-buttons-is-layout-flex\">\n<div class=\"wp-block-button is-style-cs-button-block\"><a class=\"wp-block-button__link wp-element-button\" href=\"https:\/\/www.healthylongevity.cafe\/prague-cafe\" target=\"_blank\" rel=\"noreferrer noopener nofollow\">\u2192 Tarkista tiedot<\/a><\/div>\n<\/div>","protected":false},"excerpt":{"rendered":"Voimme kaikki my\u00f6nt\u00e4\u00e4, ett\u00e4 hyvin suunniteltu ruokavalio voi menn\u00e4 pieleen, kun se kohtaa...","protected":false},"author":2,"featured_media":8256,"comment_status":"closed","ping_status":"closed","sticky":false,"template":"","format":"standard","meta":{"footnotes":""},"categories":[204,207,17],"tags":[65],"table_tags":[],"_links":{"self":[{"href":"https:\/\/prague.org\/fi\/wp-json\/wp\/v2\/posts\/8255"}],"collection":[{"href":"https:\/\/prague.org\/fi\/wp-json\/wp\/v2\/posts"}],"about":[{"href":"https:\/\/prague.org\/fi\/wp-json\/wp\/v2\/types\/post"}],"author":[{"embeddable":true,"href":"https:\/\/prague.org\/fi\/wp-json\/wp\/v2\/users\/2"}],"replies":[{"embeddable":true,"href":"https:\/\/prague.org\/fi\/wp-json\/wp\/v2\/comments?post=8255"}],"version-history":[{"count":14,"href":"https:\/\/prague.org\/fi\/wp-json\/wp\/v2\/posts\/8255\/revisions"}],"predecessor-version":[{"id":8378,"href":"https:\/\/prague.org\/fi\/wp-json\/wp\/v2\/posts\/8255\/revisions\/8378"}],"wp:featuredmedia":[{"embeddable":true,"href":"https:\/\/prague.org\/fi\/wp-json\/wp\/v2\/media\/8256"}],"wp:attachment":[{"href":"https:\/\/prague.org\/fi\/wp-json\/wp\/v2\/media?parent=8255"}],"wp:term":[{"taxonomy":"category","embeddable":true,"href":"https:\/\/prague.org\/fi\/wp-json\/wp\/v2\/categories?post=8255"},{"taxonomy":"post_tag","embeddable":true,"href":"https:\/\/prague.org\/fi\/wp-json\/wp\/v2\/tags?post=8255"},{"taxonomy":"table_tags","embeddable":true,"href":"https:\/\/prague.org\/fi\/wp-json\/wp\/v2\/table_tags?post=8255"}],"curies":[{"name":"wp","href":"https:\/\/api.w.org\/{rel}","templated":true}]}}