{"id":8686,"date":"2023-03-20T14:41:10","date_gmt":"2023-03-20T12:41:10","guid":{"rendered":"https:\/\/prague.org\/?p=8686"},"modified":"2024-03-06T09:29:56","modified_gmt":"2024-03-06T07:29:56","slug":"prague-spring-music-festival-a-legendary-classical-music-event","status":"publish","type":"post","link":"https:\/\/prague.org\/fi\/praguen-kevatmusiikkifestivaali-legendaarinen-klassisen-musiikin-tapahtuma\/","title":{"rendered":"Prahan kev\u00e4\u00e4n musiikkifestivaali: legendaarinen klassisen musiikin tapahtuma"},"content":{"rendered":"<p>Toukokuussa T\u0161ekin p\u00e4\u00e4kaupunki her\u00e4\u00e4 eloon kuuluisan ja tunnetun <strong>Prahan kev\u00e4\u00e4n musiikkifestivaali<\/strong>. Sit\u00e4 pidet\u00e4\u00e4n maan merkitt\u00e4vimp\u00e4n\u00e4 ja merkitt\u00e4vimp\u00e4n\u00e4 <a href=\"https:\/\/prague.org\/fi\/tsekki-kulttuuri-festivaalit-perheloma\/\" data-type=\"link\" data-id=\"https:\/\/prague.org\/czech-culture-festivals-family-vacation\/\">pitk\u00e4ik\u00e4isin festivaali<\/a> laatuaan.<\/p>\n\n\n\n<p>The<strong> Prahan kev\u00e4\u00e4n musiikkifestivaali <\/strong>on T\u0161ekin tasavallan merkitt\u00e4vin ja pitk\u00e4ik\u00e4isin klassisen musiikin festivaali, jossa j\u00e4rjestet\u00e4\u00e4n useita esityksi\u00e4, muun muassa maailmankuulujen muusikoiden ja yhtyeiden esityksi\u00e4.<\/p>\n\n\n\n<p>Konserttiyleis\u00f6 voi kuulla maailmanluokan klassista musiikkia, jazzia, maailmanmusiikkia ja kokeellista musiikkia Municipal Housen Smetana-salissa.&nbsp;<\/p>\n\n\n\n<p>The <strong>Praha<\/strong><strong> Kev\u00e4\u00e4n kansainv\u00e4linen musiikkifestivaali<\/strong> alkaa aina Antonn Dvo\u00e1kin s\u00e4velt\u00e4m\u00e4ll\u00e4 kuusis\u00e4velisell\u00e4 runosarjalla M\u00e1 Vlast (Minun maani) ja p\u00e4\u00e4ttyy Beethovenin sinfoniaan nro 9 c-molli.&nbsp;<\/p>\n\n\n\n<p>The <strong>Prahan kev\u00e4\u00e4n musiikkifestivaalin<\/strong> johtavan sivuston mukaan poliittisista ja yhteiskunnallisista vallankumouksista, merkitt\u00e4vist\u00e4 historiallisista ja kulttuurisista tapahtumista sek\u00e4 musiikillisten mieltymysten muutoksista huolimatta festivaali on jatkuvasti l\u00f6yt\u00e4nyt yleis\u00f6n, joka on innokas arvostamaan esitysten aitoa taiteellista laatua.<\/p>\n\n\n\n<p>Koe Prahan maaginen muodonmuutos kiehtovien visuaalisten ja taiteellisten esitysten kautta Prahan museossa <a href=\"https:\/\/prague.org\/fi\/prague-signal-festival-of-lights\/\" data-type=\"link\" data-id=\"https:\/\/prague.org\/prague-signal-festival-of-lights\/\">Signal Festival of Lights.<\/a><\/p>\n\n\n\n<h2 id=\"the-origins-of-the-prague-spring-music-festival\" class=\"wp-block-heading\">Prahan kev\u00e4\u00e4n musiikkifestivaalin alkuper\u00e4<\/h2>\n\n\n\n<figure class=\"wp-block-image size-large\"><img decoding=\"async\" width=\"1024\" height=\"682\" src=\"https:\/\/prague.org\/wp-content\/uploads\/2023\/03\/honza-emler-l4azmuuGgX4-unsplash-1-1024x682.jpg\" alt=\"Prahan festivaali\" class=\"wp-image-8687\" srcset=\"https:\/\/prague.org\/wp-content\/uploads\/2023\/03\/honza-emler-l4azmuuGgX4-unsplash-1-1024x682.jpg 1024w, https:\/\/prague.org\/wp-content\/uploads\/2023\/03\/honza-emler-l4azmuuGgX4-unsplash-1-scaled-600x400.jpg 600w, https:\/\/prague.org\/wp-content\/uploads\/2023\/03\/honza-emler-l4azmuuGgX4-unsplash-1-300x200.jpg 300w, https:\/\/prague.org\/wp-content\/uploads\/2023\/03\/honza-emler-l4azmuuGgX4-unsplash-1-768x512.jpg 768w, https:\/\/prague.org\/wp-content\/uploads\/2023\/03\/honza-emler-l4azmuuGgX4-unsplash-1-1536x1024.jpg 1536w, https:\/\/prague.org\/wp-content\/uploads\/2023\/03\/honza-emler-l4azmuuGgX4-unsplash-1-2048x1365.jpg 2048w, https:\/\/prague.org\/wp-content\/uploads\/2023\/03\/honza-emler-l4azmuuGgX4-unsplash-1-18x12.jpg 18w, https:\/\/prague.org\/wp-content\/uploads\/2023\/03\/honza-emler-l4azmuuGgX4-unsplash-1-380x253.jpg 380w, https:\/\/prague.org\/wp-content\/uploads\/2023\/03\/honza-emler-l4azmuuGgX4-unsplash-1-800x533.jpg 800w, https:\/\/prague.org\/wp-content\/uploads\/2023\/03\/honza-emler-l4azmuuGgX4-unsplash-1-1160x773.jpg 1160w, https:\/\/prague.org\/wp-content\/uploads\/2023\/03\/honza-emler-l4azmuuGgX4-unsplash-1-scaled.jpg 2560w\" sizes=\"(max-width: 1024px) 100vw, 1024px\" \/><figcaption class=\"wp-element-caption\">Prahan festivaali<\/figcaption><\/figure>\n\n\n\n<p>T\u00e4m\u00e4 <strong>&nbsp;Prahan kev\u00e4\u00e4n musiikkifestivaali<\/strong> on toiminut vahvasti perustamisestaan vuonna 1946 l\u00e4htien.&nbsp;<\/p>\n\n\n\n<p>T\u0161ekin filharmoninen orkesteri t\u00e4ytti 50 vuotta vuonna 1946, ja samana vuonna j\u00e4rjestettiin ensimm\u00e4inen vuosittainen festivaali. Prahan kev\u00e4t alkaa 12. toukokuuta Bedich Smetanan kuoleman muistop\u00e4iv\u00e4n\u00e4 ja p\u00e4\u00e4ttyy 4. kes\u00e4kuuta.<\/p>\n\n\n\n<p>Kansakunnan ilmapiiri oli t\u00e4ll\u00e4 hetkell\u00e4 iloinen hyv\u00e4st\u00e4 syyst\u00e4.&nbsp;<\/p>\n\n\n\n<p>Toisen maailmansodan p\u00e4\u00e4ttymisen j\u00e4lkeisen tarkan vuoden aikana maailmassa ei ole ollut suuria konflikteja. Kummallista kyll\u00e4, samana vuonna vietettiin my\u00f6s Prahan filharmonikkojen 50-vuotisp\u00e4iv\u00e4\u00e4.&nbsp;<\/p>\n\n\n\n<p>N\u00e4m\u00e4 kaksi festivaalia yhdistyiv\u00e4t muodostaen 66. vuosittaisen <strong>Prahan kev\u00e4\u00e4n kansainv\u00e4linen musiikkifestivaali<\/strong>.<\/p>\n\n\n\n<h2 id=\"visit-prague-spring-international-music-festival-3-reasons-why\" class=\"wp-block-heading\"><strong>Vieraile Prahan kev\u00e4\u00e4n kansainv\u00e4lisill\u00e4 musiikkifestivaaleilla: 3 syyt\u00e4 miksi&nbsp;<\/strong><\/h2>\n\n\n\n<ol>\n<li>Mukana t\u0161ekkil\u00e4isi\u00e4 ja maailmanlaajuisia s\u00e4velt\u00e4ji\u00e4<\/li>\n<\/ol>\n\n\n\n<p>The <strong>Prahan kev\u00e4\u00e4n musiikkifestivaali<\/strong> ohjelmistossa kuullaan sek\u00e4 t\u0161ekkil\u00e4isi\u00e4 ett\u00e4 kansainv\u00e4lisi\u00e4 ensiesityksi\u00e4 nykyaikaisista s\u00e4vellyksist\u00e4 ja kunnioitetaan merkitt\u00e4vi\u00e4 musiikillisia virstanpylv\u00e4it\u00e4 esitt\u00e4m\u00e4ll\u00e4 kyseisten s\u00e4velt\u00e4jien teoksia.<\/p>\n\n\n\n<ol start=\"2\">\n<li>Rudolf Firkusnyn pianofestivaali<\/li>\n<\/ol>\n\n\n\n<p><strong>Prahan kev\u00e4\u00e4n musiikkifestivaali<\/strong><strong> <\/strong>j\u00e4rjest\u00e4\u00e4<strong> <\/strong>Rudolf Firkusny -pianofestivaali.&nbsp;<\/p>\n\n\n\n<p>T\u0161ekin tunnetuimpiin pianisteihin kuuluvan Rudolf Firkunin kunniaksi j\u00e4rjestett\u00e4v\u00e4 vuosittainen festivaali nostaa syksyn musiikkikauden tasoa maailman parhaiden pianistien esityksill\u00e4. Se liittyy Prahan kev\u00e4tfestivaaliin ja toimii siltana toukokuun suuriin juhliin.<\/p>\n\n\n\n<ol start=\"3\">\n<li>Prahan kev\u00e4\u00e4n kansainv\u00e4linen musiikkikilpailu&nbsp;<\/li>\n<\/ol>\n\n\n\n<p>Nuorille taiteilijoille annetaan erityist\u00e4 huomiota Prahan kev\u00e4\u00e4n aikana. Perustettiin samana vuonna kuin <strong>Prahan kev\u00e4\u00e4n kansainv\u00e4linen musiikkifestivaali<\/strong> Prahan kev\u00e4\u00e4n kansainv\u00e4lisess\u00e4 musiikkikilpailussa j\u00e4rjestet\u00e4\u00e4n vuosittain kilpailuja monille eri instrumenteille.<\/p>\n\n\n\n<h3 id=\"how-long-will-the-festival-last\" class=\"wp-block-heading\">Kuinka kauan festivaali kest\u00e4\u00e4?<\/h3>\n\n\n\n<p>Kolme viikkoa on omistettu <strong>&nbsp;Prahan kev\u00e4\u00e4n musiikkifestivaali<\/strong>. Ohjelmassa on kamarimusiikkia, vanhaa musiikkia, pop-lauluja, teatteria, oopperaa jne. ja esityksi\u00e4.<\/p>\n\n\n\n<h3 id=\"where-does-the-festival-take-place\" class=\"wp-block-heading\">Miss\u00e4 festivaali j\u00e4rjestet\u00e4\u00e4n?<\/h3>\n\n\n\n<p>Vaikka<a href=\"https:\/\/prague.org\/fi\/rudolfinum\/\"> Rudolfinum<\/a>, uusrenessanssirakennelma joen rannalla. <a href=\"https:\/\/prague.org\/fi\/vltava-joki\/\">Vltava-joki<\/a>, on tavanomainen paikka <strong>&nbsp;Prahan kev\u00e4\u00e4n musiikkifestivaali<\/strong>eri puolilla kaupunkia on useita paikkoja, joissa j\u00e4rjestet\u00e4\u00e4n esityksi\u00e4 ja konsertteja.&nbsp;<\/p>\n\n\n\n<div class=\"wp-block-buttons is-layout-flex wp-block-buttons-is-layout-flex\"><\/div>\n\n\n\n<p>Koska <a href=\"https:\/\/prague.org\/fi\/kunnallistalo\/\">Prahan kunnantalo<\/a>Suurempi istumapaikkakapasiteetti on mukava lis\u00e4.<\/p>\n\n\n\n<p>Siit\u00e4 huolimatta, ei ole syyt\u00e4 huoleen; virallinen<strong> Prahan kev\u00e4\u00e4n musiikkifestivaali<\/strong> verkkosivuilta l\u00f6ytyy tietoa festivaalin taiteilijaohjelmasta, esiintymisajankohdista ja -paikoista sek\u00e4 muista olennaisista yksityiskohdista.<\/p>\n\n\n\n<h3 id=\"where-do-you-find-accommodation\" class=\"wp-block-heading\">Mist\u00e4 l\u00f6yd\u00e4t majoituksen?<\/h3>\n\n\n\n<p>Oletetaan, ett\u00e4 etsit<a href=\"https:\/\/prague.org\/fi\/?s= where to stay in Prague \"> miss\u00e4 y\u00f6py\u00e4 Prahassa <\/a>l\u00e4hell\u00e4 <strong>Prahan kev\u00e4\u00e4n musiikkifestivaali<\/strong>. Siin\u00e4 tapauksessa suosittelemme yht\u00e4 monista p\u00e4\u00e4kaupungin ja sen l\u00e4hialueiden hotelleista, jotka tarjoavat joko ilmaisen peruutusmahdollisuuden tai \"varaa nyt, maksa my\u00f6hemmin\" -vaihtoehdon.<\/p>\n\n\n\n<ins class=\"bookingaff\" data-aid=\"2250729\" data-target_aid=\"2250729\" data-prod=\"map\" data-width=\"100%\" data-height=\"590\" data-lang=\"ualng\" data-dest_id=\"0\" data-dest_type=\"landmark\" data-latitude=\"50.0755381\" data-longitude=\"14.4378005\" data-mwhsb=\"0\" data-address=\"Prague, Czechia\">\n    <!-- Anything inside will go away once widget is loaded. -->\n        <a href=\"\/\/www.booking.com?aid=2250729\">Booking.com<\/a>\n<\/ins>\n<script type=\"text\/javascript\">\n    (function(d, sc, u) {\n      var s = d.createElement(sc), p = d.getElementsByTagName(sc)[0];\n      s.type = 'text\/javascript';\n      s.async = true;\n      s.src = u + '?v=' + (+new Date());\n      p.parentNode.insertBefore(s,p);\n      })(document, 'script', '\/\/cf.bstatic.com\/static\/affiliate_base\/js\/flexiproduct.js');\n<\/script>\n\n\n\n<h2 id=\"dive-into-pragues-legendary-nightlife-without-compromises\" class=\"wp-block-heading\"><strong>Sukella Prahan legendaariseen y\u00f6el\u00e4m\u00e4\u00e4n ilman kompromisseja<\/strong><\/h2>\n\n\n\n<div data-gyg-href=\"https:\/\/widget.getyourguide.com\/default\/activities.frame\" data-gyg-locale-code=\"en-US\" data-gyg-widget=\"activities\" data-gyg-number-of-items=\"1\" data-gyg-partner-id=\"U94OQGQ\" data-gyg-tour-ids=\"319113\"><\/div>\n\n\n\n<p>Saat ilmaisen sis\u00e4\u00e4np\u00e4\u00e4syn yli 10 Prahan parhaaseen klubiin, kuten maailmankuuluun viisikerroksiseen Karlovy L\u00e1zn\u011b -klubiin, Retro Music Halliin ja Cross Clubiin. Saat ilmaiset tervetuliaisjuomat tai osta yksi saat yhden - yhden - ilmaiset cocktailit yli 20 paikassa.<\/p>\n\n\n\n<h3 id=\"highlights\" class=\"wp-block-heading\">Kohokohdat<\/h3>\n\n\n\n<ul>\n<li>Vapaa p\u00e4\u00e4sy 15:een Prahan parhaaseen klubiin, kuten Karlovy L\u00e1zn\u011b, Retro Music Hall ja Cross Club.<\/li>\n\n\n\n<li>Ilmaisia tervetuliaisannoksia tai osta yksi saat yhden - yhden - ilmaisia cocktaileja yli 20 paikassa.<\/li>\n\n\n\n<li>Eksklusiivisia alennuksia el\u00e4myksist\u00e4 ja palveluista, kuten paintballista, karaokesta ja tatuoinnista.<\/li>\n<\/ul>\n\n\n\n<h3 id=\"included\" class=\"wp-block-heading\">Mukana<\/h3>\n\n\n\n<ul>\n<li>Voimassa 2 tai 7 p\u00e4iv\u00e4\u00e4.<\/li>\n<\/ul>\n\n\n\n<div class=\"wp-block-buttons is-layout-flex wp-block-buttons-is-layout-flex\">\n<div class=\"wp-block-button is-style-cs-button-block\"><a class=\"wp-block-button__link wp-element-button\" href=\"https:\/\/www.getyourguide.fr\/prague-l10\/prague-billet-decouverte-vie-nocturne-t319113\/?partner_id=U94OQGQ&amp;utm_medium=online_publisher\" rel=\"nofollow noopener\">\u2192 Menn\u00e4\u00e4n<\/a><\/div>\n<\/div>\n\n\n\n<h2 id=\"plan-to-attend-the-prague-spring-music-festival\" class=\"wp-block-heading\">Suunnittele osallistumista Prahan kev\u00e4\u00e4n musiikkifestivaaleille<\/h2>\n\n\n\n<p>Jos olet toukokuussa Prahassa, sinun on ehdottomasti k\u00e4yt\u00e4v\u00e4 katsomassa <strong>Prahan kev\u00e4\u00e4n musiikkifestivaali<\/strong>. Nauti monenlaisista konserteista, joissa esiintyv\u00e4t arvostetut solistit, yhtyeet ja orkesterit. Pystyt arvostamaan musiikkia entist\u00e4 enemm\u00e4n ymp\u00e4r\u00f6ivien vanhojen luostarien, katedraalien ja museoiden yhteydess\u00e4.<\/p>\n\n\n\n<div class=\"gyg-iframe-container\" style=\"margin-bottom:1.5em\"><iframe style=\"border:0;height:100%;width:100%\" title=\"GetYourGuide kaupunki widget\" src=\"https:\/\/widget.getyourguide.com\/default\/city.frame?widget=wp_city&amp;iata=PRG&amp;locale_code=en-GB&amp;partner_id=U94OQGQ\"><\/iframe><\/div>","protected":false},"excerpt":{"rendered":"Toukokuussa T\u0161ekin p\u00e4\u00e4kaupunki her\u00e4\u00e4 eloon kuuluisan Prahan kev\u00e4\u00e4n musiikkifestivaalin my\u00f6t\u00e4. Se on...","protected":false},"author":2,"featured_media":8716,"comment_status":"closed","ping_status":"closed","sticky":false,"template":"","format":"standard","meta":{"footnotes":""},"categories":[204,208,1],"tags":[55],"table_tags":[],"_links":{"self":[{"href":"https:\/\/prague.org\/fi\/wp-json\/wp\/v2\/posts\/8686"}],"collection":[{"href":"https:\/\/prague.org\/fi\/wp-json\/wp\/v2\/posts"}],"about":[{"href":"https:\/\/prague.org\/fi\/wp-json\/wp\/v2\/types\/post"}],"author":[{"embeddable":true,"href":"https:\/\/prague.org\/fi\/wp-json\/wp\/v2\/users\/2"}],"replies":[{"embeddable":true,"href":"https:\/\/prague.org\/fi\/wp-json\/wp\/v2\/comments?post=8686"}],"version-history":[{"count":12,"href":"https:\/\/prague.org\/fi\/wp-json\/wp\/v2\/posts\/8686\/revisions"}],"predecessor-version":[{"id":12949,"href":"https:\/\/prague.org\/fi\/wp-json\/wp\/v2\/posts\/8686\/revisions\/12949"}],"wp:featuredmedia":[{"embeddable":true,"href":"https:\/\/prague.org\/fi\/wp-json\/wp\/v2\/media\/8716"}],"wp:attachment":[{"href":"https:\/\/prague.org\/fi\/wp-json\/wp\/v2\/media?parent=8686"}],"wp:term":[{"taxonomy":"category","embeddable":true,"href":"https:\/\/prague.org\/fi\/wp-json\/wp\/v2\/categories?post=8686"},{"taxonomy":"post_tag","embeddable":true,"href":"https:\/\/prague.org\/fi\/wp-json\/wp\/v2\/tags?post=8686"},{"taxonomy":"table_tags","embeddable":true,"href":"https:\/\/prague.org\/fi\/wp-json\/wp\/v2\/table_tags?post=8686"}],"curies":[{"name":"wp","href":"https:\/\/api.w.org\/{rel}","templated":true}]}}