{"id":9180,"date":"2023-03-24T13:50:51","date_gmt":"2023-03-24T11:50:51","guid":{"rendered":"https:\/\/prague.org\/?p=9180"},"modified":"2023-08-03T15:38:22","modified_gmt":"2023-08-03T13:38:22","slug":"a-look-at-the-czech-republic-on-easter-monday","status":"publish","type":"post","link":"https:\/\/prague.org\/fi\/a-look-at-the-czech-republic-on-easter-monday\/","title":{"rendered":"Katsaus T\u0161ekin tasavaltaan p\u00e4\u00e4si\u00e4ismaanantaina \ud83d\udc23"},"content":{"rendered":"<p><strong>T\u0161ekin tasavallan p\u00e4\u00e4si\u00e4ismaanantai<\/strong> on yht\u00e4 kiehtova kuin mik\u00e4 tahansa kansallinen juhlap\u00e4iv\u00e4, my\u00f6s joulu. Jouluun liittyy niin monia hauskoja perinteit\u00e4 <strong>P\u00e4\u00e4si\u00e4ismaanantai T\u0161ekin tasavallassa<\/strong>, p\u00e4iv\u00e4 on kaikkea muuta kuin tyls\u00e4, sill\u00e4 juhlap\u00e4iv\u00e4n aikana on paljon j\u00e4nnitt\u00e4vi\u00e4 tapoja ja alueen upea kev\u00e4ts\u00e4\u00e4.<\/p>\n\n\n\n<p>T\u0161ekit viett\u00e4v\u00e4t p\u00e4\u00e4si\u00e4ist\u00e4 yleens\u00e4 maanantaina eik\u00e4 muina p\u00e4\u00e4si\u00e4isviikon p\u00e4ivin\u00e4.<\/p>\n\n\n\n<p>P\u00e4iv\u00e4m\u00e4\u00e4r\u00e4 m\u00e4\u00e4r\u00e4ytyy vuosittain kev\u00e4tp\u00e4iv\u00e4ntasausta seuraavan kuukauden t\u00e4ysikuun mukaan.<\/p>\n\n\n\n<p>Merkitt\u00e4vi\u00e4 uskonnollisia juhlia ei ole <strong>P\u00e4\u00e4si\u00e4ismaanantai T\u0161ekin tasavallassa<\/strong>; sen sijaan se on p\u00e4iv\u00e4, jota leimaa - <a href=\"https:\/\/prague.org\/fi\/kiehtovia-faktoja-paasiaisperinteista-tsekin-tasavallassa\/\">pitk\u00e4aikainen paikallinen perinne<\/a>.&nbsp;<\/p>\n\n\n\n<p>P\u00e4\u00e4si\u00e4isen ajan matkustajat eiv\u00e4t ainoastaan koe kev\u00e4\u00e4n loistoa, vaan he my\u00f6s l\u00e4htev\u00e4t Prahasta mukanaan runsaasti historiaa ja tapoja jaettavaksi perheen ja yst\u00e4vien kanssa kotimaassa, varsinkin jos matkalle l\u00e4hdet\u00e4\u00e4n maan perinteikk\u00e4\u00e4lle muraavialueen alueelle. Tutustu siihen, miksi<strong> Eas<\/strong><strong>ter maanantai T\u0161ekin tasavallassa<\/strong> on p\u00e4\u00e4si\u00e4isen t\u00e4rkein juhlap\u00e4iv\u00e4<strong>!<\/strong><\/p>\n\n\n\n<h2 id=\"why-visit-the-czech-republic-on-easter-monday\" class=\"wp-block-heading\">Miksi vierailla T\u0161ekin tasavallassa p\u00e4\u00e4si\u00e4ismaanantaina?<\/h2>\n\n\n\n<figure class=\"wp-block-image size-large\"><img decoding=\"async\" width=\"1024\" height=\"576\" src=\"https:\/\/prague.org\/wp-content\/uploads\/2023\/03\/pexels-pierre-blache-2598484-1-1024x576.jpg\" alt=\"Sprintti Prahassa\" class=\"wp-image-9239\" srcset=\"https:\/\/prague.org\/wp-content\/uploads\/2023\/03\/pexels-pierre-blache-2598484-1-1024x576.jpg 1024w, https:\/\/prague.org\/wp-content\/uploads\/2023\/03\/pexels-pierre-blache-2598484-1-scaled-600x338.jpg 600w, https:\/\/prague.org\/wp-content\/uploads\/2023\/03\/pexels-pierre-blache-2598484-1-300x169.jpg 300w, https:\/\/prague.org\/wp-content\/uploads\/2023\/03\/pexels-pierre-blache-2598484-1-768x432.jpg 768w, https:\/\/prague.org\/wp-content\/uploads\/2023\/03\/pexels-pierre-blache-2598484-1-1536x864.jpg 1536w, https:\/\/prague.org\/wp-content\/uploads\/2023\/03\/pexels-pierre-blache-2598484-1-2048x1152.jpg 2048w, https:\/\/prague.org\/wp-content\/uploads\/2023\/03\/pexels-pierre-blache-2598484-1-18x10.jpg 18w, https:\/\/prague.org\/wp-content\/uploads\/2023\/03\/pexels-pierre-blache-2598484-1-380x214.jpg 380w, https:\/\/prague.org\/wp-content\/uploads\/2023\/03\/pexels-pierre-blache-2598484-1-800x450.jpg 800w, https:\/\/prague.org\/wp-content\/uploads\/2023\/03\/pexels-pierre-blache-2598484-1-1160x653.jpg 1160w, https:\/\/prague.org\/wp-content\/uploads\/2023\/03\/pexels-pierre-blache-2598484-1-scaled.jpg 2560w\" sizes=\"(max-width: 1024px) 100vw, 1024px\" \/><figcaption class=\"wp-element-caption\">Sprintti Prahassa<\/figcaption><\/figure>\n\n\n\n<ol>\n<li>Nauti perinteisist\u00e4 t\u0161ekkil\u00e4isist\u00e4 ruokalajeista ja juomista<\/li>\n<\/ol>\n\n\n\n<p>&nbsp;&nbsp;&nbsp;Vuonna <strong>T\u0161ekki, p\u00e4\u00e4si\u00e4ismaanantai<\/strong> on pyh\u00e4p\u00e4iv\u00e4 suurimmalle osalle ihmisist\u00e4.&nbsp;<\/p>\n\n\n\n<p>Kummallista kyll\u00e4, vaikka se on uskovien ankara paastop\u00e4iv\u00e4, monet t\u0161ekit k\u00e4ytt\u00e4v\u00e4t sit\u00e4 tilaisuutena liialliseen sy\u00f6miseen ja juomiseen.<\/p>\n\n\n\n<ol start=\"2\">\n<li>Tervetuloa kev\u00e4\u00e4seen kuin paikallinen<\/li>\n<\/ol>\n\n\n\n<p>P\u00e4\u00e4si\u00e4inen n\u00e4hd\u00e4\u00e4n usein juhlana, jolla juhlistetaan kev\u00e4\u00e4n saapumista. Yli 40 vuotta vallassa olleella kommunistihallituksella oli osuutensa t\u00e4h\u00e4n korostamalla t\u00e4t\u00e4 tulkintaa juhlasta uskonnollisen puolen kustannuksella.<\/p>\n\n\n\n<ol start=\"3\">\n<li>P\u00e4\u00e4si\u00e4ismaanantai on p\u00e4\u00e4si\u00e4isen merkitt\u00e4vin p\u00e4iv\u00e4<\/li>\n<\/ol>\n\n\n\n<p>Kommunismin aikakauden ansiosta ei ole mik\u00e4\u00e4n yll\u00e4tys, ett\u00e4 - <strong>T\u0161ekin tasavallan maanantai j\u00e4lkeen <\/strong><strong>E<\/strong><strong>aster <\/strong>pidet\u00e4\u00e4n juhlap\u00e4iv\u00e4n merkitt\u00e4vimp\u00e4n\u00e4 p\u00e4iv\u00e4n\u00e4, vaikka p\u00e4\u00e4si\u00e4issunnuntai tunnustetaan maailmanlaajuisesti vuoden merkitt\u00e4vimm\u00e4ksi p\u00e4iv\u00e4ksi, jolloin juhlitaan Vapahtajamme yl\u00f6snousemusta.<\/p>\n\n\n\n<h2 id=\"czech-republic-traditions-on-easter-monday\" class=\"wp-block-heading\">T\u0161ekin tasavallan perinteet p\u00e4\u00e4si\u00e4ismaanantaina<\/h2>\n\n\n\n\n\n<p>The<strong> T\u0161ekki<\/strong><strong> <\/strong><strong>Tasavallan ruoskiminen p\u00e4\u00e4si\u00e4ismaanantaina<\/strong>, joka tunnetaan kansanomaisesti nimell\u00e4 poml\u00e1zka, on yksi merkitt\u00e4vimmist\u00e4 <strong>T\u0161ekin tasavallan p\u00e4\u00e4si\u00e4ismaanantai perinteet<\/strong>.<\/p>\n\n\n\n<p>Poml\u00e1zkan k\u00e4yt\u00f6n uskotaan juontavan juurensa esikristilliseen pakanuuteen. Tuoreilla pajunoksilla piiskaamisella on pitk\u00e4t perinteet ja symboliikka, johon kuuluu sairauksien ja pahojen henkien karkottaminen sek\u00e4 terveyden ja elinvoiman antaminen loppuvuodeksi niille, jotka saavat piiskaa. Nuoret miehet antoivat tyt\u00f6ille hell\u00e4varaisia piiskauksia jalkoihin ja ehk\u00e4 kastelivat heid\u00e4t vedell\u00e4.<\/p>\n\n\n\n<h2 id=\"how-long-do-the-czech-republics-easter-celebrations-last\" class=\"wp-block-heading\">Kuinka kauan T\u0161ekin tasavallan p\u00e4\u00e4si\u00e4isjuhlat kest\u00e4v\u00e4t?<\/h2>\n\n\n\n<figure class=\"wp-block-image size-large\"><img decoding=\"async\" width=\"1024\" height=\"683\" src=\"https:\/\/prague.org\/wp-content\/uploads\/2023\/03\/morgane-le-breton-jVPwjDhwC6g-unsplash-1-1024x683.jpg\" alt=\"P\u00e4\u00e4si\u00e4inen Prahassa\" class=\"wp-image-9240\" srcset=\"https:\/\/prague.org\/wp-content\/uploads\/2023\/03\/morgane-le-breton-jVPwjDhwC6g-unsplash-1-1024x683.jpg 1024w, https:\/\/prague.org\/wp-content\/uploads\/2023\/03\/morgane-le-breton-jVPwjDhwC6g-unsplash-1-scaled-600x400.jpg 600w, https:\/\/prague.org\/wp-content\/uploads\/2023\/03\/morgane-le-breton-jVPwjDhwC6g-unsplash-1-300x200.jpg 300w, https:\/\/prague.org\/wp-content\/uploads\/2023\/03\/morgane-le-breton-jVPwjDhwC6g-unsplash-1-768x512.jpg 768w, https:\/\/prague.org\/wp-content\/uploads\/2023\/03\/morgane-le-breton-jVPwjDhwC6g-unsplash-1-1536x1024.jpg 1536w, https:\/\/prague.org\/wp-content\/uploads\/2023\/03\/morgane-le-breton-jVPwjDhwC6g-unsplash-1-2048x1365.jpg 2048w, https:\/\/prague.org\/wp-content\/uploads\/2023\/03\/morgane-le-breton-jVPwjDhwC6g-unsplash-1-18x12.jpg 18w, https:\/\/prague.org\/wp-content\/uploads\/2023\/03\/morgane-le-breton-jVPwjDhwC6g-unsplash-1-380x253.jpg 380w, https:\/\/prague.org\/wp-content\/uploads\/2023\/03\/morgane-le-breton-jVPwjDhwC6g-unsplash-1-800x533.jpg 800w, https:\/\/prague.org\/wp-content\/uploads\/2023\/03\/morgane-le-breton-jVPwjDhwC6g-unsplash-1-1160x773.jpg 1160w, https:\/\/prague.org\/wp-content\/uploads\/2023\/03\/morgane-le-breton-jVPwjDhwC6g-unsplash-1-scaled.jpg 2560w\" sizes=\"(max-width: 1024px) 100vw, 1024px\" \/><figcaption class=\"wp-element-caption\">P\u00e4\u00e4si\u00e4inen Prahassa<\/figcaption><\/figure>\n\n\n\n<p>P\u00e4\u00e4si\u00e4isloma kest\u00e4\u00e4 l\u00e4hes kokonaisen viikon!<\/p>\n\n\n\n<p>P\u00e4\u00e4si\u00e4ismaanantaita edelt\u00e4\u00e4 useita p\u00e4ivi\u00e4, joista jokaisella on omat uskonnolliset s\u00e4vyns\u00e4 ja tapansa. P\u00e4\u00e4si\u00e4isviikon tapahtumia ovat:<\/p>\n\n\n\n<ul>\n<li><strong>Ruma keskiviikko:<\/strong> T\u00e4m\u00e4 on juuri se p\u00e4iv\u00e4, jolloin Juudas petti Kristuksen. Lapset saavat vapaap\u00e4iv\u00e4n ja viett\u00e4v\u00e4t sen tehd\u00e4kseen p\u00e4\u00e4si\u00e4isest\u00e4 \"kauniin\".&nbsp;<\/li>\n\n\n\n<li><strong>Vihre\u00e4 torstai:<\/strong> T\u00e4m\u00e4 p\u00e4iv\u00e4 on varattu viimeisen ehtoollisen muistoksi. Perinteiset ihmiset pid\u00e4tt\u00e4ytyv\u00e4t sy\u00f6m\u00e4st\u00e4 lihaa t\u00e4n\u00e4 paastop\u00e4iv\u00e4n\u00e4. T\u0161ekin tasavallassa on nyt saatavilla vihre\u00e4\u00e4 olutta eli zelene pivo -olutta t\u00e4t\u00e4 erityist\u00e4 tilaisuutta varten.<\/li>\n\n\n\n<li><strong>Pitk\u00e4perjantai:<\/strong>&nbsp; se on Vapahtajamme ristiinnaulitsemisen muistop\u00e4iv\u00e4. T\u0161ekiss\u00e4 sek\u00e4 pitk\u00e4perjantai ett\u00e4 p\u00e4\u00e4si\u00e4ismaanantai ovat nyky\u00e4\u00e4n yleisi\u00e4 vapaap\u00e4ivi\u00e4. Todellisuudessa juhlapyh\u00e4 poistettiin kommunistihallinnon alkuaikoina 1950-luvulla.<\/li>\n\n\n\n<li><strong>Valkoinen lauantai:<\/strong> Kristuksen kuoleman voiton kunniaksi slaavilaisessa kristillisess\u00e4 perinteess\u00e4 juhlitaan p\u00e4\u00e4si\u00e4isen j\u00e4lkeist\u00e4 p\u00e4iv\u00e4\u00e4.<\/li>\n\n\n\n<li><strong>P\u00e4\u00e4si\u00e4issunnuntai:<\/strong> T\u00e4n\u00e4 p\u00e4iv\u00e4n\u00e4 pidet\u00e4\u00e4n messu, ja lis\u00e4ksi tehd\u00e4\u00e4n valmisteluja, jotta <strong>P\u00e4\u00e4si\u00e4ismaanantai <\/strong><strong>T\u0161ekin tasavallassa<\/strong>.<\/li>\n\n\n\n<li>Vihdoinkin...<strong> T\u0161ekki P\u00e4\u00e4si\u00e4ismaanantai<\/strong><\/li>\n<\/ul>\n\n\n\n<h2 id=\"discover-the-art-of-cooking-traditional-czech-cuisine-in-prague\" class=\"wp-block-heading\">Tutustu perinteisen t\u0161ekkil\u00e4isen keitti\u00f6n ruoanlaittoon Prahassa<\/h2>\n\n\n\n<div data-gyg-href=\"https:\/\/widget.getyourguide.com\/default\/activities.frame\" data-gyg-locale-code=\"en-US\" data-gyg-widget=\"activities\" data-gyg-number-of-items=\"1\" data-gyg-partner-id=\"U94OQGQ\" data-gyg-tour-ids=\"36516\"><\/div>\n\n\n\n<p>Nauti uppoutuvasta kulinaarisesta kokemuksesta, kun opit valmistamaan aitoja t\u0161ekkil\u00e4isi\u00e4 ruokia Prahan syd\u00e4mess\u00e4. Osallistu k\u00e4yt\u00e4nn\u00f6n kokkauskurssillemme ja avaa perinteisten t\u0161ekkil\u00e4isten aterioiden salaisuudet, mukaan lukien gulassin, nyyttien ja omenastruudelin kaltaiset suosikit.<\/p>\n\n\n\n<h3 id=\"highlights\" class=\"wp-block-heading\">Kohokohdat<\/h3>\n\n\n\n<ul>\n<li>Opettele valmistamaan perinteisi\u00e4 t\u0161ekkil\u00e4isi\u00e4 ruokia, kuten gulassia, nyyttej\u00e4 ja omenastruudelia, ammattitaitoisten kokkien opastuksella.<\/li>\n\n\n\n<li>Tutustu paikalliseen ruokakulttuuriin k\u00e4ym\u00e4ll\u00e4 viljelij\u00f6iden markkinoilla ja tutustumalla tuoreisiin paikallisiin raaka-aineisiin, jotka tekev\u00e4t t\u0161ekkil\u00e4isest\u00e4 keitti\u00f6st\u00e4 ainutlaatuisen.<\/li>\n\n\n\n<li>K\u00e4yt\u00e4 aistejasi n\u00e4hdess\u00e4si ja maistellessasi tyypillisi\u00e4 t\u0161ekkil\u00e4isi\u00e4 ainesosia, jotka muodostavat n\u00e4iden herkullisten ruokien ytimen.<\/li>\n\n\n\n<li>Luo kurssin aikana herkullinen 3 ruokalajin ateria, jonka nautit ja nautit rauhallisella lounaalla.<\/li>\n\n\n\n<li>Ota opittujen ruokien reseptit mukaasi kotiin, jotta voit luoda t\u0161ekkil\u00e4isen keitti\u00f6n makuja uudelleen omassa keitti\u00f6ss\u00e4si.<\/li>\n<\/ul>\n\n\n\n<h3 id=\"included\" class=\"wp-block-heading\">Mukana<\/h3>\n\n\n\n<ul>\n<li>Luokassa tarvittavat ruoanvalmistusaineet.<\/li>\n\n\n\n<li>Reseptej\u00e4 kotiin viet\u00e4v\u00e4ksi, jotta voit valmistaa t\u0161ekkil\u00e4isi\u00e4 ruokia helposti.<\/li>\n\n\n\n<li>Keitti\u00f6v\u00e4lineiden ja -laitteiden k\u00e4ytt\u00f6 oppitunnin aikana.<\/li>\n\n\n\n<li>Mukavaa ruoanlaittokokemusta varten tarjotaan esiliinat.<\/li>\n\n\n\n<li>T\u00e4ydellinen 3 ruokalajin menu, jonka valmistat itse ja jota voit nauttia lounasaikaan.<\/li>\n\n\n\n<li>Oivaltava vierailu paikallisilla maanviljelij\u00f6iden markkinoilla, joka lis\u00e4\u00e4 ymm\u00e4rryst\u00e4si t\u0161ekkil\u00e4isist\u00e4 raaka-aineista.<\/li>\n<\/ul>\n\n\n\n<div class=\"wp-block-buttons is-layout-flex wp-block-buttons-is-layout-flex\">\n<div class=\"wp-block-button is-style-cs-button-block\"><a class=\"wp-block-button__link wp-element-button\" href=\"https:\/\/www.getyourguide.fr\/prague-l10\/prague-cours-de-cuisine-traditionnelle-tcheque-t36516\/?partner_id=U94OQGQ&amp;utm_medium=online_publisher\" rel=\"nofollow noopener\">\u2192 Osta nyt ja nauti<\/a><\/div>\n<\/div>\n\n\n\n<h2 id=\"witness-why-easter-monday-is-more-important-in-czech\" class=\"wp-block-heading\">Todista miksi p\u00e4\u00e4si\u00e4ismaanantai on t\u00e4rke\u00e4mpi T\u0161ekiss\u00e4<\/h2>\n\n\n\n<p><strong>T\u0161ekin tasavalta P\u00e4\u00e4si\u00e4ismaanantai<\/strong> on juhlan aikaa, jota leimaavat kirkkaat koristeet, l\u00e4mmin s\u00e4\u00e4 ja v\u00e4rikk\u00e4\u00e4t munat. Seitsem\u00e4n p\u00e4iv\u00e4\u00e4 ennen p\u00e4\u00e4si\u00e4ist\u00e4 T\u0161ekin merkitt\u00e4vimmill\u00e4 julkisilla toreilla j\u00e4rjestet\u00e4\u00e4n monenlaista kulttuuritoimintaa ja p\u00e4\u00e4si\u00e4isen viettoa. <a href=\"https:\/\/prague.org\/fi\/prague-easter-markets\/\">juhlavat p\u00e4\u00e4si\u00e4ismarkkinat<\/a>. Hurskaille kristityille se on my\u00f6s aika, jolla on suuri merkitys ja symbolinen merkitys T\u0161ekin kansalle.&nbsp;<\/p>\n\n\n\n<p>Ensimm\u00e4ist\u00e4 kertaa Prahassa? Me voimme auttaa sinua selvitt\u00e4m\u00e4\u00e4n <a href=\"https:\/\/prague.org\/fi\/?s=transport\">miten liikkua Prahassa<\/a> ja sen ymp\u00e4rist\u00f6\u00f6n julkisilla liikennev\u00e4lineill\u00e4!<\/p>\n\n\n\n<div class=\"gyg-iframe-container\" style=\"margin-bottom:1.5em\"><iframe style=\"border:0;height:100%;width:100%\" title=\"GetYourGuide kaupunki widget\" src=\"https:\/\/widget.getyourguide.com\/default\/city.frame?widget=wp_city&amp;iata=PRG&amp;locale_code=en-GB&amp;partner_id=U94OQGQ\"><\/iframe><\/div>","protected":false},"excerpt":{"rendered":"T\u0161ekin tasavallan p\u00e4\u00e4si\u00e4ismaanantai on yht\u00e4 kiehtova kuin muutkin kansalliset juhlap\u00e4iv\u00e4t, my\u00f6s joulu. Niin...","protected":false},"author":2,"featured_media":9182,"comment_status":"closed","ping_status":"closed","sticky":false,"template":"","format":"standard","meta":{"footnotes":""},"categories":[15,204,39],"tags":[49],"table_tags":[],"_links":{"self":[{"href":"https:\/\/prague.org\/fi\/wp-json\/wp\/v2\/posts\/9180"}],"collection":[{"href":"https:\/\/prague.org\/fi\/wp-json\/wp\/v2\/posts"}],"about":[{"href":"https:\/\/prague.org\/fi\/wp-json\/wp\/v2\/types\/post"}],"author":[{"embeddable":true,"href":"https:\/\/prague.org\/fi\/wp-json\/wp\/v2\/users\/2"}],"replies":[{"embeddable":true,"href":"https:\/\/prague.org\/fi\/wp-json\/wp\/v2\/comments?post=9180"}],"version-history":[{"count":9,"href":"https:\/\/prague.org\/fi\/wp-json\/wp\/v2\/posts\/9180\/revisions"}],"predecessor-version":[{"id":10087,"href":"https:\/\/prague.org\/fi\/wp-json\/wp\/v2\/posts\/9180\/revisions\/10087"}],"wp:featuredmedia":[{"embeddable":true,"href":"https:\/\/prague.org\/fi\/wp-json\/wp\/v2\/media\/9182"}],"wp:attachment":[{"href":"https:\/\/prague.org\/fi\/wp-json\/wp\/v2\/media?parent=9180"}],"wp:term":[{"taxonomy":"category","embeddable":true,"href":"https:\/\/prague.org\/fi\/wp-json\/wp\/v2\/categories?post=9180"},{"taxonomy":"post_tag","embeddable":true,"href":"https:\/\/prague.org\/fi\/wp-json\/wp\/v2\/tags?post=9180"},{"taxonomy":"table_tags","embeddable":true,"href":"https:\/\/prague.org\/fi\/wp-json\/wp\/v2\/table_tags?post=9180"}],"curies":[{"name":"wp","href":"https:\/\/api.w.org\/{rel}","templated":true}]}}