{"id":9578,"date":"2023-05-24T09:03:46","date_gmt":"2023-05-24T07:03:46","guid":{"rendered":"https:\/\/prague.org\/?p=9578"},"modified":"2024-02-02T18:37:17","modified_gmt":"2024-02-02T16:37:17","slug":"prague-spring","status":"publish","type":"post","link":"https:\/\/prague.org\/fi\/praha-kevat\/","title":{"rendered":"Opi kaikki Prahan kev\u00e4\u00e4st\u00e4 T\u0161ekkoslovakiassa"},"content":{"rendered":"<p>Poliittiset ja yhteiskunnalliset levottomuudet leimasivat Prahaa suurimman osan 1900-luvusta.&nbsp;<\/p>\n\n\n\n<p>It\u00e4valta-Unkarin kuningaskunta hajosi ensimm\u00e4isen maailmansodan j\u00e4lkeen, ja Prahasta tuli T\u0161ekkoslovakian p\u00e4\u00e4kaupunki.&nbsp;<\/p>\n\n\n\n<p><a href=\"https:\/\/prague.org\/fi\/missa-on-prahan-mika-maa\/\">Miss\u00e4 Praha on? <\/a><strong>Onko Praha<\/strong> <strong>T\u0161ekkoslovakiassa?<\/strong><\/p>\n\n\n\n<p><strong>Praha ei ole en\u00e4\u00e4 osa T\u0161ekkoslovakiaa.<\/strong>.<\/p>\n\n\n\n<p>Vuonna 1993, <a href=\"https:\/\/prague.org\/fi\/when-did-czechoslovakia-split\/\" data-type=\"link\" data-id=\"https:\/\/prague.org\/when-did-czechoslovakia-split\/\">T\u0161ekki ja Slovakia erosivat my\u00f6hemmin erillisiksi valtioiksi.<\/a>.<\/p>\n\n\n\n<p>Emme voi keskustella aiheesta ottamatta esille - <strong>T\u0161ekkoslovakian vuoden 1968 Prahan kev\u00e4t<\/strong>. Prahan kev\u00e4t oli merkitt\u00e4v\u00e4 k\u00e4\u00e4nnekohta T\u0161ekin historiassa.<\/p>\n\n\n\n<p>Vaikka T\u0161ekkoslovakia oli edelleen Neuvostoliiton alaisuudessa, se oli avoimempi taiteelle, tiedotusv\u00e4lineille ja ilmaisunvapaudelle noin nelj\u00e4n kuukauden ajan liberaalin reformismin aikana. <a href=\"https:\/\/prague.org\/fi\/kuka-oli-alexander-dubcek\/\" data-type=\"link\" data-id=\"https:\/\/prague.org\/who-was-alexander-dubcek\/\">Dub\u010dek<\/a> vuonna 1968.&nbsp;<\/p>\n\n\n\n<p>Vuoden 1968 tammikuun ja elokuun v\u00e4list\u00e4 lyhytt\u00e4 ajanjaksoa kutsutaan yleisesti Prahan kev\u00e4\u00e4ksi. Koska Neuvostoliitto pelk\u00e4si, ett\u00e4 T\u0161ekkoslovakian itsen\u00e4istyminen voisi heikent\u00e4\u00e4 Neuvostoliittoa ja kommunistisen puolueen vaikutusvaltaa, se l\u00e4hetti joukkoja Varsovan liiton maista palauttamaan j\u00e4rjestyst\u00e4.<\/p>\n\n\n\n<p>Mik\u00e4 kuitenkin aiheutti <strong>Prahan kev\u00e4t 1968 T\u0161ekkoslovakiassa<\/strong>?<\/p>\n\n\n\n<h2 id=\"what-sparked-the-prague-spring-in-czechoslovakia\" class=\"wp-block-heading\">Mik\u00e4 k\u00e4ynnisti Prahan kev\u00e4\u00e4n T\u0161ekkoslovakiassa?<\/h2>\n\n\n\n<p>Vihaiset mielenosoitukset T\u0161ekkoslovakian tasavallassa kaatoivat Novotn\u00fdn, valitsivat Dub\u010dekin ja pohjustivat Prahan kev\u00e4\u00e4n.Seuraavassa on lueteltu yksityiskohtaisesti tekij\u00e4t, jotka johtivat tyytym\u00e4tt\u00f6myyteen kommunistihallintoa kohtaan.<\/p>\n\n\n\n<h3 id=\"standard-of-living\" class=\"wp-block-heading\">Elintaso<\/h3>\n\n\n\n<p>Inflaatio, elintarvikkeiden niukkuus ja yleinen elintason lasku lis\u00e4siv\u00e4t tyytym\u00e4tt\u00f6myytt\u00e4 T\u0161ekkoslovakiassa koko 1960-luvun ajan. Ty\u00f6ntekij\u00f6iden asunnot olivat ala-arvoisia, ja heill\u00e4 oli varaa el\u00e4\u00e4 vain kaikkein yksinkertaisinta el\u00e4m\u00e4\u00e4.&nbsp;<\/p>\n\n\n\n<p>T\u0161ekkoslovakiassa oli it\u00e4blokin edistynein talous, mutta sen kansalaiset ymm\u00e4rsiv\u00e4t yh\u00e4 paremmin, ett\u00e4 he luopuivat elintasostaan Neuvostoliiton tukemiseksi.<\/p>\n\n\n\n<h3 id=\"dissatisfaction-with-the-political-system\" class=\"wp-block-heading\">Tyytym\u00e4tt\u00f6myys poliittiseen j\u00e4rjestelm\u00e4\u00e4n<\/h3>\n\n\n\n<p>T\u0161ekin ja Slovakian kansan tyytym\u00e4tt\u00f6myys kasvoi. Monet t\u0161ekit olivat sit\u00e4 mielt\u00e4, ett\u00e4 heid\u00e4n maansa oli muuttunut entist\u00e4 autoritaarisemmaksi kahden viime vuosikymmenen aikana kommunistisen vallan laajentuessa. Novotn\u00fd sai kritiikki\u00e4 sanan- ja lehdist\u00f6nvapauden rajoittamisesta. Koska h\u00e4n toimi puoliautorit\u00e4\u00e4risesti (vangitsemalla ja tappamalla aseettomia mielenosoittajia), h\u00e4n menetti nopeasti kannatuksensa.<\/p>\n\n\n\n<h3 id=\"help-from-the-west\" class=\"wp-block-heading\">Apua l\u00e4nnest\u00e4<\/h3>\n\n\n\n<p>Jotkut t\u0161ekit ja slovakit uskoivat, ett\u00e4 Yhdysvallat tukisi heid\u00e4n kommunistihallinnon vastaisia mielenosoituksiaan, jos ne toteutuisivat. Yhdysvallat esimerkiksi julisti Trumanin doktriinissa, ett\u00e4 se lupasi<\/p>\n\n\n\n<h3 id=\"slowing-economy\" class=\"wp-block-heading\">Talouden hidastuminen<\/h3>\n\n\n\n<p>Historiallisesti T\u0161ekkoslovakian talous oli it\u00e4blokin voimakkaimpia. T\u00e4m\u00e4 alkoi kuitenkin heikenty\u00e4 1960-luvulla, kun Neuvostoliitto alkoi pakottaa T\u0161ekkoslovakiaa valmistamaan raaka-aineita, kuten ter\u00e4st\u00e4, Neuvostoliitolle eik\u00e4 omalle maalleen.&nbsp;<\/p>\n\n\n\n<p>Ihmiset kokivat my\u00f6s, ett\u00e4 kommunistinen puolue esti kehityst\u00e4. Heid\u00e4n antamansa ohjeet siit\u00e4, mit\u00e4 viljell\u00e4\u00e4n, ja maatilojen yleinen valvonta tukahduttivat kaikki modernisointiyritykset. Turhautuminen kasvoi, kun my\u00f6s Novotn\u00fdn aikana tehdyt yritykset talouden muutokseen j\u00e4iv\u00e4t tuloksettomiksi.<\/p>\n\n\n\n<h2 id=\"soviet-invasion-of-czechoslovakia-and-its-repercussions\" class=\"wp-block-heading\">Neuvostoliiton hy\u00f6kk\u00e4ys T\u0161ekkoslovakiaan ja sen seuraukset<\/h2>\n\n\n\n<p>Vaikka T\u0161ekkoslovakia ei ollut suoraan osallisena, maa joutui silti maailmanlaajuisen kritiikin kohteeksi Prahan kev\u00e4\u00e4n p\u00e4\u00e4tytty\u00e4. Lue alta, miten se vaikutti muihin kuin vain Yhdysvaltojen ja Neuvostoliiton v\u00e4lisiin yhteyksiin.<\/p>\n\n\n\n<h3 id=\"the-warsaw-pact\" class=\"wp-block-heading\">Varsovan liitto<\/h3>\n\n\n\n<p>Neuvostoliiton ylivalta It\u00e4-Euroopan satelliittivaltioissa kasvoi T\u0161ekkoslovakian valtauksen my\u00f6t\u00e4 1960-luvulla. It\u00e4-Euroopassa ei ollut en\u00e4\u00e4 levottomuuksia 1980-luvun loppuun asti T\u0161ekkoslovakian Prahan kev\u00e4\u00e4n ja Bre\u017enevin doktriinin vuoksi, joka oikeutti sotilaallisen osallistumisen kaikkiin kansakuntiin, jotka olivat eri mielt\u00e4.<\/p>\n\n\n\n<h3 id=\"criticism-from-around-the-world\" class=\"wp-block-heading\">Kritiikki\u00e4 eri puolilta maailmaa<\/h3>\n\n\n\n<p>Neuvostoliiton toimia arvosteltiin voimakkaasti maailmanlaajuisesti. Kuvat aseettomista siviileist\u00e4, jotka piteliv\u00e4t kukkakimppuja l\u00e4hestyvien neuvostopanssarivaunujen edess\u00e4, osoittivat Neuvostoliiton raakuuden.&nbsp;<\/p>\n\n\n\n<p>Esimerkiksi Romania ja Jugoslavia et\u00e4\u00e4ntyiv\u00e4t poliittisesti Moskovan kansakunnasta sodan j\u00e4lkeen Bre\u017enevin doktriinin vuoksi ja pitiv\u00e4t sit\u00e4 rauhan esteen\u00e4.&nbsp;<\/p>\n\n\n\n<p>Se oli viimeinen pisara, joka johti Kiinan ja Neuvostoliiton v\u00e4listen suhteiden katkeamiseen, koska Peking pelk\u00e4si Moskovan k\u00e4ytt\u00e4v\u00e4n ideologiaa tekosyyn\u00e4 hy\u00f6kk\u00e4ykseen Kiinaan.<\/p>\n\n\n\n<h3 id=\"implications-for-cold-war-relations\" class=\"wp-block-heading\">Vaikutukset kylm\u00e4n sodan suhteisiin&nbsp;<\/h3>\n\n\n\n<p>Neuvostoliitto teki selv\u00e4ksi, ett\u00e4 rauhanomainen yhteiselo ei tule kysymykseen, kun se otti k\u00e4ytt\u00f6\u00f6n Bre\u017enevin doktriinin. Yhdysvallat ja Neuvostoliitto jatkoivat omien aseidensa lis\u00e4\u00e4mist\u00e4 huonontuneiden suhteidensa vuoksi.&nbsp;<\/p>\n\n\n\n<h2 id=\"unveiling-pragues-communist-era-3-5-hour-historical-and-bunker-tour\" class=\"wp-block-heading\">Prahan kommunistisen aikakauden paljastaminen: Prahan historiallinen ja bunkkerikierros: 3,5-tuntinen historiallinen ja bunkkerikierros.<\/h2>\n\n\n\n<div data-gyg-href=\"https:\/\/widget.getyourguide.com\/default\/activities.frame\" data-gyg-locale-code=\"en-US\" data-gyg-widget=\"activities\" data-gyg-number-of-items=\"1\" data-gyg-partner-id=\"U94OQGQ\" data-gyg-tour-ids=\"22927\"><\/div>\n\n\n\n<p>L\u00e4hde mukaan kiehtovalle 3,5 tunnin k\u00e4velykierrokselle ja tutustu Prahan kommunismin kiehtovaan historiaan. Tutustu asiantuntevan paikallisen oppaan johdolla merkitt\u00e4viin kohteisiin, jotka liittyv\u00e4t Prahan kev\u00e4\u00e4seen ja samettivallankumoukseen. Saat ainutlaatuisia k\u00e4sityksi\u00e4 el\u00e4m\u00e4st\u00e4 rautaesiripun takana, kun oppaasi kertoo henkil\u00f6kohtaisia kokemuksia tuosta aikakaudesta.<\/p>\n\n\n\n<h3 id=\"highlights\" class=\"wp-block-heading\">Kohokohdat<\/h3>\n\n\n\n<ul>\n<li>Uppoudu T\u0161ekkoslovakian kommunismin kiehtovaan historiaan. <\/li>\n\n\n\n<li>Vieraile Prahan kev\u00e4\u00e4seen ja samettivallankumoukseen liittyviss\u00e4 merkitt\u00e4viss\u00e4 paikoissa. <\/li>\n\n\n\n<li>Astu aitoon ty\u00f6v\u00e4enluokan ruokalaan ja uppoa aikakauden tunnelmaan. <\/li>\n\n\n\n<li>Koe 1950-luvun ydinsuojan tunnelma. <\/li>\n\n\n\n<li>Nauti alennetusta sis\u00e4\u00e4np\u00e4\u00e4syst\u00e4 kommunismin museoon Prahassa. <\/li>\n<\/ul>\n\n\n\n<h3 id=\"included\" class=\"wp-block-heading\">Mukana<\/h3>\n\n\n\n<ul>\n<li>Yksinomainen p\u00e4\u00e4sy kiehtovaan ydinbunkkeriin <\/li>\n\n\n\n<li>Saat muistoksi alkuper\u00e4isen kommunistipinssin. <\/li>\n\n\n\n<li>Hy\u00f6dy alennuksesta kommunismin museon sis\u00e4\u00e4np\u00e4\u00e4syst\u00e4. <\/li>\n\n\n\n<li>Pieni ryhm\u00e4koko, joka takaa intiimin ja henkil\u00f6kohtaisen kokemuksen (enint\u00e4\u00e4n 8 henkil\u00f6\u00e4). <\/li>\n\n\n\n<li>Pid\u00e4 tauko aidossa ruokalassa ja nauti virkist\u00e4v\u00e4st\u00e4 Kofola-juomasta.<\/li>\n<\/ul>\n\n\n\n<div class=\"wp-block-buttons is-layout-flex wp-block-buttons-is-layout-flex\">\n<div class=\"wp-block-button is-style-cs-button-block\"><a class=\"wp-block-button__link wp-element-button\" href=\"https:\/\/www.getyourguide.fr\/prague-l10\/visite-de-prague-extravaganza-communism-t22927\/?partner_id=U94OQGQ&amp;utm_medium=online_publisher\" rel=\"nofollow noopener\">\u2192 Lue lis\u00e4\u00e4<\/a><\/div>\n<\/div>\n\n\n\n<h2 id=\"the-end-of-a-peaceful-era\" class=\"wp-block-heading\">Rauhanomaisen aikakauden loppu<\/h2>\n\n\n\n<p>Prahan kev\u00e4\u00e4n tapahtumia seuranneet tapahtumat antoivat aihetta spekuloida, ett\u00e4 id\u00e4n ja l\u00e4nnen rauhanomaisen rinnakkaiselon aikakausi oli tullut tiens\u00e4 p\u00e4\u00e4h\u00e4n.<\/p>\n\n\n\n<p>Todellinen syy siihen, miksi Neuvostoliitto lopetti - <strong>T\u0161ekkoslovakian vuoden 1968 Prahan kev\u00e4t <\/strong>pian sen alkamisen j\u00e4lkeen, johtui siit\u00e4, ett\u00e4 he pelk\u00e4siv\u00e4t menett\u00e4v\u00e4ns\u00e4 otteensa T\u0161ekkoslovakiasta, mik\u00e4 voisi johtaa samanlaisiin kansannousuihin muualla. On paljon <a href=\"https:\/\/prague.org\/fi\/tutki-rikasta-prahan-historiaa\/\">tutustu Prahan rikkaaseen historiaan<\/a>.<\/p>\n\n\n\n<h2 id=\"a-defining-moment-in-the-quest-for-freedom\" class=\"wp-block-heading\">M\u00e4\u00e4r\u00e4\u00e4v\u00e4 hetki vapauden tavoittelussa<\/h2>\n\n\n\n<p>Vuoden 1968 Prahan kev\u00e4t on keskeinen luku T\u0161ekkoslovakian historiassa, sill\u00e4 se ilment\u00e4\u00e4 lyhytt\u00e4 poliittisen vapauttamisen ja uudistusten ajanjaksoa, joka haastoi Neuvostoliiton hegemonian It\u00e4-Euroopassa. Alexander Dub\u010dekin johtama liike pyrki luomaan \"sosialismia, jolla on inhimilliset kasvot\", toteuttamalla uudistuksia, joissa luvattiin laajempi lehdist\u00f6n-, sanan- ja matkustusvapaus sek\u00e4 salaisen poliisin toiminnan v\u00e4hent\u00e4minen. Neuvostoliitto, joka piti n\u00e4it\u00e4 uudistuksia uhkana valta-asemalleen ja Varsovan liiton yhten\u00e4isyydelle, vastasi kuitenkin hy\u00f6kk\u00e4\u00e4m\u00e4ll\u00e4 Varsovan liiton joukkojen voimalla T\u0161ekkoslovakiaan ja murskasi n\u00e4in Prahan kev\u00e4\u00e4n liikkeen. T\u00e4m\u00e4 tapahtuma ei ainoastaan korostanut uudistusten rajallisuutta Neuvostoliiton piiriss\u00e4, vaan my\u00f6s kiristi kylm\u00e4n sodan j\u00e4nnitteit\u00e4 ja j\u00e4tti pysyv\u00e4n vaikutuksen T\u0161ekkoslovakian yhteiskuntaan ja laajemmin kansainv\u00e4liseen yhteis\u00f6\u00f6n. Prahan kev\u00e4t ja sen tukahduttaminen ovat osoitus T\u0161ekin ja Slovakian kansojen vapauden tavoittelusta ja sitkeydest\u00e4, ja ne ovat merkitt\u00e4v\u00e4 hetki sorron vastaisessa vastarinnassa.<\/p>","protected":false},"excerpt":{"rendered":"Poliittiset ja yhteiskunnalliset levottomuudet leimasivat Prahaa suurimman osan 1900-luvusta.  It\u00e4valta-Unkarin valtakunta hajosi sen j\u00e4lkeen, kun...","protected":false},"author":2,"featured_media":9582,"comment_status":"closed","ping_status":"closed","sticky":false,"template":"","format":"standard","meta":{"footnotes":""},"categories":[204,15,39],"tags":[30],"table_tags":[],"_links":{"self":[{"href":"https:\/\/prague.org\/fi\/wp-json\/wp\/v2\/posts\/9578"}],"collection":[{"href":"https:\/\/prague.org\/fi\/wp-json\/wp\/v2\/posts"}],"about":[{"href":"https:\/\/prague.org\/fi\/wp-json\/wp\/v2\/types\/post"}],"author":[{"embeddable":true,"href":"https:\/\/prague.org\/fi\/wp-json\/wp\/v2\/users\/2"}],"replies":[{"embeddable":true,"href":"https:\/\/prague.org\/fi\/wp-json\/wp\/v2\/comments?post=9578"}],"version-history":[{"count":8,"href":"https:\/\/prague.org\/fi\/wp-json\/wp\/v2\/posts\/9578\/revisions"}],"predecessor-version":[{"id":12767,"href":"https:\/\/prague.org\/fi\/wp-json\/wp\/v2\/posts\/9578\/revisions\/12767"}],"wp:featuredmedia":[{"embeddable":true,"href":"https:\/\/prague.org\/fi\/wp-json\/wp\/v2\/media\/9582"}],"wp:attachment":[{"href":"https:\/\/prague.org\/fi\/wp-json\/wp\/v2\/media?parent=9578"}],"wp:term":[{"taxonomy":"category","embeddable":true,"href":"https:\/\/prague.org\/fi\/wp-json\/wp\/v2\/categories?post=9578"},{"taxonomy":"post_tag","embeddable":true,"href":"https:\/\/prague.org\/fi\/wp-json\/wp\/v2\/tags?post=9578"},{"taxonomy":"table_tags","embeddable":true,"href":"https:\/\/prague.org\/fi\/wp-json\/wp\/v2\/table_tags?post=9578"}],"curies":[{"name":"wp","href":"https:\/\/api.w.org\/{rel}","templated":true}]}}