{"id":9657,"date":"2023-06-13T08:29:04","date_gmt":"2023-06-13T06:29:04","guid":{"rendered":"https:\/\/prague.org\/?p=9657"},"modified":"2024-03-20T15:56:51","modified_gmt":"2024-03-20T13:56:51","slug":"catholic-churches-prague","status":"publish","type":"post","link":"https:\/\/prague.org\/fr\/eglises-catholiques-prague\/","title":{"rendered":"L'essor de l'\u00c9glise catholique \u00e0 Prague"},"content":{"rendered":"<p>Le <strong>\u00c9glise catholique de Prague<\/strong>La R\u00e9publique tch\u00e8que est membre de l'\u00c9glise catholique universelle et est dirig\u00e9e spirituellement par le pape, sa curie, qui se trouve \u00e0 Rome, ainsi que par le Conseil des \u00e9v\u00eaques tch\u00e8ques.<\/p>\n\n\n\n<p>Mais quand exactement l <strong>\u00c9glise catholique de Prague<\/strong> L'\u00c9glise catholique a-t-elle commenc\u00e9 ses travaux ? L'\u00c9glise catholique a \u00e9t\u00e9 cr\u00e9\u00e9e aux IXe et Xe si\u00e8cles, lorsque les Tch\u00e8ques se sont convertis au catholicisme, abandonnant du m\u00eame coup le paganisme slave traditionnel.<\/p>\n\n\n\n<p>Selon le recensement de 2021, il y avait 741 000 personnes se d\u00e9clarant catholiques romains, 8 309 personnes se d\u00e9clarant gr\u00e9co-catholiques et 236 000 personnes se d\u00e9clarant \"catholiques\". Le <strong>\u00e9glise catholique de Prague<\/strong> repr\u00e9sente plus de 9 % de la population tch\u00e8que totale.<\/p>\n\n\n\n<p><strong>Quelle est la c\u00e9l\u00e8bre \u00e9glise pr\u00e8s de Prague ?<\/strong> Comment le catholicisme est-il n\u00e9 et quelles sont les cinq principales \u00e9glises catholiques de Prague ? Lisez la suite pour le savoir.<\/p>\n\n\n\n<h2 id=\"the-origins-of-the-catholic-church-in-prague\" class=\"wp-block-heading\">Les origines de l'\u00c9glise catholique \u00e0 Prague<\/h2>\n\n\n\n<p>\u00c0 la suite de la deuxi\u00e8me <a href=\"https:\/\/prague.org\/fr\/limpact-de-la-defenestration-de-prague\/\">d\u00e9fenestration \u00e0 Prague<\/a>Au d\u00e9but des ann\u00e9es 90, seul le catholicisme romain \u00e9tait tol\u00e9r\u00e9. Le clerg\u00e9 de l'U.B. (United Brotherhood), les aristos et les protestants de la classe moyenne sont tous contraints de se convertir au catholicisme sous peine d'\u00eatre bannis.&nbsp;<\/p>\n\n\n\n<p>Apr\u00e8s la fin d\u00e9finitive de la guerre de Trente Ans en 1648, gr\u00e2ce au trait\u00e9 de paix de Westphalie, les Habsbourg ont annex\u00e9 la r\u00e9gion catholique du sud de la R\u00e9publique tch\u00e8que. C'est le d\u00e9but du mouvement du Contre-Changement, au cours duquel le catholicisme romain est impos\u00e9 au pays. \u00c0 cette \u00e9poque, Prague voit la construction de nombreuses \u00e9glises de style baroque.<\/p>\n\n\n\n<p>Les serfs qui s'identifient comme \"protestants\" n'ont pas le droit de quitter le pays. Le clerg\u00e9 veillait \u00e0 ce que les nouveaux convertis restent \"ob\u00e9issants\" \u00e0 la foi catholique. Les \"jours de t\u00e9n\u00e8bres\" ont dur\u00e9 150 ans, de 1348 \u00e0 1781, date de l'\u00e9dit de tol\u00e9rance.<\/p>\n\n\n\n<h2 id=\"top-5-catholic-churches-in-prague\" class=\"wp-block-heading\">Top 5 des \u00e9glises catholiques de Prague<\/h2>\n\n\n\n<p>Si toutes les cath\u00e9drales de Prague sont des \u0153uvres d'une grande beaut\u00e9 culturelle et architecturale, certaines sont absolument incontournables pour tout visiteur de la ville.<\/p>\n\n\n\n<h3 id=\"cathedral-of-st-vitus\" class=\"wp-block-heading\">Cath\u00e9drale Saint-Guy<\/h3>\n\n\n\n<figure class=\"wp-block-image size-large\"><img decoding=\"async\" width=\"1024\" height=\"778\" src=\"https:\/\/prague.org\/wp-content\/uploads\/2023\/06\/prague-g913837dcb_1280-1-1024x778.jpg\" alt=\"Cath\u00e9drale Saint-Guy \" class=\"wp-image-9662\" srcset=\"https:\/\/prague.org\/wp-content\/uploads\/2023\/06\/prague-g913837dcb_1280-1-1024x778.jpg 1024w, https:\/\/prague.org\/wp-content\/uploads\/2023\/06\/prague-g913837dcb_1280-1-600x456.jpg 600w, https:\/\/prague.org\/wp-content\/uploads\/2023\/06\/prague-g913837dcb_1280-1-300x228.jpg 300w, https:\/\/prague.org\/wp-content\/uploads\/2023\/06\/prague-g913837dcb_1280-1-768x584.jpg 768w, https:\/\/prague.org\/wp-content\/uploads\/2023\/06\/prague-g913837dcb_1280-1-16x12.jpg 16w, https:\/\/prague.org\/wp-content\/uploads\/2023\/06\/prague-g913837dcb_1280-1-380x289.jpg 380w, https:\/\/prague.org\/wp-content\/uploads\/2023\/06\/prague-g913837dcb_1280-1-800x608.jpg 800w, https:\/\/prague.org\/wp-content\/uploads\/2023\/06\/prague-g913837dcb_1280-1-1160x882.jpg 1160w, https:\/\/prague.org\/wp-content\/uploads\/2023\/06\/prague-g913837dcb_1280-1.jpg 1280w\" sizes=\"(max-width: 1024px) 100vw, 1024px\" \/><figcaption class=\"wp-element-caption\">Cath\u00e9drale Saint-Guy <\/figcaption><\/figure>\n\n\n\n<p><a href=\"https:\/\/prague.org\/fr\/cathedrale-st-vitus\/\">Cath\u00e9drale Saint-Guy <\/a>est la plus grande et la plus c\u00e9l\u00e8bre des \u00e9glises pr\u00e8s de Prague.&nbsp;<\/p>\n\n\n\n<p>Ce miracle gothique fait partie de l'horizon de Prague depuis sa construction en 1344. Les couronnements royaux des monarques et empereurs tch\u00e8ques s'y sont d\u00e9roul\u00e9s en plus des c\u00e9r\u00e9monies religieuses. Plusieurs personnalit\u00e9s influentes, dont des saints, des monarques, des nobles et des archev\u00eaques, sont enterr\u00e9es dans la cath\u00e9drale.<\/p>\n\n\n\n<p><strong>Heures d'ouverture :<\/strong> 9 h \u00e0 17 h (GMT) d'avril \u00e0 octobre et 9 h \u00e0 16 h (GMT) de novembre \u00e0 mars.<\/p>\n\n\n\n<p><strong>Adresse physique :<\/strong> III. n\u00e1dvo\u0159\u00ed 48\/2, 119 01 Praha 1-Hrad\u010dany, Czechia<\/p>\n\n\n\n<p><strong>Frais d'entr\u00e9e : <\/strong>Les billets sont vendus \u00e0 partir de 250 CZK.<\/p>\n\n\n\n<h3 id=\"our-lady-before-tyn\" class=\"wp-block-heading\">Notre Dame devant T\u00fdn<\/h3>\n\n\n\n<p>Cette \u00e9glise remarquable, dont les tours atteignent 80 m\u00e8tres de haut, m\u00e9rite une visite si vous vous trouvez sur la place de la vieille ville. Chacune des tours est surmont\u00e9e de quatre petites fl\u00e8ches. Cette magnifique structure gothique, appel\u00e9e <a href=\"https:\/\/prague.org\/fr\/eglise-de-notre-dame-avant-tyne\/\">\u00c9glise de T\u00fdn<\/a>L'\u00e9glise a \u00e9t\u00e9 \u00e9rig\u00e9e au XIVe si\u00e8cle par Peter Parler et Matthias d'Arras.<\/p>\n\n\n\n<p><strong>Heures d'ouverture : <\/strong>Ferm\u00e9 le lundi. Du mardi au samedi, de 10 h \u00e0 12 h et de 15 h \u00e0 17 h.<\/p>\n\n\n\n<p><strong>Adresse physique : <\/strong>Vieille ville, Prague<\/p>\n\n\n\n<p><strong>Frais d'entr\u00e9e :<\/strong> Gratuit<\/p>\n\n\n\n<h3 id=\"church-of-st-ignatius\" class=\"wp-block-heading\">\u00c9glise Saint-Ignace<\/h3>\n\n\n\n<p>Ce lieu de culte du premier baroque est situ\u00e9 dans un b\u00e2timent qui \u00e9tait autrefois une r\u00e9sidence j\u00e9suite (aujourd'hui un h\u00f4pital universitaire). On dit qu'il s'agit du troisi\u00e8me plus grand complexe j\u00e9suite d'Europe.&nbsp;<\/p>\n\n\n\n<p>L'\u00e9glise, qui se dresse sur la place Karlovo, a \u00e9t\u00e9 con\u00e7ue et construite par Carlo Lurago entre 1665 et 1671. L'int\u00e9rieur est richement d\u00e9cor\u00e9 dans le style baroque et l'impact de la lumi\u00e8re diffuse \u00e9blouit les visiteurs. La plupart des pi\u00e8ces datent d'environ 1770.<\/p>\n\n\n\n<p><strong>Heures d'ouverture :<\/strong> 6 h 00 \u00e0 18 h 30<\/p>\n\n\n\n<p><strong>Adresse physique<\/strong>:Karlovo n\u00e1m., 120 00 Nov\u00e9 M\u011bsto, R\u00e9publique tch\u00e8que<\/p>\n\n\n\n<p><strong>Frais d'entr\u00e9e :<\/strong> Gratuit<\/p>\n\n\n\n<h3 id=\"our-lady-victorious\" class=\"wp-block-heading\">Notre-Dame victorieuse<\/h3>\n\n\n\n<p>L'Enfant J\u00e9sus de Prague se trouve \u00e0 l'int\u00e9rieur de la cath\u00e9drale Notre-Dame victorieuse, de style baroque primitif, qui date du XVIe si\u00e8cle. Polyxena de Lobkowicz a donn\u00e9 au monument une statue couronn\u00e9e. <a href=\"https:\/\/prague.org\/fr\/statue-de-linfant-jesus\/\">Enfant J\u00e9sus<\/a> en empoignant le creuset de Globus \u00e0 la cath\u00e9drale en 1628.<\/p>\n\n\n\n<p>L'Enfant J\u00e9sus porte deux couronnes et environ quarante-six v\u00eatements. Environ dix fois par an, ses v\u00eatements sont modifi\u00e9s pour refl\u00e9ter la saison liturgique. Les v\u00eatements et autres objets sacr\u00e9s sont conserv\u00e9s dans un modeste mus\u00e9e.<\/p>\n\n\n\n<p><strong>Heures d'ouverture :<\/strong> 8:30 \u00e0 18:00<\/p>\n\n\n\n<p><strong>Adresse physique<\/strong>: Prague, Mal\u00e1 Strana<\/p>\n\n\n\n<p><strong>Frais d'entr\u00e9e :<\/strong> Gratuit<\/p>\n\n\n\n<h3 id=\"emmaus-monastery\" class=\"wp-block-heading\">Monast\u00e8re d'Emma\u00fcs&nbsp;<\/h3>\n\n\n\n<p>Les anciens clochers du monast\u00e8re b\u00e9n\u00e9dictin ont \u00e9t\u00e9 br\u00fbl\u00e9s lors d'un bombardement en 1945.&nbsp;<\/p>\n\n\n\n<p>Pourtant, les tours blanches et les fl\u00e8ches dor\u00e9es datant des ann\u00e9es 1960 ont permis au monast\u00e8re d'\u00eatre facilement reconnaissable depuis lors. Charles IV a fond\u00e9 la cath\u00e9drale en 1347, et elle est rapidement devenue un centre de culture et d'\u00e9rudition dans les pays slaves. Des vestiges de rares peintures gothiques sur les murs se trouvent dans les clo\u00eetres, tandis que la chapelle de la Vierge Marie est d\u00e9cor\u00e9e selon l'architecture de Beuron.<\/p>\n\n\n\n<p><strong>Heures d'ouverture :<\/strong> 11:00 \u00e0 16:00<\/p>\n\n\n\n<p><strong>Adresse physique<\/strong>: Vy\u0161ehradsk\u00e1 49\/320, 128 00 Nov\u00e9 M\u011bsto, R\u00e9publique tch\u00e8que<\/p>\n\n\n\n<p><strong>Frais d'entr\u00e9e : <\/strong>A partir de 60 CZK<\/p>\n\n\n\n<h2 id=\"uncover-prague-castles-history-and-splendor-on-an-intimate-group-tour\" class=\"wp-block-heading\">D\u00e9couvrez l'histoire et la splendeur du Ch\u00e2teau de Prague lors d'un circuit intime en groupe<\/h2>\n\n\n\n<div data-gyg-href=\"https:\/\/widget.getyourguide.com\/default\/activities.frame\" data-gyg-locale-code=\"en-US\" data-gyg-widget=\"activities\" data-gyg-number-of-items=\"1\" data-gyg-partner-id=\"U94OQGQ\" data-gyg-tour-ids=\"503280\"><\/div>\n\n\n\n<p>Nich\u00e9 au c\u0153ur de la R\u00e9publique tch\u00e8que, le Ch\u00e2teau de Prague est un joyau parmi les destinations touristiques. Ce site class\u00e9 au patrimoine mondial de l'UNESCO a la particularit\u00e9 d'\u00eatre le plus grand complexe de ch\u00e2teaux au monde. Cette visite en petit groupe vous permettra de d\u00e9couvrir les sites embl\u00e9matiques du ch\u00e2teau, notamment la resplendissante cath\u00e9drale Saint-Guy, l'ancien palais royal et l'enchanteresse Ruelle d'or. <\/p>\n\n\n\n<h3 id=\"highlights\" class=\"wp-block-heading\">Points forts<\/h3>\n\n\n\n<ul>\n<li>Embarquez pour la cath\u00e9drale Saint-Guy, lieu sacr\u00e9 des couronnements des rois de Boh\u00eame. <\/li>\n\n\n\n<li>D\u00e9couvrez l'histoire de la troisi\u00e8me d\u00e9fenestration de Prague dans l'enceinte de l'ancien palais royal. <\/li>\n\n\n\n<li>Visite de la v\u00e9n\u00e9rable basilique Saint-Georges, qui t\u00e9moigne de l'h\u00e9ritage durable du Ch\u00e2teau de Prague. <\/li>\n\n\n\n<li>Fl\u00e2nez dans la charmante Golden Lane, orn\u00e9e de maisons pittoresques et de la captivante tour Daliborka. <\/li>\n<\/ul>\n\n\n\n<h3 id=\"included\" class=\"wp-block-heading\">Inclus<\/h3>\n\n\n\n<ul>\n<li>Frais de visite guid\u00e9e <\/li>\n\n\n\n<li>Cath\u00e9drale Saint-Guy <\/li>\n\n\n\n<li>Ancien palais royal <\/li>\n\n\n\n<li>Basilique Saint-Georges <\/li>\n\n\n\n<li>Chemin de l'or <\/li>\n\n\n\n<li>Contourner les files d'attente pour les billets <\/li>\n\n\n\n<li>Visite guid\u00e9e en direct par un guide anglophone <\/li>\n\n\n\n<li>Accessibilit\u00e9 aux fauteuils roulants <\/li>\n\n\n\n<li>Groupe intimiste <\/li>\n\n\n\n<li>Limit\u00e9 \u00e0 un maximum de 10 participants<\/li>\n<\/ul>\n\n\n\n<div class=\"wp-block-buttons is-layout-flex wp-block-buttons-is-layout-flex\">\n<div class=\"wp-block-button is-style-cs-button-block\"><a class=\"wp-block-button__link wp-element-button\" href=\"https:\/\/www.getyourguide.com\/prague-l10\/prague-castle-small-group-tour-with-visit-to-interiors-t503280\/?partner_id=U94OQGQ&amp;utm_medium=online_publisher\" rel=\"nofollow noopener\">\u2192 V\u00e9rifier<\/a><\/div>\n<\/div>\n\n\n\n<h2 id=\"explore-the-catholic-churches-in-prague\" class=\"wp-block-heading\">D\u00e9couvrez les \u00e9glises catholiques de Prague<\/h2>\n\n\n\n<p>Si les ponts, les tours dor\u00e9es, les all\u00e9es pav\u00e9es et les cours ferm\u00e9es de la ville sont tous incroyables, l'exposition de la ville est la plus importante. <strong>\u00e9glise catholique de Prague<\/strong> est un puissant aimant pour les dizaines de millions de visiteurs annuels de la ville.&nbsp;<\/p>\n\n\n\n<p>En d\u00e9couvrant ce qu'est la c\u00e9l\u00e8bre \u00e9glise pr\u00e8s de Prague, vous en apprendrez plus sur la <strong>\u00e9glise catholique de Prague<\/strong>qui \u00e9tait auparavant le principal<a href=\"https:\/\/prague.org\/fr\/religion-de-la-republique-tcheque\/\" data-type=\"link\" data-id=\"https:\/\/prague.org\/religion-of-czech-republic\/\"> la religion \u00e0 Prague<\/a>L'histoire de l'Union europ\u00e9enne.<\/p>\n\n\n\n<div class=\"wp-block-group is-layout-constrained wp-block-group-is-layout-constrained\"><div class=\"wp-block-group__inner-container\">\n<h2 id=\"faq\" class=\"cnvs-block-section-heading cnvs-block-section-heading-1710856516628 is-style-cnvs-block-section-heading-2 halignleft\" >\n\t<span class=\"cnvs-section-title\">\n\t\t<span>FAQ<\/span>\n\t<\/span>\n<\/h2>\n\n\n\n<div class=\"cnvs-block-collapsibles cnvs-block-collapsibles-1710856446798 cnvs-block-collapsibles-5\" >\n\t\n<div class=\"cnvs-block-collapsible cnvs-block-collapsible-1710856446894 cnvs-block-collapsible-opened\" >\n\t<div class=\"cnvs-block-collapsible-title\">\n\t\t<h6 id=\"what-role-have-these-catholic-churches-played-in-pragues-history-and-development\" class=\"cnvs-block-collapsible-heading\">\n\t\t\t<a href=\"#\">What role have these Catholic churches played in Prague&#8217;s history and development?<\/a>\n\t\t<\/h6>\n\t<\/div>\n\t<div class=\"cnvs-block-collapsible-content\">\n\t\t\n\n<p>Ces <a href=\"https:\/\/www.getyourguide.com\/prague-l10\/prague-s-top-ranked-churches-private-walking-tour-t516101\/?partner_id=U94OQGQ&amp;utm_medium=online_publisher\" data-type=\"link\" data-id=\"https:\/\/www.getyourguide.com\/prague-l10\/prague-s-top-ranked-churches-private-walking-tour-t516101\/?partner_id=U94OQGQ&amp;utm_medium=online_publisher\" rel=\"nofollow noopener\">\u00c9glises catholiques<\/a> have been integral to Prague&#8217;s cultural and religious landscape, often being at the center of significant <a href=\"https:\/\/prague.org\/fr\/eglises-catholiques-prague\/\" data-type=\"link\" data-id=\"https:\/\/prague.org\/catholic-churches-prague\/\">historical events<\/a> and community life.<\/p>\n\n\t<\/div>\n<\/div>\n\n\n<div class=\"cnvs-block-collapsible cnvs-block-collapsible-1710856446899 cnvs-block-collapsible-opened\" >\n\t<div class=\"cnvs-block-collapsible-title\">\n\t\t<h6 id=\"are-there-any-unique-traditions-or-celebrations-associated-with-specific-catholic-churches-in-prague\" class=\"cnvs-block-collapsible-heading\">\n\t\t\t<a href=\"#\">Are there any unique traditions or celebrations associated with specific Catholic churches in Prague?<\/a>\n\t\t<\/h6>\n\t<\/div>\n\t<div class=\"cnvs-block-collapsible-content\">\n\t\t\n\n<p>Specific churches in Prague may host unique liturgical celebrations and local festivities that reflect Czech Catholic traditions and heritage.<\/p>\n\n\t<\/div>\n<\/div>\n\n\n<div class=\"cnvs-block-collapsible cnvs-block-collapsible-1710856454072 cnvs-block-collapsible-opened\" >\n\t<div class=\"cnvs-block-collapsible-title\">\n\t\t<h6 id=\"how-accessible-are-these-churches-for-visitors-with-disabilities\" class=\"cnvs-block-collapsible-heading\">\n\t\t\t<a href=\"#\">How accessible are these churches for visitors with disabilities?<\/a>\n\t\t<\/h6>\n\t<\/div>\n\t<div class=\"cnvs-block-collapsible-content\">\n\t\t\n\n<p>Accessibility varies, with many historic churches making efforts to accommodate visitors with disabilities, though details should be checked in advance.<\/p>\n\n\t<\/div>\n<\/div>\n\n\n<div class=\"cnvs-block-collapsible cnvs-block-collapsible-1710856454237 cnvs-block-collapsible-opened\" >\n\t<div class=\"cnvs-block-collapsible-title\">\n\t\t<h6 id=\"can-visitors-participate-in-any-community-services-or-volunteer-opportunities-at-these-churches\" class=\"cnvs-block-collapsible-heading\">\n\t\t\t<a href=\"#\">Can visitors participate in any community services or volunteer opportunities at these churches?<\/a>\n\t\t<\/h6>\n\t<\/div>\n\t<div class=\"cnvs-block-collapsible-content\">\n\t\t\n\n<p>Community engagement and volunteer opportunities at these churches might be available, particularly for those looking to contribute to local charitable activities.<\/p>\n\n\t<\/div>\n<\/div>\n\n\n<div class=\"cnvs-block-collapsible cnvs-block-collapsible-1710856454377 cnvs-block-collapsible-opened\" >\n\t<div class=\"cnvs-block-collapsible-title\">\n\t\t<h6 id=\"are-there-any-notable-figures-associated-with-the-history-of-these-catholic-churches-in-prague\" class=\"cnvs-block-collapsible-heading\">\n\t\t\t<a href=\"#\">Are there any notable figures associated with the history of these Catholic churches in Prague?<\/a>\n\t\t<\/h6>\n\t<\/div>\n\t<div class=\"cnvs-block-collapsible-content\">\n\t\t\n\n<p>Several churches are tied to <a href=\"https:\/\/prague.org\/fr\/roi-wenceslas-prague\/\" data-type=\"link\" data-id=\"https:\/\/prague.org\/king-wenceslas-prague\/\">historical figures<\/a>, either saints or prominent community leaders, who have influenced their legacy and significance in Prague.<\/p>\n\n\t<\/div>\n<\/div>\n\n<\/div>\n<\/div><\/div>\n\n\n\n<div class=\"gyg-iframe-container\" style=\"margin-bottom:1.5em\"><iframe style=\"border:0;height:100%;width:100%\" title=\"Widget de la ville GetYourGuide\" src=\"https:\/\/widget.getyourguide.com\/default\/city.frame?widget=wp_city&amp;iata=PRG&amp;locale_code=en-GB&amp;partner_id=U94OQGQ\"><\/iframe><\/div>","protected":false},"excerpt":{"rendered":"L'\u00c9glise catholique de Prague, en R\u00e9publique tch\u00e8que, est membre de l'\u00c9glise catholique universelle et est spirituellement...","protected":false},"author":2,"featured_media":9661,"comment_status":"closed","ping_status":"closed","sticky":false,"template":"","format":"standard","meta":{"footnotes":""},"categories":[204,19,1],"tags":[64],"table_tags":[],"_links":{"self":[{"href":"https:\/\/prague.org\/fr\/wp-json\/wp\/v2\/posts\/9657"}],"collection":[{"href":"https:\/\/prague.org\/fr\/wp-json\/wp\/v2\/posts"}],"about":[{"href":"https:\/\/prague.org\/fr\/wp-json\/wp\/v2\/types\/post"}],"author":[{"embeddable":true,"href":"https:\/\/prague.org\/fr\/wp-json\/wp\/v2\/users\/2"}],"replies":[{"embeddable":true,"href":"https:\/\/prague.org\/fr\/wp-json\/wp\/v2\/comments?post=9657"}],"version-history":[{"count":7,"href":"https:\/\/prague.org\/fr\/wp-json\/wp\/v2\/posts\/9657\/revisions"}],"predecessor-version":[{"id":13200,"href":"https:\/\/prague.org\/fr\/wp-json\/wp\/v2\/posts\/9657\/revisions\/13200"}],"wp:featuredmedia":[{"embeddable":true,"href":"https:\/\/prague.org\/fr\/wp-json\/wp\/v2\/media\/9661"}],"wp:attachment":[{"href":"https:\/\/prague.org\/fr\/wp-json\/wp\/v2\/media?parent=9657"}],"wp:term":[{"taxonomy":"category","embeddable":true,"href":"https:\/\/prague.org\/fr\/wp-json\/wp\/v2\/categories?post=9657"},{"taxonomy":"post_tag","embeddable":true,"href":"https:\/\/prague.org\/fr\/wp-json\/wp\/v2\/tags?post=9657"},{"taxonomy":"table_tags","embeddable":true,"href":"https:\/\/prague.org\/fr\/wp-json\/wp\/v2\/table_tags?post=9657"}],"curies":[{"name":"wp","href":"https:\/\/api.w.org\/{rel}","templated":true}]}}