{"id":10290,"date":"2023-08-01T11:13:45","date_gmt":"2023-08-01T09:13:45","guid":{"rendered":"https:\/\/prague.org\/?p=10290"},"modified":"2024-01-02T18:37:10","modified_gmt":"2024-01-02T16:37:10","slug":"where-to-stay-in-prague-icpsoc-conference","status":"publish","type":"post","link":"https:\/\/prague.org\/hu\/hol-lakhatok-prague-icpsoc-konferencian\/","title":{"rendered":"Megfizethet\u0151 \u00e9s f\u00e9ny\u0171z\u0151 sz\u00e1ll\u00e1s a 2024-es ICPSOC konferenci\u00e1ra"},"content":{"rendered":"<p>A 2023. augusztus 15-i Nemzetk\u00f6zi Politikai \u00e9s Szociol\u00f3giai Konferenci\u00e1ra (ICPSOC) tervez utaz\u00e1st? tud\u00f3sok, kutat\u00f3k, d\u00f6nt\u00e9shoz\u00f3k \u00e9s szakemberek vil\u00e1gszerte, k\u00e9sz\u00fcljenek fel arra, hogy elm\u00e9lyedjenek a politika \u00e9s a szociol\u00f3gia soksz\u00edn\u0171 birodalm\u00e1ban. A Nemzetk\u00f6zi Politikai \u00e9s Szociol\u00f3giai Konferencia m\u00e1r majdnem itt van!<\/p>\n\n\n\n<p><strong>Pr\u00e1gai sz\u00e1ll\u00e1st keres? Tal\u00e1lja meg a legjobb v\u00e1laszt\u00e1sainkat minden p\u00e9nzt\u00e1rc\u00e1nak.<\/strong><\/p>\n\n\n\n<h2 id=\"about-the-icpsoc-2024\" class=\"wp-block-heading\">Az ICPSOC 2024-r\u0151l<\/h2>\n\n\n\n<p>A Nemzetk\u00f6zi Politikai \u00e9s Szociol\u00f3giai Konferencia a leny\u0171g\u00f6z\u0151 Pr\u00e1g\u00e1ban ker\u00fcl megrendez\u00e9sre, \u00e9s egy olyan kiv\u00e9teles tal\u00e1lkoz\u00f3, amely nemcsak a szellemi k\u00edv\u00e1ncsis\u00e1got \u00e9s a tudom\u00e1nyos kiv\u00e1l\u00f3s\u00e1got \u00fcnnepli, hanem a r\u00e9sztvev\u0151k k\u00f6z\u00f6tti kultur\u00e1lis meg\u00e9rt\u00e9st \u00e9s egy\u00fcttm\u0171k\u00f6d\u00e9st is el\u0151seg\u00edti.&nbsp;<\/p>\n\n\n\n<p>A pr\u00e1gai ICPSOC \u00f6szt\u00f6nz\u0151 vit\u00e1ival, interdiszciplin\u00e1ris megk\u00f6zel\u00edt\u00e9s\u00e9vel \u00e9s glob\u00e1lis perspekt\u00edv\u00e1ival tov\u00e1bbra is form\u00e1lja a politika \u00e9s a szociol\u00f3gia j\u00f6v\u0151j\u00e9t, \u00e9s maradand\u00f3 hat\u00e1st gyakorol a kutat\u00e1sra, a politik\u00e1ra \u00e9s a t\u00e1rsadalmakra vil\u00e1gszerte.<\/p>\n\n\n\n<p>A 2023-as ICPSOC konferencia id\u0151pontjai, helysz\u00ednei \u00e9s id\u0151pontjai v\u00e1ltozhatnak; a legfrissebb inform\u00e1ci\u00f3k\u00e9rt l\u00e1togasson el a k\u00f6vetkez\u0151 weboldalra <a href=\"https:\/\/internationalconferencealerts.com\/eventdetails.php?id=1989750\" rel=\"nofollow noopener\">hivatalos honlap<\/a> vagy tartsa nyitva a f\u00fcl\u00e9t az esem\u00e9ny szervez\u0151inek bejelent\u00e9sei\u00e9rt.<\/p>\n\n\n\n<h2 id=\"why-prague\" class=\"wp-block-heading\">Mi\u00e9rt Pr\u00e1ga?<\/h2>\n\n\n\n<p><strong>Pr\u00e1ga olyan v\u00e1ros, amely mindenki sz\u00e1m\u00e1ra k\u00edn\u00e1l valamit.<\/strong> Gazdag t\u00f6rt\u00e9nelme, vibr\u00e1l\u00f3 kult\u00far\u00e1ja, \u00edzletes konyh\u00e1ja \u00e9s pezsg\u0151 \u00e9jszakai \u00e9lete miatt a vil\u00e1g minden t\u00e1j\u00e1r\u00f3l \u00e9rkez\u0151 turist\u00e1k kedvelt c\u00e9lpontja. Ak\u00e1r az \u0151si romok felfedez\u00e9se, a m\u00fazeumok l\u00e1togat\u00e1sa, a hagyom\u00e1nyos cseh \u00e9telek megk\u00f3stol\u00e1sa vagy az \u00e9jszakai t\u00e1nc \u00e9rdekli, biztosan tal\u00e1l valamit, ami sz\u00f3rakoztatja \u00d6nt a v\u00e1rosban. <a href=\"https:\/\/prague.org\/hu\/prague-city-walking-tour\/\" data-type=\"URL\" data-id=\"https:\/\/prague.org\/prague-city-walking-tour\/\">Pr\u00e1ga<\/a>.<\/p>\n\n\n\n<p>Pr\u00e1ga, a Cseh K\u00f6zt\u00e1rsas\u00e1g f\u0151v\u00e1rosa szint\u00e9n var\u00e1zslatos helysz\u00ednk\u00e9nt szolg\u00e1l az ICPSOC sz\u00e1m\u00e1ra. A v\u00e1ros k\u00f6z\u00e9pkori b\u00e1j\u00e1val, csod\u00e1latos \u00e9p\u00edt\u00e9szet\u00e9vel \u00e9s m\u0171v\u00e9szeti \u00f6r\u00f6ks\u00e9g\u00e9vel inspir\u00e1l\u00f3 l\u00e9gk\u00f6rt k\u00edn\u00e1l a szellemi felfedez\u00e9shez. A konferencia helysz\u00edneit strat\u00e9giailag \u00fagy v\u00e1lasztottuk ki, hogy a r\u00e9sztvev\u0151k k\u00f6nnyen el\u00e9rhess\u00e9k a t\u00f6rt\u00e9nelmi nevezetess\u00e9geket, a kultur\u00e1lis l\u00e1tnival\u00f3kat \u00e9s a vibr\u00e1l\u00f3 tudom\u00e1nyos k\u00f6rnyezetet.<\/p>\n\n\n\n<h2 id=\"where-to-stay-when-you-attend-the-icpsoc-conference-2024\" class=\"wp-block-heading\"><a href=\"https:\/\/prague.org\/hu\/hotels-in-prague-10\/\">Hol sz\u00e1lljunk meg<\/a> amikor r\u00e9szt vesz a 2024-es ICPSOC konferenci\u00e1n<\/h2>\n\n\n\n<ins class=\"bookingaff\" data-aid=\"2250729\" data-target_aid=\"2250729\" data-prod=\"map\" data-width=\"100%\" data-height=\"590\" data-lang=\"ualng\" data-dest_id=\"0\" data-dest_type=\"landmark\" data-latitude=\"50.0755381\" data-longitude=\"14.4378005\" data-mwhsb=\"0\" data-address=\"Prague, Czechia\">\n    <!-- Anything inside will go away once widget is loaded. -->\n        <a href=\"\/\/www.booking.com?aid=2250729\">Booking.com<\/a>\n<\/ins>\n<script type=\"text\/javascript\">\n    (function(d, sc, u) {\n      var s = d.createElement(sc), p = d.getElementsByTagName(sc)[0];\n      s.type = 'text\/javascript';\n      s.async = true;\n      s.src = u + '?v=' + (+new Date());\n      p.parentNode.insertBefore(s,p);\n      })(document, 'script', '\/\/cf.bstatic.com\/static\/affiliate_base\/js\/flexiproduct.js');\n<\/script>\n\n\n\n<h3 id=\"top-high-range-hotels-near-the-icpsoc-conference-2024\" class=\"wp-block-heading\">A 2024-es ICPSOC konferencia k\u00f6zel\u00e9ben tal\u00e1lhat\u00f3 legjobb nagykateg\u00f3ri\u00e1s sz\u00e1llod\u00e1k<\/h3>\n\n\n\n<ul>\n<li><a href=\"https:\/\/www.booking.com\/hotel\/cz\/prague-imperial.en.html?aid=7905235&amp;no_rooms=1&amp;group_adults=2\" data-type=\"link\" data-id=\"https:\/\/www.booking.com\/hotel\/cz\/prague-imperial.en.html?aid=7905235&amp;no_rooms=1&amp;group_adults=2\" rel=\"nofollow noopener\">Art Deco Imperial Hotel<\/a><\/li>\n\n\n\n<li><a href=\"https:\/\/www.booking.com\/hotel\/cz\/boho-prague.en.html?aid=7905235&amp;no_rooms=1&amp;group_adults=2\" data-type=\"URL\" data-id=\"https:\/\/www.booking.com\/hotel\/cz\/boho-prague.en.html?aid=7905235&amp;no_rooms=1&amp;group_adults=2\" rel=\"nofollow noopener\">BoHo Prague Hotel<\/a><\/li>\n\n\n\n<li><a href=\"https:\/\/www.booking.com\/hotel\/cz\/mandarin-oriental-prague.en.html?aid=7905235&amp;no_rooms=1&amp;group_adults=2\" data-type=\"URL\" data-id=\"https:\/\/www.booking.com\/hotel\/cz\/mandarin-oriental-prague.en.html?aid=7905235&amp;no_rooms=1&amp;group_adults=2\" rel=\"nofollow noopener\">Mandarin Oriental, Pr\u00e1ga<\/a><\/li>\n\n\n\n<li><a href=\"https:\/\/www.booking.com\/hotel\/cz\/u-zlate-studne.en.html?aid=7905235&amp;no_rooms=1&amp;group_adults=2\" data-type=\"URL\" data-id=\"https:\/\/www.booking.com\/hotel\/cz\/u-zlate-studne.en.html?aid=7905235&amp;no_rooms=1&amp;group_adults=2\" rel=\"nofollow noopener\">Golden Well Hotel<\/a><\/li>\n<\/ul>\n\n\n\n<h3 id=\"mid-range-accommodation-close-to-the-icpsoc-conference-2024\" class=\"wp-block-heading\">K\u00f6z\u00e9pkateg\u00f3ri\u00e1s sz\u00e1ll\u00e1s az ICPSOC 2024 konferencia k\u00f6zel\u00e9ben<\/h3>\n\n\n\n<ul>\n<li><a href=\"https:\/\/www.booking.com\/hotel\/cz\/grand-majestic-plaza.en.html?aid=7905235&amp;no_rooms=1&amp;group_adults=2\" data-type=\"URL\" data-id=\"https:\/\/www.booking.com\/hotel\/cz\/grand-majestic-plaza.en.html?aid=7905235&amp;no_rooms=1&amp;group_adults=2\" rel=\"nofollow noopener\">Grand Majestic Plaza<\/a><\/li>\n\n\n\n<li><a href=\"https:\/\/www.booking.com\/hotel\/cz\/hotel-don-giovanni-prague.en.html?aid=7905235&amp;no_rooms=1&amp;group_adults=2\" data-type=\"URL\" data-id=\"https:\/\/www.booking.com\/hotel\/cz\/hotel-don-giovanni-prague.en.html?aid=7905235&amp;no_rooms=1&amp;group_adults=2\" rel=\"nofollow noopener\">Hotel Don Giovanni Pr\u00e1ga<\/a><\/li>\n\n\n\n<li><a href=\"https:\/\/www.booking.com\/hotel\/cz\/central.en.html?aid=7905235&amp;no_rooms=1&amp;group_adults=2\" data-type=\"URL\" data-id=\"https:\/\/www.booking.com\/hotel\/cz\/central.en.html?aid=7905235&amp;no_rooms=1&amp;group_adults=2\" rel=\"nofollow noopener\">Central Hotel Pr\u00e1ga<\/a><\/li>\n\n\n\n<li><a href=\"https:\/\/www.booking.com\/hotel\/cz\/residence-leon-d-oro.en.html?aid=7905235&amp;no_rooms=1&amp;group_adults=2\" data-type=\"URL\" data-id=\"https:\/\/www.booking.com\/hotel\/cz\/residence-leon-d-oro.en.html?aid=7905235&amp;no_rooms=1&amp;group_adults=2\" rel=\"nofollow noopener\">Hotel Leon D'Oro<\/a><\/li>\n<\/ul>\n\n\n\n<h3 id=\"budget-friendly-stays-near-the-icpsoc-conference-2024\" class=\"wp-block-heading\">Kedvez\u0151 \u00e1r\u00fa sz\u00e1ll\u00e1sok az ICPSOC 2024 konferencia k\u00f6zel\u00e9ben<\/h3>\n\n\n\n<ul>\n<li><a href=\"https:\/\/www.booking.com\/hotel\/cz\/apartment-david-o2-arena-prague.en.html?aid=7905235&amp;no_rooms=1&amp;group_adults=2\" data-type=\"URL\" data-id=\"https:\/\/www.booking.com\/hotel\/cz\/apartment-david-o2-arena-prague.en.html?aid=7905235&amp;no_rooms=1&amp;group_adults=2\" rel=\"nofollow noopener\">Hotel Ar\u00e9na Pr\u00e1ga<\/a><\/li>\n\n\n\n<li><a href=\"https:\/\/www.booking.com\/hotel\/cz\/ibis-praha-old-town.en.html?aid=7905235&amp;no_rooms=1&amp;group_adults=2\" data-type=\"URL\" data-id=\"https:\/\/www.booking.com\/hotel\/cz\/ibis-praha-old-town.en.html?aid=7905235&amp;no_rooms=1&amp;group_adults=2\" rel=\"nofollow noopener\">Hotel ibis Praha \u00d3v\u00e1ros<\/a><\/li>\n\n\n\n<li><a href=\"https:\/\/www.booking.com\/hotel\/cz\/ariston.en.html?aid=7905235&amp;no_rooms=1&amp;group_adults=2\" data-type=\"URL\" data-id=\"https:\/\/www.booking.com\/hotel\/cz\/ariston.en.html?aid=7905235&amp;no_rooms=1&amp;group_adults=2\" rel=\"nofollow noopener\">Ariston &amp; Ariston Patio Hotel<\/a><\/li>\n\n\n\n<li><a href=\"https:\/\/www.booking.com\/hotel\/cz\/fortunarhea.en.html?aid=7905235&amp;no_rooms=1&amp;group_adults=2\" data-type=\"URL\" data-id=\"https:\/\/www.booking.com\/hotel\/cz\/fortunarhea.en.html?aid=7905235&amp;no_rooms=1&amp;group_adults=2\" rel=\"nofollow noopener\">A&amp;O Pr\u00e1ga Rhea<\/a><\/li>\n<\/ul>\n\n\n\n<h2 id=\"while-in-prague\" class=\"wp-block-heading\">Pr\u00e1g\u00e1ban...<\/h2>\n\n\n\n<p>N\u00e9zze meg a v\u00e1ros legjobb l\u00e1tnival\u00f3it:<\/p>\n\n\n\n<p>\u25cf <a href=\"https:\/\/prague.org\/hu\/pragai-var-2\/\">Pr\u00e1gai v\u00e1r<\/a><\/p>\n\n\n\n<p>\u25cf <a href=\"https:\/\/prague.org\/hu\/charles-bridge\/\">K\u00e1roly h\u00edd<\/a><\/p>\n\n\n\n<p>\u25cf <a href=\"https:\/\/prague.org\/hu\/old-town-square\/\">\u00d3v\u00e1ros t\u00e9r<\/a><\/p>\n\n\n\n<p>\u25cf <a href=\"https:\/\/prague.org\/hu\/vysehrad-2\/\">Vy\u0161ehrad<\/a><\/p>\n\n\n\n<p>\u25cf <a href=\"https:\/\/prague.org\/hu\/tanchaz\/\">Dancing House<\/a><\/p>\n\n\n\n<p>\u25cf <a href=\"https:\/\/prague.org\/hu\/lesser-town-square\/\">Kisv\u00e1ros<\/a><\/p>\n\n\n\n<p>\u25cf<a href=\"https:\/\/www.getyourguide.fr\/musee-du-communisme-prague-l26117\/prague-billet-d-entree-au-musee-du-communisme-t235062\/?partner_id=U94OQGQ&amp;utm_medium=online_publisher\" data-type=\"URL\" data-id=\"https:\/\/www.getyourguide.fr\/musee-du-communisme-prague-l26117\/prague-billet-d-entree-au-musee-du-communisme-t235062\/?partner_id=U94OQGQ&amp;utm_medium=online_publisher\" rel=\"nofollow noopener\"> A kommunizmus m\u00fazeuma<\/a><\/p>\n\n\n\n<p>\u25cf <a href=\"https:\/\/www.getyourguide.fr\/prague-l10\/prague-croisiere-de-50-mn-en-soiree-t357390\/?partner_id=U94OQGQ&amp;utm_medium=online_publisher\" data-type=\"URL\" data-id=\"https:\/\/www.getyourguide.fr\/prague-l10\/prague-croisiere-de-50-mn-en-soiree-t357390\/?partner_id=U94OQGQ&amp;utm_medium=online_publisher\" rel=\"nofollow noopener\">Esti haj\u00f3k\u00e1z\u00e1s<\/a><\/p>\n\n\n\n<div data-gyg-href=\"https:\/\/widget.getyourguide.com\/default\/activities.frame\" data-gyg-locale-code=\"en-US\" data-gyg-widget=\"activities\" data-gyg-number-of-items=\"3\" data-gyg-cmp=\"sky8\" data-gyg-partner-id=\"U94OQGQ\" data-gyg-tour-ids=\"53490,209055,357390\"><\/div>\n\n\n\n<h2 id=\"drink-and-dine-like-a-local-near-the-icpsoc-conference-2024\" class=\"wp-block-heading\">Igyon \u00e9s vacsor\u00e1zzon \u00fagy, mint egy helyi a 2024-es ICPSOC konferencia k\u00f6zel\u00e9ben<\/h2>\n\n\n\n<ul>\n<li>Hany Bany b\u00e1r<\/li>\n\n\n\n<li>U Kurel\u016f pub<\/li>\n\n\n\n<li>Havelsk\u00e1 Koruna \u00e9tterem<\/li>\n\n\n\n<li>Lvi Dv\u016fr \u00e9tterem<\/li>\n\n\n\n<li>Restaurace Mlejnice<\/li>\n\n\n\n<li>U Sudu b\u00e1r<\/li>\n<\/ul>\n\n\n\n<h2 id=\"important-things-to-keep-in-mind-when-you-attend-the-icpsoc-conference-2024\" class=\"wp-block-heading\">Fontos dolgok, amiket szem el\u0151tt kell tartania, ha r\u00e9szt vesz az ICPSOC 2024 konferenci\u00e1n<\/h2>\n\n\n\n<p><strong>Mozg\u00e1s<\/strong><\/p>\n\n\n\n<p>Pr\u00e1ga sz\u00e1mos k\u00e9nyelmes k\u00f6zleked\u00e9si lehet\u0151s\u00e9get k\u00edn\u00e1l a gy\u00f6ny\u00f6r\u0171 v\u00e1ros felfedez\u00e9s\u00e9hez. <a href=\"https:\/\/prague.org\/hu\/10-top-praga-turisztikai-latvanyossagok-terkepekkel\/\" data-type=\"URL\" data-id=\"https:\/\/prague.org\/10-top-prague-tourist-attractions-with-maps\/\">l\u00e1tnival\u00f3k<\/a>.<\/p>\n\n\n\n<p>Pr\u00e1g\u00e1t fantasztikus gyalogosan felfedezni. Az utc\u00e1k gyalogosbar\u00e1tok, \u00e9s sok fontos l\u00e1tnival\u00f3 gyalogosan is k\u00f6nnyen megk\u00f6zel\u00edthet\u0151. Nyugodtan s\u00e9t\u00e1lhat, \u00e9s elmer\u00fclhet a v\u00e1ros var\u00e1zs\u00e1ban, vagy egy nap alatt t\u00f6bb turistal\u00e1tv\u00e1nyoss\u00e1got is bej\u00e1rhat. Teh\u00e1t, vegye fel a gyalogoscip\u0151j\u00e9t, \u00e9s k\u00e9sz\u00fclj\u00f6n fel Pr\u00e1ga \u00e9lvezetes felfedez\u00e9s\u00e9re!<\/p>\n\n\n\n<p><strong>Metr\u00f3val<\/strong><\/p>\n\n\n\n<p>Pr\u00e1ga t\u00f6megk\u00f6zleked\u00e9se kiv\u00e1l\u00f3an alkalmas a v\u00e1rosban val\u00f3 navig\u00e1l\u00e1sra. Hat\u00e9kony, megfizethet\u0151 \u00e9s felhaszn\u00e1l\u00f3bar\u00e1t. A metr\u00f3val gyorsan utazhat a f\u0151bb \u00fati c\u00e9lok k\u00f6z\u00f6tt, m\u00edg a villamosok \u00e9s buszok a helyi ter\u00fcletekre is elviszik, \u00edgy bepillant\u00e1st nyerhet az autentikus Pr\u00e1g\u00e1ba a turisztikai k\u00f6zpontokon t\u00fal.<\/p>\n\n\n\n<p><a href=\"https:\/\/www.dpp.cz\/en\/fares\/fare-pricelist\" rel=\"nofollow noopener\">Kattintson ide <\/a>hogy felfedezze az \u00f6sszes rendelkez\u00e9sre \u00e1ll\u00f3 jegyopci\u00f3t \u00e9s v\u00e1s\u00e1rt.<\/p>\n\n\n\n<p><strong>Vigy\u00e1zzon a holmij\u00e1ra<\/strong><\/p>\n\n\n\n<ul>\n<li><strong>Hordja a t\u00e1sk\u00e1j\u00e1t maga el\u0151tt.<\/strong>&nbsp;Ez megnehez\u00edti a zsebtolvajok sz\u00e1m\u00e1ra, hogy \u00e9szrev\u00e9tlen\u00fcl ny\u00faljanak a t\u00e1sk\u00e1j\u00e1ba.<\/li>\n\n\n\n<li><strong>Ker\u00fclje az \u00e9rt\u00e9kt\u00e1rgyak h\u00e1ts\u00f3 zsebekben val\u00f3 tart\u00e1s\u00e1t.<\/strong>&nbsp;A zsebtolvajok k\u00f6nnyen beny\u00falhatnak a h\u00e1ts\u00f3 zsebeibe, \u00e9s ellophatj\u00e1k a holmij\u00e1t an\u00e9lk\u00fcl, hogy \u00e9szrevenn\u00e9.<\/li>\n\n\n\n<li><strong>Haszn\u00e1ljon cipz\u00e1ras t\u00e1sk\u00e1t vagy t\u00e1sk\u00e1t.<\/strong>&nbsp;Ez megnehez\u00edti a zsebtolvajok sz\u00e1m\u00e1ra, hogy kinyiss\u00e1k a t\u00e1sk\u00e1j\u00e1t, \u00e9s ellopj\u00e1k a holmij\u00e1t.<\/li>\n\n\n\n<li><strong>Legyen tiszt\u00e1ban a k\u00f6rnyezet\u00e9vel.<\/strong>&nbsp;Ha gyan\u00fasan viselked\u0151 szem\u00e9lyt l\u00e1t, t\u00e1volodjon el, \u00e9s tartsa a holmij\u00e1t a k\u00f6zel\u00e9ben.<\/li>\n\n\n\n<li><strong>Ne engedd, hogy idegenek t\u00fal k\u00f6zel ker\u00fcljenek hozz\u00e1d.<\/strong>&nbsp;A zsebtolvajok megpr\u00f3b\u00e1lhatj\u00e1k elterelni a figyelm\u00e9t, vagy nekimennek, hogy ellopj\u00e1k a holmij\u00e1t.<\/li>\n<\/ul>\n\n\n\n<h2 id=\"final-thoughts\" class=\"wp-block-heading\">V\u00e9gs\u0151 gondolatok<\/h2>\n\n\n\n<p><strong>B\u00e1r Pr\u00e1ga sz\u00e1mos l\u00e1tnival\u00f3t \u00e9s tev\u00e9kenys\u00e9get k\u00edn\u00e1l, fontos, hogy hagyjon egy kis id\u0151t a tervezetlen id\u0151t\u00f6lt\u00e9sre.<\/strong> Ez lehet\u0151v\u00e9 teszi, hogy nyitott legyen az \u00faj tapasztalatokra, \u00e9s olyan rejtett gy\u00f6ngyszemeket fedezzen fel, amelyeket m\u00e1sk\u00e9pp tal\u00e1n nem tal\u00e1lt volna meg. Belebotolhat egy hangulatos b\u00e1rba, egy egyedi \u00fczletbe, vagy egyszer\u0171en csak \u00e9lvezheti az utca \u00e9l\u00e9nk hangulat\u00e1t. Ha elmer\u00fclsz a v\u00e1ros napi ritmus\u00e1ban, m\u00e9lyebben megbecs\u00fcl\u00f6d a v\u00e1ros kult\u00far\u00e1j\u00e1t \u00e9s var\u00e1zs\u00e1t.<\/p>\n\n\n\n<div class=\"gyg-iframe-container\" style=\"margin-bottom:1.5em\"><iframe style=\"border:0;height:100%;width:100%\" title=\"GetYourGuide v\u00e1rosi widget\" src=\"https:\/\/widget.getyourguide.com\/default\/city.frame?widget=wp_city&amp;iata=PRG&amp;locale_code=en-GB&amp;partner_id=U94OQGQ\"><\/iframe><\/div>","protected":false},"excerpt":{"rendered":"A 2023. augusztus 15-\u00e9n megrendez\u00e9sre ker\u00fcl\u0151 Nemzetk\u00f6zi Politikai \u00e9s Szociol\u00f3giai Konferenci\u00e1ra (ICPSOC) tervez utaz\u00e1st? tud\u00f3sok, kutat\u00f3k,...","protected":false},"author":2,"featured_media":10292,"comment_status":"closed","ping_status":"closed","sticky":false,"template":"","format":"standard","meta":{"footnotes":""},"categories":[18,204,220],"tags":[31],"table_tags":[],"_links":{"self":[{"href":"https:\/\/prague.org\/hu\/wp-json\/wp\/v2\/posts\/10290"}],"collection":[{"href":"https:\/\/prague.org\/hu\/wp-json\/wp\/v2\/posts"}],"about":[{"href":"https:\/\/prague.org\/hu\/wp-json\/wp\/v2\/types\/post"}],"author":[{"embeddable":true,"href":"https:\/\/prague.org\/hu\/wp-json\/wp\/v2\/users\/2"}],"replies":[{"embeddable":true,"href":"https:\/\/prague.org\/hu\/wp-json\/wp\/v2\/comments?post=10290"}],"version-history":[{"count":7,"href":"https:\/\/prague.org\/hu\/wp-json\/wp\/v2\/posts\/10290\/revisions"}],"predecessor-version":[{"id":12448,"href":"https:\/\/prague.org\/hu\/wp-json\/wp\/v2\/posts\/10290\/revisions\/12448"}],"wp:featuredmedia":[{"embeddable":true,"href":"https:\/\/prague.org\/hu\/wp-json\/wp\/v2\/media\/10292"}],"wp:attachment":[{"href":"https:\/\/prague.org\/hu\/wp-json\/wp\/v2\/media?parent=10290"}],"wp:term":[{"taxonomy":"category","embeddable":true,"href":"https:\/\/prague.org\/hu\/wp-json\/wp\/v2\/categories?post=10290"},{"taxonomy":"post_tag","embeddable":true,"href":"https:\/\/prague.org\/hu\/wp-json\/wp\/v2\/tags?post=10290"},{"taxonomy":"table_tags","embeddable":true,"href":"https:\/\/prague.org\/hu\/wp-json\/wp\/v2\/table_tags?post=10290"}],"curies":[{"name":"wp","href":"https:\/\/api.w.org\/{rel}","templated":true}]}}