{"id":10478,"date":"2023-08-07T16:42:44","date_gmt":"2023-08-07T14:42:44","guid":{"rendered":"https:\/\/prague.org\/?p=10478"},"modified":"2024-02-19T15:59:17","modified_gmt":"2024-02-19T13:59:17","slug":"exploring-the-academic-landscape-universities-in-prague","status":"publish","type":"post","link":"https:\/\/prague.org\/hu\/exploring-the-academic-landscape-universities-in-prague\/","title":{"rendered":"Az akad\u00e9miai t\u00e1j felfedez\u00e9se: Egyetemek Pr\u00e1g\u00e1ban"},"content":{"rendered":"<p>Sok <a href=\"https:\/\/prague.org\/hu\/how-to-find-student-accommodation-in-prague\/\" data-type=\"URL\" data-id=\"https:\/\/prague.org\/how-to-find-student-accommodation-in-prague\/\">di\u00e1kok <\/a>\u00e1lmodik a k\u00fclf\u00f6ldi tanulm\u00e1nyokr\u00f3l, \u00e9s a pr\u00e1gai egyetemek kiv\u00e1l\u00f3 v\u00e1laszt\u00e1snak bizonyulnak azok sz\u00e1m\u00e1ra, akik a tanulm\u00e1nyi eredm\u00e9nyek \u00e9s a kultur\u00e1lis elm\u00e9ly\u00fcl\u00e9s t\u00f6k\u00e9letes egyens\u00faly\u00e1t keresik. Az Eur\u00f3pa sz\u00edv\u00e9ben fekv\u0151, csod\u00e1latos \"Sz\u00e1z torony v\u00e1rosa\" egyed\u00fcl\u00e1ll\u00f3 oktat\u00e1si \u00e9lm\u00e9nyt k\u00edn\u00e1l, amely a vil\u00e1g minden t\u00e1j\u00e1r\u00f3l \u00e9rkez\u0151 di\u00e1kok elm\u00e9j\u00e9t \u00e9s sz\u00edv\u00e9t megragadja.<\/p>\n\n\n\n<p>A pr\u00e1gai egyetemek kiv\u00e9teles egyens\u00falyt biztos\u00edtanak a tanulm\u00e1nyi eredm\u00e9nyek, a kultur\u00e1lis gazdagod\u00e1s \u00e9s a k\u00f6lts\u00e9gek k\u00f6z\u00f6tt. Egyszer az \u00e9letben k\u00edn\u00e1l lehet\u0151s\u00e9get a szem\u00e9lyes fejl\u0151d\u00e9sre, a nemzetk\u00f6zi kapcsolatokra \u00e9s egy felejthetetlen oktat\u00e1si kalandra Eur\u00f3pa egyik legmegragad\u00f3bb v\u00e1ros\u00e1ban.<\/p>\n\n\n\n<p>A v\u00e1ros sz\u00e1mos nagyra becs\u00fclt f\u0151iskol\u00e1nak ad otthont, amelyek nemzetk\u00f6zi elismerts\u00e9gnek \u00f6rvendenek tudom\u00e1nyos kiv\u00e1l\u00f3s\u00e1guk, \u00e9lvonalbeli kutat\u00e1saik \u00e9s dinamikus nemzetk\u00f6zi k\u00f6z\u00f6ss\u00e9geik miatt. Ebben a cikkben a legjobb egyetemeket \u00e9s a legjelent\u0151sebb egyetemeket vessz\u00fck szem\u00fcgyre. <strong>pr\u00e1gai f\u0151iskol\u00e1k<\/strong> \u00e9s a szellemi \u00e9lethez val\u00f3 hozz\u00e1j\u00e1rul\u00e1suk.<\/p>\n\n\n\n<h2 id=\"7-reasons-why-universities-in-prague-are-the-best\" class=\"wp-block-heading\">7 ok, ami\u00e9rt a pr\u00e1gai egyetemek a legjobbak?<\/h2>\n\n\n\n<figure class=\"wp-block-image size-large\"><img decoding=\"async\" width=\"1024\" height=\"683\" src=\"https:\/\/prague.org\/wp-content\/uploads\/2023\/08\/marie-bellando-mitjans-EJqu_dAgZQA-unsplash-1024x683.jpg\" alt=\"Parc Pr\u00e1g\u00e1ban\" class=\"wp-image-10479\" srcset=\"https:\/\/prague.org\/wp-content\/uploads\/2023\/08\/marie-bellando-mitjans-EJqu_dAgZQA-unsplash-1024x683.jpg 1024w, https:\/\/prague.org\/wp-content\/uploads\/2023\/08\/marie-bellando-mitjans-EJqu_dAgZQA-unsplash-scaled-600x400.jpg 600w, https:\/\/prague.org\/wp-content\/uploads\/2023\/08\/marie-bellando-mitjans-EJqu_dAgZQA-unsplash-300x200.jpg 300w, https:\/\/prague.org\/wp-content\/uploads\/2023\/08\/marie-bellando-mitjans-EJqu_dAgZQA-unsplash-768x512.jpg 768w, https:\/\/prague.org\/wp-content\/uploads\/2023\/08\/marie-bellando-mitjans-EJqu_dAgZQA-unsplash-1536x1024.jpg 1536w, https:\/\/prague.org\/wp-content\/uploads\/2023\/08\/marie-bellando-mitjans-EJqu_dAgZQA-unsplash-2048x1365.jpg 2048w, https:\/\/prague.org\/wp-content\/uploads\/2023\/08\/marie-bellando-mitjans-EJqu_dAgZQA-unsplash-18x12.jpg 18w, https:\/\/prague.org\/wp-content\/uploads\/2023\/08\/marie-bellando-mitjans-EJqu_dAgZQA-unsplash-380x253.jpg 380w, https:\/\/prague.org\/wp-content\/uploads\/2023\/08\/marie-bellando-mitjans-EJqu_dAgZQA-unsplash-800x533.jpg 800w, https:\/\/prague.org\/wp-content\/uploads\/2023\/08\/marie-bellando-mitjans-EJqu_dAgZQA-unsplash-1160x773.jpg 1160w, https:\/\/prague.org\/wp-content\/uploads\/2023\/08\/marie-bellando-mitjans-EJqu_dAgZQA-unsplash-scaled.jpg 2560w\" sizes=\"(max-width: 1024px) 100vw, 1024px\" \/><figcaption class=\"wp-element-caption\">Parc Pr\u00e1g\u00e1ban<\/figcaption><\/figure>\n\n\n\n<h3 id=\"1-prestigious-universities-and-academic-excellence\" class=\"wp-block-heading\">1. Rangos egyetemek \u00e9s tudom\u00e1nyos kiv\u00e1l\u00f3s\u00e1g<\/h3>\n\n\n\n<p>Pr\u00e1ga hossz\u00fa m\u00faltra tekint vissza a szellemi sikerek ter\u00e9n, \u00e9s Eur\u00f3pa legr\u00e9gebbi \u00e9s legjelent\u0151sebb egyetemei k\u00f6z\u00e9 tartozik. Ezek k\u00f6z\u00f6tt van <a href=\"https:\/\/prague.org\/hu\/charles-university-prague\/\" data-type=\"link\" data-id=\"https:\/\/prague.org\/charles-university-prague\/\">K\u00e1roly Egyetem<\/a>, amelyet 1348-ban alap\u00edtottak, \u00e9s a kontinens egyik legr\u00e9gebbi egyeteme. A kar illusztris tagjai a b\u00f6lcs\u00e9szettudom\u00e1nyokt\u00f3l \u00e9s a t\u00e1rsadalomtudom\u00e1nyokt\u00f3l a term\u00e9szettudom\u00e1nyokig \u00e9s az orvostudom\u00e1nyokig a legk\u00fcl\u00f6nb\u00f6z\u0151bb ter\u00fcleteket k\u00e9pviselik. A K\u00e1roly Egyetem hallgat\u00f3i az \u00e9vsz\u00e1zadok sor\u00e1n \u00e1t\u00f6r\u00f6k\u00edtett inform\u00e1ci\u00f3k \u00e9s k\u00e9szs\u00e9gek gazdags\u00e1g\u00e1b\u00f3l r\u00e9szes\u00fclnek, ami a tanul\u00e1s \u00e9s a kutat\u00e1s ir\u00e1nti m\u00e9ly szenved\u00e9lyt t\u00e1pl\u00e1lja.<\/p>\n\n\n\n<h3 id=\"2-international-environment-and-multicultural-community\" class=\"wp-block-heading\">2. Nemzetk\u00f6zi k\u00f6rnyezet \u00e9s multikultur\u00e1lis k\u00f6z\u00f6ss\u00e9g<\/h3>\n\n\n\n<p>A pr\u00e1gai egyetemek felkarolt\u00e1k a nemzetk\u00f6ziv\u00e9 v\u00e1l\u00e1st, \u00e9s sz\u00e1mos angol nyelv\u0171 programot k\u00edn\u00e1lnak, hogy a vil\u00e1g minden t\u00e1j\u00e1r\u00f3l vonzz\u00e1k a di\u00e1kokat. Pr\u00e1g\u00e1ban tanulni azt jelenti, hogy egy kozmopolita t\u00e1rsadalom r\u00e9sz\u00e9v\u00e9 v\u00e1lhat, ahol a k\u00fcl\u00f6nb\u00f6z\u0151 eredet\u0171 di\u00e1kok eszm\u00e9t cser\u00e9lhetnek, sz\u00e9les\u00edthetik a perspekt\u00edv\u00e1kat, \u00e9s \u00e9letre sz\u00f3l\u00f3 k\u00f6tel\u00e9keket alak\u00edthatnak ki. A pr\u00e1gai egyetemek a soksz\u00edn\u0171s\u00e9get a m\u00e1s kult\u00far\u00e1kat \u00e9s \u00e9rt\u00e9keket \u00fcnnepl\u0151 k\u00f6rnyezet \u00e1pol\u00e1s\u00e1val fogadj\u00e1k el, ami gazdag\u00edt\u00f3 vil\u00e1gm\u00e9ret\u0171 tapasztalatokat eredm\u00e9nyez.<\/p>\n\n\n\n<h3 id=\"3-affordability-and-education-quality\" class=\"wp-block-heading\">3. Megfizethet\u0151s\u00e9g \u00e9s az oktat\u00e1s min\u0151s\u00e9ge<\/h3>\n\n\n\n<p>Pr\u00e1ga megfizethet\u0151 lehet\u0151s\u00e9g azok sz\u00e1m\u00e1ra, akik magas sz\u00ednvonal\u00fa oktat\u00e1sra v\u00e1gynak an\u00e9lk\u00fcl, hogy a bankot megroppantan\u00e1k. Pr\u00e1ga <a href=\"https:\/\/prague.org\/hu\/how-to-find-student-accommodation-in-prague\/\">di\u00e1ksz\u00e1ll\u00e1s<\/a> \u00e9s a tand\u00edjak alacsonyabbak, mint sok m\u00e1s eur\u00f3pai v\u00e1rosban, \u00edgy vonz\u00f3 alternat\u00edva a sz\u0171k\u00f6s k\u00f6lts\u00e9gvet\u00e9s\u0171 nemzetk\u00f6zi di\u00e1kok sz\u00e1m\u00e1ra. Ez a megfizethet\u0151s\u00e9g lehet\u0151v\u00e9 teszi a di\u00e1kok sz\u00e1m\u00e1ra, hogy tanulm\u00e1nyaikra koncentr\u00e1ljanak, mik\u00f6zben \u00e9lvezhetik a v\u00e1ros k\u00edn\u00e1lat\u00e1t.<\/p>\n\n\n\n<h3 id=\"4-immersion-in-history-and-culture\" class=\"wp-block-heading\">4. Elm\u00e9ly\u00fcl\u00e9s a t\u00f6rt\u00e9nelemben \u00e9s a kult\u00far\u00e1ban<\/h3>\n\n\n\n<p>A pr\u00e1gai tanulm\u00e1nyok t\u00f6bb mint egyszer\u0171 akad\u00e9miai tanulm\u00e1nyok; a kultur\u00e1lis elm\u00e9ly\u00fcl\u00e9s csod\u00e1latos utaz\u00e1sa. A v\u00e1ros macskak\u00f6ves utc\u00e1i, antik \u00e9p\u00fcletei \u00e9s leny\u0171g\u00f6z\u0151 \u00e9p\u00edt\u00e9szete egy\u00fcttesen olyan gy\u00f6ny\u00f6r\u0171 hangulatot teremtenek, amely \u00e1mulatra \u00e9s csod\u00e1lkoz\u00e1sra k\u00e9sztet. A di\u00e1kok felfedezhetik Pr\u00e1ga dinamikus kultur\u00e1lis \u00e9let\u00e9t, vil\u00e1gsz\u00ednvonal\u00fa el\u0151ad\u00e1sokat n\u00e9zhetnek meg, m\u00fazeumokat l\u00e1togathatnak, \u00e9s r\u00e9szt vehetnek a m\u0171v\u00e9szetet, a zen\u00e9t \u00e9s az irodalmat \u00fcnnepl\u0151 k\u00fcl\u00f6nf\u00e9le fesztiv\u00e1lokon.<\/p>\n\n\n\n<h3 id=\"5-opportunities-for-research-and-practical-experience\" class=\"wp-block-heading\">5. Kutat\u00e1si \u00e9s gyakorlati tapasztalati lehet\u0151s\u00e9gek<\/h3>\n\n\n\n<p>A pr\u00e1gai egyetemek akt\u00edvan r\u00e9szt vesznek a kutat\u00e1sban, \u00e9s lehet\u0151v\u00e9 teszik a hallgat\u00f3k sz\u00e1m\u00e1ra, hogy \u00fatt\u00f6r\u0151 projektekben vegyenek r\u00e9szt. Ez az \u00e9lvonalbeli kutat\u00e1soknak val\u00f3 kitetts\u00e9g fejleszti a kritikai gondolkod\u00e1si k\u00e9szs\u00e9get, a probl\u00e9mamegold\u00f3 k\u00e9pess\u00e9get \u00e9s a tanulm\u00e1nyi ter\u00fclet\u00fck jobb meg\u00e9rt\u00e9s\u00e9t. Emellett sz\u00e1mos egyetem egy\u00fcttm\u0171k\u00f6dik az iparral, hogy a hallgat\u00f3k sz\u00e1m\u00e1ra gyakornoki \u00e9s gyakorlati tapasztalatokat biztos\u00edtson, amelyek jav\u00edtj\u00e1k foglalkoztathat\u00f3s\u00e1gukat.<\/p>\n\n\n\n<h3 id=\"6-life-quality-and-a-friendly-atmosphere\" class=\"wp-block-heading\">6. \u00c9letmin\u0151s\u00e9g \u00e9s bar\u00e1ts\u00e1gos l\u00e9gk\u00f6r<\/h3>\n\n\n\n<p>A lakosok \u00e9s a di\u00e1kok gyakran dics\u00e9rik Pr\u00e1ga \u00e9letmin\u0151s\u00e9g\u00e9t. A v\u00e1ros biztons\u00e1gos \u00e9s kellemes k\u00f6rnyezetet, valamint gyors t\u00f6megk\u00f6zleked\u00e9st \u00e9s gazdas\u00e1gos sz\u00e1llod\u00e1k v\u00e1ltozatos v\u00e1laszt\u00e9k\u00e1t k\u00edn\u00e1lja. A di\u00e1kok \u00e9l\u00e9nk \u00e9jszakai \u00e9letet \u00e9lhetnek, kellemes k\u00e1v\u00e9z\u00f3kban \u00e9tkezhetnek, \u00e9s s\u00e9t\u00e1lhatnak a v\u00e1ros gy\u00f6ny\u00f6r\u0171 parkjaiban \u00e9s kertjeiben.<\/p>\n\n\n\n<h3 id=\"7-central-european-exploration\" class=\"wp-block-heading\">7. K\u00f6z\u00e9p-eur\u00f3pai felfedez\u00e9s<\/h3>\n\n\n\n<p>Pr\u00e1ga k\u00f6zponti elhelyezked\u00e9se Eur\u00f3p\u00e1ban sz\u00e1mos lehet\u0151s\u00e9get k\u00edn\u00e1l az izgalmas utaz\u00e1shoz. A di\u00e1kok olyan szomsz\u00e9dos orsz\u00e1gokba \u00e9s v\u00e1rosokba utazhatnak, mint p\u00e9ld\u00e1ul <a href=\"https:\/\/prague.org\/hu\/budapest-becs-vienna-vagy-praga-melyik-a-legjobb\/\" data-type=\"URL\" data-id=\"https:\/\/prague.org\/budapest-vienna-or-prague-which-one-is-the-best\/\">B\u00e9cs, Budapest<\/a>, Berlin \u00e9s Krakk\u00f3 r\u00f6vid id\u0151n bel\u00fcl. A h\u00e9tv\u00e9gi kir\u00e1ndul\u00e1sok lehet\u0151v\u00e9 teszik a di\u00e1kok sz\u00e1m\u00e1ra, hogy elmer\u00fcljenek m\u00e1s kult\u00far\u00e1kban, t\u00f6rt\u00e9nelmekben \u00e9s t\u00e1jakban, ezzel is n\u00f6velve a k\u00fclf\u00f6ldi tanulm\u00e1nyi tapasztalatokat.<\/p>\n\n\n\n<h2 id=\"the-5-leading-universities-in-prague\" class=\"wp-block-heading\">Az 5 vezet\u0151 pr\u00e1gai egyetem<\/h2>\n\n\n\n<div data-gyg-href=\"https:\/\/widget.getyourguide.com\/default\/activities.frame\" data-gyg-locale-code=\"en-US\" data-gyg-widget=\"activities\" data-gyg-number-of-items=\"3\" data-gyg-cmp=\"freetours\" data-gyg-partner-id=\"U94OQGQ\" data-gyg-tour-ids=\"63988,470619,51182\"><\/div>\n\n\n\n<h3 id=\"charles-university-univerzita-karlova-v-praze\" class=\"wp-block-heading\">K\u00e1roly Egyetem (Univerzita Karlova v Praze)<\/h3>\n\n\n\n<p><strong>K\u00e1roly Egyetem<\/strong> 1348-ban alap\u00edtott\u00e1k, \u00e9s Eur\u00f3pa egyik legr\u00e9gebbi \u00e9s legrangosabb egyeteme. Hat \u00e9vsz\u00e1zados t\u00f6rt\u00e9nelm\u00e9vel els\u0151sz\u00e1m\u00fa tudom\u00e1nyos int\u00e9zm\u00e9nynek sz\u00e1m\u00edt. Az egyetem 17 karral rendelkezik, \u00e9s a b\u00f6lcs\u00e9szettudom\u00e1nyok, term\u00e9szettudom\u00e1nyok, t\u00e1rsadalomtudom\u00e1nyok \u00e9s orvostudom\u00e1nyok sz\u00e9les sk\u00e1l\u00e1j\u00e1t k\u00edn\u00e1lja. A K\u00e1roly Egyetem, amely tudom\u00e1nyos kiv\u00e1l\u00f3s\u00e1g\u00e1r\u00f3l \u00e9s kutat\u00e1si eredm\u00e9nyeir\u0151l ismert, n\u00e9pszer\u0171 v\u00e1laszt\u00e1s mind a hazai, mind a k\u00fclf\u00f6ldi di\u00e1kok sz\u00e1m\u00e1ra.<\/p>\n\n\n\n<h3 id=\"prague-academy-of-performing-arts-akademie-muzickych-umeni-v-praze\" class=\"wp-block-heading\">Pr\u00e1gai El\u0151ad\u00f3m\u0171v\u00e9szeti Akad\u00e9mia (Akademie m\u00fazick\u00fdch um\u011bn\u00ed v Praze)<\/h3>\n\n\n\n<p>A pr\u00e1gai El\u0151ad\u00f3m\u0171v\u00e9szeti Akad\u00e9mia kiv\u00e1l\u00f3 programokat k\u00edn\u00e1l a m\u0171v\u00e9szetek, a sz\u00ednh\u00e1z, a film \u00e9s a zene ir\u00e1nt \u00e9rdekl\u0151d\u0151 di\u00e1kok sz\u00e1m\u00e1ra. Eur\u00f3pa egyik vezet\u0151 m\u0171v\u00e9szeti oktat\u00e1si int\u00e9zm\u00e9nye, amely a legk\u00fcl\u00f6nb\u00f6z\u0151bb szakter\u00fcletekr\u0151l vonzza az ambici\u00f3zus m\u0171v\u00e9szeket.<\/p>\n\n\n\n<h3 id=\"czech-life-sciences-university-in-prague-ceska-zemedelska-univerzita-v-praze\" class=\"wp-block-heading\">Cseh \u00c9lettudom\u00e1nyi Egyetem Pr\u00e1g\u00e1ban (\u010cesk\u00e1 zem\u011bd\u011blsk\u00e1 univerzita v Praze)<\/h3>\n\n\n\n<p>A Cseh \u00c9lettudom\u00e1nyi Egyetem az orsz\u00e1g els\u0151 sz\u00e1m\u00fa int\u00e9zm\u00e9nye, amely az agr\u00e1rtudom\u00e1nyokra, az erd\u00e9szetre, a k\u00f6rnyezetm\u00e9rn\u00f6ki tudom\u00e1nyokra \u00e9s a kapcsol\u00f3d\u00f3 t\u00e1rgyakra specializ\u00e1l\u00f3dott. Az agr\u00e1r- \u00e9s fenntarthat\u00f3s\u00e1gi kutat\u00e1s \u00e9s fejleszt\u00e9s ter\u00e9n meghat\u00e1roz\u00f3 szerepet t\u00f6lt be.<\/p>\n\n\n\n<h3 id=\"czech-technical-university-in-prague-ceske-vysoke-uceni-technicke-v-praze\" class=\"wp-block-heading\">Pr\u00e1gai Cseh M\u0171szaki Egyetem (\u010cesk\u00e9 vysok\u00e9 u\u010den\u00ed technick\u00e9 v Praze)<\/h3>\n\n\n\n<p><strong>A pr\u00e1gai Cseh M\u0171szaki Egyetem<\/strong> ide\u00e1lis tanul\u00e1si k\u00f6rnyezet a m\u00e9rn\u00f6ki, \u00e9p\u00edt\u00e9szeti \u00e9s technol\u00f3giai \u00e9rdekl\u0151d\u00e9s\u0171 di\u00e1kok sz\u00e1m\u00e1ra. A vil\u00e1g egyik legr\u00e9gebbi m\u0171szaki egyeteme, amelyet 1707-ben alap\u00edtottak. Az int\u00e9zm\u00e9ny nagy hangs\u00falyt fektet az innov\u00e1ci\u00f3ra \u00e9s a kutat\u00e1sra, \u00edgy a mai kor probl\u00e9m\u00e1ira k\u00e9sz\u00edti fel a v\u00e9gzetteket. A campus vibr\u00e1l\u00f3 l\u00e9gk\u00f6re el\u0151seg\u00edti az innov\u00e1ci\u00f3 \u00e9s a v\u00e1llalkoz\u00f3i szellem kult\u00far\u00e1j\u00e1t.<\/p>\n\n\n\n<h3 id=\"university-of-prague-of-economics-vysoka-skola-ekonomicka-v-praze\" class=\"wp-block-heading\">Pr\u00e1gai K\u00f6zgazdas\u00e1gtudom\u00e1nyi Egyetem (Vysok\u00e1 \u0161kola ekonomick\u00e1 v Praze)<\/h3>\n\n\n\n<p>A <strong>Pr\u00e1gai Egyetem, k\u00f6zgazdas\u00e1gi szakir\u00e1ny<\/strong>, k\u00f6zgazd\u00e1szok, \u00fczletemberek \u00e9s p\u00e9nz\u00fcgyi szakemberek tal\u00e1lkoznak, hogy vil\u00e1gsz\u00ednvonal\u00fa k\u00e9pz\u00e9st \u00e9s inform\u00e1ci\u00f3t kapjanak. A Cseh K\u00f6zt\u00e1rsas\u00e1g legnagyobb k\u00f6zgazdas\u00e1gi int\u00e9zm\u00e9nyek\u00e9nt a k\u00f6zgazdas\u00e1gtan, a p\u00e9nz\u00fcgyek, a nemzetk\u00f6zi kapcsolatok, az \u00fczleti adminisztr\u00e1ci\u00f3 \u00e9s m\u00e1s ter\u00fcletek tanulm\u00e1nyainak sz\u00e9les sk\u00e1l\u00e1j\u00e1t k\u00edn\u00e1lja. A hallgat\u00f3k j\u00f3l felk\u00e9sz\u00fclnek a glob\u00e1lis munkaer\u0151piacra, mivel az egyetem nagy hangs\u00falyt fektet a gyakorlati alkalmaz\u00e1sokra \u00e9s az er\u0151s ipari kapcsolatokra.<\/p>\n\n\n\n<h2 id=\"experience-a-memorable-academic-adventure-in-prague\" class=\"wp-block-heading\">\u00c9ljen \u00e1t egy eml\u00e9kezetes egyetemi kalandot Pr\u00e1g\u00e1ban<\/h2>\n\n\n\n<p>A <strong>pr\u00e1gai egyetemek \u00e9s f\u0151iskol\u00e1k<\/strong> a tudom\u00e1nyos tant\u00e1rgyak sz\u00e9les sk\u00e1l\u00e1j\u00e1t k\u00e9pviselik, \u00e9s mindegyik\u00fck jelent\u0151sen hozz\u00e1j\u00e1rul az ismeretek b\u0151v\u00edt\u00e9s\u00e9hez \u00e9s a kiemelked\u0151 tud\u00e1s el\u0151mozd\u00edt\u00e1s\u00e1hoz. <a href=\"https:\/\/prague.org\/hu\/merulj-el-az-ujvaros-gazdag-kulturajaban\/\" data-type=\"URL\" data-id=\"https:\/\/prague.org\/immerse-yourself-in-the-rich-culture-of-new-town\/\">kult\u00fara<\/a>. A kutat\u00e1s, az innov\u00e1ci\u00f3 \u00e9s a gyakorlati alkalmaz\u00e1sok ir\u00e1nti elk\u00f6telezetts\u00e9g\u00fck lehet\u0151v\u00e9 teszi a diplom\u00e1sok sz\u00e1m\u00e1ra, hogy a gyorsan v\u00e1ltoz\u00f3 glob\u00e1lis k\u00f6rnyezetben boldoguljanak. Tov\u00e1bb\u00e1, e f\u0151iskol\u00e1k akt\u00edv nemzetk\u00f6zi n\u00e9pess\u00e9ge er\u0151s\u00edti az oktat\u00e1si tapasztalatot, mivel lehet\u0151s\u00e9get ad a hallgat\u00f3knak a soksz\u00edn\u0171s\u00e9g elfogad\u00e1s\u00e1ra \u00e9s a k\u00fcl\u00f6nb\u00f6z\u0151 kult\u00far\u00e1k megismer\u00e9s\u00e9re.<\/p>\n\n\n\n<p>Pr\u00e1ga a szellemi t\u00f6rekv\u00e9sek szimb\u00f3luma, amely a hallgat\u00f3k sz\u00e1m\u00e1ra inspir\u00e1l\u00f3 \u00e9s \u00e1talak\u00edt\u00f3 utaz\u00e1st k\u00edn\u00e1l a szem\u00e9lyes fejl\u0151d\u00e9s \u00e9s a tudom\u00e1nyos eredm\u00e9nyek fel\u00e9, ahogy az akad\u00e9miai \u00f6r\u00f6ks\u00e9g fejl\u0151dik. Pr\u00e1ga a szellemi szigor, a t\u00f6rt\u00e9nelmi b\u00e1j \u00e9s a kultur\u00e1lis pezsg\u00e9s kever\u00e9k\u00e9vel ide\u00e1lis v\u00e1laszt\u00e1s a sokoldal\u00fa \u00e9s teljes \u00e9rt\u00e9k\u0171 fels\u0151oktat\u00e1si \u00e9lm\u00e9nyt keres\u0151k sz\u00e1m\u00e1ra.<\/p>\n\n\n\n<blockquote class=\"wp-block-quote\">\n<p><br>Fedezze fel az \u00e1tfog\u00f3 \u00fatmutat\u00f3t <a href=\"https:\/\/prague.org\/hu\/prague-public-schools\/\" data-type=\"link\" data-id=\"https:\/\/prague.org\/prague-public-schools\/\">Pr\u00e1ga \u00e1llami iskol\u00e1i<\/a>, betekint\u00e9st ny\u00fajtva a cseh f\u0151v\u00e1ros oktat\u00e1si t\u00e1jk\u00e9p\u00e9be.<\/p>\n<\/blockquote>\n\n\n\n<div class=\"gyg-iframe-container\" style=\"margin-bottom:1.5em\"><iframe style=\"border:0;height:100%;width:100%\" title=\"GetYourGuide v\u00e1rosi widget\" src=\"https:\/\/widget.getyourguide.com\/default\/city.frame?widget=wp_city&amp;iata=PRG&amp;locale_code=en-GB&amp;partner_id=U94OQGQ\"><\/iframe><\/div>","protected":false},"excerpt":{"rendered":"Sok di\u00e1k \u00e1lma a k\u00fclf\u00f6ldi tanulm\u00e1nyok, \u00e9s a pr\u00e1gai egyetemek kiv\u00e1l\u00f3 v\u00e1laszt\u00e1snak sz\u00e1m\u00edtanak azok sz\u00e1m\u00e1ra, akik t\u00f6k\u00e9letes...","protected":false},"author":2,"featured_media":10505,"comment_status":"closed","ping_status":"closed","sticky":false,"template":"","format":"standard","meta":{"footnotes":""},"categories":[1,204,19],"tags":[55],"table_tags":[],"_links":{"self":[{"href":"https:\/\/prague.org\/hu\/wp-json\/wp\/v2\/posts\/10478"}],"collection":[{"href":"https:\/\/prague.org\/hu\/wp-json\/wp\/v2\/posts"}],"about":[{"href":"https:\/\/prague.org\/hu\/wp-json\/wp\/v2\/types\/post"}],"author":[{"embeddable":true,"href":"https:\/\/prague.org\/hu\/wp-json\/wp\/v2\/users\/2"}],"replies":[{"embeddable":true,"href":"https:\/\/prague.org\/hu\/wp-json\/wp\/v2\/comments?post=10478"}],"version-history":[{"count":10,"href":"https:\/\/prague.org\/hu\/wp-json\/wp\/v2\/posts\/10478\/revisions"}],"predecessor-version":[{"id":12868,"href":"https:\/\/prague.org\/hu\/wp-json\/wp\/v2\/posts\/10478\/revisions\/12868"}],"wp:featuredmedia":[{"embeddable":true,"href":"https:\/\/prague.org\/hu\/wp-json\/wp\/v2\/media\/10505"}],"wp:attachment":[{"href":"https:\/\/prague.org\/hu\/wp-json\/wp\/v2\/media?parent=10478"}],"wp:term":[{"taxonomy":"category","embeddable":true,"href":"https:\/\/prague.org\/hu\/wp-json\/wp\/v2\/categories?post=10478"},{"taxonomy":"post_tag","embeddable":true,"href":"https:\/\/prague.org\/hu\/wp-json\/wp\/v2\/tags?post=10478"},{"taxonomy":"table_tags","embeddable":true,"href":"https:\/\/prague.org\/hu\/wp-json\/wp\/v2\/table_tags?post=10478"}],"curies":[{"name":"wp","href":"https:\/\/api.w.org\/{rel}","templated":true}]}}