{"id":10648,"date":"2023-08-17T10:35:44","date_gmt":"2023-08-17T08:35:44","guid":{"rendered":"https:\/\/prague.org\/?p=10648"},"modified":"2024-01-02T18:34:40","modified_gmt":"2024-01-02T16:34:40","slug":"where-to-stay-in-prague-icile","status":"publish","type":"post","link":"https:\/\/prague.org\/hu\/hol-lakhatok-prague-icile-ban\/","title":{"rendered":"\u00datmutat\u00f3 a 2024-es Nemzetk\u00f6zi ICILE Konferencia k\u00f6zel\u00e9ben tal\u00e1lhat\u00f3 sz\u00e1ll\u00e1shelyekhez \u00e9s tev\u00e9kenys\u00e9gekhez"},"content":{"rendered":"<p>Tervezi, hogy r\u00e9szt vesz a <strong>Nemzetk\u00f6zi konferencia<\/strong> az internetr\u0151l, az e-tanul\u00e1sr\u00f3l \u00e9s az oktat\u00e1sr\u00f3l (<strong>ICILE<\/strong>) a<strong> 2023. augusztus 24-25.<\/strong>? Gyakorlati szakemberek \u00e9s szak\u00e9rt\u0151k az ipar\u00e1gban k\u00e9sz\u00fcljenek fel arra, hogy <strong>\u00e9rtelmes besz\u00e9lget\u00e9sek<\/strong>, megoszt\u00e1s<strong> \u00faj kutat\u00e1si eredm\u00e9nyek<\/strong>, <strong>kereskedelmi tippek<\/strong>, \u00e9s kov\u00e1csolja<strong> partners\u00e9gek<\/strong> amely el\u0151mozd\u00edtja az internetalap\u00fa tanul\u00e1st \u00e9s oktat\u00e1st. A <strong>Nemzetk\u00f6zi ICILE konferencia<\/strong> gyorsan k\u00f6zeledik!<\/p>\n\n\n\n<p>Hogy a lehet\u0151 legt\u00f6bbet hozhassa ki a leny\u0171g\u00f6z\u0151 cseh f\u0151v\u00e1rosban t\u00f6lt\u00f6tt idej\u00e9b\u0151l, \u00f6sszegy\u0171jt\u00f6tt\u00fck az \u00e1ltalunk javasolt legjobb aj\u00e1nlatokat. <strong>sz\u00e1ll\u00e1s alternat\u00edv\u00e1k<\/strong> (b\u00e1rmilyen \u00e1ron!) \u00e9s egy\u00e9b hasznos aj\u00e1nl\u00e1sok egy k\u00e9zzelfoghat\u00f3 \u00fatmutat\u00f3ban.<\/p>\n\n\n\n<figure class=\"wp-block-image size-full\"><img decoding=\"async\" width=\"1024\" height=\"683\" src=\"https:\/\/prague.org\/wp-content\/uploads\/2023\/08\/image-8.png\" alt=\"Pr\u00e1gai h\u00edd\" class=\"wp-image-10649\" srcset=\"https:\/\/prague.org\/wp-content\/uploads\/2023\/08\/image-8.png 1024w, https:\/\/prague.org\/wp-content\/uploads\/2023\/08\/image-8-300x200.png 300w, https:\/\/prague.org\/wp-content\/uploads\/2023\/08\/image-8-768x512.png 768w, https:\/\/prague.org\/wp-content\/uploads\/2023\/08\/image-8-18x12.png 18w, https:\/\/prague.org\/wp-content\/uploads\/2023\/08\/image-8-380x253.png 380w, https:\/\/prague.org\/wp-content\/uploads\/2023\/08\/image-8-800x534.png 800w, https:\/\/prague.org\/wp-content\/uploads\/2023\/08\/image-8-600x400.png 600w\" sizes=\"(max-width: 1024px) 100vw, 1024px\" \/><figcaption class=\"wp-element-caption\">Pr\u00e1gai h\u00edd<\/figcaption><\/figure>\n\n\n\n<h2 id=\"about-the-international-icile-conference-2024\" class=\"wp-block-heading\">A 2024. \u00e9vi nemzetk\u00f6zi ICILE-konferenci\u00e1r\u00f3l<\/h2>\n\n\n\n<p>A <strong>Nemzetk\u00f6zi Internet Konferencia<\/strong>, E-Learning \u00e9s oktat\u00e1s (<strong>ICILE<\/strong>) Pr\u00e1g\u00e1ban a pr\u00e1gai <strong>a technol\u00f3gia forradalmi ereje az oktat\u00e1sban<\/strong>. V\u00e1ltozatos t\u00e9mav\u00e1laszt\u00e9k\u00e1val, kiemelked\u0151 el\u0151ad\u00f3ival \u00e9s glob\u00e1lis el\u00e9rhet\u0151s\u00e9g\u00e9vel, <strong>ICILE<\/strong> k\u00edn\u00e1l egy <strong>egyed\u00fcl\u00e1ll\u00f3 helysz\u00edn<\/strong> az oktat\u00e1s j\u00f6v\u0151j\u00e9nek megv\u00e1ltoztat\u00e1s\u00e1ban \u00e9rdekelt szem\u00e9lyek sz\u00e1m\u00e1ra. Ahogy a vil\u00e1g \u00e1t\u00f6leli a digit\u00e1lis korszakot, <strong>ICILE<\/strong> tov\u00e1bbra is az \u00e9lvonalban marad, \u00e9s a pedag\u00f3gusokat \u00e9s az innov\u00e1torokat egy befogad\u00f3bb, kreat\u00edvabb \u00e9s \u00f6sszekapcsoltabb oktat\u00e1si t\u00e1j fel\u00e9 vezeti.<\/p>\n\n\n\n<p><strong>ICILE <\/strong>jelent\u0151s <strong>h\u00e1l\u00f3zati er\u0151forr\u00e1s<\/strong>, el\u0151seg\u00edtve a hat\u00e1rokon \u00e9s tudom\u00e1ny\u00e1gakon \u00e1t\u00edvel\u0151 kapcsolatokat.<\/p>\n\n\n\n<p>Javasoljuk, hogy l\u00e1togasson el a konferencia<a href=\"https:\/\/conferencenext.com\/event\/1937932\" rel=\"nofollow noopener\"> hivatalos honlap<\/a> pontos \u00e9s naprak\u00e9sz inform\u00e1ci\u00f3k megszerz\u00e9se a k\u00f6vetkez\u0151kr\u0151l <strong>Nemzetk\u00f6zi Internet Konferencia<\/strong>, E-Learning \u00e9s oktat\u00e1s (<strong>ICILE<\/strong>) Pr\u00e1g\u00e1ban 2023-ban.<\/p>\n\n\n\n<h2 id=\"why-prague\" class=\"wp-block-heading\">Mi\u00e9rt Pr\u00e1ga?<\/h2>\n\n\n\n<p>B\u00e1rmi is legyen az \u00e9rdekl\u0151d\u00e9si k\u00f6r\u00f6d, vagy hogy mi hoz t\u00e9ged Pr\u00e1g\u00e1ba, ez a v\u00e1ros nem fog csal\u00f3d\u00e1st okozni, \u00e9s ide\u00e1lis helysz\u00edn minden utaz\u00f3 sz\u00e1m\u00e1ra, aki egy kellemes utaz\u00e1st keres. <strong>nagyszer\u0171 \u00e9lm\u00e9ny<\/strong>!<\/p>\n\n\n\n<p>Pr\u00e1ga, mint a <strong>ICILE<\/strong>, eleganci\u00e1val \u00e9s inspir\u00e1ci\u00f3val gazdag\u00edtja a konferencia \u00e9lm\u00e9ny\u00e9t. Pr\u00e1ga gazdag t\u00f6rt\u00e9nelm\u00e9vel, l\u00e9legzetel\u00e1ll\u00edt\u00f3 \u00e9p\u00edt\u00e9szet\u00e9vel \u00e9s akt\u00edv kult\u00far\u00e1j\u00e1val lehet\u0151s\u00e9get ny\u00fajt a r\u00e9sztvev\u0151knek arra, hogy elmer\u00fcljenek egy olyan l\u00e9gk\u00f6rben, amely el\u0151seg\u00edti a konferencia r\u00e9sztvev\u0151it. <strong>kreativit\u00e1s <\/strong>\u00e9s <strong>\u00f6nvizsg\u00e1lat<\/strong>. A konferencia olyan teljes \u00e9lm\u00e9nyt ny\u00fajt, amely a szellemi felfedez\u00e9st a kultur\u00e1lis gazdagod\u00e1ssal \u00f6tv\u00f6zi, a t\u00f6rt\u00e9nelmi K\u00e1roly-h\u00eddon val\u00f3 s\u00e9t\u00e1t\u00f3l a v\u00e1ros sz\u00e1mtalan m\u00fazeum\u00e1nak \u00e9s gal\u00e9ri\u00e1j\u00e1nak megtekint\u00e9s\u00e9ig.<\/p>\n\n\n\n<h2 id=\"where-to-stay-when-you-attend-the-icile-conference-in-prague\" class=\"wp-block-heading\"><a href=\"https:\/\/prague.org\/hu\/hotels-in-prague-10\/\">Hol sz\u00e1lljunk meg<\/a> ha r\u00e9szt vesz a pr\u00e1gai ICILE konferenci\u00e1n<\/h2>\n\n\n\n<ins class=\"bookingaff\" data-aid=\"2250729\" data-target_aid=\"2250729\" data-prod=\"map\" data-width=\"100%\" data-height=\"590\" data-lang=\"ualng\" data-dest_id=\"0\" data-dest_type=\"landmark\" data-latitude=\"50.0755381\" data-longitude=\"14.4378005\" data-mwhsb=\"0\" data-address=\"Prague, Czechia\">\n    <!-- Anything inside will go away once widget is loaded. -->\n        <a href=\"\/\/www.booking.com?aid=2250729\">Booking.com<\/a>\n<\/ins>\n<script type=\"text\/javascript\">\n    (function(d, sc, u) {\n      var s = d.createElement(sc), p = d.getElementsByTagName(sc)[0];\n      s.type = 'text\/javascript';\n      s.async = true;\n      s.src = u + '?v=' + (+new Date());\n      p.parentNode.insertBefore(s,p);\n      })(document, 'script', '\/\/cf.bstatic.com\/static\/affiliate_base\/js\/flexiproduct.js');\n<\/script>\n\n\n\n<h3 id=\"top-high-range-hotels-near-the-icile-conference-in-prague\" class=\"wp-block-heading\">A pr\u00e1gai ICILE konferencia k\u00f6zel\u00e9ben tal\u00e1lhat\u00f3 legjobb nagykateg\u00f3ri\u00e1s sz\u00e1llod\u00e1k<\/h3>\n\n\n\n<ul>\n<li><a href=\"https:\/\/www.booking.com\/hotel\/cz\/reshotelalchymistprague.en.html?aid=7905235&amp;no_rooms=1&amp;group_adults=2\" data-type=\"link\" data-id=\"https:\/\/www.booking.com\/hotel\/cz\/reshotelalchymistprague.en.html?aid=7905235&amp;no_rooms=1&amp;group_adults=2\" rel=\"nofollow noopener\">Alchymist Pr\u00e1gai v\u00e1r lakoszt\u00e1lyok<\/a><\/li>\n\n\n\n<li><a href=\"https:\/\/www.booking.com\/hotel\/cz\/hoffmeister.en.html?aid=7905235&amp;no_rooms=1&amp;group_adults=2\" data-type=\"link\" data-id=\"https:\/\/www.booking.com\/hotel\/cz\/hoffmeister.en.html?aid=7905235&amp;no_rooms=1&amp;group_adults=2\" rel=\"nofollow noopener\">Hotel Hoffmeister &amp; Spa<\/a><\/li>\n\n\n\n<li><a href=\"https:\/\/www.booking.com\/hotel\/cz\/u-zlate-studne.en.html?aid=7905235&amp;no_rooms=1&amp;group_adults=2\" data-type=\"link\" data-id=\"https:\/\/www.booking.com\/hotel\/cz\/u-zlate-studne.en.html?aid=7905235&amp;no_rooms=1&amp;group_adults=2\" rel=\"nofollow noopener\">Golden Well Hotel<\/a><\/li>\n\n\n\n<li><a href=\"https:\/\/www.booking.com\/hotel\/cz\/mandarin-oriental-prague.en.html?aid=7905235&amp;no_rooms=1&amp;group_adults=2\" data-type=\"link\" data-id=\"https:\/\/www.booking.com\/hotel\/cz\/mandarin-oriental-prague.en.html?aid=7905235&amp;no_rooms=1&amp;group_adults=2\" rel=\"nofollow noopener\">Mandarin Oriental, Pr\u00e1ga<\/a><\/li>\n\n\n\n<li><a href=\"https:\/\/www.booking.com\/hotel\/cz\/hotelsavoyprague.en.html?aid=7905235&amp;no_rooms=1&amp;group_adults=2\" data-type=\"link\" data-id=\"https:\/\/www.booking.com\/hotel\/cz\/hotelsavoyprague.en.html?aid=7905235&amp;no_rooms=1&amp;group_adults=2\" rel=\"nofollow noopener\">Hotel Savoy Pr\u00e1ga<\/a><\/li>\n<\/ul>\n\n\n\n<h3 id=\"mid-range-accommodation-close-to-the-icile-conference-in-prague\" class=\"wp-block-heading\">K\u00f6z\u00e9pkateg\u00f3ri\u00e1s sz\u00e1ll\u00e1s a pr\u00e1gai ICILE konferencia k\u00f6zel\u00e9ben<\/h3>\n\n\n\n<ul>\n<li><a href=\"https:\/\/www.booking.com\/hotel\/cz\/residence-leon-d-oro.en.html?aid=7905235&amp;no_rooms=1&amp;group_adults=2\" data-type=\"link\" data-id=\"https:\/\/www.booking.com\/hotel\/cz\/residence-leon-d-oro.en.html?aid=7905235&amp;no_rooms=1&amp;group_adults=2\" rel=\"nofollow noopener\">Hotel Leon D'Oro<\/a><\/li>\n\n\n\n<li><a href=\"https:\/\/www.booking.com\/hotel\/cz\/kampa-garden-11000.en.html?aid=7905235&amp;no_rooms=1&amp;group_adults=2\" data-type=\"link\" data-id=\"https:\/\/www.booking.com\/hotel\/cz\/kampa-garden-11000.en.html?aid=7905235&amp;no_rooms=1&amp;group_adults=2\" rel=\"nofollow noopener\">Hotel Kampa Garden<\/a><\/li>\n\n\n\n<li><a href=\"https:\/\/www.booking.com\/hotel\/cz\/salvator.en.html?aid=7905235&amp;no_rooms=1&amp;group_adults=2\" data-type=\"link\" data-id=\"https:\/\/www.booking.com\/hotel\/cz\/salvator.en.html?aid=7905235&amp;no_rooms=1&amp;group_adults=2\" rel=\"nofollow noopener\">Hotel Salvator<\/a><\/li>\n\n\n\n<li><a href=\"https:\/\/www.booking.com\/hotel\/cz\/archibald-city.en.html?aid=7905235&amp;no_rooms=1&amp;group_adults=2\" data-type=\"link\" data-id=\"https:\/\/www.booking.com\/hotel\/cz\/archibald-city.en.html?aid=7905235&amp;no_rooms=1&amp;group_adults=2\" rel=\"nofollow noopener\">Archibald City Hotel<\/a><\/li>\n\n\n\n<li><a href=\"https:\/\/www.booking.com\/hotel\/cz\/elitehotel.en.html?aid=7905235&amp;no_rooms=1&amp;group_adults=2\" data-type=\"link\" data-id=\"https:\/\/www.booking.com\/hotel\/cz\/elitehotel.en.html?aid=7905235&amp;no_rooms=1&amp;group_adults=2\" rel=\"nofollow noopener\">Hotel Elite Pr\u00e1ga<\/a><\/li>\n<\/ul>\n\n\n\n<h3 id=\"budget-friendly-stays-near-the-icile-conference-in-prague\" class=\"wp-block-heading\">Kedvez\u0151 \u00e1r\u00fa sz\u00e1ll\u00e1sok a pr\u00e1gai ICILE konferencia k\u00f6zel\u00e9ben<\/h3>\n\n\n\n<ul>\n<li><a href=\"https:\/\/www.booking.com\/hotel\/cz\/fortunarhea.en.html?aid=7905235&amp;no_rooms=1&amp;group_adults=2\" data-type=\"link\" data-id=\"https:\/\/www.booking.com\/hotel\/cz\/fortunarhea.en.html?aid=7905235&amp;no_rooms=1&amp;group_adults=2\" rel=\"nofollow noopener\">A&amp;O Pr\u00e1ga Metro Strizkov<\/a><\/li>\n\n\n\n<li><a href=\"https:\/\/www.booking.com\/hotel\/cz\/the-madhouse-prague.en.html?aid=7905235&amp;no_rooms=1&amp;group_adults=2\" data-type=\"link\" data-id=\"https:\/\/www.booking.com\/hotel\/cz\/the-madhouse-prague.en.html?aid=7905235&amp;no_rooms=1&amp;group_adults=2\" rel=\"nofollow noopener\">The MadHouse Pr\u00e1ga<\/a><\/li>\n\n\n\n<li><a href=\"https:\/\/www.booking.com\/hotel\/cz\/sophie-s-hostel.en.html?aid=7905235&amp;no_rooms=1&amp;group_adults=2\" data-type=\"link\" data-id=\"https:\/\/www.booking.com\/hotel\/cz\/sophie-s-hostel.en.html?aid=7905235&amp;no_rooms=1&amp;group_adults=2\" rel=\"nofollow noopener\">Sophie's Hostel<\/a><\/li>\n<\/ul>\n\n\n\n<h2 id=\"while-in-prague\" class=\"wp-block-heading\">Pr\u00e1g\u00e1ban...<\/h2>\n\n\n\n<div data-gyg-href=\"https:\/\/widget.getyourguide.com\/default\/activities.frame\" data-gyg-locale-code=\"en-US\" data-gyg-widget=\"activities\" data-gyg-number-of-items=\"3\" data-gyg-cmp=\"sky8\" data-gyg-partner-id=\"U94OQGQ\" data-gyg-tour-ids=\"53490,209055,357390\"><\/div>\n\n\n\n<p>N\u00e9zze meg a v\u00e1ros legjobb l\u00e1tnival\u00f3it:<\/p>\n\n\n\n<p>\u25cf <a href=\"https:\/\/prague.org\/hu\/pragai-var-2\/\">Pr\u00e1gai v\u00e1r<\/a><\/p>\n\n\n\n<p>\u25cf <a href=\"https:\/\/prague.org\/hu\/charles-bridge\/\">K\u00e1roly h\u00edd<\/a><\/p>\n\n\n\n<p>\u25cf <a href=\"https:\/\/prague.org\/hu\/old-town-square\/\">\u00d3v\u00e1ros t\u00e9r<\/a><\/p>\n\n\n\n<p>\u25cf <a href=\"https:\/\/prague.org\/hu\/vysehrad-2\/\">Vy\u0161ehrad<\/a><\/p>\n\n\n\n<p>\u25cf <a href=\"https:\/\/prague.org\/hu\/tanchaz\/\">Dancing House<\/a><\/p>\n\n\n\n<p>\u25cf <a href=\"https:\/\/prague.org\/hu\/lesser-town-square\/\">Kisv\u00e1ros<\/a><\/p>\n\n\n\n<p>\u25cf <a href=\"https:\/\/www.getyourguide.fr\/musee-du-communisme-prague-l26117\/prague-billet-d-entree-au-musee-du-communisme-t235062\/?partner_id=U94OQGQ&amp;utm_medium=online_publisher\" data-type=\"link\" data-id=\"https:\/\/www.getyourguide.fr\/musee-du-communisme-prague-l26117\/prague-billet-d-entree-au-musee-du-communisme-t235062\/?partner_id=U94OQGQ&amp;utm_medium=online_publisher\" rel=\"nofollow noopener\">A kommunizmus m\u00fazeuma<\/a><\/p>\n\n\n\n<p>\u25cf<a href=\"https:\/\/www.getyourguide.fr\/prague-l10\/prague-diner-croisiere-touristique-en-bateau-a-toit-ouvert-t390094\/?partner_id=U94OQGQ&amp;utm_medium=online_publisher\" data-type=\"link\" data-id=\"https:\/\/www.getyourguide.fr\/prague-l10\/prague-diner-croisiere-touristique-en-bateau-a-toit-ouvert-t390094\/?partner_id=U94OQGQ&amp;utm_medium=online_publisher\" rel=\"nofollow noopener\"> Esti haj\u00f3k\u00e1z\u00e1s<\/a><\/p>\n\n\n\n<h2 id=\"drink-and-dine-like-a-local-near-the-icile-conference-in-prague\" class=\"wp-block-heading\">Igyon \u00e9s vacsor\u00e1zzon \u00fagy, mint egy helyi a pr\u00e1gai ICILE konferencia k\u00f6zel\u00e9ben<\/h2>\n\n\n\n<ul>\n<li>Lok\u00e1l Dlouh\u00e1\u00e1\u00e1<\/li>\n\n\n\n<li>U Medv\u00eddk\u016f<\/li>\n\n\n\n<li>Havelsk\u00e1 korona<\/li>\n\n\n\n<li>U Pinkas\u016f<\/li>\n\n\n\n<li>Pivovarsk\u00fd Klub<\/li>\n<\/ul>\n\n\n\n<h2 id=\"things-to-remember-when-attending-the-icile-conference-2024\" class=\"wp-block-heading\">Amit az ICILE 2024-es konferenci\u00e1n val\u00f3 r\u00e9szv\u00e9telkor \u00e9rdemes megjegyezni<\/h2>\n\n\n\n<p><strong>Utaz\u00e1s<\/strong><\/p>\n\n\n\n<p>A <strong>leghat\u00e9konyabb m\u00f3dszerek<\/strong> hogy megszerezz\u00fck <a href=\"https:\/\/prague.org\/hu\/prague-city-walking-tour\/\" data-type=\"link\" data-id=\"https:\/\/prague.org\/fr\/prague-city-walking-tour\/\">Pr\u00e1ga k\u00f6r\u00fcl<\/a> gyalogosan vagy a v\u00e1ros kit\u0171n\u0151 <strong>t\u00f6megk\u00f6zleked\u00e9si rendszer<\/strong>.<\/p>\n\n\n\n<p>Gyalog<\/p>\n\n\n\n<p>Pr\u00e1ga utc\u00e1in s\u00e9t\u00e1lva a v\u00e1ros \u00f6sszes l\u00e1tnival\u00f3j\u00e1t megismerheti. Vegyen fel k\u00e9nyelmes cip\u0151t, \u00e9s tegye meg az utat a <strong>a v\u00e1ros kihagyhatatlan l\u00e1tnival\u00f3i<\/strong>, mivel a legt\u00f6bb kiemelked\u0151 turisztikai l\u00e1tv\u00e1nyoss\u00e1g gyalogosan is el\u00e9rhet\u0151!<\/p>\n\n\n\n<p>Metr\u00f3val<\/p>\n\n\n\n<p>A <strong>metr\u00f3rendszer<\/strong> Pr\u00e1g\u00e1ban az egyik legjelent\u0151sebb <strong>a legnagyobb a vil\u00e1gon<\/strong>. A pr\u00e1gai metr\u00f3 egy <strong>k\u00f6telez\u0151 l\u00e1tnival\u00f3<\/strong>. Tiszta, olcs\u00f3, hat\u00e9kony \u00e9s egyszer\u0171en haszn\u00e1lhat\u00f3. A b\u00edrs\u00e1gok elker\u00fcl\u00e9se \u00e9rdek\u00e9ben ne felejtse el \u00e9rv\u00e9nyes\u00edteni a jegy\u00e9t, miel\u0151tt haszn\u00e1lja!<\/p>\n\n\n\n<p><a href=\"https:\/\/www.dpp.cz\/en\/fares\/fare-pricelist\" rel=\"nofollow noopener\">Kattintson ide<\/a> a k\u00fcl\u00f6nb\u00f6z\u0151 jegyv\u00e1s\u00e1rl\u00e1si lehet\u0151s\u00e9gek \u00e9s v\u00e1s\u00e1rok megtekint\u00e9s\u00e9hez.<\/p>\n\n\n\n<p><strong>Tartsa szemmel a holmij\u00e1t.<\/strong><\/p>\n\n\n\n<p>Pr\u00e1ga egy <strong>rendk\u00edv\u00fcl biztons\u00e1gos v\u00e1ros<\/strong>. Zsebtolvajok, mint minden nagyv\u00e1rosban, l\u00e9teznek.<\/p>\n\n\n\n<p>De nem kell agg\u00f3dni. Mind\u00f6ssze annyit kell tennie, hogy szemmel tartja a holmij\u00e1t, k\u00fcl\u00f6n\u00f6sen a zs\u00fafolt helyeken.<\/p>\n\n\n\n<p>Itt van n\u00e9h\u00e1ny<strong> aj\u00e1nlott int\u00e9zked\u00e9sek<\/strong> annak \u00e9rdek\u00e9ben, hogy a holmija biztons\u00e1gban legyen:<\/p>\n\n\n\n<ul>\n<li>A t\u00e1sk\u00e1t el\u00f6l hordja, soha ne h\u00e1tul.&nbsp;<\/li>\n\n\n\n<li>Ne hordjon \u00e9rt\u00e9kt\u00e1rgyakat a h\u00e1ts\u00f3 zseb\u00e9ben.<\/li>\n\n\n\n<li>Ker\u00fclje a cipz\u00e1r n\u00e9lk\u00fcli p\u00e9nzt\u00e1rc\u00e1k \u00e9s t\u00e1sk\u00e1k visel\u00e9s\u00e9t.&nbsp;<\/li>\n\n\n\n<li>Ha valaki nagyon k\u00f6zel megy \u00f6nh\u00f6z, v\u00e9letlen\u00fcl nekimegy, vagy megpr\u00f3b\u00e1lja elterelni a figyelm\u00e9t, ragadja meg a holmij\u00e1t.&nbsp;<\/li>\n\n\n\n<li>A legfontosabb, hogy figyelj! A zsebtolvajok jellemz\u0151en egyszer\u0171 c\u00e9lpontokat, p\u00e9ld\u00e1ul figyelmetlen szem\u00e9lyeket vesznek c\u00e9lba. Nem lesz semmi bajod, ha j\u00f3l figyelsz, \u00e9s elker\u00fcl\u00f6d a kellemetlens\u00e9geket.<\/li>\n<\/ul>\n\n\n\n<h2 id=\"final-thoughts\" class=\"wp-block-heading\">V\u00e9gs\u0151 gondolatok<\/h2>\n\n\n\n<figure class=\"wp-block-image size-full\"><img decoding=\"async\" width=\"1024\" height=\"768\" src=\"https:\/\/prague.org\/wp-content\/uploads\/2023\/08\/image-9.png\" alt=\"Pr\u00e1ga foly\u00f3\" class=\"wp-image-10650\" srcset=\"https:\/\/prague.org\/wp-content\/uploads\/2023\/08\/image-9.png 1024w, https:\/\/prague.org\/wp-content\/uploads\/2023\/08\/image-9-300x225.png 300w, https:\/\/prague.org\/wp-content\/uploads\/2023\/08\/image-9-768x576.png 768w, https:\/\/prague.org\/wp-content\/uploads\/2023\/08\/image-9-16x12.png 16w, https:\/\/prague.org\/wp-content\/uploads\/2023\/08\/image-9-200x150.png 200w, https:\/\/prague.org\/wp-content\/uploads\/2023\/08\/image-9-260x195.png 260w, https:\/\/prague.org\/wp-content\/uploads\/2023\/08\/image-9-380x285.png 380w, https:\/\/prague.org\/wp-content\/uploads\/2023\/08\/image-9-800x600.png 800w, https:\/\/prague.org\/wp-content\/uploads\/2023\/08\/image-9-600x450.png 600w\" sizes=\"(max-width: 1024px) 100vw, 1024px\" \/><figcaption class=\"wp-element-caption\">Pr\u00e1ga foly\u00f3<\/figcaption><\/figure>\n\n\n\n<p>Sz\u00e1njon id\u0151t<strong> spont\u00e1n tev\u00e9kenys\u00e9gek<\/strong> \u00e9s k\u00e9nyelmes s\u00e9t\u00e1k!<\/p>\n\n\n\n<p>Meg\u00e9rtj\u00fck, hogy van <strong>sok l\u00e1tnival\u00f3 \u00e9s tennival\u00f3 Pr\u00e1g\u00e1ban<\/strong> \u00e9s hogy a k\u00eds\u00e9rt\u00e9s, hogy mindent l\u00e1ssunk, t\u00fal nagy lehet. V\u00e9lem\u00e9ny\u00fcnk szerint azonban az egyik legjobb m\u00f3dja egy v\u00e1ros (vagy b\u00e1rmelyik v\u00e1ros!) felfedez\u00e9s\u00e9nek az, hogy <strong>hagyja az id\u0151 egy r\u00e9sz\u00e9t tervezetlen\u00fcl<\/strong>.<\/p>\n\n\n\n<p>L\u00e9pjen be egy b\u00e1rba egy s\u00f6rre, l\u00e9pjen be abba a boltba, amely felkeltette a k\u00edv\u00e1ncsis\u00e1g\u00e1t, \u00e9s telepedjen le egy t\u00e9r melletti helyre, hogy n\u00e9zze a v\u00e1rost. Egy hely h\u00e9tk\u00f6znapjainak megtapasztal\u00e1sa vitathatatlanul a legjobb m\u00f3dja annak, hogy val\u00f3ban \u00e9lvezd azt!<\/p>\n\n\n\n<div class=\"gyg-iframe-container\" style=\"margin-bottom:1.5em\"><iframe style=\"border:0;height:100%;width:100%\" title=\"GetYourGuide v\u00e1rosi widget\" src=\"https:\/\/widget.getyourguide.com\/default\/city.frame?widget=wp_city&amp;iata=PRG&amp;locale_code=en-GB&amp;partner_id=U94OQGQ\"><\/iframe><\/div>","protected":false},"excerpt":{"rendered":"Tervezi, hogy r\u00e9szt vesz az Internet, E-Learning \u00e9s Oktat\u00e1s Nemzetk\u00f6zi Konferenci\u00e1j\u00e1n (ICILE) 2023. augusztus 24-25. k\u00f6z\u00f6tt?....","protected":false},"author":2,"featured_media":10661,"comment_status":"closed","ping_status":"closed","sticky":false,"template":"","format":"standard","meta":{"footnotes":""},"categories":[204,220,18],"tags":[31],"table_tags":[],"_links":{"self":[{"href":"https:\/\/prague.org\/hu\/wp-json\/wp\/v2\/posts\/10648"}],"collection":[{"href":"https:\/\/prague.org\/hu\/wp-json\/wp\/v2\/posts"}],"about":[{"href":"https:\/\/prague.org\/hu\/wp-json\/wp\/v2\/types\/post"}],"author":[{"embeddable":true,"href":"https:\/\/prague.org\/hu\/wp-json\/wp\/v2\/users\/2"}],"replies":[{"embeddable":true,"href":"https:\/\/prague.org\/hu\/wp-json\/wp\/v2\/comments?post=10648"}],"version-history":[{"count":11,"href":"https:\/\/prague.org\/hu\/wp-json\/wp\/v2\/posts\/10648\/revisions"}],"predecessor-version":[{"id":12445,"href":"https:\/\/prague.org\/hu\/wp-json\/wp\/v2\/posts\/10648\/revisions\/12445"}],"wp:featuredmedia":[{"embeddable":true,"href":"https:\/\/prague.org\/hu\/wp-json\/wp\/v2\/media\/10661"}],"wp:attachment":[{"href":"https:\/\/prague.org\/hu\/wp-json\/wp\/v2\/media?parent=10648"}],"wp:term":[{"taxonomy":"category","embeddable":true,"href":"https:\/\/prague.org\/hu\/wp-json\/wp\/v2\/categories?post=10648"},{"taxonomy":"post_tag","embeddable":true,"href":"https:\/\/prague.org\/hu\/wp-json\/wp\/v2\/tags?post=10648"},{"taxonomy":"table_tags","embeddable":true,"href":"https:\/\/prague.org\/hu\/wp-json\/wp\/v2\/table_tags?post=10648"}],"curies":[{"name":"wp","href":"https:\/\/api.w.org\/{rel}","templated":true}]}}