{"id":11423,"date":"2023-10-02T10:21:21","date_gmt":"2023-10-02T08:21:21","guid":{"rendered":"https:\/\/prague.org\/?p=11423"},"modified":"2023-11-06T09:44:34","modified_gmt":"2023-11-06T07:44:34","slug":"sparta-praha","status":"publish","type":"post","link":"https:\/\/prague.org\/hu\/sparta-praha\/","title":{"rendered":"Sparta Praha: Pr\u00e1ga sport\u00f6r\u00f6ks\u00e9g\u00e9nek felg\u00f6ngy\u00f6l\u00edt\u00e9se"},"content":{"rendered":"<p>A futballcsapat <strong>Sparta Praha<\/strong>, gyakran ismert mint <strong>Sparta Prague FC <\/strong>vagy csak <strong>AC Sparta Pr\u00e1ga<\/strong>, sz\u00e9les k\u00f6rben a Cseh K\u00f6zt\u00e1rsas\u00e1g legsikeresebb \u00e9s legismertebb csapatai k\u00f6z\u00f6tt tartj\u00e1k sz\u00e1mon.<strong> Sparta Praha<\/strong> egy kultur\u00e1lis \u00e9s t\u00f6rt\u00e9nelmi nevezetess\u00e9g, amely 1893 \u00f3ta l\u00e9tezik, \u00e9s t\u00f6bb mint egy sportklub.<\/p>\n\n\n\n<p><strong>Sparta Praha FC <\/strong>hossz\u00fa sikert\u00f6rt\u00e9netre tekint vissza itthon \u00e9s k\u00fclf\u00f6ld\u00f6n egyar\u00e1nt. Csehorsz\u00e1gban t\u00f6bb bajnoki c\u00edmet, kupagy\u0151zelmet \u00e9s szuperkup\u00e1t is nyert a klub. A Sparta kijutott Eur\u00f3p\u00e1ba, ahol az UEFA Bajnokok Lig\u00e1j\u00e1ban \u00e9s az UEFA Eur\u00f3pa Lig\u00e1ban j\u00e1tszott.<\/p>\n\n\n\n<p>A kor\u00e1bban Letn\u00e1 Stadionk\u00e9nt emlegetett csapat ma m\u00e1r a Generali Ar\u00e9n\u00e1ban j\u00e1tssza hazai m\u00e9rk\u0151z\u00e9seit. Pr\u00e1ga Letn\u00e1 v\u00e1rosr\u00e9sz\u00e9ben tal\u00e1lhat\u00f3 ez a r\u00e9gi stadion, amely t\u00f6bb mint 19 000 szurkol\u00f3t tud befogadni. <strong>futball Pr\u00e1g\u00e1ban<\/strong>.<\/p>\n\n\n\n<h2 id=\"the-history-of-the-club\" class=\"wp-block-heading\">A klub t\u00f6rt\u00e9nete<\/h2>\n\n\n\n<h3 id=\"formation\" class=\"wp-block-heading\">Form\u00e1ci\u00f3<\/h3>\n\n\n\n<p>A Sparta Pr\u00e1ga labdar\u00fag\u00f3klub az egyik legkor\u00e1bbi a Cseh K\u00f6zt\u00e1rsas\u00e1gban, 1893-ban alap\u00edtotta egy csapat fiatal sportrajong\u00f3. Azzal a sz\u00e1nd\u00e9kkal alap\u00edtott\u00e1k a klubot, hogy a labdar\u00fag\u00e1st n\u00e9pszer\u0171bb\u00e9 \u00e9s sikeresebb\u00e9 tegy\u00e9k a v\u00e1rosban. <a href=\"https:\/\/prague.org\/hu\/\" data-type=\"link\" data-id=\"https:\/\/prague.org\/\">Pr\u00e1ga<\/a>.<\/p>\n\n\n\n<h3 id=\"early-success\" class=\"wp-block-heading\">Korai siker<\/h3>\n\n\n\n<p>A cseh labdar\u00fag\u00e1sban gyorsan a cseh labdar\u00fag\u00e1s egyik er\u0151ss\u00e9g\u00e9v\u00e9 v\u00e1lt Szpartak hamar sikereket \u00e9rt el. Belf\u00f6ld\u00f6n a csapat a huszadik sz\u00e1zad elej\u00e9n t\u00f6bb bajnoki c\u00edmet \u00e9s kup\u00e1t nyert.<\/p>\n\n\n\n<h3 id=\"the-golden-era\" class=\"wp-block-heading\">Az aranykorszak<\/h3>\n\n\n\n<p>Az 1920-as \u00e9s 1930-as \u00e9veket szokt\u00e1k \u00fagy id\u00e9zni, hogy<strong> Sparta Prague FC<\/strong>\"Aranykorszak\u00e1t\". Ebben az id\u0151szakban a csapat \u00faj sikereket \u00e9rt el, sorozatos bajnoki c\u00edmeket nyert, \u00e9s a k\u00f6z\u00e9p-eur\u00f3pai labdar\u00fag\u00e1s elismert szerepl\u0151j\u00e9v\u00e9 v\u00e1lt.<\/p>\n\n\n\n<h2 id=\"what-makes-sparta-praha-stand-out\" class=\"wp-block-heading\">Mit\u0151l emelkedik ki a Sparta Praha?<\/h2>\n\n\n\n<h3 id=\"fanbase\" class=\"wp-block-heading\">Rajong\u00f3t\u00e1bor<\/h3>\n\n\n\n<p>A klub szurkol\u00f3i rendk\u00edv\u00fcl h\u0171s\u00e9gesek \u00e9s lelkesek. A m\u00e1s pr\u00e1gai csapatokkal val\u00f3 \u00e1d\u00e1z rivaliz\u00e1l\u00e1s eredm\u00e9nyek\u00e9nt, mint p\u00e9ld\u00e1ul a <a href=\"https:\/\/prague.org\/hu\/sparta-prague-vs-slavia-praha\/\" data-type=\"link\" data-id=\"https:\/\/prague.org\/sparta-prague-vs-slavia-praha\/\">Slavia Pr\u00e1ga<\/a>, Sparta Pr\u00e1ga <strong>futballm\u00e9rk\u0151z\u00e9sek<\/strong> fanatikus rajong\u00f3kat vonzanak, \u00e9s a pr\u00e1gai derbik hangulata mag\u00e1val ragad\u00f3.<\/p>\n\n\n\n<h3 id=\"young-people-development\" class=\"wp-block-heading\">Fiatalok fejleszt\u00e9se<\/h3>\n\n\n\n<p><strong>Sparta Pr\u00e1ga<\/strong> hangs\u00falyt fektet arra, hogy seg\u00edtse a fiatalokat az \u00e9letben val\u00f3 boldogul\u00e1sban. A klub er\u0151fesz\u00edt\u00e9seket tesz a fiatal j\u00e1t\u00e9kosok fejleszt\u00e9s\u00e9re, es\u00e9lyt adva nekik, hogy csilloghassanak, hogy v\u00e9g\u00fcl nagyban hozz\u00e1j\u00e1rulhassanak a klub \u00e9s a cseh v\u00e1logatott munk\u00e1j\u00e1hoz.<\/p>\n\n\n\n<h3 id=\"involvement-in-the-community\" class=\"wp-block-heading\">K\u00f6z\u00f6ss\u00e9gi szerepv\u00e1llal\u00e1s<\/h3>\n\n\n\n<p>A Sparta Pr\u00e1ga t\u00f6bbet tesz, mint csak j\u00e1tszik <strong>sport Pr\u00e1g\u00e1ban<\/strong>; a klub akt\u00edvan r\u00e9szt vesz sz\u00e1mos helyi programban, bele\u00e9rtve az ifj\u00fas\u00e1gi labdar\u00fag\u00e1st \u00e9s a j\u00f3t\u00e9konys\u00e1gi munk\u00e1t. A szervezet tudat\u00e1ban van a t\u00e1gabb k\u00f6z\u00f6ss\u00e9gben elfoglalt hely\u00e9nek, \u00e9s azon dolgozik, hogy konstrukt\u00edv hat\u00e1st gyakoroljon.<\/p>\n\n\n\n<h3 id=\"legendary-players\" class=\"wp-block-heading\">Legend\u00e1s j\u00e1t\u00e9kosok<\/h3>\n\n\n\n<p><strong>AC Sparta Pr\u00e1ga<\/strong>A j\u00e1t\u00e9kosok list\u00e1ja tele van a j\u00e1t\u00e9k legend\u00e1ival. Ezek a labdar\u00fag\u00f3k kit\u00f6r\u00f6lhetetlen nyomot hagytak a klub t\u00f6rt\u00e9nelm\u00e9ben, \u00e9s a nemzetk\u00f6zi porondon is nagy dolgokat vittek v\u00e9ghez.<\/p>\n\n\n\n<h2 id=\"where-you-can-go-to-see-a-match-and-the-price\" class=\"wp-block-heading\">Hol lehet megn\u00e9zni egy m\u00e9rk\u0151z\u00e9st \u00e9s az \u00e1rakat&nbsp;<\/h2>\n\n\n\n<p>A Generali \u010cesk\u00e1 poji\u0161\u0165ovna Arena, gyakran Letn\u00e1 Stadion n\u00e9ven is ismert, a Sparta Praha hazai p\u00e1ly\u00e1ja, amely Pr\u00e1ga Letn\u00e1 v\u00e1rosr\u00e9sz\u00e9ben tal\u00e1lhat\u00f3.<\/p>\n\n\n\n<p>Jegyek a k\u00f6vetkez\u0151 r\u00e9sz\u00e9re<strong> Sparta<\/strong> <strong>Praha foci <\/strong>a m\u00e9rk\u0151z\u00e9sekre el\u0151v\u00e9telben online, vagy a stadionban a kezd\u00e9s el\u0151tt h\u00e1rom \u00f3r\u00e1val kezd\u0151d\u0151en lehet jegyet v\u00e1s\u00e1rolni.<\/p>\n\n\n\n<p>A jegyek h\u00e1rom k\u00fcl\u00f6nb\u00f6z\u0151 \u00e1rfekv\u00e9s\u0171ek. A kapu m\u00f6g\u00f6tti helyek a legalacsonyabb \u00e1rkateg\u00f3ri\u00e1ban 170,00 CZK-t\u00f3l kezd\u0151dnek. Az oldals\u00f3 \u00fcl\u0151helyek \u00e1ra 250,00 CZK-t\u00f3l 290,00 CZK-ig terjed. A legdr\u00e1g\u00e1bb opci\u00f3\u00e9rt 350,00 CZK \u00e9s 590,00 CZK k\u00f6z\u00f6tti \u00f6sszegre sz\u00e1m\u00edthat.<\/p>\n\n\n\n<h2 id=\"witness-the-sporting-jewel-of-prague\" class=\"wp-block-heading\">Legyen szemtan\u00faja Pr\u00e1ga sportos \u00e9kk\u00f6v\u00e9nek<\/h2>\n\n\n\n<p><strong>Sparta Praha <\/strong>a cseh labdar\u00fag\u00e1s egyik legismertebb \u00e9s legsikeresebb csapata, a j\u00e1t\u00e9k szeretet\u00e9nek, a hossz\u00fa sikert\u00f6rt\u00e9net\u00e9nek \u00e9s a fiatal j\u00e1t\u00e9kosok fejleszt\u00e9se ir\u00e1nti elk\u00f6telezetts\u00e9g\u00e9nek k\u00f6sz\u00f6nhet\u0151en a Sparta Pr\u00e1ga a pr\u00e1gai sport\u00e9let n\u00e9lk\u00fcl\u00f6zhetetlen eleme.<\/p>\n\n\n\n<p>L\u00e1togasson el a Letn\u00e1 Stadionba, amely a futballrajong\u00f3k Mekk\u00e1ja, ahol a legend\u00e1s <strong>Sparta Praha<\/strong> \u00e9s \u00e9rezze a foci meg\u00e1ll\u00edthatatlan energi\u00e1j\u00e1t ebben a gy\u00f6ny\u00f6r\u0171 v\u00e1rosban. K\u00e9s\u0151bb megl\u00e1togathatja a<a href=\"https:\/\/prague.org\/hu\/letna-park\/\"> Letn\u00e1 park<\/a> a k\u00f6zelben.<\/p>\n\n\n\n<div class=\"gyg-iframe-container\" style=\"margin-bottom:1.5em\"><iframe style=\"border:0;height:100%;width:100%\" title=\"GetYourGuide v\u00e1rosi widget\" src=\"https:\/\/widget.getyourguide.com\/default\/city.frame?widget=wp_city&amp;iata=prg&amp;locale_code=en-GB&amp;partner_id=U94OQGQ\"><\/iframe><\/div>","protected":false},"excerpt":{"rendered":"A Sparta Praha labdar\u00fag\u00f3csapat, gyakran Sparta Prague FC vagy csak AC Sparta Praha n\u00e9ven ismert, sz\u00e9les k\u00f6rben...","protected":false},"author":2,"featured_media":11430,"comment_status":"closed","ping_status":"closed","sticky":false,"template":"","format":"standard","meta":{"footnotes":""},"categories":[204,15,39],"tags":[49],"table_tags":[],"_links":{"self":[{"href":"https:\/\/prague.org\/hu\/wp-json\/wp\/v2\/posts\/11423"}],"collection":[{"href":"https:\/\/prague.org\/hu\/wp-json\/wp\/v2\/posts"}],"about":[{"href":"https:\/\/prague.org\/hu\/wp-json\/wp\/v2\/types\/post"}],"author":[{"embeddable":true,"href":"https:\/\/prague.org\/hu\/wp-json\/wp\/v2\/users\/2"}],"replies":[{"embeddable":true,"href":"https:\/\/prague.org\/hu\/wp-json\/wp\/v2\/comments?post=11423"}],"version-history":[{"count":4,"href":"https:\/\/prague.org\/hu\/wp-json\/wp\/v2\/posts\/11423\/revisions"}],"predecessor-version":[{"id":11922,"href":"https:\/\/prague.org\/hu\/wp-json\/wp\/v2\/posts\/11423\/revisions\/11922"}],"wp:featuredmedia":[{"embeddable":true,"href":"https:\/\/prague.org\/hu\/wp-json\/wp\/v2\/media\/11430"}],"wp:attachment":[{"href":"https:\/\/prague.org\/hu\/wp-json\/wp\/v2\/media?parent=11423"}],"wp:term":[{"taxonomy":"category","embeddable":true,"href":"https:\/\/prague.org\/hu\/wp-json\/wp\/v2\/categories?post=11423"},{"taxonomy":"post_tag","embeddable":true,"href":"https:\/\/prague.org\/hu\/wp-json\/wp\/v2\/tags?post=11423"},{"taxonomy":"table_tags","embeddable":true,"href":"https:\/\/prague.org\/hu\/wp-json\/wp\/v2\/table_tags?post=11423"}],"curies":[{"name":"wp","href":"https:\/\/api.w.org\/{rel}","templated":true}]}}