{"id":11633,"date":"2023-10-16T08:35:22","date_gmt":"2023-10-16T06:35:22","guid":{"rendered":"https:\/\/prague.org\/?p=11633"},"modified":"2024-04-22T13:35:12","modified_gmt":"2024-04-22T11:35:12","slug":"oldest-bar-in-prague","status":"publish","type":"post","link":"https:\/\/prague.org\/hu\/legregebbi-bar-pragaban\/","title":{"rendered":"L\u00e9pjen vissza az id\u0151ben: Pr\u00e1ga gazdag t\u00f6rt\u00e9nelm\u00e9nek legr\u00e9gebbi b\u00e1rjainak felfedez\u00e9se"},"content":{"rendered":"<p>Amint bel\u00e9p a <strong>Pr\u00e1ga legr\u00e9gebbi b\u00e1rja<\/strong>, \u00e9lvezheti a v\u00e1ros sz\u00e1mos l\u00e1tnival\u00f3j\u00e1t. Ez k\u00fcl\u00f6n\u00f6sen igaz, mert ez az \u00e9p\u00fclet meg\u0151rizte k\u00f6z\u00e9pkori jelleg\u00e9t. K\u00f6nny\u0171 besz\u00e9lget\u00e9st kezdem\u00e9nyezni b\u00e1rkivel, \u00e9s meginni n\u00e9h\u00e1ny kors\u00f3 min\u0151s\u00e9gi cseh s\u00f6rt ebben a l\u00e9tes\u00edtm\u00e9nyben.<strong> Pr\u00e1ga legr\u00e9gebbi b\u00e1rja<\/strong>!<\/p>\n\n\n\n<p><strong>Melyik a legr\u00e9gebbi kocsma Pr\u00e1g\u00e1ban?<\/strong><\/p>\n\n\n\n<p>Az U kr\u00e1le Brabantsk\u00e9ho, egy t\u00f6rt\u00e9nelmi kocsma Pr\u00e1g\u00e1ban, amely a jelek szerint 1375 \u00f3ta van nyitva, \u00edgy ez a legr\u00e9gebbi kocsma a vil\u00e1gon.<strong> Pr\u00e1ga legr\u00e9gebbi b\u00e1rja.<\/strong><\/p>\n\n\n\n<p>Azzal, hogy megl\u00e1togatja ezeket a <strong>legr\u00e9gebbi b\u00e1rok Pr\u00e1g\u00e1ban<\/strong>, megismerheti Pr\u00e1ga gazdag t\u00f6rt\u00e9nelm\u00e9t \u00e9s kult\u00far\u00e1j\u00e1t, mik\u00f6zben finom cseh s\u00f6r\u00f6ket \u00e9s \u00e9teleket k\u00f3stolhat. Ezek az iv\u00f3helyek mind r\u00e9szei Pr\u00e1ga hossz\u00fa \u00e9s mes\u00e9s t\u00f6rt\u00e9nelm\u00e9nek.<\/p>\n\n\n\n<h2 id=\"the-legacy-of-pragues-oldest-bars\" class=\"wp-block-heading\">Pr\u00e1ga legr\u00e9gebbi b\u00e1rjainak \u00f6r\u00f6ks\u00e9ge&nbsp;<\/h2>\n\n\n\n<figure class=\"wp-block-image size-large\"><img decoding=\"async\" width=\"1024\" height=\"683\" src=\"https:\/\/prague.org\/wp-content\/uploads\/2023\/10\/bohdan-stocek-vt0O0Av96R4-unsplash-1-1024x683.jpg\" alt=\"S\u00f6r\u00f6k Pr\u00e1g\u00e1ban\" class=\"wp-image-11651\" srcset=\"https:\/\/prague.org\/wp-content\/uploads\/2023\/10\/bohdan-stocek-vt0O0Av96R4-unsplash-1-1024x683.jpg 1024w, https:\/\/prague.org\/wp-content\/uploads\/2023\/10\/bohdan-stocek-vt0O0Av96R4-unsplash-1-300x200.jpg 300w, https:\/\/prague.org\/wp-content\/uploads\/2023\/10\/bohdan-stocek-vt0O0Av96R4-unsplash-1-768x512.jpg 768w, https:\/\/prague.org\/wp-content\/uploads\/2023\/10\/bohdan-stocek-vt0O0Av96R4-unsplash-1-1536x1025.jpg 1536w, https:\/\/prague.org\/wp-content\/uploads\/2023\/10\/bohdan-stocek-vt0O0Av96R4-unsplash-1-2048x1366.jpg 2048w, https:\/\/prague.org\/wp-content\/uploads\/2023\/10\/bohdan-stocek-vt0O0Av96R4-unsplash-1-18x12.jpg 18w, https:\/\/prague.org\/wp-content\/uploads\/2023\/10\/bohdan-stocek-vt0O0Av96R4-unsplash-1-380x253.jpg 380w, https:\/\/prague.org\/wp-content\/uploads\/2023\/10\/bohdan-stocek-vt0O0Av96R4-unsplash-1-800x534.jpg 800w, https:\/\/prague.org\/wp-content\/uploads\/2023\/10\/bohdan-stocek-vt0O0Av96R4-unsplash-1-1160x774.jpg 1160w, https:\/\/prague.org\/wp-content\/uploads\/2023\/10\/bohdan-stocek-vt0O0Av96R4-unsplash-1-600x400.jpg 600w, https:\/\/prague.org\/wp-content\/uploads\/2023\/10\/bohdan-stocek-vt0O0Av96R4-unsplash-1-scaled.jpg 2560w\" sizes=\"(max-width: 1024px) 100vw, 1024px\" \/><figcaption class=\"wp-element-caption\">S\u00f6r\u00f6k Pr\u00e1g\u00e1ban<\/figcaption><\/figure>\n\n\n\n<p>Pr\u00e1ga legr\u00e9gebbi kocsm\u00e1inak mindegyike \u00e9vsz\u00e1zados m\u00faltra tekint vissza. Ez k\u00fcl\u00f6n\u00f6sen igaz azokra az \u00fczletekre, amelyeknek siker\u00fclt meg\u0151rizni\u00fck k\u00f6z\u00e9pkori identit\u00e1sukat. Ezekben a l\u00e9tes\u00edtm\u00e9nyekben bar\u00e1ts\u00e1gos hangulat uralkodik, ahol a vend\u00e9gek mindig k\u00e9szen \u00e1llnak egy j\u00f3 besz\u00e9lget\u00e9sre \u00e9s n\u00e9h\u00e1ny kors\u00f3 finom cseh s\u00f6rre.<\/p>\n\n\n\n<p>A <strong>legr\u00e9gebbi b\u00e1rok Pr\u00e1g\u00e1ban<\/strong> uralkod\u00f3k, uralkod\u00f3k, m\u0171v\u00e9szek \u00e9s k\u00f6zemberek egyar\u00e1nt emeltek poharat ebben a v\u00e1rosban, hogy koccintsanak a gy\u0151zelmekre, sirass\u00e1k a vesztes\u00e9geket, \u00e9s \u00e1ltal\u00e1ban v\u00e9ve \u00e9lvezz\u00e9k az itteni \u00e9letet. E kocsm\u00e1k t\u00f6rt\u00e9nete legal\u00e1bb a 14. sz\u00e1zadig ny\u00falik vissza, de lehet, hogy m\u00e9g tov\u00e1bb is.<\/p>\n\n\n\n<p>Sok ilyen iv\u00f3helyen mikro s\u00f6rf\u0151zd\u00e9k m\u0171k\u00f6dnek, \u00e9s s\u00f6r\u00fcket r\u00e9gi receptek szerint f\u0151zik. Pr\u00e1g\u00e1ban a s\u00f6r\u00f6k sz\u00e9les v\u00e1laszt\u00e9ka k\u00f6z\u00fcl v\u00e1laszthatunk, bele\u00e9rtve a pilseni s\u00f6r\u00f6ket, a s\u00f6t\u00e9t l\u00e1gereket \u00e9s a b\u00fazas\u00f6r\u00f6ket.<\/p>\n\n\n\n<h2 id=\"visiting-the-oldest-bars-in-prague\" class=\"wp-block-heading\">L\u00e1togat\u00e1s Pr\u00e1ga legr\u00e9gebbi b\u00e1rjaiban&nbsp;<\/h2>\n\n\n\n<div data-gyg-href=\"https:\/\/widget.getyourguide.com\/default\/activities.frame\" data-gyg-locale-code=\"en-US\" data-gyg-widget=\"activities\" data-gyg-number-of-items=\"3\" data-gyg-partner-id=\"U94OQGQ\" data-gyg-q=\"prague%20bars\"><\/div>\n\n\n\n<p>Ezek a t\u00f6rt\u00e9nelmi iv\u00f3helyek m\u00e9g mindig a pr\u00e1gai \u00e9lm\u00e9ny fontos r\u00e9sz\u00e9t k\u00e9pezik mind a turist\u00e1k, mind a helyiek sz\u00e1m\u00e1ra. A legend\u00e1s sz\u00f3rakoz\u00f3helyek l\u00e1tv\u00e1nya \u00e9s hangjai olyan, mintha egyszerre inna ennek a csod\u00e1latos v\u00e1rosnak a t\u00f6rt\u00e9nelm\u00e9b\u0151l \u00e9s tisztelegne a t\u00f6rt\u00e9nelmi m\u00faltja el\u0151tt.<\/p>\n\n\n\n<h3 id=\"u-pinkasu-a-glimpse-into-the-past\" class=\"wp-block-heading\">U Pinkas\u016f: Pillant\u00e1s a m\u00faltba&nbsp;<\/h3>\n\n\n\n<p>Az U Pinkas\u016f egy n\u00e9pszer\u0171 cseh \u00e9tterem \u00e9s s\u00f6rf\u0151zde, amely 1843 \u00f3ta l\u00e9tezik. Rusztikus fa b\u00fatorzata \u00e9s mes\u00e9s hangulata visszarep\u00edti \u00d6nt az id\u0151ben.<\/p>\n\n\n\n<h3 id=\"u-cerneho-vola-a-centuries-old-gem\" class=\"wp-block-heading\">U \u010cern\u00e9ho Vola: Vola: Egy \u00e9vsz\u00e1zados gy\u00f6ngyszem&nbsp;<\/h3>\n\n\n\n<p>S\u00f6t\u00e9t, balj\u00f3s hangulat\u00e1nak \u00e9s hossz\u00fa t\u00f6rt\u00e9net\u00e9nek k\u00f6sz\u00f6nhet\u0151en ez az 1358-ban alap\u00edtott b\u00e1r h\u00edres lett. K\u00e9nyeztesse mag\u00e1t itt finom, autentikus cseh \u00e9telekkel \u00e9s italokkal.<\/p>\n\n\n\n<h3 id=\"u-zlateho-tygra-a-bohemian-icon\" class=\"wp-block-heading\">U Zlat\u00e9ho Tygra: A Bohemian Icon&nbsp;<\/h3>\n\n\n\n<p>Ez az egyik <a href=\"https:\/\/prague.org\/hu\/top-8-bar-pragaban-amit-ki-kell-probalnod\/\">top b\u00e1rok Pr\u00e1g\u00e1ban<\/a> \u00e9s 1413 \u00f3ta l\u00e9tezik, \u00edgy a s\u00f6rrajong\u00f3k sz\u00e1m\u00e1ra t\u00f6rt\u00e9nelmi nevezetess\u00e9gnek sz\u00e1m\u00edt. Csak egyetlen s\u00f6rt szolg\u00e1lnak fel - a vil\u00e1gh\u00edr\u0171 Pilsner Urquellt -, \u00e9s az \u00edr\u00f3kt\u00f3l a politikusokig mindenkit sz\u00edvesen l\u00e1tott m\u00e1r.<\/p>\n\n\n\n<h3 id=\"klasterni-pivovar-strahov-a-monastic-tradition\" class=\"wp-block-heading\">Kl\u00e1\u0161tern\u00ed Pivovar Strahov: \u0160tavivov: Egy szerzetesi hagyom\u00e1ny<\/h3>\n\n\n\n<p>A Kl\u00e1\u0161tern\u00ed Pivovar Strahov egy olyan s\u00f6rf\u0151zde, amely a s\u00f6rf\u0151z\u00e9s t\u00f6rt\u00e9net\u00e9nek \u00e9s a modern designnak a legjav\u00e1t \u00f6tv\u00f6zi. Ez a b\u00e1jos s\u00f6rf\u0151zde 1628 \u00f3ta gy\u00e1rt s\u00f6rt, folytatva a csehorsz\u00e1gi s\u00f6rf\u0151z\u00e9s hossz\u00fa hagyom\u00e1nyait.<\/p>\n\n\n\n<p>Egy olyan \u00e9p\u00fcletben tal\u00e1lhat\u00f3, amely egykor a Strahov-kolostor r\u00e9sze volt, \u00edgy minden kortyban a kolostori hagyom\u00e1nyok r\u00e9sz\u00e9nek \u00e9rezheti mag\u00e1t. A szerzetesek maradand\u00f3 \u00f6r\u00f6ks\u00e9get hagytak a s\u00f6rf\u0151z\u00e9sben, \u00e9s kem\u00e9ny munk\u00e1juk \u00e9s odaad\u00e1suk minden poh\u00e1ron megl\u00e1tszik.<\/p>\n\n\n\n<h2 id=\"what-else-to-see-in-prague\" class=\"wp-block-heading\">Mit \u00e9rdemes m\u00e9g megn\u00e9zni Pr\u00e1g\u00e1ban?<\/h2>\n\n\n\n<p>M\u00edg a legr\u00e9gebbi b\u00e1rok a v\u00e1rosban, bele\u00e9rtve <a href=\"https:\/\/prague.org\/hu\/a-legjobb-sportbar-pragaban\/\">Pr\u00e1ga sportb\u00e1rok<\/a> a sport fanatikusok sz\u00e1m\u00e1ra<strong> <\/strong>k\u00e9ts\u00e9gtelen\u00fcl kiemelked\u0151 l\u00e1tnival\u00f3k, de a b\u00e1jos v\u00e1ros enn\u00e9l sokkal t\u00f6bbet is k\u00edn\u00e1l.<\/p>\n\n\n\n<p>Pr\u00e1ga sz\u00e9ps\u00e9ge nem korl\u00e1toz\u00f3dik a j\u00f3l ismert l\u00e1tnival\u00f3kra, hanem ink\u00e1bb a v\u00e1ros rejtett zugaiban rejlik, ahol a v\u00e1ros t\u00f6rt\u00e9nelme, m\u0171v\u00e9szete \u00e9s kult\u00far\u00e1ja egy dinamikus metropoliszt alkot. Pr\u00e1ga egyed\u00fcl\u00e1ll\u00f3 \u00fati c\u00e9l mindenf\u00e9le turista sz\u00e1m\u00e1ra, ak\u00e1r a t\u00f6rt\u00e9nelem, ak\u00e1r a m\u0171v\u00e9szet, ak\u00e1r egyszer\u0171en csak az \u00faj helyek felfedez\u00e9se \u00e9rdekli \u0151ket.<\/p>\n\n\n\n<h2 id=\"prague-self-guided-exploration-of-staropramen-brewery-with-tasting-experience\" class=\"wp-block-heading\">Pr\u00e1ga: Staropramen s\u00f6rf\u0151zde \u00f6nvezet\u0151 felfedez\u00e9se k\u00f3stol\u00e1si \u00e9lm\u00e9nnyel<\/h2>\n\n\n\n<div data-gyg-href=\"https:\/\/widget.getyourguide.com\/default\/activities.frame\" data-gyg-locale-code=\"en-US\" data-gyg-widget=\"activities\" data-gyg-number-of-items=\"1\" data-gyg-partner-id=\"U94OQGQ\" data-gyg-tour-ids=\"285827\"><\/div>\n\n\n\n<p>Induljon el egy \u00f6nvezet\u0151 kalandra a Staropramen s\u00f6rf\u0151zd\u00e9ben, Pr\u00e1ga legjelent\u0151sebb s\u00f6rf\u0151zd\u00e9j\u00e9ben. Mer\u00fclj\u00f6n el ennek az ikonikus s\u00f6rf\u0151zd\u00e9nek gazdag t\u00f6rt\u00e9nelm\u00e9ben, \u00e9s z\u00e1rja \u00fatj\u00e1t egy friss\u00edt\u0151 s\u00f6rk\u00f3stol\u00f3val vagy az \u00d6n \u00e1ltal v\u00e1lasztott itallal. Dobja fel l\u00e1togat\u00e1s\u00e1t egy finom \u00e9tel elfogyaszt\u00e1s\u00e1val a s\u00f6rf\u0151zde b\u00e1rj\u00e1ban.<\/p>\n\n\n\n<h3 id=\"highlights\" class=\"wp-block-heading\">Kiemelt inform\u00e1ci\u00f3k<\/h3>\n\n\n\n<ol>\n<li>Exkluz\u00edv betekint\u00e9st nyerhet a h\u00edres cseh s\u00f6rgy\u00e1r, a Staropramen bels\u0151 munk\u00e1lataiba.<\/li>\n\n\n\n<li>K\u00f3stolja meg a v\u00e1lasztott italt, vagy vegyen r\u00e9szt egy s\u00f6rk\u00f3stol\u00f3n, ahol n\u00e9gy Staropramen fajt\u00e1b\u00f3l v\u00e1laszthat.<\/li>\n\n\n\n<li>Fedezze fel Pr\u00e1ga legnagyobb s\u00f6rf\u0151zd\u00e9j\u00e9nek mag\u00e1val ragad\u00f3 t\u00f6rt\u00e9net\u00e9t.<\/li>\n\n\n\n<li>Fakultat\u00edv lehet\u0151s\u00e9g a s\u00f6rf\u0151zde b\u00e1rj\u00e1ban elfogyasztott finom \u00e9telek elfogyaszt\u00e1s\u00e1ra.<\/li>\n<\/ol>\n\n\n\n<h3 id=\"included\" class=\"wp-block-heading\">Tartalmazza a<\/h3>\n\n\n\n<ul>\n<li>Mag\u00e1val ragad\u00f3 \u00f6nvezet\u0151 t\u00fara interakt\u00edv elemekkel a Staropramen s\u00f6rf\u0151zd\u00e9ben.<\/li>\n\n\n\n<li>Egy ingyenes ital vagy egy \u00e1tfog\u00f3 s\u00f6rk\u00f3stol\u00f3 (a v\u00e1lasztott opci\u00f3t\u00f3l f\u00fcgg\u0151en).<\/li>\n\n\n\n<li>Garant\u00e1lt foglal\u00e1s a nagyra becs\u00fclt Staropramen b\u00e1rban.<\/li>\n\n\n\n<li>Finom \u00e9tel (az \u00d6n \u00e1ltal kiv\u00e1lasztott opci\u00f3t\u00f3l f\u00fcgg\u0151en).<\/li>\n<\/ul>\n\n\n\n<div class=\"wp-block-buttons is-layout-flex wp-block-buttons-is-layout-flex\">\n<div class=\"wp-block-button is-style-cs-button-block\"><a class=\"wp-block-button__link wp-element-button\" href=\"https:\/\/www.getyourguide.com\/staropramen-brewery-l113697\/prague-staropramen-brewery-tour-with-beer-tasting-t285827\/?partner_id=U94OQGQ&amp;utm_medium=online_publisher\" rel=\"nofollow noopener\">\u2192 Foglalja le a Staropramen s\u00f6rf\u0151zde \u00f6nvezet\u0151 t\u00far\u00e1j\u00e1t<\/a><\/div>\n<\/div>\n\n\n\n<div class=\"wp-block-group is-layout-constrained wp-block-group-is-layout-constrained\"><div class=\"wp-block-group__inner-container\">\n<h2 id=\"faq\" class=\"cnvs-block-section-heading cnvs-block-section-heading-1710856516628 is-style-cnvs-block-section-heading-2 halignleft\" >\n\t<span class=\"cnvs-section-title\">\n\t\t<span>GYIK<\/span>\n\t<\/span>\n<\/h2>\n\n\n\n<div class=\"cnvs-block-collapsibles cnvs-block-collapsibles-1710856446798 cnvs-block-collapsibles-5\" >\n\t\n<div class=\"cnvs-block-collapsible cnvs-block-collapsible-1710856446894 cnvs-block-collapsible-opened\" >\n\t<div class=\"cnvs-block-collapsible-title\">\n\t\t<h6 id=\"what-are-the-operating-hours-of-these-oldest-bars-in-prague\" class=\"cnvs-block-collapsible-heading\">\n\t\t\t<a href=\"#\">Milyen nyitvatart\u00e1si id\u0151ben m\u0171k\u00f6dnek ezek a legr\u00e9gebbi pr\u00e1gai b\u00e1rok?<\/a>\n\t\t<\/h6>\n\t<\/div>\n\t<div class=\"cnvs-block-collapsible-content\">\n\t\t\n\n<p>A legr\u00e9gebbi pr\u00e1gai b\u00e1rok \u00e1ltal\u00e1ban d\u00e9lel\u0151tt 11 vagy d\u00e9l k\u00f6r\u00fcl nyitnak, \u00e9s k\u00e9s\u0151 estig z\u00e1rnak, k\u00fcl\u00f6n\u00f6sen h\u00e9tv\u00e9g\u00e9n. A pontos nyitva tart\u00e1sr\u00f3l \u00e9rdemes k\u00f6zvetlen\u00fcl a k\u00f6vetkez\u0151 helyeken t\u00e1j\u00e9koz\u00f3dni <a href=\"https:\/\/prague.org\/hu\/top-8-bar-pragaban-amit-ki-kell-probalnod\/\" data-type=\"link\" data-id=\"https:\/\/prague.org\/top-8-bars-in-prague-you-have-to-try\/\">minden egyes s\u00e1v<\/a> mivel az \u00f3r\u00e1k v\u00e1ltozhatnak.<\/p>\n\n\t<\/div>\n<\/div>\n\n\n<div class=\"cnvs-block-collapsible cnvs-block-collapsible-1710856446899 cnvs-block-collapsible-opened\" >\n\t<div class=\"cnvs-block-collapsible-title\">\n\t\t<h6 id=\"are-there-any-entry-fees-or-reservations-required-to-visit-these-historic-bars\" class=\"cnvs-block-collapsible-heading\">\n\t\t\t<a href=\"#\">Van-e valamilyen bel\u00e9p\u0151d\u00edj vagy foglal\u00e1s sz\u00fcks\u00e9ges a t\u00f6rt\u00e9nelmi b\u00e1rok l\u00e1togat\u00e1s\u00e1hoz?<\/a>\n\t\t<\/h6>\n\t<\/div>\n\t<div class=\"cnvs-block-collapsible-content\">\n\t\t\n\n<p>\u00c1ltal\u00e1ban nincs bel\u00e9p\u0151d\u00edj ezeknek a b\u00e1roknak a l\u00e1togat\u00e1s\u00e1\u00e9rt, \u00e9s a l\u00e1togat\u00f3k \u00e1ltal\u00e1ban csak bes\u00e9t\u00e1lhatnak. N\u00e9pszer\u0171s\u00e9g\u00fck miatt azonban \u00e9rdemes lehet asztalt foglalni, k\u00fcl\u00f6n\u00f6sen a forgalmas id\u0151szakokban, p\u00e9ld\u00e1ul h\u00e9tv\u00e9g\u00e9n vagy a turistaszezonban.<\/p>\n\n\t<\/div>\n<\/div>\n\n\n<div class=\"cnvs-block-collapsible cnvs-block-collapsible-1710856454072 cnvs-block-collapsible-opened\" >\n\t<div class=\"cnvs-block-collapsible-title\">\n\t\t<h6 id=\"do-these-bars-offer-any-special-events-or-themed-nights-that-highlight-their-historical-significance\" class=\"cnvs-block-collapsible-heading\">\n\t\t\t<a href=\"#\">Ezek a b\u00e1rok k\u00edn\u00e1lnak-e k\u00fcl\u00f6nleges esem\u00e9nyeket vagy tematikus esteket, amelyek kiemelik t\u00f6rt\u00e9nelmi jelent\u0151s\u00e9g\u00fcket?<\/a>\n\t\t<\/h6>\n\t<\/div>\n\t<div class=\"cnvs-block-collapsible-content\">\n\t\t\n\n<p>Igen, sok ilyen b\u00e1rban <a href=\"https:\/\/www.getyourguide.com\/prague-l10\/shot-experience-t465312\/?ranking_uuid=75977df3-2290-4a53-8666-9ae5acf4abe2\" data-type=\"link\" data-id=\"https:\/\/www.getyourguide.com\/prague-l10\/shot-experience-t465312\/?ranking_uuid=75977df3-2290-4a53-8666-9ae5acf4abe2\" rel=\"nofollow noopener\">k\u00fcl\u00f6nleges esem\u00e9nyek<\/a> vagy tematikus esteket, amelyek a t\u00f6rt\u00e9nelm\u00fcket \u00fcnneplik, p\u00e9ld\u00e1ul hagyom\u00e1nyos cseh esteket, \u00e9l\u0151zen\u00e9s el\u0151ad\u00e1sokat vagy s\u00f6rk\u00f3stol\u00f3kat. Ezek az esem\u00e9nyek gyakran szerepelnek a honlapjukon vagy a k\u00f6z\u00f6ss\u00e9gi m\u00e9diacsatorn\u00e1kon.<\/p>\n\n\t<\/div>\n<\/div>\n\n\n<div class=\"cnvs-block-collapsible cnvs-block-collapsible-1710856454237 cnvs-block-collapsible-opened\" >\n\t<div class=\"cnvs-block-collapsible-title\">\n\t\t<h6 id=\"what-are-the-food-options-available-at-these-bars-especially-for-vegetarians-or-those-with-dietary-restrictions\" class=\"cnvs-block-collapsible-heading\">\n\t\t\t<a href=\"#\">Milyen \u00e9tkez\u00e9si lehet\u0151s\u00e9gek \u00e1llnak rendelkez\u00e9sre ezekben a b\u00e1rokban, k\u00fcl\u00f6n\u00f6sen a veget\u00e1ri\u00e1nusok vagy a di\u00e9t\u00e1s \u00e9trendi korl\u00e1toz\u00e1sokkal rendelkez\u0151k sz\u00e1m\u00e1ra?<\/a>\n\t\t<\/h6>\n\t<\/div>\n\t<div class=\"cnvs-block-collapsible-content\">\n\t\t\n\n<p>M\u00edg a <a href=\"https:\/\/prague.org\/hu\/a-complete-guide-to-the-czech-food-culture\/\" data-type=\"link\" data-id=\"https:\/\/prague.org\/a-complete-guide-to-the-czech-food-culture\/\">hagyom\u00e1nyos cseh konyha<\/a> A b\u00e1rokban k\u00edn\u00e1lt \u00e9telek \u00e1ltal\u00e1ban h\u00fass\u00falyosak, de a legt\u00f6bb helyen m\u00e1r veget\u00e1ri\u00e1nus \u00e9teleket is k\u00edn\u00e1lnak, \u00e9s m\u00e1s \u00e9trendi korl\u00e1toz\u00e1soknak is eleget tesznek. J\u00f3 \u00f6tlet, ha a l\u00e1togat\u00e1s el\u0151tt megn\u00e9zi az \u00e9tlapot az interneten, vagy \u00e9rdekl\u0151dik a szem\u00e9lyzetn\u00e9l a di\u00e9t\u00e1s lehet\u0151s\u00e9gekr\u0151l.<\/p>\n\n\t<\/div>\n<\/div>\n\n\n<div class=\"cnvs-block-collapsible cnvs-block-collapsible-1710856454377 cnvs-block-collapsible-opened\" >\n\t<div class=\"cnvs-block-collapsible-title\">\n\t\t<h6 id=\"how-accessible-are-these-bars-for-visitors-with-mobility-issues\" class=\"cnvs-block-collapsible-heading\">\n\t\t\t<a href=\"#\">Mennyire hozz\u00e1f\u00e9rhet\u0151ek ezek a b\u00e1rok a mozg\u00e1skorl\u00e1tozott l\u00e1togat\u00f3k sz\u00e1m\u00e1ra?<\/a>\n\t\t<\/h6>\n\t<\/div>\n\t<div class=\"cnvs-block-collapsible-content\">\n\t\t\n\n<p>N\u00e9h\u00e1ny t\u00f6rt\u00e9nelmi b\u00e1r kih\u00edv\u00e1sokkal szembes\u00fclhet a k\u00f6vetkez\u0151kkel <a href=\"https:\/\/prague.org\/hu\/pragai-utmutato-fogyatekkal-elok-szamara\/\" data-type=\"link\" data-id=\"https:\/\/prague.org\/prague-guide-for-disabled-visitors\/\">hozz\u00e1f\u00e9rhet\u0151s\u00e9g<\/a> olyan jellemz\u0151k miatt, mint a sz\u0171k ajt\u00f3k vagy l\u00e9pcs\u0151k. Sokan azonban fejleszt\u00e9seket hajtottak v\u00e9gre a hozz\u00e1f\u00e9r\u00e9s jav\u00edt\u00e1sa \u00e9rdek\u00e9ben. C\u00e9lszer\u0171 k\u00f6zvetlen\u00fcl a b\u00e1rokkal felvenni a kapcsolatot, hogy meger\u0151s\u00edts\u00e9k a konkr\u00e9t alkalmazkod\u00e1si lehet\u0151s\u00e9geket.<\/p>\n\n\t<\/div>\n<\/div>\n\n<\/div>\n<\/div><\/div>\n\n\n\n<div data-gyg-href=\"https:\/\/widget.getyourguide.com\/default\/city.frame\" data-gyg-location-id=\"10\" data-gyg-locale-code=\"en-US\" data-gyg-widget=\"city\" data-gyg-partner-id=\"U94OQGQ\"><\/div>","protected":false},"excerpt":{"rendered":"Amint bel\u00e9p Pr\u00e1ga legr\u00e9gebbi b\u00e1rj\u00e1ba, m\u00e1ris \u00e9lvezheti a v\u00e1ros sz\u00e1mos...","protected":false},"author":2,"featured_media":11652,"comment_status":"closed","ping_status":"closed","sticky":false,"template":"","format":"standard","meta":{"footnotes":""},"categories":[17,204,206],"tags":[49],"table_tags":[],"_links":{"self":[{"href":"https:\/\/prague.org\/hu\/wp-json\/wp\/v2\/posts\/11633"}],"collection":[{"href":"https:\/\/prague.org\/hu\/wp-json\/wp\/v2\/posts"}],"about":[{"href":"https:\/\/prague.org\/hu\/wp-json\/wp\/v2\/types\/post"}],"author":[{"embeddable":true,"href":"https:\/\/prague.org\/hu\/wp-json\/wp\/v2\/users\/2"}],"replies":[{"embeddable":true,"href":"https:\/\/prague.org\/hu\/wp-json\/wp\/v2\/comments?post=11633"}],"version-history":[{"count":7,"href":"https:\/\/prague.org\/hu\/wp-json\/wp\/v2\/posts\/11633\/revisions"}],"predecessor-version":[{"id":13289,"href":"https:\/\/prague.org\/hu\/wp-json\/wp\/v2\/posts\/11633\/revisions\/13289"}],"wp:featuredmedia":[{"embeddable":true,"href":"https:\/\/prague.org\/hu\/wp-json\/wp\/v2\/media\/11652"}],"wp:attachment":[{"href":"https:\/\/prague.org\/hu\/wp-json\/wp\/v2\/media?parent=11633"}],"wp:term":[{"taxonomy":"category","embeddable":true,"href":"https:\/\/prague.org\/hu\/wp-json\/wp\/v2\/categories?post=11633"},{"taxonomy":"post_tag","embeddable":true,"href":"https:\/\/prague.org\/hu\/wp-json\/wp\/v2\/tags?post=11633"},{"taxonomy":"table_tags","embeddable":true,"href":"https:\/\/prague.org\/hu\/wp-json\/wp\/v2\/table_tags?post=11633"}],"curies":[{"name":"wp","href":"https:\/\/api.w.org\/{rel}","templated":true}]}}