{"id":11953,"date":"2023-11-08T09:25:02","date_gmt":"2023-11-08T07:25:02","guid":{"rendered":"https:\/\/prague.org\/?p=11953"},"modified":"2023-11-08T09:34:02","modified_gmt":"2023-11-08T07:34:02","slug":"religion-of-czech-republic","status":"publish","type":"post","link":"https:\/\/prague.org\/hu\/religion-of-czech-republic\/","title":{"rendered":"A vall\u00e1si k\u00e1rpit leleplez\u00e9se: A Cseh K\u00f6zt\u00e1rsas\u00e1g vall\u00e1sa"},"content":{"rendered":"<p>A<strong> a Cseh K\u00f6zt\u00e1rsas\u00e1g vall\u00e1sa<\/strong> \u00e9vtizedek alatt fejl\u0151d\u00f6tt ki. A Cseh K\u00f6zt\u00e1rsas\u00e1g soksz\u00edn\u0171 vall\u00e1si t\u00e1jk\u00e9p\u00e9nek meg\u00e9rt\u00e9se kulcsfontoss\u00e1g\u00fa e gy\u00f6ny\u00f6r\u0171 nemzet kultur\u00e1lis \u00e9s t\u00f6rt\u00e9nelmi \u00f6sszetetts\u00e9g\u00e9nek meg\u00e9rt\u00e9s\u00e9hez. A Cseh K\u00f6zt\u00e1rsas\u00e1g \u00f6sszetett vall\u00e1s\u00e1nak felt\u00e1r\u00e1sa, amely kulcsszerepet j\u00e1tszott a cseh identit\u00e1s kialak\u00edt\u00e1s\u00e1ban, elengedhetetlen az orsz\u00e1g \u00e9s az emberek megismer\u00e9s\u00e9hez.<\/p>\n\n\n\n<p>A cseh t\u00f6rt\u00e9nelem meglep\u0151en gazdag vall\u00e1si szem\u00e9lyis\u00e9gekben \u00e9s eszm\u00e9kben, mint p\u00e9ld\u00e1ul Jan Hus, a reform\u00e1tor, aki hat\u00e1ssal volt Luther M\u00e1rtonra, \u00e9s a h\u00edres morva testv\u00e9rek, akik 20 \u00e9v alatt t\u00f6bb misszi\u00f3t v\u00e9geztek, mint az eg\u00e9sz protest\u00e1ns egyh\u00e1z az elk\u00f6vetkez\u0151 200 \u00e9vben egy\u00fcttv\u00e9ve.&nbsp;<\/p>\n\n\n\n<p>Gazdag t\u00f6rt\u00e9nelm\u00fck ellen\u00e9re a mai csehek m\u00e9lyen szekul\u00e1risak \u00e9s gyanakv\u00f3ak a vall\u00e1ssal szemben, ami a katolikus egyh\u00e1z \u00e9vsz\u00e1zados dominanci\u00e1j\u00e1nak \u00e9s a kommunizmus els\u00f6pr\u0151 befoly\u00e1s\u00e1nak k\u00f6sz\u00f6nhet\u0151. Egyesek azt \u00e1ll\u00edtj\u00e1k, hogy polg\u00e1rai nagyobb val\u00f3sz\u00edn\u0171s\u00e9ggel utas\u00edtj\u00e1k el Isten \u00e9s a term\u00e9szetfeletti l\u00e9tez\u00e9s\u00e9t, mint b\u00e1rmely m\u00e1s orsz\u00e1gban.<\/p>\n\n\n\n<h2 id=\"tracing-the-history-of-religion-in-the-czech-republic\" class=\"wp-block-heading\">A vall\u00e1s t\u00f6rt\u00e9net\u00e9nek nyomon k\u00f6vet\u00e9se a Cseh K\u00f6zt\u00e1rsas\u00e1gban<\/h2>\n\n\n\n<div data-gyg-href=\"https:\/\/widget.getyourguide.com\/default\/activities.frame\" data-gyg-locale-code=\"en-US\" data-gyg-widget=\"activities\" data-gyg-number-of-items=\"3\" data-gyg-partner-id=\"U94OQGQ\" data-gyg-q=\"prague%20religion\"><\/div>\n\n\n\n<p>A<strong> vall\u00e1st\u00f6rt\u00e9net a Cseh K\u00f6zt\u00e1rsas\u00e1gban <\/strong>majdnem ezer \u00e9vet \u00f6lel fel, ami leny\u0171g\u00f6z\u0151 olvasm\u00e1nny\u00e1 teszi. A kezdeti kereszt\u00e9nny\u00e9 v\u00e1l\u00e1st\u00f3l a vall\u00e1si reformok, az elnyom\u00e1s \u00e9s a v\u00e9gs\u0151 szekulariz\u00e1ci\u00f3 id\u0151szakain \u00e1t a nemzet hithez f\u0171z\u0151d\u0151 bonyolult kapcsolata t\u00fckr\u00f6z\u0151dik ebben a t\u00f6rt\u00e9netben.<\/p>\n\n\n\n<p>A Cseh K\u00f6zt\u00e1rsas\u00e1g vall\u00e1st\u00f6rt\u00e9net\u00e9nek voltak b\u00e9k\u00e9s \u00e9s er\u0151szakos pillanatai egyar\u00e1nt. A szl\u00e1v pog\u00e1nys\u00e1g m\u00e1r a kereszt\u00e9nys\u00e9g megjelen\u00e9se el\u0151tt is hat\u00e1ssal volt a ter\u00fcletre. A kereszt\u00e9nys\u00e9g el\u0151sz\u00f6r a 9. sz\u00e1zadban jelent meg a r\u00e9gi\u00f3ban, amikor Szent Cirill \u00e9s Met\u00f3d meg\u00e9rkezett. A XV. sz\u00e1zadban a cseh reform\u00e1ci\u00f3 vezet\u0151i, mint p\u00e9ld\u00e1ul Jan Hus, a katolikus egyh\u00e1zon bel\u00fcli szakad\u00e1ssal elvetett\u00e9k a vall\u00e1si soksz\u00edn\u0171s\u00e9g magvait.<\/p>\n\n\n\n<h2 id=\"the-role-of-the-czech-church-in-the-nations-history-and-culture\" class=\"wp-block-heading\">A cseh egyh\u00e1z szerepe a nemzet t\u00f6rt\u00e9nelm\u00e9ben \u00e9s kult\u00far\u00e1j\u00e1ban<\/h2>\n\n\n\n<p>A teol\u00f3giai fejl\u0151d\u00e9s, a reformok \u00e9s a t\u00e1rsadalmi-politikai v\u00e1ltoz\u00e1sok \u00e9vsz\u00e1zadai ut\u00e1n a teol\u00f3gia szerepe<strong> Cseh egyh\u00e1z<\/strong> a kult\u00far\u00e1ban \u00e9s a t\u00f6rt\u00e9nelemben egyar\u00e1nt \u00f6sszetett.<\/p>\n\n\n\n<h3 id=\"early-christianization\" class=\"wp-block-heading\">Korai kereszt\u00e9nys\u00e9g<\/h3>\n\n\n\n<p>A cseh egyh\u00e1z m\u00e1r kor\u00e1n seg\u00edtette a r\u00e9gi\u00f3 kereszt\u00e9nyes\u00edt\u00e9s\u00e9t. A nemzet a X. sz\u00e1zadban, Szent Vencel alatt vette fel a kereszt\u00e9nys\u00e9get.<\/p>\n\n\n\n<h3 id=\"catholic-dominance\" class=\"wp-block-heading\">Katolikus dominancia&nbsp;&nbsp;<\/h3>\n\n\n\n<p>A cseh egyh\u00e1z r\u00e9g\u00f3ta a katolicizmushoz k\u00f6t\u0151dik. A katolikus templomok, sz\u00e9kesegyh\u00e1zak \u00e9s hagyom\u00e1nyok uralt\u00e1k a nemzet vall\u00e1si t\u00e1jk\u00e9p\u00e9t, kiemelked\u0151 volt a pr\u00e1gai Szent Vitus-sz\u00e9kesegyh\u00e1z.<\/p>\n\n\n\n<h3 id=\"hussites-and-jan-hus\" class=\"wp-block-heading\">Huszit\u00e1k \u00e9s Jan Hus<\/h3>\n\n\n\n<p>Jan Hus 15. sz\u00e1zadi huszita mozgalma a cseh egyh\u00e1z jelent\u0151s vall\u00e1si reformmozgalma volt. A mozgalom a katolikus egyh\u00e1zzal szembeni kritik\u00e1ja alak\u00edtotta a cseh vall\u00e1si identit\u00e1st, \u00e9s el\u0151seg\u00edtette a f\u00fcggetlens\u00e9get \u00e9s a reformokat.<\/p>\n\n\n\n<h3 id=\"religious-diversity-and-decline\" class=\"wp-block-heading\">Vall\u00e1si soksz\u00edn\u0171s\u00e9g \u00e9s hanyatl\u00e1s<\/h3>\n\n\n\n<p>A vall\u00e1si soksz\u00edn\u0171s\u00e9g cs\u00f6kkent, miut\u00e1n a 17. sz\u00e1zadi westf\u00e1liai b\u00e9ke helyre\u00e1ll\u00edtotta a katolikus fennhat\u00f3s\u00e1got a cseh ter\u00fcleteken.<\/p>\n\n\n\n<h3 id=\"atheism-secularism\" class=\"wp-block-heading\">Ateizmus, szekularizmus<\/h3>\n\n\n\n<p>Mivel a kommunista rezsim az ateizmust t\u00e1mogatta \u00e9s a vall\u00e1st elnyomta, a 20. sz\u00e1zadban nagy politikai \u00e9s t\u00e1rsadalmi felfordul\u00e1sok k\u00f6vetkeztek be. Ez az id\u0151szak alak\u00edtotta a nemzet vall\u00e1si t\u00e1jk\u00e9p\u00e9t, \u00e9s az emberek nagy r\u00e9sz\u00e9t ateist\u00e1v\u00e1 tette.<\/p>\n\n\n\n<h3 id=\"present-landscape\" class=\"wp-block-heading\">Jelenlegi t\u00e1jk\u00e9p<\/h3>\n\n\n\n<p>A Cseh K\u00f6zt\u00e1rsas\u00e1g lakoss\u00e1g\u00e1nak nagy r\u00e9sze ateista, agnosztikus vagy nem vall\u00e1sos. A katolicizmus \u00e9s a protestantizmus m\u00e9g mindig vir\u00e1gzik az orsz\u00e1gban.<\/p>\n\n\n\n<h3 id=\"religion-tolerance\" class=\"wp-block-heading\">Vall\u00e1si tolerancia<\/h3>\n\n\n\n<p>A Cseh K\u00f6zt\u00e1rsas\u00e1g nagyra \u00e9rt\u00e9keli a vall\u00e1sszabads\u00e1got \u00e9s a toleranci\u00e1t. A vall\u00e1si soksz\u00edn\u0171s\u00e9g \u00e9s az elnyom\u00e1s t\u00f6rt\u00e9nete el\u0151seg\u00edtette a toleranci\u00e1t \u00e9s a tiszteletet sz\u00e1mos vall\u00e1s ir\u00e1nt.<\/p>\n\n\n\n<h2 id=\"a-glimpse-into-the-major-religions-of-the-czech-republic\" class=\"wp-block-heading\">Betekint\u00e9s a Cseh K\u00f6zt\u00e1rsas\u00e1g f\u0151bb vall\u00e1saiba<\/h2>\n\n\n\n<p>Annak ellen\u00e9re, hogy a vil\u00e1giass\u00e1g h\u00edr\u00e9ben \u00e1ll, \u00e9s hogy sok polg\u00e1r ateist\u00e1nak vagy vall\u00e1stalannak tartja mag\u00e1t, sz\u00e1mos k\u00fcl\u00f6nb\u00f6z\u0151 vall\u00e1s gyakorolt hat\u00e1st az orsz\u00e1gra. Az al\u00e1bbiakban \u00e1ttekint\u00e9st adunk a<strong> a Cseh K\u00f6zt\u00e1rsas\u00e1g f\u0151bb vall\u00e1sai<\/strong>:<\/p>\n\n\n\n<h3 id=\"roman-catholicism\" class=\"wp-block-heading\">R\u00f3mai katolicizmus<\/h3>\n\n\n\n<p>A cseh n\u00e9p nagy m\u00faltra tekint vissza a katolicizmus gyakorl\u00e1s\u00e1ban, \u00e9s ez a hit \u00e9vsz\u00e1zadokon \u00e1t uralkod\u00f3 volt az orsz\u00e1gban.<\/p>\n\n\n\n<p>A Cseh K\u00f6zt\u00e1rsas\u00e1gban sz\u00e1mos katolikus templom \u00e9s katedr\u00e1lis tal\u00e1lhat\u00f3.<\/p>\n\n\n\n<p>A pr\u00e1gai Szent Vitus-sz\u00e9kesegyh\u00e1z az orsz\u00e1g katolicizmus\u00e1nak egyik jelent\u0151s ikonja.<\/p>\n\n\n\n<p><a href=\"https:\/\/prague.org\/hu\/katolikus-templomok-prag\/\">Katolicizmus Pr\u00e1g\u00e1ban<\/a> m\u00e9g mindig jelent\u0151s vall\u00e1si csoport az orsz\u00e1gban, annak ellen\u00e9re, hogy a vall\u00e1sgyakorl\u00e1s \u00e1ltal\u00e1nosan cs\u00f6kken.<\/p>\n\n\n\n<h3 id=\"protestantism\" class=\"wp-block-heading\">Protestantizmus<\/h3>\n\n\n\n<p>Az olyan emberek, mint Jan Hus \u00e9s a huszita mozgalom eszm\u00e9i alak\u00edtott\u00e1k a<a href=\"https:\/\/prague.org\/hu\/protestans-templomok-praga\/\"> Protest\u00e1ns hit Pr\u00e1g\u00e1ban<\/a> amely hossz\u00fa m\u00faltra tekint vissza az orsz\u00e1gban.<\/p>\n\n\n\n<p>A Cseh K\u00f6zt\u00e1rsas\u00e1gban sz\u00e1mos protest\u00e1ns templom tal\u00e1lhat\u00f3. Ezek k\u00f6z\u00e9 tartozik a Cseh Testv\u00e9rek Evang\u00e9likus Egyh\u00e1za \u00e9s a Csehszlov\u00e1k Huszita Egyh\u00e1z.<\/p>\n\n\n\n<h3 id=\"atheism-and-the-non-religious\" class=\"wp-block-heading\">Ateizmus \u00e9s a nem vall\u00e1sosak<\/h3>\n\n\n\n<p>A Cseh K\u00f6zt\u00e1rsas\u00e1got sz\u00e9les k\u00f6rben Eur\u00f3pa egyik legvil\u00e1giasabb orsz\u00e1g\u00e1nak tartj\u00e1k.<\/p>\n\n\n\n<p>Van egy jelent\u0151s nem vall\u00e1sos, nem teista vagy ateista n\u00e9pess\u00e9g.<\/p>\n\n\n\n<p>A kommunista rezsim hat\u00e1s\u00e1t \u00e9s a vall\u00e1si \u00fcld\u00f6ztet\u00e9s kor\u00e1bbi tapasztalatait okolj\u00e1k a <strong>ateista Cseh K\u00f6zt\u00e1rsas\u00e1g.<\/strong><\/p>\n\n\n\n<h3 id=\"islam\" class=\"wp-block-heading\">Iszl\u00e1m<\/h3>\n\n\n\n<p>A Cseh K\u00f6zt\u00e1rsas\u00e1gban a muszlim lakoss\u00e1g sz\u00e1ma csek\u00e9ly, de gyorsan n\u00f6vekszik.<\/p>\n\n\n\n<p>A csehorsz\u00e1gi Pr\u00e1g\u00e1ban mecset \u00e9s iszl\u00e1m kultur\u00e1lis k\u00f6zpontok tal\u00e1lhat\u00f3k.<\/p>\n\n\n\n<p>A bev\u00e1ndorl\u00f3k, a k\u00fclf\u00f6ldiek \u00e9s a helyi konvertit\u00e1k mind a Cseh K\u00f6zt\u00e1rsas\u00e1gban \u00e9l\u0151 muszlim k\u00f6z\u00f6ss\u00e9g k\u00fcl\u00f6nb\u00f6z\u0151 r\u00e9szeit alkotj\u00e1k.<\/p>\n\n\n\n<h3 id=\"judaism\" class=\"wp-block-heading\">Judaizmus<\/h3>\n\n\n\n<p>Pr\u00e1g\u00e1ban \u00e9s m\u00e1s cseh v\u00e1rosokban jelent\u0151s zsid\u00f3 n\u00e9pess\u00e9g \u00e9l, amely csoportjuk gazdag t\u00f6rt\u00e9nelm\u00e9vel rendelkezik.<\/p>\n\n\n\n<p>A Cseh K\u00f6zt\u00e1rsas\u00e1gban sz\u00e1mos zsinag\u00f3ga \u00e9s m\u00e1s zsid\u00f3 kultur\u00e1lis k\u00f6zpont tal\u00e1lhat\u00f3.<\/p>\n\n\n\n<p>Josefov, Pr\u00e1ga zsid\u00f3 negyede gazdag t\u00f6rt\u00e9nelemmel \u00e9s kult\u00far\u00e1val rendelkezik.<\/p>\n\n\n\n<h3 id=\"other-religions\" class=\"wp-block-heading\">M\u00e1s vall\u00e1sok<\/h3>\n\n\n\n<p>A buddhizmusnak, a hinduizmusnak \u00e9s m\u00e1s New Age \u00e9s alternat\u00edv spiritu\u00e1lis hagyom\u00e1nyoknak mind apr\u00f3, de elk\u00f6telezett h\u00edvei vannak a Cseh K\u00f6zt\u00e1rsas\u00e1gban.<\/p>\n\n\n\n<p>Az orsz\u00e1g vall\u00e1si soksz\u00edn\u0171s\u00e9ge profit\u00e1l e csoportok jelenl\u00e9t\u00e9b\u0151l.<\/p>\n\n\n\n<h2 id=\"exploring-the-religious-landscape-are-czech-religious\" class=\"wp-block-heading\">A vall\u00e1si t\u00e1j felfedez\u00e9se: Vall\u00e1sosak-e a csehek?&nbsp;<\/h2>\n\n\n\n<p><strong>Mi a cseh k\u00f6zt\u00e1rsas\u00e1g vall\u00e1sa?<\/strong> A cseh n\u00e9p vall\u00e1si identit\u00e1sa \u00e1rnyalt \u00e9s dinamikus. A korai csehek kereszt\u00e9nys\u00e9g\u00e9nek elfogad\u00e1sa, a huszita mozgalom okozta neh\u00e9zs\u00e9gek, valamint a szekularizmus \u00e9s az ateizmus t\u00e9rnyer\u00e9se mind nyomot hagytak az orsz\u00e1g vall\u00e1si t\u00e1jk\u00e9p\u00e9n. Ma az orsz\u00e1g p\u00e9ld\u00e1t mutat a vall\u00e1sszabads\u00e1gra \u00e9s az \u00f6sszes vall\u00e1s \u00e9s vil\u00e1gn\u00e9zet tiszteletben tart\u00e1s\u00e1ra, p\u00e9ldak\u00e9nt szolg\u00e1lva a vil\u00e1g t\u00f6bbi r\u00e9sze sz\u00e1m\u00e1ra.<\/p>\n\n\n\n<p>B\u00e1r a cseh lakoss\u00e1g nem k\u00fcl\u00f6n\u00f6sebben h\u00edv\u0151, az orsz\u00e1g m\u00e9lyen elk\u00f6telezett a vall\u00e1sszabads\u00e1g \u00e9s a tolerancia mellett. Az orsz\u00e1g vall\u00e1si pluralizmus \u00e9s vall\u00e1s\u00fcld\u00f6z\u00e9s hossz\u00fa t\u00f6rt\u00e9nelm\u00e9nek eredm\u00e9nyek\u00e9nt kialakult a tolerancia \u00e9s a k\u00fcl\u00f6nb\u00f6z\u0151 vall\u00e1sok ir\u00e1nti tisztelet kult\u00far\u00e1ja.<\/p>\n\n\n\n<h2 id=\"atheism-in-the-czech-republic-a-secular-perspective\" class=\"wp-block-heading\">Ateizmus a Cseh K\u00f6zt\u00e1rsas\u00e1gban: A szekul\u00e1ris perspekt\u00edva&nbsp;<\/h2>\n\n\n\n<p>A Cseh K\u00f6zt\u00e1rsas\u00e1g politikai \u00e9s t\u00e1rsadalmi-gazdas\u00e1gi berendezked\u00e9se dr\u00e1mai v\u00e1ltoz\u00e1sokon ment kereszt\u00fcl a huszadik sz\u00e1zadban. Az orsz\u00e1g a r\u00e9gi Csehszlov\u00e1kia r\u00e9sze volt, ahol a kommunista rezsim az ateizmust er\u0151ltette \u00e9s betiltotta a vall\u00e1si szertart\u00e1sokat. A<strong> a Cseh K\u00f6zt\u00e1rsas\u00e1g vall\u00e1sa<\/strong> e korszak eml\u00e9kezetes lesz arr\u00f3l, hogy h\u00e1nyan v\u00e1lasztj\u00e1k magukat ateist\u00e1nak vagy nem vall\u00e1sosnak.<\/p>\n\n\n\n<p>A Cseh K\u00f6zt\u00e1rsas\u00e1g a modern kor egyik legszekul\u00e1risabb eur\u00f3pai orsz\u00e1ga. Sokan tartj\u00e1k magukat ateist\u00e1nak, agnosztikusnak vagy nem vall\u00e1sosnak. Ennek ellen\u00e9re az orsz\u00e1g m\u00e9g mindig sz\u00e1mos k\u00fcl\u00f6nb\u00f6z\u0151 vall\u00e1s\u00fa ember otthona, bele\u00e9rtve a katolikusokat, a protest\u00e1nsokat \u00e9s a nem hagyom\u00e1nyos spiritu\u00e1lis utak ir\u00e1nt \u00e9rdekl\u0151d\u0151k egyre n\u00f6vekv\u0151 sz\u00e1m\u00e1t.<\/p>\n\n\n\n<h2 id=\"exclusive-private-tour-of-pragues-old-jewish-quarter-and-the-spanish-synagogue\" class=\"wp-block-heading\">Exkluz\u00edv priv\u00e1t t\u00fara Pr\u00e1ga r\u00e9gi zsid\u00f3 negyed\u00e9ben \u00e9s a Spanyol Zsinag\u00f3g\u00e1ban<\/h2>\n\n\n\n<div data-gyg-href=\"https:\/\/widget.getyourguide.com\/default\/activities.frame\" data-gyg-locale-code=\"en-US\" data-gyg-widget=\"activities\" data-gyg-number-of-items=\"1\" data-gyg-partner-id=\"U94OQGQ\" data-gyg-tour-ids=\"516107\"><\/div>\n\n\n\n<p>Induljon el egy utaz\u00e1sra Pr\u00e1ga zsid\u00f3 \u00f6r\u00f6ks\u00e9g\u00e9nek \u00e9s kult\u00far\u00e1j\u00e1nak gazdag sz\u00f6vev\u00e9ny\u00e9n kereszt\u00fcl a r\u00e9gi zsid\u00f3 negyed \u00e9s a Spanyol Zsinag\u00f3ga exkluz\u00edv priv\u00e1t t\u00far\u00e1j\u00e1n. Mer\u00fclj\u00f6n el az \u0151si zsinag\u00f3g\u00e1kban, csod\u00e1lja meg azok figyelemre m\u00e9lt\u00f3 \u00e9p\u00edt\u00e9szet\u00e9t, \u00e9s fedezze fel a pr\u00e1gai zsid\u00f3 k\u00f6z\u00f6ss\u00e9g mag\u00e1val ragad\u00f3 t\u00f6rt\u00e9neteit \u00e9s hagyom\u00e1nyait.<\/p>\n\n\n\n<h3 id=\"highlights\" class=\"wp-block-heading\">Kiemelt inform\u00e1ci\u00f3k<\/h3>\n\n\n\n<ul>\n<li>Szak\u00e9rt\u0151 vezet\u00e9s\u00e9vel felfedezheti a makul\u00e1tlan \u00e1llapotban fennmaradt zsid\u00f3 gett\u00f3t.<\/li>\n\n\n\n<li>L\u00e1togat\u00e1s a Maisel \u00e9s a Pinkas zsinag\u00f3g\u00e1ban, a zsid\u00f3 v\u00e1rosh\u00e1z\u00e1n \u00e9s m\u00e1s helyeken.<\/li>\n\n\n\n<li>A gy\u00f6ny\u00f6r\u0171 spanyol zsinag\u00f3ga megcsod\u00e1l\u00e1sa k\u00edv\u00fcl-bel\u00fcl (3, 4 \u00e9s 6 \u00f3r\u00e1s id\u0151tartamban)<\/li>\n\n\n\n<li>Ler\u00f3ja tisztelet\u00e9t a t\u00f6rt\u00e9nelmi r\u00e9gi zsid\u00f3 temet\u0151ben (4 \u00e9s 6 \u00f3r\u00e1s id\u0151tartamban)<\/li>\n\n\n\n<li>L\u00e1togat\u00e1s Eur\u00f3pa legr\u00e9gebbi m\u0171k\u00f6d\u0151 zsinag\u00f3g\u00e1j\u00e1ban, a R\u00e9gi-\u00daj Zsinag\u00f3g\u00e1ban (a 6 \u00f3r\u00e1s opci\u00f3ban foglalhat\u00f3).<\/li>\n<\/ul>\n\n\n\n<h3 id=\"included\" class=\"wp-block-heading\">Tartalmazza a<\/h3>\n\n\n\n<ul>\n<li>Priv\u00e1t t\u00fara Pr\u00e1ga zsid\u00f3 v\u00e1ros\u00e1ban, amely mag\u00e1ban foglalja a Spanyol Zsinag\u00f3g\u00e1t, a R\u00e9gi Zsid\u00f3 Temet\u0151t \u00e9s a R\u00e9gi-\u00daj Zsinag\u00f3g\u00e1t (a l\u00e1tnival\u00f3k sz\u00e1ma a kiv\u00e1lasztott opci\u00f3t\u00f3l f\u00fcgg\u0151en v\u00e1ltozik).<\/li>\n\n\n\n<li>A zsid\u00f3 t\u00f6rt\u00e9nelem szak\u00e9rt\u0151 idegenvezet\u0151je, aki foly\u00e9konyan besz\u00e9l az \u00d6n \u00e1ltal v\u00e1lasztott nyelven.<\/li>\n\n\n\n<li>Gyors\u00edtott bel\u00e9p\u0151 a Spanyol Zsinag\u00f3g\u00e1ba (3, 4 \u00e9s 6 \u00f3r\u00e1s opci\u00f3val)<\/li>\n\n\n\n<li>Gyors\u00edtott bel\u00e9p\u00e9s a soron k\u00edv\u00fcli jegyekkel a R\u00e9gi Zsid\u00f3 Temet\u0151be (4 \u00e9s 6 \u00f3r\u00e1s opci\u00f3val)<\/li>\n\n\n\n<li>Gyors\u00edtott bel\u00e9p\u00e9s a soron k\u00edv\u00fcli bel\u00e9p\u0151jegyekkel az \u00daj-\u00d6reg Zsinag\u00f3g\u00e1ba (csak a 6 \u00f3r\u00e1s opci\u00f3ban \u00e9rhet\u0151 el).<\/li>\n<\/ul>\n\n\n\n<div class=\"wp-block-buttons is-layout-flex wp-block-buttons-is-layout-flex\">\n<div class=\"wp-block-button is-style-cs-button-block\"><a class=\"wp-block-button__link wp-element-button\" href=\"https:\/\/www.getyourguide.com\/prague-l10\/prague-old-jewish-quarter-and-spanish-synagogue-private-tour-t516107\/?partner_id=U94OQGQ&amp;utm_medium=online_publisher\" rel=\"nofollow noopener\">\u00a0\u2192 Foglalja le priv\u00e1t t\u00far\u00e1j\u00e1t m\u00e9g ma!<\/a><\/div>\n<\/div>\n\n\n\n<div data-gyg-href=\"https:\/\/widget.getyourguide.com\/default\/city.frame\" data-gyg-location-id=\"10\" data-gyg-locale-code=\"en-US\" data-gyg-widget=\"city\" data-gyg-partner-id=\"U94OQGQ\"><\/div>","protected":false},"excerpt":{"rendered":"A Cseh K\u00f6zt\u00e1rsas\u00e1g vall\u00e1sa \u00e9vtizedek alatt alakult ki. A soksz\u00edn\u0171 vall\u00e1si t\u00e1jk\u00e9p meg\u00e9rt\u00e9se...","protected":false},"author":2,"featured_media":11956,"comment_status":"closed","ping_status":"closed","sticky":false,"template":"","format":"standard","meta":{"footnotes":""},"categories":[15,204,39],"tags":[49],"table_tags":[],"_links":{"self":[{"href":"https:\/\/prague.org\/hu\/wp-json\/wp\/v2\/posts\/11953"}],"collection":[{"href":"https:\/\/prague.org\/hu\/wp-json\/wp\/v2\/posts"}],"about":[{"href":"https:\/\/prague.org\/hu\/wp-json\/wp\/v2\/types\/post"}],"author":[{"embeddable":true,"href":"https:\/\/prague.org\/hu\/wp-json\/wp\/v2\/users\/2"}],"replies":[{"embeddable":true,"href":"https:\/\/prague.org\/hu\/wp-json\/wp\/v2\/comments?post=11953"}],"version-history":[{"count":3,"href":"https:\/\/prague.org\/hu\/wp-json\/wp\/v2\/posts\/11953\/revisions"}],"predecessor-version":[{"id":11995,"href":"https:\/\/prague.org\/hu\/wp-json\/wp\/v2\/posts\/11953\/revisions\/11995"}],"wp:featuredmedia":[{"embeddable":true,"href":"https:\/\/prague.org\/hu\/wp-json\/wp\/v2\/media\/11956"}],"wp:attachment":[{"href":"https:\/\/prague.org\/hu\/wp-json\/wp\/v2\/media?parent=11953"}],"wp:term":[{"taxonomy":"category","embeddable":true,"href":"https:\/\/prague.org\/hu\/wp-json\/wp\/v2\/categories?post=11953"},{"taxonomy":"post_tag","embeddable":true,"href":"https:\/\/prague.org\/hu\/wp-json\/wp\/v2\/tags?post=11953"},{"taxonomy":"table_tags","embeddable":true,"href":"https:\/\/prague.org\/hu\/wp-json\/wp\/v2\/table_tags?post=11953"}],"curies":[{"name":"wp","href":"https:\/\/api.w.org\/{rel}","templated":true}]}}