{"id":12040,"date":"2023-11-19T15:46:00","date_gmt":"2023-11-19T13:46:00","guid":{"rendered":"https:\/\/prague.org\/?p=12040"},"modified":"2023-11-20T13:02:39","modified_gmt":"2023-11-20T11:02:39","slug":"prague-farmers-market","status":"publish","type":"post","link":"https:\/\/prague.org\/hu\/prague-farmers-market\/","title":{"rendered":"A pr\u00e1gai termel\u0151i piac vibr\u00e1l\u00f3 \u00edzei"},"content":{"rendered":"<p>A <strong>Pr\u00e1gai termel\u0151i piac<\/strong> nem akarja kihagyni, mindegyiknek megvan a maga var\u00e1zsa \u00e9s k\u00fcl\u00f6nlegess\u00e9ge.Ezek a ny\u00fczsg\u0151 piacok, amelyek tele vannak friss term\u00e9kekkel \u00e9s region\u00e1lis specialit\u00e1sokkal, felejthetetlen \u00e9teleket k\u00edn\u00e1lnak, amelyek a r\u00e9gi\u00f3 mez\u0151gazdas\u00e1gi gazdags\u00e1g\u00e1nak k\u00f6zvetlen eredm\u00e9nyei.<\/p>\n\n\n\n<p>A pr\u00e1gai termel\u0151i piacok remek lehet\u0151s\u00e9get ny\u00fajtanak arra, hogy meg\u00edzlelj\u00fck a helyi kult\u00far\u00e1t. A Vltava foly\u00f3 partj\u00e1n tal\u00e1lhat\u00f3ak a legn\u00e9pszer\u0171bb piacok. <strong>Pr\u00e1gai termel\u0151i piac<\/strong>: a Naplavka termel\u0151i piac. Szezon\u00e1lis piacok, mint p\u00e9ld\u00e1ul <a href=\"https:\/\/prague.org\/hu\/prague-easter-markets\/\">H\u00fasv\u00e9ti piacok 2023<\/a> \u00e9s <a href=\"https:\/\/prague.org\/hu\/pragai-karacsonyi-piac\/\">Kar\u00e1csonyi piacok 2023<\/a> Pr\u00e1g\u00e1ban, olyasvalami, amit m\u00e1r alig v\u00e1r.<\/p>\n\n\n\n<p>A piac egyik legjobb tulajdons\u00e1ga, hogy csak a szezon\u00e1lis \u00e9lelmiszereket \u00e1rulja. A piac k\u00edn\u00e1lata az \u00e9vszakoknak megfelel\u0151en v\u00e1ltozik. A tavasz bek\u00f6sz\u00f6nt\u00e9vel \u00faj \u00e9let vir\u00e1gzik, bele\u00e9rtve a z\u00f6lds\u00e9gek, az eper \u00e9s a sz\u00ednes vir\u00e1gok b\u0151s\u00e9g\u00e9t. A ny\u00e1ri h\u00f3napok a friss term\u00e9kek \u00e9s az arom\u00e1s f\u0171szern\u00f6v\u00e9nyek sziv\u00e1rv\u00e1ny\u00e1t hozz\u00e1k el. Az \u0151sz a s\u00fct\u0151t\u00f6k, az alma \u00e9s a t\u00e1pl\u00e1l\u00f3 gy\u00f6k\u00e9rz\u00f6lds\u00e9gek b\u0151s\u00e9g\u00e9t k\u00edn\u00e1lja, m\u00edg a t\u00e9l k\u00fcl\u00f6nleges k\u00e9zm\u0171ves term\u00e9keket \u00e9s szezon\u00e1lis finoms\u00e1gokat.<\/p>\n\n\n\n<h2 id=\"the-tradition-of-farmers-markets-in-the-czech-republic\" class=\"wp-block-heading\">A termel\u0151i piacok hagyom\u00e1nya a Cseh K\u00f6zt\u00e1rsas\u00e1gban<\/h2>\n\n\n\n<div data-gyg-href=\"https:\/\/widget.getyourguide.com\/default\/activities.frame\" data-gyg-locale-code=\"en-US\" data-gyg-widget=\"activities\" data-gyg-number-of-items=\"3\" data-gyg-partner-id=\"U94OQGQ\" data-gyg-q=\"prague%20food%20markets\"><\/div>\n\n\n\n<p>B\u00e1r gy\u00f6kereik \u00e9vsz\u00e1zadokra ny\u00falnak vissza, a modern termel\u0151i piacok olyan \u00e9l\u00e9nk tal\u00e1lkoz\u00f3helyek, amelyek kiemelik a region\u00e1lis term\u00e9keket, \u00f6szt\u00f6nzik a szomsz\u00e9ds\u00e1got, \u00e9s az \u00e9teleken kereszt\u00fcl el\u0151seg\u00edtik a kultur\u00e1lis meg\u00e9rt\u00e9st. A helyiek \u00e9s a turist\u00e1k autentikus \u00e9s kultur\u00e1lisan gazdag \u00e9lm\u00e9nyben r\u00e9szes\u00fclhetnek a cseh vid\u00e9ken tal\u00e1lhat\u00f3 sz\u00e1mos termel\u0151i piac egyik\u00e9n.<\/p>\n\n\n\n<h3 id=\"historical-roots\" class=\"wp-block-heading\">T\u00f6rt\u00e9nelmi gy\u00f6kerek<\/h3>\n\n\n\n<p>A k\u00f6z\u00e9pkor \u00f3ta, amikor a piacterek a Cseh K\u00f6zt\u00e1rsas\u00e1gban a kereskedelem \u00e9s a t\u00e1rsadalmi \u00e9let k\u00f6z\u00e9ppontj\u00e1t jelentett\u00e9k, a termel\u0151i piacok az orsz\u00e1g kult\u00far\u00e1j\u00e1nak alapj\u00e1t k\u00e9pezik. Ezek a piacterek ki\u00e1llt\u00e1k az id\u0151 pr\u00f3b\u00e1j\u00e1t, alkalmazkodtak az \u00faj k\u00f6r\u00fclm\u00e9nyekhez, mik\u00f6zben meg\u0151rizt\u00e9k egyedi identit\u00e1sukat. A piacterek fennmarad\u00e1sa bizony\u00edtja m\u00e9ly kultur\u00e1lis \u00e9rt\u00e9k\u00fcket.<\/p>\n\n\n\n<h3 id=\"spaces-for-social-interaction\" class=\"wp-block-heading\">T\u00e1rsas \u00e9rintkez\u00e9si terek<\/h3>\n\n\n\n<p>Ezek a rendezv\u00e9nyek l\u00e9tfontoss\u00e1g\u00fa k\u00f6z\u00f6ss\u00e9gi k\u00f6zpontok, amelyek sokkal t\u00f6bbek, mint egyszer\u0171 piacterek. A termel\u0151i piacok n\u00e9pszer\u0171 tal\u00e1lkoz\u00f3helyek, ahol az emberek \u00f6sszegy\u0171lnek, hogy besz\u00e9lgessenek szomsz\u00e9daikkal \u00e9s friss, helyben termesztett term\u00e9keket v\u00e1s\u00e1roljanak. Ezek a piacok el\u0151seg\u00edtik az \u00f6sszetartoz\u00e1s \u00e9rz\u00e9s\u00e9t az\u00e1ltal, hogy a helyieknek helyet biztos\u00edtanak egym\u00e1s megismer\u00e9s\u00e9re, mik\u00f6zben a cseh konyha b\u0151s\u00e9ges k\u00edn\u00e1lat\u00e1t is bemutatj\u00e1k.<\/p>\n\n\n\n<h3 id=\"seasonal-abundance\" class=\"wp-block-heading\">Szezon\u00e1lis b\u0151s\u00e9g<\/h3>\n\n\n\n<p>A cseh termel\u0151i piacok jellemz\u0151je a szezon\u00e1lis el\u00e9rhet\u0151s\u00e9g. Amikor a veget\u00e1ci\u00f3s id\u0151szak v\u00e1ltozik, a piac is v\u00e1ltozik, \u00e9s mag\u00e1val hozza a szezon\u00e1lis gy\u00fcm\u00f6lcs\u00f6k, z\u00f6lds\u00e9gek \u00e9s k\u00e9zm\u0171ves term\u00e9kek sz\u00ednes v\u00e1laszt\u00e9k\u00e1t. A piacra l\u00e1togat\u00f3k az \u00e9v sor\u00e1n a k\u00edn\u00e1lat hull\u00e1mz\u00e1sa miatt \u00e9l\u00e9nk \u00e9s \u00e1lland\u00f3an v\u00e1ltoz\u00f3 k\u00f6rnyezetre sz\u00e1m\u00edthatnak.<\/p>\n\n\n\n<h3 id=\"safeguarding-the-culinary-heritage\" class=\"wp-block-heading\">A kulin\u00e1ris \u00f6r\u00f6ks\u00e9g meg\u0151rz\u00e9se<\/h3>\n\n\n\n<p>A <strong>Pr\u00e1gai termel\u0151i piac<\/strong> elengedhetetlen a Cseh K\u00f6zt\u00e1rsas\u00e1g kulin\u00e1ris hagyom\u00e1nyainak \u00e9letben tart\u00e1s\u00e1hoz. A standok \u00e9s ki\u00e1ll\u00edt\u00e1sok a region\u00e1lis specialit\u00e1sokat, klasszikus \u00e9teleket \u00e9s a j\u00f3l bev\u00e1lt f\u0151z\u00e9si technik\u00e1kat mutatj\u00e1k be. A l\u00e1togat\u00f3k megismerhetik a cseh konyh\u00e1ra gyakorolt kultur\u00e1lis \u00e9s t\u00f6rt\u00e9nelmi hat\u00e1sokat, mik\u00f6zben megk\u00f3stolhatj\u00e1k a helyi specialit\u00e1sokat.<\/p>\n\n\n\n<h3 id=\"consistency-and-local-support\" class=\"wp-block-heading\">K\u00f6vetkezetess\u00e9g \u00e9s helyi t\u00e1mogat\u00e1s<\/h3>\n\n\n\n<p>A cseh termel\u0151i piacok a fenntarthat\u00f3s\u00e1g jegy\u00e9ben a helyben beszerzett \u00e1rukat helyezik el\u0151t\u00e9rbe. Ezek a piacok a termel\u0151k \u00e9s a fogyaszt\u00f3k k\u00f6zvetlen \u00f6sszekapcsol\u00e1s\u00e1val er\u0151s\u00edtik a helyi mez\u0151gazdas\u00e1gi k\u00f6z\u00f6ss\u00e9geket. Ez pozit\u00edv hat\u00e1ssal van a k\u00f6rnyezetre \u00e9s a helyi gazdas\u00e1gokra.<\/p>\n\n\n\n<h3 id=\"ability-to-change-in-the-modern-era\" class=\"wp-block-heading\">V\u00e1ltoztat\u00e1si k\u00e9pess\u00e9g a modern korban<\/h3>\n\n\n\n<p>A csehorsz\u00e1gi termel\u0151i piacokat \u00e1thatja a t\u00f6rt\u00e9nelem, ugyanakkor olyan \u00e9lvonalbeli innov\u00e1ci\u00f3kkal is rendelkeznek, mint p\u00e9ld\u00e1ul a <a href=\"https:\/\/prague.org\/hu\/holesovice-piac\/\">Hole\u0161ovicei termel\u0151i piac.<\/a> Az internetes platformok egyszer\u0171s\u00e9g\u00e9t sz\u00e1mos piac kihaszn\u00e1lja an\u00e9lk\u00fcl, hogy az \u00f6r\u00f6ks\u00e9g eredeti szellem\u00e9t felh\u00edg\u00edtan\u00e1. Ez a rugalmass\u00e1g biztos\u00edtja a piacok folyamatos hasznoss\u00e1g\u00e1t egy dinamikus k\u00f6rnyezetben.<\/p>\n\n\n\n<h3 id=\"direct-producer-consumer-interaction\" class=\"wp-block-heading\">K\u00f6zvetlen termel\u0151-fogyaszt\u00f3 interakci\u00f3<\/h3>\n\n\n\n<p>A csehorsz\u00e1gi termel\u0151i piacok az \u00e1rusok \u00e9s a v\u00e1s\u00e1rl\u00f3k k\u00f6z\u00f6tti szoros kapcsolatr\u00f3l ismertek. Ennek a nyitotts\u00e1gnak k\u00f6sz\u00f6nhet\u0151en a v\u00e1s\u00e1rl\u00f3k nagyobb bizalmat \u00e9rezhetnek a megv\u00e1s\u00e1rolt term\u00e9kek ir\u00e1nt, \u00e9s m\u00e9lyebb kapcsolatba ker\u00fclhetnek az elfogyasztott \u00e9telekkel.<\/p>\n\n\n\n<h2 id=\"what-food-to-find-at-the-farmers-markets-in-prague\" class=\"wp-block-heading\">Milyen \u00e9teleket tal\u00e1lni a pr\u00e1gai termel\u0151i piacokon?<\/h2>\n\n\n\n<p>A pr\u00e1gai termel\u0151i piacokon tal\u00e1lhat\u00f3 n\u00e9h\u00e1ny a <a href=\"https:\/\/prague.org\/hu\/legjobb-europai-karacsonyi-piacok\/\">legjobb eur\u00f3pai kar\u00e1csonyi piacok<\/a>. A s\u00f6r, a k\u00e1v\u00e9 \u00e9s a forralt bor szezon\u00e1lis kedvencek, a kiv\u00e1l\u00f3 \u00e9telek pedig \u00e9vszakt\u00f3l f\u00fcggetlen\u00fcl mindig szerepelnek az \u00e9tlapon. Eg\u00e9sz \u00e9vben tal\u00e1lhat egyedi tervez\u00e9s\u0171 \u00fcnnepi dekor\u00e1ci\u00f3kat, ker\u00e1mi\u00e1kat \u00e9s egy\u00e9b k\u00e9zzel k\u00e9sz\u00edtett \u00e1rukat \u00e1rus\u00edt\u00f3 standokat. A h\u00fasv\u00e9ti dekor\u00e1ci\u00f3k k\u00f6z\u00f6tt sz\u00ednes toj\u00e1sok \u00e9s ostorok, a kar\u00e1csonyi d\u00edszek k\u00f6z\u00f6tt pedig adventi koszor\u00fak \u00e9s f\u00fcz\u00e9rek tal\u00e1lhat\u00f3k. \u00cdme n\u00e9h\u00e1ny \u00ednycsikland\u00f3 \u00e9tel, amely b\u00e1rmelyik helyen kaphat\u00f3. <strong>Pr\u00e1gai termel\u0151i piac<\/strong>:<\/p>\n\n\n\n<ul>\n<li>Friss gy\u00fcm\u00f6lcs\u00f6k \u00e9s z\u00f6lds\u00e9gek<\/li>\n\n\n\n<li>Helyi sajtok<\/li>\n\n\n\n<li>Kenyerek \u00e9s p\u00e9ks\u00fctem\u00e9nyek<\/li>\n\n\n\n<li>M\u00e9z \u00e9s lekv\u00e1r<\/li>\n\n\n\n<li>Friss h\u00fasok \u00e9s kolb\u00e1szok<\/li>\n\n\n\n<li>Bioterm\u00e9kek<\/li>\n\n\n\n<li>Savany\u00fas\u00e1gok \u00e9s erjesztett \u00e9lelmiszerek<\/li>\n\n\n\n<li>Farm-friss toj\u00e1s<\/li>\n\n\n\n<li>Vir\u00e1gok \u00e9s gy\u00f3gyn\u00f6v\u00e9nyek<\/li>\n\n\n\n<li>K\u00e9zm\u0171ves italok<\/li>\n\n\n\n<li>K\u00e9zzel k\u00e9sz\u00edtett t\u00e1rgyak<\/li>\n<\/ul>\n\n\n\n<h2 id=\"our-top-picks-for-the-best-farmers-markets-in-prague\" class=\"wp-block-heading\">A legjobb pr\u00e1gai termel\u0151i piacok kiv\u00e1laszt\u00e1sa<\/h2>\n\n\n\n<h2 id=\"new-prague-farmers-market\" class=\"wp-block-heading\">- \u00daj Pr\u00e1gai termel\u0151i piac&nbsp;<\/h2>\n\n\n\n<p><strong>C\u00edm:<\/strong> K\u00f6zt\u00e1rsas\u00e1g t\u00e9r (N\u00e1m\u011bst\u00ed Republiky), Pr\u00e1ga 1<\/p>\n\n\n\n<p><strong>Amikor<\/strong>: Minden szombaton, eg\u00e9sz \u00e9vben<\/p>\n\n\n\n<p>A<strong> \u00faj pr\u00e1gai termel\u0151i piac<\/strong> finom, helyben termesztett gy\u00fcm\u00f6lcs\u00f6ket \u00e9s z\u00f6lds\u00e9geket k\u00edn\u00e1l. K\u00fcl\u00f6nf\u00e9le z\u00f6lds\u00e9gek \u00e9s gy\u00fcm\u00f6lcs\u00f6k a szezonban. Paradicsom, paprika \u00e9s k\u00e1posztaf\u00e9l\u00e9k, valamint \u00e9vel\u0151 n\u00f6v\u00e9nyek \u00e9s n\u00e9h\u00e1ny gy\u00fcm\u00f6lcsfa tavasszal kaphat\u00f3k indul\u00f3 n\u00f6v\u00e9nyk\u00e9nt.<\/p>\n\n\n\n<p>Eg\u00e9sz \u00e9vben finom p\u00e9k\u00e1rukat, ken\u0151cs\u00f6ket \u00e9s \u00e9des\u00edt\u0151szereket lehet v\u00e1s\u00e1rolni. A k\u00e9zm\u0171ves term\u00e9kek korl\u00e1tozott v\u00e1laszt\u00e9k\u00e1t fafarag\u00e1sok, kerti d\u00edszek, k\u00e9zi k\u00e9zimunka, m\u00e9hviaszgyerty\u00e1k, k\u00e9zm\u0171ves szappanok \u00e9s gyerty\u00e1k teszik teljess\u00e9.<\/p>\n\n\n\n<h2 id=\"andel\" class=\"wp-block-heading\">- Andel...<\/h2>\n\n\n\n<p><strong>C\u00edm:<\/strong> N\u00e1m\u011bst\u00ed 14. \u0159\u00edjna, Pr\u00e1ga 5<\/p>\n\n\n\n<p><strong>Amikor<\/strong>: P\u00e9ntekenk\u00e9nt 8 \u00f3r\u00e1t\u00f3l 18 \u00f3r\u00e1ig.<\/p>\n\n\n\n<p>P\u00e9ntekenk\u00e9nt ez a <strong>Pr\u00e1gai termel\u0151i piac<\/strong> a ny\u00fczsg\u0151 And\u011bl negyedben ny\u00fczsg\u00e9s van. Az And\u011bl-i termel\u0151i piac sz\u00e9les lakoss\u00e1got szolg\u00e1l ki, \u00e9s a bio z\u00f6lds\u00e9gekt\u0151l kezdve a k\u00e9zzel k\u00e9sz\u00edtett \u00e1rukig mindent k\u00edn\u00e1l. Fedezze fel a piac kozmopolita hangulat\u00e1t, ahol a legk\u00fcl\u00f6nb\u00f6z\u0151bb konyh\u00e1k finoms\u00e1gait k\u00edn\u00e1l\u00f3 standok tal\u00e1lhat\u00f3k.<\/p>\n\n\n\n<h2 id=\"kulatak\" class=\"wp-block-heading\">- Kulatak...<\/h2>\n\n\n\n<p><strong>C\u00edm:<\/strong> Ji\u0159\u00edho z Pod\u011bbrad t\u00e9r, Pr\u00e1ga 3<\/p>\n\n\n\n<p><strong>Mikor:<\/strong> Minden szerd\u00e1n 8 \u00f3r\u00e1t\u00f3l 18 \u00f3r\u00e1ig.<\/p>\n\n\n\n<p><strong>Kulatak termel\u0151i piac Pr\u00e1ga<\/strong>, amely a ny\u00fczsg\u0151 Ji\u0159\u00edho z Pod\u011bbrad t\u00e9ren tal\u00e1lhat\u00f3, h\u00e9tk\u00f6znapokon kulin\u00e1ris mennyorsz\u00e1g. A piac a friss gy\u00fcm\u00f6lcs\u00f6k \u00e9s z\u00f6lds\u00e9gek, valamint a region\u00e1lis finoms\u00e1gok sz\u00e9les v\u00e1laszt\u00e9k\u00e1r\u00f3l ismert. Haszn\u00e1lja ki a vibr\u00e1l\u00f3 hangulatot, az \u00e9l\u0151zen\u00e9t \u00e9s a k\u00fcl\u00f6nf\u00e9le street food-v\u00e1laszt\u00e9kot.<\/p>\n\n\n\n<h2 id=\"naplavka\" class=\"wp-block-heading\">- Naplavka...<\/h2>\n\n\n\n<p>C\u00edm: Ra\u0161\u00ednovo n\u00e1b\u0159e\u017e\u00ed, Pr\u00e1ga 2<\/p>\n\n\n\n<p>Mikor: d\u00e9lel\u0151tt 8 \u00f3r\u00e1t\u00f3l d\u00e9lut\u00e1n 2 \u00f3r\u00e1ig.<\/p>\n\n\n\n<p><strong>Naplavka termel\u0151i piac Pr\u00e1ga<\/strong>, amely a Moldva foly\u00f3 mellett tal\u00e1lhat\u00f3, n\u00e9pszer\u0171 a helyiek \u00e9s a l\u00e1togat\u00f3k k\u00f6r\u00e9ben egyar\u00e1nt. A friss z\u00f6lds\u00e9gekkel, k\u00e9zm\u0171ves s\u00fctem\u00e9nyekkel \u00e9s k\u00e9zm\u0171ves term\u00e9kekkel megrakott kioszkok felfedez\u00e9se k\u00f6zben a fest\u0151i k\u00f6rnyezet nyugodt hangulatot biztos\u00edt. Ne hagyja ki az utcai \u00e9tel\u00e1rusok \u00e1ltal k\u00edn\u00e1lt k\u00fcl\u00f6nb\u00f6z\u0151 kulin\u00e1ris finoms\u00e1gokat.<\/p>\n\n\n\n<h2 id=\"sunday\" class=\"wp-block-heading\">- Vas\u00e1rnap...<\/h2>\n\n\n\n<p>A vibr\u00e1l\u00f3 <strong>Vas\u00e1rnapi termel\u0151i piac Pr\u00e1g\u00e1ban <\/strong>minden vas\u00e1rnap \u00e9letre kelti a v\u00e1rost. A v\u00e1ros k\u00f6zep\u00e9n tal\u00e1lhat\u00f3 piac t\u00f6bb, mint egy egyszer\u0171 \u00e9lelmiszerv\u00e1s\u00e1rl\u00e1si lehet\u0151s\u00e9g; a v\u00e1ros kultur\u00e1lis soksz\u00edn\u0171s\u00e9g\u00e9nek, kulin\u00e1ris k\u00e9pess\u00e9geinek \u00e9s k\u00f6z\u00f6ss\u00e9gi szellem\u00e9nek vir\u00e1gz\u00f3 bemutat\u00f3helye. J\u00f6jj\u00f6n vel\u00fcnk egy virtu\u00e1lis t\u00far\u00e1ra a pr\u00e1gai termel\u0151i piacra, \u00e9s gy\u0151z\u0151dj\u00f6n meg r\u00f3la, hogy mi\u00e9rt v\u00e1lt oly sok ember sz\u00e1m\u00e1ra h\u00e9tv\u00e9gi alapkell\u00e9kk\u00e9.<\/p>\n\n\n\n<p>Ez egy olyan hely, ahol az emberek megoszthatj\u00e1k a friss, helyi gy\u00fcm\u00f6lcs\u00f6k ir\u00e1nti szenved\u00e9ly\u00fcket, mik\u00f6zben megtapasztalhatj\u00e1k a vas\u00e1rnapi egy\u00fcttl\u00e9t meleg\u00e9t.<\/p>\n\n\n\n<h2 id=\"pragues-market-exploration-and-authentic-czech-cooking-experience\" class=\"wp-block-heading\">Pr\u00e1gai piac felfedez\u00e9se \u00e9s autentikus cseh f\u0151z\u00e9si \u00e9lm\u00e9ny<\/h2>\n\n\n\n<div data-gyg-href=\"https:\/\/widget.getyourguide.com\/default\/activities.frame\" data-gyg-locale-code=\"en-US\" data-gyg-widget=\"activities\" data-gyg-number-of-items=\"1\" data-gyg-partner-id=\"U94OQGQ\" data-gyg-tour-ids=\"36516\"><\/div>\n\n\n\n<p>Mer\u00fclj\u00f6n el a cseh gasztron\u00f3mia esszenci\u00e1j\u00e1ban egy felejthetetlen pr\u00e1gai kulin\u00e1ris kalandoz\u00e1son kereszt\u00fcl. Induljon el egy \u00e9l\u00e9nk piaci felfedez\u0151\u00fatra, v\u00e1lasszon friss, szezon\u00e1lis alapanyagokat, \u00e9s vegyen r\u00e9szt egy tapasztalt s\u00e9f \u00e1ltal vezetett, mag\u00e1val ragad\u00f3 gyakorlati f\u0151z\u0151tanfolyamon. Fedezze fel a val\u00f3di cseh \u00e9telek k\u00e9sz\u00edt\u00e9s\u00e9nek m\u0171v\u00e9szet\u00e9t, a robosztus guly\u00e1st\u00f3l \u00e9s a l\u00e9gies gomb\u00f3cokt\u00f3l kezdve az alm\u00e1s r\u00e9tes finoms\u00e1gokig.<\/p>\n\n\n\n<h3 id=\"highlights\" class=\"wp-block-heading\">Kiemelt inform\u00e1ci\u00f3k<\/h3>\n\n\n\n<ul>\n<li>M\u0171velje kulin\u00e1ris k\u00e9szs\u00e9geit: Fejtse meg a hagyom\u00e1nyos cseh konyha rejtelmeit egy gyakorlott szak\u00e1cs vezet\u00e9s\u00e9vel.<\/li>\n\n\n\n<li>Fedezze fel Pr\u00e1ga els\u0151sz\u00e1m\u00fa termel\u0151i piac\u00e1t: Induljon el egy vezetett t\u00far\u00e1ra a piacon, \u00e9s v\u00e1lassza ki a legjobb szezon\u00e1lis alapanyagokat kulin\u00e1ris alkot\u00e1saihoz.<\/li>\n\n\n\n<li>K\u00e9nyeztesse az \u00edzl\u00e9s\u00e9t: Tapasztalja meg az \u00edzek harmonikus kever\u00e9k\u00e9t, mik\u00f6zben elk\u00e9sz\u00edti a 3 fog\u00e1sos, guly\u00e1st, galusk\u00e1t \u00e9s alm\u00e1s r\u00e9teslapot felvonultat\u00f3 \u00edzletes men\u00fct.<\/li>\n\n\n\n<li>\u0150rizze meg az \u00e9lm\u00e9nyt: Vigye mag\u00e1val a f\u00e9ltve \u0151rz\u00f6tt recepteket \u00e9s a cseh kulin\u00e1ris hagyom\u00e1nyok \u00fajfajta megbecs\u00fcl\u00e9s\u00e9t.<\/li>\n<\/ul>\n\n\n\n<h3 id=\"included\" class=\"wp-block-heading\">Tartalmazza a<\/h3>\n\n\n\n<ul>\n<li>F\u0151z\u00e9shez sz\u00fcks\u00e9ges alapanyagok: Kapja meg az \u00f6sszes friss, szezon\u00e1lis alapanyagot, amely egy kulin\u00e1ris remekm\u0171 elk\u00e9sz\u00edt\u00e9s\u00e9hez sz\u00fcks\u00e9ges.<\/li>\n\n\n\n<li>Receptgy\u0171jtem\u00e9ny: Induljon el egy autentikus cseh receptekb\u0151l \u00e1ll\u00f3 \u00f6ssze\u00e1ll\u00edt\u00e1ssal, hogy megism\u00e9telhesse a kulin\u00e1ris utaz\u00e1s \u00edzeit.<\/li>\n\n\n\n<li>Konyhai eszk\u00f6z\u00f6k \u00e9s felszerel\u00e9sek: Minden alapvet\u0151 eszk\u00f6zzel \u00e9s haszn\u00e1lati t\u00e1rgyakkal felszerelt, teljesen felszerelt konyh\u00e1hoz val\u00f3 hozz\u00e1f\u00e9r\u00e9s.<\/li>\n\n\n\n<li>K\u00f6t\u00e9nyek: Maradjon rendben \u00e9s koncentr\u00e1ljon a biztos\u00edtott k\u00f6t\u00e9nyekkel.<\/li>\n\n\n\n<li>3 fog\u00e1sos lakoma: \u00c9lvezze er\u0151fesz\u00edt\u00e9sei eredm\u00e9ny\u00e9t egy finom, 3 fog\u00e1sos, saj\u00e1t kez\u0171leg k\u00e9sz\u00edtett \u00e9tellel.<\/li>\n\n\n\n<li>Piaci kir\u00e1ndul\u00e1s: Mer\u00fclj\u00f6n el Pr\u00e1ga els\u0151sz\u00e1m\u00fa termel\u0151i piac\u00e1nak ny\u00fczsg\u0151 hangulat\u00e1ban.<\/li>\n<\/ul>\n\n\n\n<div class=\"wp-block-buttons is-layout-flex wp-block-buttons-is-layout-flex\">\n<div class=\"wp-block-button is-style-cs-button-block\"><a class=\"wp-block-button__link wp-element-button\" href=\"https:\/\/www.getyourguide.com\/prague-l10\/traditional-czech-cuisine-cooking-class-t36516\/?partner_id=U94OQGQ&amp;utm_medium=online_publisher\" rel=\"nofollow noopener\">\u2192 <strong>Induljon el egy kulin\u00e1ris utaz\u00e1sra<\/strong><\/a><\/div>\n<\/div>\n\n\n\n<div data-gyg-href=\"https:\/\/widget.getyourguide.com\/default\/city.frame\" data-gyg-location-id=\"10\" data-gyg-locale-code=\"en-US\" data-gyg-widget=\"city\" data-gyg-partner-id=\"U94OQGQ\"><\/div>","protected":false},"excerpt":{"rendered":"A pr\u00e1gai termel\u0151i piacot nem \u00e9rdemes kihagyni, mindegyiknek megvan a maga var\u00e1zsa \u00e9s...","protected":false},"author":2,"featured_media":12041,"comment_status":"closed","ping_status":"closed","sticky":false,"template":"","format":"standard","meta":{"footnotes":""},"categories":[204,206,19,1,17],"tags":[],"table_tags":[],"_links":{"self":[{"href":"https:\/\/prague.org\/hu\/wp-json\/wp\/v2\/posts\/12040"}],"collection":[{"href":"https:\/\/prague.org\/hu\/wp-json\/wp\/v2\/posts"}],"about":[{"href":"https:\/\/prague.org\/hu\/wp-json\/wp\/v2\/types\/post"}],"author":[{"embeddable":true,"href":"https:\/\/prague.org\/hu\/wp-json\/wp\/v2\/users\/2"}],"replies":[{"embeddable":true,"href":"https:\/\/prague.org\/hu\/wp-json\/wp\/v2\/comments?post=12040"}],"version-history":[{"count":3,"href":"https:\/\/prague.org\/hu\/wp-json\/wp\/v2\/posts\/12040\/revisions"}],"predecessor-version":[{"id":12085,"href":"https:\/\/prague.org\/hu\/wp-json\/wp\/v2\/posts\/12040\/revisions\/12085"}],"wp:featuredmedia":[{"embeddable":true,"href":"https:\/\/prague.org\/hu\/wp-json\/wp\/v2\/media\/12041"}],"wp:attachment":[{"href":"https:\/\/prague.org\/hu\/wp-json\/wp\/v2\/media?parent=12040"}],"wp:term":[{"taxonomy":"category","embeddable":true,"href":"https:\/\/prague.org\/hu\/wp-json\/wp\/v2\/categories?post=12040"},{"taxonomy":"post_tag","embeddable":true,"href":"https:\/\/prague.org\/hu\/wp-json\/wp\/v2\/tags?post=12040"},{"taxonomy":"table_tags","embeddable":true,"href":"https:\/\/prague.org\/hu\/wp-json\/wp\/v2\/table_tags?post=12040"}],"curies":[{"name":"wp","href":"https:\/\/api.w.org\/{rel}","templated":true}]}}