{"id":12244,"date":"2023-12-21T16:20:25","date_gmt":"2023-12-21T14:20:25","guid":{"rendered":"https:\/\/prague.org\/?p=12244"},"modified":"2024-01-31T15:45:50","modified_gmt":"2024-01-31T13:45:50","slug":"prague-1-week-itinerary","status":"publish","type":"post","link":"https:\/\/prague.org\/hu\/praga-1-het-utiterv\/","title":{"rendered":"Az \u00d6n szem\u00e9lyre szabott \u00fatvonala Pr\u00e1ga felfedez\u00e9s\u00e9re 1 h\u00e9t alatt"},"content":{"rendered":"<p>A <strong>Pr\u00e1ga 1 hetes \u00fatiterv<\/strong> m\u00e9ly \u00e9s mag\u00e1val ragad\u00f3 \u00e9lm\u00e9nyt ny\u00fajt, lehet\u0151s\u00e9get adva a v\u00e1ros gazdag t\u00f6rt\u00e9nelm\u00e9nek, kult\u00far\u00e1j\u00e1nak \u00e9s var\u00e1zs\u00e1nak megismer\u00e9s\u00e9re. Annak \u00e9rdek\u00e9ben, hogy a lehet\u0151 legt\u00f6bbet hozza ki a v\u00e1rosban t\u00f6lt\u00f6tt egy h\u00e9tb\u0151l, \u00f6ssze\u00e1ll\u00edtottuk az ide\u00e1lis programot. <strong>Pr\u00e1ga 1 hetes \u00fatiterve<\/strong> az \u00d6n sz\u00e1m\u00e1ra. K\u00e9sz\u00fclj\u00f6n fel, hogy belevetheti mag\u00e1t Csehorsz\u00e1g k\u00f6zep\u00e9be!<\/p>\n\n\n\n<p>B\u0151ven lesz ideje felfedezni a v\u00e1ros \u00f6sszes nevezetess\u00e9g\u00e9t - v\u00e1ltozatos k\u00f6rny\u00e9keit, \u00edzletes konyh\u00e1j\u00e1t, l\u00e9legzetel\u00e1ll\u00edt\u00f3 t\u00e1jait \u00e9s leny\u0171g\u00f6z\u0151 t\u00f6rt\u00e9nelm\u00e9t -, ha betartja a h\u00e9t hetes terv\u00fcnket. Ebben az esetben csomagolj, mert egy olyan kalandra indulsz Eur\u00f3pa k\u00f6zep\u00e9n, amelyet soha nem fogsz elfelejteni. Pr\u00e1ga h\u00edvogat!&nbsp;<\/p>\n\n\n\n<p>Ez a <strong>1 h\u00e9t Pr\u00e1g\u00e1ban \u00fatiterv<\/strong> lehet\u0151v\u00e9 teszi Pr\u00e1ga \u00e1tfog\u00f3 megtapasztal\u00e1s\u00e1t, \u00f6tv\u00f6zve az ikonikus nevezetess\u00e9geket, a kultur\u00e1lis elm\u00e9ly\u00fcl\u00e9st, a term\u00e9szet felfedez\u00e9s\u00e9t \u00e9s a helyi interakci\u00f3kat. A program a szem\u00e9lyes \u00e9rdekl\u0151d\u00e9si k\u00f6r\u00f6k \u00e9s preferenci\u00e1k alapj\u00e1n m\u00f3dos\u00edthat\u00f3.<\/p>\n\n\n\n<h2 id=\"unlocking-pragues-charms-what-to-do-in-the-heart-of-the-city\" class=\"wp-block-heading\">Pr\u00e1ga var\u00e1zs\u00e1nak felold\u00e1sa: Pr\u00e1ga: Mit tegy\u00fcnk a v\u00e1ros sz\u00edv\u00e9ben?<\/h2>\n\n\n\n<figure class=\"wp-block-image size-large\"><img decoding=\"async\" width=\"1024\" height=\"640\" src=\"https:\/\/prague.org\/wp-content\/uploads\/2023\/12\/ian-kelsall-1oZ5G_BJN1A-unsplash-1024x640.jpg\" alt=\"Pr\u00e1ga foly\u00f3 \" class=\"wp-image-12245\" srcset=\"https:\/\/prague.org\/wp-content\/uploads\/2023\/12\/ian-kelsall-1oZ5G_BJN1A-unsplash-1024x640.jpg 1024w, https:\/\/prague.org\/wp-content\/uploads\/2023\/12\/ian-kelsall-1oZ5G_BJN1A-unsplash-300x187.jpg 300w, https:\/\/prague.org\/wp-content\/uploads\/2023\/12\/ian-kelsall-1oZ5G_BJN1A-unsplash-768x480.jpg 768w, https:\/\/prague.org\/wp-content\/uploads\/2023\/12\/ian-kelsall-1oZ5G_BJN1A-unsplash-1536x960.jpg 1536w, https:\/\/prague.org\/wp-content\/uploads\/2023\/12\/ian-kelsall-1oZ5G_BJN1A-unsplash-2048x1279.jpg 2048w, https:\/\/prague.org\/wp-content\/uploads\/2023\/12\/ian-kelsall-1oZ5G_BJN1A-unsplash-18x12.jpg 18w, https:\/\/prague.org\/wp-content\/uploads\/2023\/12\/ian-kelsall-1oZ5G_BJN1A-unsplash-380x237.jpg 380w, https:\/\/prague.org\/wp-content\/uploads\/2023\/12\/ian-kelsall-1oZ5G_BJN1A-unsplash-800x500.jpg 800w, https:\/\/prague.org\/wp-content\/uploads\/2023\/12\/ian-kelsall-1oZ5G_BJN1A-unsplash-1160x725.jpg 1160w, https:\/\/prague.org\/wp-content\/uploads\/2023\/12\/ian-kelsall-1oZ5G_BJN1A-unsplash-600x375.jpg 600w, https:\/\/prague.org\/wp-content\/uploads\/2023\/12\/ian-kelsall-1oZ5G_BJN1A-unsplash-scaled.jpg 2560w\" sizes=\"(max-width: 1024px) 100vw, 1024px\" \/><figcaption class=\"wp-element-caption\">Pr\u00e1ga foly\u00f3<\/figcaption><\/figure>\n\n\n\n<p><strong>Mi a teend\u0151 Pr\u00e1g\u00e1ban? <\/strong>Pr\u00e1ga v\u00e1rosa rengeteg tennival\u00f3val nyeri meg a turist\u00e1kat, t\u00f6bbek k\u00f6z\u00f6tt a k\u00f6vetkez\u0151kkel <a href=\"https:\/\/prague.org\/hu\/a-legjobb-turak-es-kirandulasok-pragaban\/\">a legjobb t\u00far\u00e1k \u00e9s kir\u00e1ndul\u00e1sok 2023-ban<\/a>. Fedezz\u00fck fel a Pr\u00e1ga k\u00f6zpontj\u00e1ban tal\u00e1lhat\u00f3 legn\u00e9pszer\u0171bb l\u00e1tnival\u00f3kat, hogy teljes m\u00e9rt\u00e9kben \u00e9lvezhesse az itt t\u00f6lt\u00f6tt id\u0151t ezen a var\u00e1zslatos helyen.<\/p>\n\n\n\n<h3 id=\"admire-prague-castles-medieval-elegance\" class=\"wp-block-heading\">Csod\u00e1lja meg a pr\u00e1gai v\u00e1r k\u00f6z\u00e9pkori eleganci\u00e1j\u00e1t<\/h3>\n\n\n\n<p>A pr\u00e1gai v\u00e1r, a vil\u00e1g egyik legnagyobb \u00f3kori v\u00e1rkast\u00e9lya remek kiindul\u00f3pont a belv\u00e1rosi utaz\u00e1shoz. L\u00e9pjen be egy olyan vil\u00e1gba, ahol a cseh t\u00f6rt\u00e9nelem \u00e9vsz\u00e1zadainak t\u00f6rt\u00e9nelme elevenedik meg ebben a l\u00e9legzetel\u00e1ll\u00edt\u00f3 \u00e9p\u00edt\u00e9szeti csod\u00e1ban. Tegyen egy k\u00e9nyelmes s\u00e9t\u00e1t a pomp\u00e1s udvarokon, csod\u00e1lattal n\u00e9zze meg a csod\u00e1latos Szent Vitus-sz\u00e9kesegyh\u00e1zat, \u00e9s ne hagyja ki a lehet\u0151s\u00e9get, hogy a v\u00e1r torny\u00e1b\u00f3l meg\u00f6r\u00f6k\u00edtse a v\u00e1rosk\u00e9pet.<\/p>\n\n\n\n<h3 id=\"explore-the-enchanted-town-square\" class=\"wp-block-heading\">Fedezze fel az Elvar\u00e1zsolt V\u00e1ros ter\u00e9t<\/h3>\n\n\n\n<p>L\u00e9pjen be az \u00d3v\u00e1ros t\u00e9rre, amely egy mesebeli hely. Ezen az \u00e9lettel teli ter\u00fcleten tal\u00e1lhat\u00f3 a vil\u00e1gh\u00edr\u0171 csillag\u00e1szati \u00f3ra, amely egy \u00f3r\u00e1nk\u00e9nt kibontakoz\u00f3 mechanikus figuram\u0171sorral rendelkezik. \u00c9lvezze a vibr\u00e1l\u00f3 hangulatot, mik\u00f6zben a g\u00f3tikus Tyn-templom d\u00edszes d\u00edsz\u00edt\u00e9seit n\u00e9zegeti, vagy igyon egy finom cseh s\u00f6rt a hangulatos k\u00e1v\u00e9z\u00f3k egyik\u00e9ben.<\/p>\n\n\n\n<h3 id=\"take-a-sunrise-stroll-across-the-charles-bridge\" class=\"wp-block-heading\">S\u00e9t\u00e1ljon \u00e1t a K\u00e1roly h\u00eddon napfelkeltekor<\/h3>\n\n\n\n<p>Tegyen egy b\u00e9k\u00e9s s\u00e9t\u00e1t a vil\u00e1gh\u00edr\u0171 K\u00e1roly-h\u00eddon reggelente, vagy fontolja meg egy <a href=\"https:\/\/prague.org\/hu\/prague-bike-tour-discover-the-city-in-a-different-way-way\/\">Pr\u00e1gai ker\u00e9kp\u00e1rt\u00fara<\/a>. Az \u00d3v\u00e1rost a Kisv\u00e1rossal \u00f6sszek\u00f6t\u0151, szobrokkal d\u00edsz\u00edtett h\u00eddr\u00f3l gy\u00f6ny\u00f6r\u0171 kil\u00e1t\u00e1s ny\u00edlik a pr\u00e1gai v\u00e1rra. Ahogy a v\u00e1ros \u00e9letre kel, k\u00e9sz\u00edtsen egy f\u00e9nyk\u00e9pet a l\u00e9legzetel\u00e1ll\u00edt\u00f3 napfelkelt\u00e9r\u0151l, amely a Moldva foly\u00f3n t\u00fckr\u00f6z\u0151dik. El\u00e1ll majd a l\u00e9legzete.<\/p>\n\n\n\n<h3 id=\"find-the-lesser-towns-hidden-treasures\" class=\"wp-block-heading\">Keresse meg a Kisv\u00e1ros rejtett kincseit<\/h3>\n\n\n\n<p>Menek\u00fclj\u00f6n az \u0151rj\u00f6ng\u0151 t\u00f6meg el\u0151l, \u00e9s fedezze fel a fest\u0151i Kisv\u00e1rost. Fedezze fel titkos kertjeit \u00e9s pomp\u00e1s barokk \u00e9p\u00fcleteit, mik\u00f6zben sz\u0171k sik\u00e1torain kereszt\u00fcl kanyarog. A Szent Mikl\u00f3s-templom egy \u00e9p\u00edt\u00e9szeti csoda, a Wallenstein-kertek pedig egy b\u00e1jos hely, ahol p\u00e1v\u00e1k \u00e1mokfutnak a gondozott p\u00e1zsiton. Ne hagyja ki a Petrin-hegyre vezet\u0151 sikl\u00f3val val\u00f3 felsz\u00e1ll\u00e1s n\u00e9lk\u00fcl, ahonnan pazar kil\u00e1t\u00e1s ny\u00edlik a v\u00e1rosra.<\/p>\n\n\n\n<h3 id=\"discover-the-mysteries-of-the-jewish-district-in-prague\" class=\"wp-block-heading\">Fedezze fel a pr\u00e1gai zsid\u00f3 negyed rejtelmeit<\/h3>\n\n\n\n<p>Pr\u00e1ga zsid\u00f3 m\u00faltj\u00e1nak \u00e9l\u0151 tan\u00fabizonys\u00e1g\u00e1t a Josefovban, a zsid\u00f3 negyedben l\u00e1thatjuk. L\u00e1togasson el a R\u00e9gi Zsid\u00f3 Temet\u0151be, \u00e9s hagyja mag\u00e1t megig\u00e9zni a t\u00f6bb ezer s\u00edrk\u0151 k\u00eds\u00e9rteties sz\u00e9ps\u00e9g\u00e9t\u0151l, amelyek egy apr\u00f3 ter\u00fcletre vannak \u00f6sszezs\u00fafolva. Ha \u00e9rdekli a zsid\u00f3 t\u00f6rt\u00e9nelem, kult\u00fara \u00e9s vall\u00e1s, \u00e9rdemes megn\u00e9znie a Zsid\u00f3 M\u00fazeumot. A l\u00e9legzetel\u00e1ll\u00edt\u00f3 m\u00f3r \u00e9p\u00edt\u00e9szet\u0171 Spanyol Zsinag\u00f3ga szint\u00e9n kihagyhatatlan l\u00e1tnival\u00f3.<\/p>\n\n\n\n<h2 id=\"when-is-the-good-time-to-explore-prague\" class=\"wp-block-heading\">Mikor a legjobb id\u0151 Pr\u00e1ga felfedez\u00e9s\u00e9re?<\/h2>\n\n\n\n<p>Wondering a <strong>j\u00f3 id\u0151 Pr\u00e1g\u00e1ba l\u00e1togatni?<\/strong> Az ide\u00e1lis id\u0151pont Pr\u00e1ga megl\u00e1togat\u00e1s\u00e1ra sz\u00e1mos szem\u00e9lyes megfontol\u00e1st\u00f3l f\u00fcgg, t\u00f6bbek k\u00f6z\u00f6tt att\u00f3l, hogyan \u00e9rzi mag\u00e1t a t\u00f6megben, az id\u0151j\u00e1r\u00e1st\u00f3l \u00e9s att\u00f3l, hogy milyen \u00e9lm\u00e9nyekre v\u00e1gyik. Az \u00e9vszakok v\u00e1ltakoz\u00e1s\u00e1nak f\u00e9ny\u00e9ben vegye figyelembe a k\u00f6vetkez\u0151ket:<\/p>\n\n\n\n<p>Hogy mikor \u00e9rdemes Pr\u00e1g\u00e1ba l\u00e1togatni, az id\u0151j\u00e1r\u00e1st\u00f3l, a t\u00f6megekt\u0151l \u00e9s az \u00e9lm\u00e9nyekt\u0151l f\u00fcgg. Vegye figyelembe ezeket a szezon\u00e1lis t\u00e9nyez\u0151ket:<\/p>\n\n\n\n<h3 id=\"april-june-spring\" class=\"wp-block-heading\">\u00e1prilis-j\u00fanius (tavasz)<\/h3>\n\n\n\n<p><strong>\u00c9ghajlat: <\/strong>Enyhe (10-25\u00b0C, 50-77\u00b0F) h\u0151m\u00e9rs\u00e9kletre sz\u00e1m\u00edthat.<\/p>\n\n\n\n<p><strong>Gy\u00f6ny\u00f6r\u0171 t\u00e1j:<\/strong> Vir\u00e1gok \u00e9s z\u00f6ldek sz\u00e9p\u00edtik a v\u00e1rost.<\/p>\n\n\n\n<p><strong>Tev\u00e9kenys\u00e9gek: <\/strong>Ide\u00e1lis a parkba j\u00e1r\u00f3knak \u00e9s a szabadt\u00e9ri tev\u00e9kenys\u00e9gek szerelmeseinek.<\/p>\n\n\n\n<h3 id=\"july-august-what-a-summer\" class=\"wp-block-heading\">J\u00falius-augusztus - micsoda ny\u00e1r!<\/h3>\n\n\n\n<p><strong>\u00c9ghajlat: <\/strong>Napos \u00e9s meleg, 15-30\u00b0C (59-86\u00b0F).<\/p>\n\n\n\n<p><strong>Esem\u00e9nyek:<\/strong> A fesztiv\u00e1lok \u00e9s a szabadt\u00e9ri zene \u00e9l\u00e9nk hangulatot teremt.<\/p>\n\n\n\n<p><strong>Hosszabb nappali f\u00e9ny<\/strong>: Ez t\u00f6bb id\u0151t ad a felfedez\u00e9sre.<\/p>\n\n\n\n<p><strong>Megfontol\u00e1s: <\/strong>Fontolja meg: T\u00f6bb turista, k\u00fcl\u00f6n\u00f6sen a n\u00e9pszer\u0171 helyeken.<\/p>\n\n\n\n<h3 id=\"autumn-september-october\" class=\"wp-block-heading\">\u0150sz (szeptember-okt\u00f3ber)<\/h3>\n\n\n\n<p><strong>\u00c9ghajlat: <\/strong>A h\u0151m\u00e9rs\u00e9klet 50 \u00e9s 68 Fahrenheit-fok, azaz 10 \u00e9s 20 Celsius-fok k\u00f6z\u00f6tt v\u00e1rhat\u00f3.<\/p>\n\n\n\n<p><strong>Az \u0151szi lombok:<\/strong> Ez m\u00e9g szebb\u00e9 teszi a v\u00e1rost.<\/p>\n\n\n\n<p><strong>T\u00f6megek:<\/strong> Ez kev\u00e9sb\u00e9 zs\u00fafolt, mint ny\u00e1ron.<\/p>\n\n\n\n<p><strong>Esem\u00e9nyek:<\/strong> Folytat\u00f3dnak az \u00fcnneps\u00e9gek \u00e9s kultur\u00e1lis esem\u00e9nyek.<\/p>\n\n\n\n<h3 id=\"winter-november-february\" class=\"wp-block-heading\">T\u00e9l (november-febru\u00e1r)<\/h3>\n\n\n\n<p><strong>\u00c9ghajlat: <\/strong>Az id\u0151j\u00e1r\u00e1s v\u00e1rhat\u00f3an 1-5 Celsius-fokig (30-41 Fahrenheit-fok) cs\u00f6kken.<\/p>\n\n\n\n<p><strong>\u00dcnnepi hangulat: <\/strong>A decembert a kar\u00e1csonyi v\u00e1s\u00e1rok \u00e9s d\u00edszek teszik csod\u00e1ss\u00e1 \u00e9s \u00f6r\u00f6mteliv\u00e9.<\/p>\n\n\n\n<p><strong>T\u00f6megek:<\/strong> A kisebb forgalom kevesebb turist\u00e1t jelent, \u00e9s \u00edgy t\u00f6bb intimit\u00e1st.<\/p>\n\n\n\n<p><strong>Megfontol\u00e1s:<\/strong> r\u00f6videbb nappalok, vil\u00e1gosabb v\u00e1ros \u00e9jszaka.<\/p>\n\n\n\n<p>Pr\u00e1ga var\u00e1zsa az \u00e9vszakokkal v\u00e1ltozik, \u00edgy eg\u00e9sz \u00e9vben l\u00e1togathat\u00f3. Ha \u00e9rt\u00e9keli a m\u00e9rs\u00e9kelt h\u0151m\u00e9rs\u00e9kletet \u00e9s az izgalmas szabadt\u00e9ri t\u00e1jat, a tavasz vagy a kora \u0151sz ide\u00e1lis lehet. A ny\u00e1r ide\u00e1lis, ha hosszabb napokra \u00e9s egy ny\u00fczsg\u0151 v\u00e1rosra v\u00e1gyik. A t\u00e9l \u00fcnnep\u00e9lyesebb \u00e9s kevesebb a turista, de a l\u00e1togat\u00f3knak \u00e9rdemes fel\u00f6lt\u00f6zni\u00fck. Pr\u00e1gai nyaral\u00e1sa megtervez\u00e9sekor vegye figyelembe \u00e9rdekl\u0151d\u00e9si k\u00f6r\u00e9t.<\/p>\n\n\n\n<h2 id=\"strategically-plan-your-one-week-prague-itinerary\" class=\"wp-block-heading\">Tervezze meg strat\u00e9giailag egyhetes pr\u00e1gai \u00fatiterv\u00e9t<\/h2>\n\n\n\n<p>A <strong>Pr\u00e1ga 1 hetes \u00fatiterv<\/strong> a t\u00f6rt\u00e9nelmi felfedez\u00e9st, a kultur\u00e1lis elk\u00f6telezetts\u00e9get \u00e9s a kikapcsol\u00f3d\u00e1st kell \u00f6tv\u00f6zni. L\u00e9p\u00e9sr\u0151l l\u00e9p\u00e9sre \u00fatmutat\u00f3 ahhoz, hogy a lehet\u0151 legt\u00f6bbet hozza ki ebb\u0151l a b\u00e1jos v\u00e1rosb\u00f3l:<\/p>\n\n\n\n<h3 id=\"research-and-prioritize\" class=\"wp-block-heading\">Kutat\u00e1s \u00e9s rangsorol\u00e1s<\/h3>\n\n\n\n<ul>\n<li>Keresse meg a kihagyhatatlan pr\u00e1gai l\u00e1tnival\u00f3kat \u00e9s tev\u00e9kenys\u00e9geket.<\/li>\n\n\n\n<li>Vegye figyelembe szem\u00e9lyes \u00e9rdekl\u0151d\u00e9si k\u00f6r\u00e9t - t\u00f6rt\u00e9nelmi, kultur\u00e1lis vagy szabadid\u0151s.<\/li>\n<\/ul>\n\n\n\n<h3 id=\"schedule-days-for-major-areas\" class=\"wp-block-heading\">Menetrend napok a f\u0151bb ter\u00fcletek sz\u00e1m\u00e1ra<\/h3>\n\n\n\n<ul>\n<li>Oszd fel a hetet az \u00d3v\u00e1ros, a Pr\u00e1gai V\u00e1r \u00e9s a Kisv\u00e1ros r\u00e9szekre.<\/li>\n\n\n\n<li>Egyens\u00falyozza az id\u0151t a k\u00f6rzetekben.<\/li>\n<\/ul>\n\n\n\n<h3 id=\"make-daily-plans\" class=\"wp-block-heading\">K\u00e9sz\u00edtsen napi terveket<\/h3>\n\n\n\n<ul>\n<li>Ossza fel az egyes napokat reggeli, d\u00e9li \u00e9s \u00e9jszakai tev\u00e9kenys\u00e9gekre.<\/li>\n\n\n\n<li>Sz\u00e1njon id\u0151t a l\u00e1tnival\u00f3kra, az \u00e9tkez\u00e9sre \u00e9s a szabadid\u0151 elt\u00f6lt\u00e9s\u00e9re.<\/li>\n<\/ul>\n\n\n\n<h3 id=\"think-about-hours\" class=\"wp-block-heading\">Gondolj az \u00f3r\u00e1kra<\/h3>\n\n\n\n<ul>\n<li>Tervezze meg a l\u00e1togat\u00e1sokat a l\u00e1tnival\u00f3k nyitvatart\u00e1si idej\u00e9nek ellen\u0151rz\u00e9s\u00e9vel.<\/li>\n\n\n\n<li>Gy\u0151z\u0151dj\u00f6n meg r\u00f3la, hogy az \u00fatiterv megfelel a m\u00fazeumok, kast\u00e9lyok \u00e9s egy\u00e9b helysz\u00ednek nyitvatart\u00e1si idej\u00e9nek.<\/li>\n<\/ul>\n\n\n\n<h3 id=\"historical-modern-balance\" class=\"wp-block-heading\">T\u00f6rt\u00e9nelmi-modern egyens\u00faly<\/h3>\n\n\n\n<ul>\n<li>T\u00f6rt\u00e9nelmi helysz\u00ednek, kultur\u00e1lis \u00e9lm\u00e9nyek \u00e9s modern l\u00e1tnival\u00f3k egyens\u00falya.<\/li>\n\n\n\n<li>Kombin\u00e1lja a t\u00f6rt\u00e9nelmi nevezetess\u00e9geket a modern m\u0171v\u00e9szeti gal\u00e9ri\u00e1kkal, parkokkal \u00e9s piacokkal.<\/li>\n<\/ul>\n\n\n\n<h3 id=\"relax-and-explore\" class=\"wp-block-heading\">Pihen\u00e9s \u00e9s felfedez\u00e9s<\/h3>\n\n\n\n<ul>\n<li>Adjon id\u0151t mag\u00e1nak a sz\u00f3rakoz\u00e1sra \u00e9s a nem tervezett tev\u00e9kenys\u00e9gekre.<\/li>\n\n\n\n<li>Enged\u00e9lyezze a hirtelen felfedez\u00e9seket \u00e9s a nyomoz\u00e1st.<\/li>\n<\/ul>\n\n\n\n<h3 id=\"transport-optimisation\" class=\"wp-block-heading\">Sz\u00e1ll\u00edt\u00e1s optimaliz\u00e1l\u00e1sa<\/h3>\n\n\n\n<ul>\n<li>A napi \u00fatvonalakkal megtakar\u00edthat\u00f3 az utaz\u00e1si id\u0151 \u00e9s maximaliz\u00e1lhat\u00f3 a felfedez\u00e9s.<\/li>\n\n\n\n<li>Ismerje meg Pr\u00e1ga t\u00f6megk\u00f6zleked\u00e9si rendszer\u00e9t a hat\u00e9kony utaz\u00e1s \u00e9rdek\u00e9ben.<\/li>\n<\/ul>\n\n\n\n<h3 id=\"enjoy-local-life\" class=\"wp-block-heading\">\u00c9lvezze a helyi \u00e9letet<\/h3>\n\n\n\n<ul>\n<li>Az igazi \u00edzek\u00e9rt fedezze fel a helyi \u00e9ttermeket \u00e9s piacokat.<\/li>\n\n\n\n<li>A kultur\u00e1lis elm\u00e9ly\u00fcl\u00e9s \u00e9rdek\u00e9ben vegyen r\u00e9szt helyi fesztiv\u00e1lokon, rendezv\u00e9nyeken \u00e9s el\u0151ad\u00e1sokon.<\/li>\n<\/ul>\n\n\n\n<h3 id=\"weather-prediction\" class=\"wp-block-heading\">Id\u0151j\u00e1r\u00e1s el\u0151rejelz\u00e9s<\/h3>\n\n\n\n<ul>\n<li>Ellen\u0151rizze a heti id\u0151j\u00e1r\u00e1s-el\u0151rejelz\u00e9st.<\/li>\n\n\n\n<li>Az id\u0151j\u00e1r\u00e1st\u00f3l f\u00fcgg\u0151en tervezzen benti vagy szabadt\u00e9ri tev\u00e9kenys\u00e9geket.<\/li>\n<\/ul>\n\n\n\n<h3 id=\"allow-flexibility\" class=\"wp-block-heading\">Rugalmass\u00e1g biztos\u00edt\u00e1sa<\/h3>\n\n\n\n<ul>\n<li>A d\u00e9lut\u00e1ni \u00e9s \u00e9jszakai \u00f3r\u00e1kat hagyja nyitva a spontaneit\u00e1s sz\u00e1m\u00e1ra.<\/li>\n\n\n\n<li>Fogadja el az \u00e9rzelmi kileng\u00e9seket \u00e9s a v\u00e1ratlan meg\u00e1llap\u00edt\u00e1sokat a tervek k\u00e9sz\u00edt\u00e9sekor.<\/li>\n<\/ul>\n\n\n\n<h3 id=\"make-a-daily-checklist\" class=\"wp-block-heading\">K\u00e9sz\u00edtsen napi ellen\u0151rz\u0151 list\u00e1t<\/h3>\n\n\n\n<ul>\n<li>Tervezze meg a napi tev\u00e9kenys\u00e9geket egy ellen\u0151rz\u0151 list\u00e1n.<\/li>\n\n\n\n<li>V\u00e9gezze el a feladatokat, \u00e9s ellen\u0151rizze \u0151ket, hogy szervezett maradjon.<\/li>\n<\/ul>\n\n\n\n<h3 id=\"review-and-adjust\" class=\"wp-block-heading\">Fel\u00fclvizsg\u00e1lat \u00e9s kiigaz\u00edt\u00e1s<\/h3>\n\n\n\n<ul>\n<li>Eml\u00e9kezzen a napi cs\u00facspontokra \u00e9s a fejl\u0151d\u00e9si lehet\u0151s\u00e9gekre.<\/li>\n\n\n\n<li>\u00c1ll\u00edtsa be az \u00fatvonalat saj\u00e1t \u00edzl\u00e9se szerint.<\/li>\n<\/ul>\n\n\n\n<h3 id=\"record-moments\" class=\"wp-block-heading\">Rekord pillanatok<\/h3>\n\n\n\n<ul>\n<li>Vigyen mag\u00e1val f\u00e9nyk\u00e9pez\u0151g\u00e9pet vagy okostelefont a fot\u00f3khoz.<\/li>\n\n\n\n<li>Napl\u00f3zza az eml\u00e9keit, hogy eml\u00e9k\u00fcl szolg\u00e1ljon.<\/li>\n<\/ul>\n\n\n\n<h3 id=\"relax-on-the-last-day\" class=\"wp-block-heading\">Pihenjen az utols\u00f3 napon<\/h3>\n\n\n\n<ul>\n<li>Az utols\u00f3 napot pihen\u00e9ssel \u00e9s a kedvencek megl\u00e1togat\u00e1s\u00e1val t\u00f6ltheti.<\/li>\n\n\n\n<li>B\u00facs\u00faz\u00f3ul egy eml\u00e9kezetes \u00e9tteremben egy\u00e9l.<\/li>\n<\/ul>\n\n\n\n<h3 id=\"stay-online\" class=\"wp-block-heading\">Maradjon online<\/h3>\n\n\n\n<ul>\n<li>Egy t\u00e9rk\u00e9p vagy navig\u00e1ci\u00f3s alkalmaz\u00e1s megk\u00f6nny\u00edti a navig\u00e1ci\u00f3t.<\/li>\n\n\n\n<li>Az online platformok \u00e9s a turisztikai inform\u00e1ci\u00f3k folyamatosan t\u00e1j\u00e9koztatj\u00e1k \u00d6nt a helyi esem\u00e9nyekr\u0151l.<\/li>\n<\/ul>\n\n\n\n<h3 id=\"enjoy-traveling\" class=\"wp-block-heading\">\u00c9lvezze az utaz\u00e1st<\/h3>\n\n\n\n<ul>\n<li>Legyen az utaz\u00e1s spont\u00e1n \u00e9s sz\u00f3rakoztat\u00f3.<\/li>\n\n\n\n<li>Ismerje meg a helyi kult\u00far\u00e1t \u00e9s szerezzen eml\u00e9keket.<\/li>\n<\/ul>\n\n\n\n<div data-gyg-href=\"https:\/\/widget.getyourguide.com\/default\/city.frame\" data-gyg-location-id=\"10\" data-gyg-locale-code=\"en-US\" data-gyg-widget=\"city\" data-gyg-partner-id=\"U94OQGQ\"><\/div>\n\n\n\n<blockquote class=\"wp-block-quote\">\n<p>Fedezze fel a <a href=\"https:\/\/prague.org\/hu\/how-many-days-in-prague\/\" data-type=\"link\" data-id=\"https:\/\/prague.org\/how-many-days-in-prague\/\">h\u00e1ny nap Pr\u00e1g\u00e1ban<\/a> ide\u00e1lis az \u00d6n sz\u00e1m\u00e1ra, \u00e9s szem\u00e9lyre szabott \u00fatvonaltervet k\u00e9sz\u00edt, hogy megismerje a v\u00e1ros gazdag t\u00f6rt\u00e9nelm\u00e9t, vibr\u00e1l\u00f3 kult\u00far\u00e1j\u00e1t \u00e9s leny\u0171g\u00f6z\u0151 \u00e9p\u00edt\u00e9szet\u00e9t.<\/p>\n<\/blockquote>","protected":false},"excerpt":{"rendered":"Az 1 hetes pr\u00e1gai \u00fatvonal m\u00e9ly \u00e9s mag\u00e1val ragad\u00f3 \u00e9lm\u00e9nyt ny\u00fajt, lehet\u0151s\u00e9get adva arra, hogy elm\u00e9lyedj\u00fcnk...","protected":false},"author":2,"featured_media":12347,"comment_status":"closed","ping_status":"closed","sticky":false,"template":"","format":"standard","meta":{"footnotes":""},"categories":[15,204,42,43,1],"tags":[],"table_tags":[],"_links":{"self":[{"href":"https:\/\/prague.org\/hu\/wp-json\/wp\/v2\/posts\/12244"}],"collection":[{"href":"https:\/\/prague.org\/hu\/wp-json\/wp\/v2\/posts"}],"about":[{"href":"https:\/\/prague.org\/hu\/wp-json\/wp\/v2\/types\/post"}],"author":[{"embeddable":true,"href":"https:\/\/prague.org\/hu\/wp-json\/wp\/v2\/users\/2"}],"replies":[{"embeddable":true,"href":"https:\/\/prague.org\/hu\/wp-json\/wp\/v2\/comments?post=12244"}],"version-history":[{"count":4,"href":"https:\/\/prague.org\/hu\/wp-json\/wp\/v2\/posts\/12244\/revisions"}],"predecessor-version":[{"id":12740,"href":"https:\/\/prague.org\/hu\/wp-json\/wp\/v2\/posts\/12244\/revisions\/12740"}],"wp:featuredmedia":[{"embeddable":true,"href":"https:\/\/prague.org\/hu\/wp-json\/wp\/v2\/media\/12347"}],"wp:attachment":[{"href":"https:\/\/prague.org\/hu\/wp-json\/wp\/v2\/media?parent=12244"}],"wp:term":[{"taxonomy":"category","embeddable":true,"href":"https:\/\/prague.org\/hu\/wp-json\/wp\/v2\/categories?post=12244"},{"taxonomy":"post_tag","embeddable":true,"href":"https:\/\/prague.org\/hu\/wp-json\/wp\/v2\/tags?post=12244"},{"taxonomy":"table_tags","embeddable":true,"href":"https:\/\/prague.org\/hu\/wp-json\/wp\/v2\/table_tags?post=12244"}],"curies":[{"name":"wp","href":"https:\/\/api.w.org\/{rel}","templated":true}]}}