{"id":12600,"date":"2024-01-19T16:33:03","date_gmt":"2024-01-19T14:33:03","guid":{"rendered":"https:\/\/prague.org\/?p=12600"},"modified":"2024-03-13T14:06:40","modified_gmt":"2024-03-13T12:06:40","slug":"czech-republic-mountains","status":"publish","type":"post","link":"https:\/\/prague.org\/hu\/cseh-koztarsasagi-hegyseg\/","title":{"rendered":"Fedezze fel a csehorsz\u00e1gi hegyek fens\u00e9ges sz\u00e9ps\u00e9g\u00e9t"},"content":{"rendered":"<p>A l\u00e9legzetel\u00e1ll\u00edt\u00f3 pompa a<strong> Cseh K\u00f6zt\u00e1rsas\u00e1g hegyek<\/strong> h\u00edvogat mindenkit, aki el\u00e9g b\u00e1tor ahhoz, hogy felfedezze \u0151ket \u00e9s felfedje titkaikat. Ezek a hegyek a term\u00e9szeti sz\u00e9ps\u00e9gek \u00e9s a kultur\u00e1lis soksz\u00edn\u0171s\u00e9g sokas\u00e1g\u00e1t mutatj\u00e1k be, a fens\u00e9ges Krkono\u0161e-t\u0151l a var\u00e1zslatos t\u00e9li Cseherd\u0151ig. J\u00f6jj\u00f6n vel\u00fcnk, \u00e9s fedezz\u00fck fel a vonz\u00f3 \u00e9s k\u00fcl\u00f6nleges sz\u00e9ps\u00e9g\u0171 <strong>Cseh K\u00f6zt\u00e1rsas\u00e1g hegyek&nbsp;<\/strong><\/p>\n\n\n\n<p>Az utaz\u00f3k kapcsolatot \u00e9rezhetnek a Cseh K\u00f6zt\u00e1rsas\u00e1g fens\u00e9ges hegyeiben lakoz\u00f3 \u00f6r\u00f6k \u00e9s \u00f6r\u00f6kk\u00e9val\u00f3 szellemmel, mik\u00f6zben bej\u00e1rj\u00e1k az orsz\u00e1g v\u00f6lgyeit \u00e9s cs\u00facsait, \u00e9s k\u00f6zben gy\u00f6ny\u00f6rk\u00f6dhetnek a l\u00e9legzetel\u00e1ll\u00edt\u00f3 t\u00e1jban.<\/p>\n\n\n\n<p>Azok sz\u00e1m\u00e1ra, akik szeretn\u00e9k felfedezni a csehorsz\u00e1gi hegyek hat\u00e1rtalan vonzerej\u00e9t, a term\u00e9szettel val\u00f3 egyes\u00fcl\u00e9s a kulcs a gy\u00f6ny\u00f6r\u0171 hegyek teljes sz\u00e9ps\u00e9g\u00e9nek \u00e9s misztikum\u00e1nak felold\u00e1s\u00e1hoz. <strong>hegyi helyek a Cseh K\u00f6zt\u00e1rsas\u00e1gban.<\/strong> Ha pedig egy kellemes v\u00e1rosi menek\u00fcl\u00e9sre v\u00e1gyik, z\u00f6ld ter\u00fcletekkel, s\u00e9tautakkal \u00e9s a pr\u00e1gai v\u00e1rosk\u00e9p ikonikus l\u00e1tv\u00e1ny\u00e1val, akkor ne keressen tov\u00e1bb a<a href=\"https:\/\/prague.org\/hu\/letna-park\/\"> Letn\u00e1 Park Pr\u00e1g\u00e1ban<\/a>.<\/p>\n\n\n\n<h2 id=\"explore-the-beautiful-mapped-mountain-places-in-the-czech-republic\" class=\"wp-block-heading\">Fedezze fel a gy\u00f6ny\u00f6r\u0171 felt\u00e9rk\u00e9pezett hegyvid\u00e9ki helyeket Csehorsz\u00e1gban<\/h2>\n\n\n\n<figure class=\"wp-block-image size-large\"><img decoding=\"async\" width=\"768\" height=\"1024\" src=\"https:\/\/prague.org\/wp-content\/uploads\/2024\/03\/landscape-tree-nature-forest-grass-wilderness-793962-pxhere.com-1-768x1024.jpg\" alt=\"Rock City Csehorsz\u00e1gban\" class=\"wp-image-13026\" srcset=\"https:\/\/prague.org\/wp-content\/uploads\/2024\/03\/landscape-tree-nature-forest-grass-wilderness-793962-pxhere.com-1-768x1024.jpg 768w, https:\/\/prague.org\/wp-content\/uploads\/2024\/03\/landscape-tree-nature-forest-grass-wilderness-793962-pxhere.com-1-225x300.jpg 225w, https:\/\/prague.org\/wp-content\/uploads\/2024\/03\/landscape-tree-nature-forest-grass-wilderness-793962-pxhere.com-1-1152x1536.jpg 1152w, https:\/\/prague.org\/wp-content\/uploads\/2024\/03\/landscape-tree-nature-forest-grass-wilderness-793962-pxhere.com-1-1536x2048.jpg 1536w, https:\/\/prague.org\/wp-content\/uploads\/2024\/03\/landscape-tree-nature-forest-grass-wilderness-793962-pxhere.com-1-9x12.jpg 9w, https:\/\/prague.org\/wp-content\/uploads\/2024\/03\/landscape-tree-nature-forest-grass-wilderness-793962-pxhere.com-1-380x507.jpg 380w, https:\/\/prague.org\/wp-content\/uploads\/2024\/03\/landscape-tree-nature-forest-grass-wilderness-793962-pxhere.com-1-800x1067.jpg 800w, https:\/\/prague.org\/wp-content\/uploads\/2024\/03\/landscape-tree-nature-forest-grass-wilderness-793962-pxhere.com-1-1160x1547.jpg 1160w, https:\/\/prague.org\/wp-content\/uploads\/2024\/03\/landscape-tree-nature-forest-grass-wilderness-793962-pxhere.com-1-600x800.jpg 600w, https:\/\/prague.org\/wp-content\/uploads\/2024\/03\/landscape-tree-nature-forest-grass-wilderness-793962-pxhere.com-1-scaled.jpg 1920w\" sizes=\"(max-width: 768px) 100vw, 768px\" \/><figcaption class=\"wp-element-caption\">Rock City Csehorsz\u00e1gban<\/figcaption><\/figure>\n\n\n\n<p>A term\u00e9szet szerelmesei \u00e9lvezhetik a Cseh K\u00f6zt\u00e1rsas\u00e1g egyed\u00fcl\u00e1ll\u00f3an sz\u00e9p t\u00e1jait \u00e9s kijel\u00f6lt hegyvid\u00e9ki helyeit, k\u00f6zt\u00fck a <a href=\"https:\/\/prague.org\/hu\/rose-garden-petrin-hill\/\">R\u00f3zsakert a pr\u00e1gai Pet\u0159\u00edn-hegyen<\/a>. Ezek a helysz\u00ednek a Cseh-felf\u00f6ld term\u00e9szeti sz\u00e9ps\u00e9g\u00e9t \u00e9s rekre\u00e1ci\u00f3s lehet\u0151s\u00e9geit mutatj\u00e1k be, a legmagasabb cs\u00facsokt\u00f3l a kedves v\u00f6lgyekig. N\u00e9h\u00e1ny leny\u0171g\u00f6z\u0151 cseh t\u00e9rk\u00e9pes hegys\u00e9g:<\/p>\n\n\n\n<h3 id=\"snezka-snezka\" class=\"wp-block-heading\"><a href=\"https:\/\/prague.org\/hu\/snezka-czech-republic\/\" data-type=\"link\" data-id=\"https:\/\/prague.org\/snezka-czech-republic\/\">Snezka (Sn\u011b\u017eka)<\/a><\/h3>\n\n\n\n<p>Ez az orsz\u00e1g legmagasabb cs\u00facsa, \u00e9s a panor\u00e1m\u00e1s kil\u00e1t\u00e1st \u00e9s a neh\u00e9z t\u00far\u00e1kat keres\u0151 l\u00e1togat\u00f3k kedvelt helye. A Lengyelorsz\u00e1ghoz k\u00f6zeli Krkono\u0161e-hegys\u00e9gben tal\u00e1lhat\u00f3 Snezka j\u00f3l jelzett \u00f6sv\u00e9nyek vezetnek a cs\u00facsra. A felfel\u00e9 vezet\u0151 \u00faton a l\u00e1togat\u00f3k \u00e9rt\u00e9kelhetik a l\u00e1tnival\u00f3kat, valamint a k\u00fcl\u00f6nb\u00f6z\u0151 n\u00f6v\u00e9ny- \u00e9s \u00e1llatfajokat.<\/p>\n\n\n\n<h3 id=\"krkonose-national-park\" class=\"wp-block-heading\">Krkono\u0161e Nemzeti Park<\/h3>\n\n\n\n<p>A Krkono\u0161e Nemzeti Parkban a teljes hegys\u00e9g, bele\u00e9rtve a Snezk\u00e1t is, benne van. A term\u00e9szet szerelmesei im\u00e1dj\u00e1k a park j\u00f3l jelzett t\u00fara- \u00e9s ker\u00e9kp\u00e1r\u00fatjait. A l\u00e1togat\u00f3k megismerhetik a r\u00e9gi\u00f3 gazdag biol\u00f3giai sokf\u00e9les\u00e9g\u00e9t, ha a kijel\u00f6lt \u00f6sv\u00e9nyeket k\u00f6vetve alpesi r\u00e9teken, m\u00e9ly erd\u0151k\u00f6n \u00e9s gy\u00f6ny\u00f6r\u0171 t\u00e1jakon kereszt\u00fcl haladnak.<\/p>\n\n\n\n<h3 id=\"bohemian-forest-sumava\" class=\"wp-block-heading\">Cseherd\u0151 (\u0160umava)<\/h3>\n\n\n\n<p>A Cseh-erd\u0151 (\u0160umava) a Cseh K\u00f6zt\u00e1rsas\u00e1ggal \u00e9s N\u00e9metorsz\u00e1ggal hat\u00e1ros. A term\u00e9szeti sz\u00e9ps\u00e9g, a tiszta tavak \u00e9s a buja erd\u0151k teszik h\u00edress\u00e9 ezt a helyet. Tapasztalja meg a \u0160umava pomp\u00e1j\u00e1t a Lipno-t\u00f3 k\u00f6r\u00fcli felt\u00e9rk\u00e9pezett t\u00fara\u00fatvonalakon, amelyek kiv\u00e1l\u00f3ak a nyugalmat \u00e9s a szabadt\u00e9ri sportokat keres\u0151k sz\u00e1m\u00e1ra.<\/p>\n\n\n\n<h3 id=\"jeseniky-mountains-jeseniky\" class=\"wp-block-heading\">Jeseniky-hegys\u00e9g (Jesen\u00edky)&nbsp;<\/h3>\n\n\n\n<p>Ezek Csehorsz\u00e1g m\u00e1sodik legmagasabb hegyvonulatai, amelyek az \u00e9szakkeleti r\u00e9gi\u00f3ban tal\u00e1lhat\u00f3k. Alpesi r\u00e9tek, gleccsertavak \u00e9s gr\u00e1nitszikl\u00e1k alkotj\u00e1k a t\u00e1jat. A l\u00e1togat\u00f3k a r\u00e9gi\u00f3 term\u00e9szeti sz\u00e9ps\u00e9geit, p\u00e9ld\u00e1ul a \u0160er\u00e1k-Keprn\u00edk sziklalabirintust, a Prad\u011bd-hez hasonl\u00f3 cs\u00facsokra vezet\u0151 t\u00e9rk\u00e9pes \u00f6sv\u00e9nyeken kereszt\u00fcl fedezhetik fel.<\/p>\n\n\n\n<h3 id=\"the-beskydy-mountains\" class=\"wp-block-heading\">A Beszkidek hegys\u00e9ge<\/h3>\n\n\n\n<p>Ezek a hegyek az orsz\u00e1g keleti r\u00e9gi\u00f3j\u00e1ban tal\u00e1lhat\u00f3k, \u00e9s a t\u00e1j \u00e9s a kultur\u00e1lis \u00f6r\u00f6ks\u00e9g kever\u00e9k\u00e9t k\u00edn\u00e1lj\u00e1k. A buja erd\u0151k\u00f6n \u00e9s r\u00e9teken kereszt\u00fcl, a t\u00e9rk\u00e9pezett utak sz\u00e9p k\u00f6z\u00f6ss\u00e9geket k\u00f6tnek \u00f6ssze, \u00e9s a fa\u00e9p\u00edt\u00e9szetet mutatj\u00e1k be. A Beszkidek hegys\u00e9gben val\u00f3 t\u00far\u00e1z\u00e1s egyed\u00fcl\u00e1ll\u00f3 bepillant\u00e1st ny\u00fajt a r\u00e9gi\u00f3 term\u00e9szeti \u00e9s kultur\u00e1lis gazdags\u00e1g\u00e1ba.<\/p>\n\n\n\n<h3 id=\"adrspach-teplice-rocks-adrspassko-teplicke-skaly\" class=\"wp-block-heading\">Adr\u0161pach-Teplice szikl\u00e1k (Adr\u0161pa\u0161sko-Teplick\u00e9 sk\u00e1ly)<\/h3>\n\n\n\n<p>Az orsz\u00e1g \u00e9szakkeleti r\u00e9sz\u00e9n tal\u00e1lhat\u00f3 jellegzetes sziklaform\u00e1ci\u00f3k ir\u00e1nt \u00e9rdekl\u0151d\u0151k sz\u00e1m\u00e1ra k\u00f6telez\u0151 l\u00e1tnival\u00f3. A felt\u00e9rk\u00e9pezett t\u00fara\u00fatvonalak a homokk\u0151form\u00e1ci\u00f3k k\u00f6z\u00f6tt kanyarognak, fantasztikus k\u00f6rnyezetet teremtve.<\/p>\n\n\n\n<h3 id=\"the-czech-republics-moravian-karst\" class=\"wp-block-heading\">A Cseh K\u00f6zt\u00e1rsas\u00e1g morva karsztja<\/h3>\n\n\n\n<p>A d\u00e9lkeleti r\u00e9sz\u00e9n tal\u00e1lhat\u00f3, karsztos domborzat\u00e1r\u00f3l \u00e9s barlangh\u00e1l\u00f3zat\u00e1r\u00f3l h\u00edres. Fedezze fel a buja erd\u0151ket \u00e9s a csod\u00e1latos kil\u00e1t\u00e1st a felt\u00e9rk\u00e9pezett \u00f6sv\u00e9nyeken. A Punkva-barlangok, a morva f\u00f6ldalatti kaland egyik cs\u00facspontja.<\/p>\n\n\n\n<h3 id=\"discover-the-kamenice-river-gorge-edmundova-souteska\" class=\"wp-block-heading\">Fedezze fel a Kamenice foly\u00f3 szurdok\u00e1t (Edmundova sout\u011bska)&nbsp;<\/h3>\n\n\n\n<p>Ez a Cseh Sv\u00e1jc Nemzeti Parkban tal\u00e1lhat\u00f3, \u00e9s jelzett t\u00fara\u00fatvonalakon \u00e9rhet\u0151 el. Fedezze fel a b\u00e1jos homokk\u0151szerkezeteket \u00e9s apr\u00f3 szurdokokat, hogy megtapasztalja e v\u00e9dett ter\u00fclet sz\u00e9ps\u00e9g\u00e9t.<\/p>\n\n\n\n<h2 id=\"czech-republics-highest-mountain-a-majestic-ascent\" class=\"wp-block-heading\">Csehorsz\u00e1g legmagasabb hegye: Fens\u00e9ges feljut\u00e1s<\/h2>\n\n\n\n<div data-gyg-href=\"https:\/\/widget.getyourguide.com\/default\/activities.frame\" data-gyg-locale-code=\"en-US\" data-gyg-widget=\"activities\" data-gyg-number-of-items=\"3\" data-gyg-partner-id=\"U94OQGQ\" data-gyg-q=\"prague%20mountains\"><\/div>\n\n\n\n<p>Snezka, amelyet gyakran \u00edrnak Sn\u011b\u017eka, a <strong>Csehorsz\u00e1g legmagasabb hegye. <\/strong>A Krkono\u0161e-hegys\u00e9gben tal\u00e1lhat\u00f3 Snezka mer\u00e9szen magasodik a tengerszint f\u00f6l\u00e9 1602 m\u00e9teres magass\u00e1gban. Mind a Cseh K\u00f6zt\u00e1rsas\u00e1g, mind az eg\u00e9sz Krkono\u0161e-hegys\u00e9g tetej\u00e9n ez a csod\u00e1latos cs\u00facs \u00e1ll.<\/p>\n\n\n\n<p>A vadvir\u00e1gokkal bor\u00edtott z\u00f6ldell\u0151 alpesi r\u00e9tekt\u0151l az als\u00f3 lejt\u0151ket k\u00f6r\u00fcl\u00f6lel\u0151 m\u00e9ly erd\u0151kig, a Snezka megm\u00e1sz\u00e1sa csod\u00e1latos t\u00far\u00e1t k\u00edn\u00e1l a k\u00fcl\u00f6nb\u00f6z\u0151 t\u00e1jakon kereszt\u00fcl. A cs\u00facsra fel\u00e9rve a t\u00far\u00e1z\u00f3k l\u00e1tv\u00e1nyos kil\u00e1t\u00e1sban \u00e9s a siker \u00e9rz\u00e9s\u00e9ben gy\u00f6ny\u00f6rk\u00f6dhetnek az oda vezet\u0151 kanyarg\u00f3s t\u00fara\u00fatvonalaknak k\u00f6sz\u00f6nhet\u0151en.<\/p>\n\n\n\n<h2 id=\"discover-diverse-mountain-ranges-across-czech-republic\" class=\"wp-block-heading\">Fedezze fel a v\u00e1ltozatos hegyvonulatokat Csehorsz\u00e1gban<\/h2>\n\n\n\n<p>Sz\u00e1mos k\u00fcl\u00f6nb\u00f6z\u0151 <strong>Cseh K\u00f6zt\u00e1rsas\u00e1g hegyvonulatok<\/strong>, mindegyiknek megvan a maga t\u00f6rt\u00e9nelme, kult\u00far\u00e1ja \u00e9s t\u00e1jk\u00e9pi jellemz\u0151i. Az orsz\u00e1g term\u00e9szeti sz\u00e9ps\u00e9g\u00e9t ezek a hegyvid\u00e9ki r\u00e9gi\u00f3k fokozz\u00e1k, amelyek k\u00f6z\u00f6tt egyar\u00e1nt tal\u00e1lhat\u00f3k magas hegycs\u00facsok \u00e9s dombos lejt\u0151k. Fedezz\u00fck fel a Cseh K\u00f6zt\u00e1rsas\u00e1g v\u00e1ltozatos hegyvid\u00e9keit:<\/p>\n\n\n\n<p>1.Krkono\u0161e-hegys\u00e9g (\u00d3ri\u00e1s-hegys\u00e9g)<\/p>\n\n\n\n<p><strong>C\u00edm:<\/strong> \u00c9szak-Csehorsz\u00e1g, a lengyel hat\u00e1r ment\u00e9n.<\/p>\n\n\n\n<p>2. \u0160umava (Cseherd\u0151)<\/p>\n\n\n\n<p><strong>C\u00edm:<\/strong> A cseh-n\u00e9met hat\u00e1r ment\u00e9n.<\/p>\n\n\n\n<p>3. Jesen\u00edky-hegys\u00e9g<\/p>\n\n\n\n<p><strong>C\u00edm:<\/strong> \u00c9szakkelet-Cseh K\u00f6zt\u00e1rsas\u00e1g.<\/p>\n\n\n\n<p>4. Beszkidek<\/p>\n\n\n\n<p><strong>C\u00edm:<\/strong> Kelet-Csehorsz\u00e1g.<\/p>\n\n\n\n<p>5. Orlick\u00e9-hegys\u00e9g (Sas-hegys\u00e9g)<\/p>\n\n\n\n<p><strong>C\u00edm:<\/strong> A cseh-lengyel hat\u00e1r k\u00f6zel\u00e9ben.<\/p>\n\n\n\n<p>6. Hrub\u00fd Jesen\u00edk:<\/p>\n\n\n\n<p><strong>C\u00edm:<\/strong> A Jesen\u00edky-hegys\u00e9ggel szomsz\u00e9dos.<\/p>\n\n\n\n<p>7. \u0160luknovi horog (\u0160luknovsk\u00e1 pahorkatina)<\/p>\n\n\n\n<p><strong>C\u00edm:<\/strong> \u00c9szak-Csehorsz\u00e1g.<\/p>\n\n\n\n<p>8. K\u00f6z\u00e9p-csehorsz\u00e1gi felvid\u00e9k (St\u0159edo\u010desk\u00e1 vrchovina)<\/p>\n\n\n\n<p><strong>C\u00edm:<\/strong> Pr\u00e1ga k\u00f6zel\u00e9ben, Csehorsz\u00e1g k\u00f6z\u00e9ps\u0151 r\u00e9sz\u00e9n.<\/p>\n\n\n\n<p>9. \u010cesk\u00e9 St\u0159edoho\u0159\u00ed<\/p>\n\n\n\n<p><strong>C\u00edm:<\/strong>\u00c9szak-Csehorsz\u00e1g.<\/p>\n\n\n\n<p>10. P\u00e1lava<\/p>\n\n\n\n<p><strong>C\u00edm:<\/strong>D\u00e9l-Morvaorsz\u00e1g.<\/p>\n\n\n\n<h2 id=\"revel-in-natures-splendor-at-czech-republics-best-mountains\" class=\"wp-block-heading\">\u00c9lvezze a term\u00e9szet pomp\u00e1j\u00e1t Csehorsz\u00e1g legjobb hegyeiben<\/h2>\n\n\n\n<p>A term\u00e9szet szerelmesei \u00e9s a kalandorok megtal\u00e1lj\u00e1k a k\u00fcl\u00f6nb\u00f6z\u0151 \u00e9s gy\u00f6ny\u00f6r\u0171 <strong>Csehorsz\u00e1g hegyei <\/strong>hogy ide\u00e1lis kir\u00e1ndul\u00e1s legyen. \u00c9lvezze a term\u00e9szet sz\u00e9ps\u00e9g\u00e9t a maga teljess\u00e9g\u00e9ben ezekben a hegyvonulatokban, amelyek a panor\u00e1m\u00e1s kil\u00e1t\u00e1st ny\u00fajt\u00f3 magas cs\u00facsokt\u00f3l a szel\u00edd dombokig \u00e9s az \u00e9rintetlen erd\u0151kig terjednek. Az al\u00e1bbiakban felsorolunk n\u00e9h\u00e1nyat a <strong>a legjobb hegyek a Cseh K\u00f6zt\u00e1rsas\u00e1gban<\/strong>:<\/p>\n\n\n\n<ul>\n<li>Snezka (Krkono\u0161e-hegys\u00e9g)<\/li>\n\n\n\n<li>\u0160umava (Cseherd\u0151)<\/li>\n\n\n\n<li>Jesen\u00edky-hegys\u00e9g<\/li>\n\n\n\n<li>Beszkidek hegys\u00e9g<\/li>\n\n\n\n<li>Orlick\u00e9-hegys\u00e9g (Sas-hegys\u00e9g)<\/li>\n\n\n\n<li>Hrub\u00fd Jesen\u00edk<\/li>\n\n\n\n<li>\u010cesk\u00e9 St\u0159edoho\u0159\u00ed<\/li>\n\n\n\n<li>P\u00e1lava<\/li>\n<\/ul>\n\n\n\n<h2 id=\"explore-a-unique-mountain-biking-adventure-in-the-czech-republic\" class=\"wp-block-heading\">Fedezzen fel egy egyed\u00fcl\u00e1ll\u00f3 hegyiker\u00e9kp\u00e1ros kalandot a Cseh K\u00f6zt\u00e1rsas\u00e1gban<\/h2>\n\n\n\n<p>\u00c9lvezze a <strong>hegyi ker\u00e9kp\u00e1ros kaland<\/strong> <strong>a Cseh K\u00f6zt\u00e1rsas\u00e1g,<\/strong> a leny\u0171g\u00f6z\u0151 boh\u00e9m erdei t\u00e1jak felfedez\u00e9se. Kezdje kalandj\u00e1t az UNESCO Vil\u00e1g\u00f6r\u00f6ks\u00e9g r\u00e9sz\u00e9t k\u00e9pez\u0151 \u010cesk\u00fd Krumlovban. A Lipno Bike Park minden szintnek megfelel\u0151 \u00f6sv\u00e9nyeket k\u00edn\u00e1l a leny\u0171g\u00f6z\u0151 Lipno g\u00e1ton.<\/p>\n\n\n\n<h3 id=\"explore-the-sumava-national-park\" class=\"wp-block-heading\">Fedezze fel a \u0160umava Nemzeti Parkot<\/h3>\n\n\n\n<p>Ez a term\u00e9szeti paradicsom buja erd\u0151kkel, r\u00e9tekkel \u00e9s tavakkal rendelkezik. Fedezze fel a r\u00e9gi\u00f3 fest\u0151i csod\u00e1it a j\u00f3l jelzett \u0160umava ker\u00e9kp\u00e1r\u00faton. A Lipno Treetop Walkway megl\u00e1togat\u00e1sa sor\u00e1n az erd\u0151 lombkoron\u00e1j\u00e1b\u00f3l ny\u00edlik kil\u00e1t\u00e1s.<\/p>\n\n\n\n<h3 id=\"discover-a-charming-village\" class=\"wp-block-heading\">Fedezze fel a b\u00e1jos falut<\/h3>\n\n\n\n<p>Fedezze fel a Lipn\u00f3i g\u00e1ton fekv\u0151 fest\u0151i \u010cern\u00e1 v Po\u0161umav\u00ed falut, amely ide\u00e1lis a pihen\u00e9sre, a helyi \u00e9telek fogyaszt\u00e1s\u00e1ra \u00e9s a t\u00f3parti sz\u00e9ps\u00e9g megcsod\u00e1l\u00e1s\u00e1ra. Lovagoljon el Boub\u00ednba, ahol egy kem\u00e9ny m\u00e1sz\u00e1s v\u00e1r egy l\u00e1tv\u00e1nyos kil\u00e1t\u00e1st ny\u00fajt\u00f3 kil\u00e1t\u00f3toronyhoz.<\/p>\n\n\n\n<h3 id=\"cultural-exploration\" class=\"wp-block-heading\">Kultur\u00e1lis felfedez\u00e9s<\/h3>\n\n\n\n<p>Fedezze fel a \u0160umava kultur\u00e1lis \u00f6r\u00f6ks\u00e9g\u00e9t a kisv\u00e1rosok, t\u00f6rt\u00e9nelmi nevezetess\u00e9gek \u00e9s helyi k\u00e9zm\u0171ves v\u00e1llalkoz\u00e1sok megl\u00e1togat\u00e1s\u00e1val. Az \u00fatvonal ment\u00e9n tal\u00e1lhat\u00f3 sz\u00e1ll\u00e1shelyek - a hegyi kunyh\u00f3kt\u00f3l a vend\u00e9gh\u00e1zakig - k\u00e9nyelmesek \u00e9s ker\u00e9kp\u00e1rosbar\u00e1tok.<\/p>\n\n\n\n<h3 id=\"end-point-cesky-krumlov\" class=\"wp-block-heading\">V\u00e9gpont: \u010cesk\u00fd Krumlov<\/h3>\n\n\n\n<p>A hegyiker\u00e9kp\u00e1ros t\u00fara befejez\u00e9se ut\u00e1n tekintse meg \u010cesk\u00fd Krumlov t\u00f6rt\u00e9nelmi v\u00e1r\u00e1t \u00e9s macskak\u00f6ves utc\u00e1it, majd fogyasszon el egy kiad\u00f3s eb\u00e9det egy helyi \u00e9tteremben. Tapasztalja meg az adrenalint\u00f3l f\u0171t\u00f6tt ker\u00e9kp\u00e1roz\u00e1st, valamint a Cseh K\u00f6zt\u00e1rsas\u00e1g \u0160umava r\u00e9gi\u00f3j\u00e1nak term\u00e9szeti sz\u00e9ps\u00e9geit \u00e9s kultur\u00e1lis soksz\u00edn\u0171s\u00e9g\u00e9t ebben az egyed\u00fcl\u00e1ll\u00f3 kalandban.<\/p>\n\n\n\n<h2 id=\"journey-into-the-heart-of-nature-with-a-full-day-hiking-tour\" class=\"wp-block-heading\"><strong>Utaz\u00e1s a term\u00e9szet sz\u00edv\u00e9be egy eg\u00e9sz napos gyalogt\u00far\u00e1val<\/strong><\/h2>\n\n\n\n<div data-gyg-href=\"https:\/\/widget.getyourguide.com\/default\/activities.frame\" data-gyg-locale-code=\"en-US\" data-gyg-widget=\"activities\" data-gyg-number-of-items=\"1\" data-gyg-partner-id=\"U94OQGQ\" data-gyg-tour-ids=\"58772\"><\/div>\n\n\n\n<p>Mer\u00e9szkedjen t\u00fal Pr\u00e1ga ny\u00fczsg\u0151 v\u00e1ros\u00e1n, \u00e9s induljon el egy var\u00e1zslatos kalandra Csehorsz\u00e1gban \u00e9s a Sz\u00e1sz-Sv\u00e1jci Nemzeti Parkban. Ez az eg\u00e9sz napos vezetett gyalogt\u00fara elmer\u00fcl az UNESCO vil\u00e1g\u00f6r\u00f6ks\u00e9gi helysz\u00edn l\u00e9legzetel\u00e1ll\u00edt\u00f3 t\u00e1jaiban, gazdag t\u00f6rt\u00e9nelm\u00e9ben \u00e9s b\u00e1jos falvaiban.<\/p>\n\n\n\n<h3 id=\"highlights\" class=\"wp-block-heading\">Kiemelt inform\u00e1ci\u00f3k<\/h3>\n\n\n\n<ul>\n<li><strong>Bastei h\u00edd:<\/strong> S\u00e9t\u00e1ljon \u00e1t ezen az ikonikus h\u00eddon, amely magasan az Elba foly\u00f3 felett magasodik, \u00e9s l\u00e9legzetel\u00e1ll\u00edt\u00f3 kil\u00e1t\u00e1st ny\u00fajt a k\u00f6rnyez\u0151 t\u00e1jra.<\/li>\n\n\n\n<li><strong>Pravcicka Gate:<\/strong> Csod\u00e1lja meg Eur\u00f3pa legnagyobb term\u00e9szetes homokk\u0151kapuj\u00e1t a csehorsz\u00e1gi Cseh-Sz\u00e1sz Sv\u00e1jc cseh oldal\u00e1n.<\/li>\n\n\n\n<li><strong>Kamenice-szurdok:<\/strong> \u00c9lje \u00e1t a fest\u0151i kanyonban tett fest\u0151i utaz\u00e1st, cs\u00f3nakkal navig\u00e1lva a homokk\u0151 szikl\u00e1k k\u00f6z\u00f6tt.<\/li>\n\n\n\n<li><strong>Sz\u00ednes falvak:<\/strong> Hajtson \u00e1t a k\u00e9t foly\u00f3 \u00f6sszefoly\u00e1s\u00e1n\u00e1l fekv\u0151 Hrensko ny\u00fczsg\u0151 falvain.<\/li>\n\n\n\n<li><strong>Kiscsoportos tapasztalat:<\/strong> 12 f\u0151re korl\u00e1toz\u00f3dik, \u00edgy egy meghitt \u00e9s szem\u00e9lyre szabott kalandot k\u00edn\u00e1l.<\/li>\n<\/ul>\n\n\n\n<h3 id=\"included\" class=\"wp-block-heading\">Tartalmazza a<\/h3>\n\n\n\n<ul>\n<li>Sz\u00e1llodai fel- \u00e9s lesz\u00e1ll\u00e1s<\/li>\n\n\n\n<li>K\u00e9nyelmes k\u00f6zleked\u00e9s eg\u00e9sz nap<\/li>\n\n\n\n<li>\u00c9l\u00e9nk idegenvezet\u0151, aki foly\u00e9konyan besz\u00e9l cseh\u00fcl, angolul \u00e9s spanyolul.<\/li>\n\n\n\n<li>Bel\u00e9p\u0151d\u00edj az ikonikus Bastei h\u00eddhoz, a l\u00e9legzetel\u00e1ll\u00edt\u00f3 Pravcicka kapuhoz \u00e9s a fest\u0151i Kamenice-szurdokhoz.<\/li>\n\n\n\n<li>Egy finom a la carte eb\u00e9d, hogy felt\u00f6ltse a kalandok \u00fczemanyag\u00e1t<\/li>\n\n\n\n<li>Jutalmak, hogy kifejezz\u00e9k elismer\u00e9s\u00fcket elk\u00f6telezett szem\u00e9lyzet\u00fcnk ir\u00e1nt<\/li>\n<\/ul>\n\n\n\n<div class=\"wp-block-buttons is-layout-flex wp-block-buttons-is-layout-flex\">\n<div class=\"wp-block-button is-style-cs-button-block\"><a class=\"wp-block-button__link wp-element-button\" href=\"https:\/\/www.getyourguide.com\/prague-l10\/bohemia-and-saxon-switzerland-day-trip-from-prague-t58772\/?partner_id=U94OQGQ&amp;utm_medium=online_publisher\" rel=\"nofollow noopener\">&nbsp;\u2192 Foglalja le hely\u00e9t most<\/a><\/div>\n<\/div>\n\n\n\n<div data-gyg-href=\"https:\/\/widget.getyourguide.com\/default\/city.frame\" data-gyg-location-id=\"10\" data-gyg-locale-code=\"en-US\" data-gyg-widget=\"city\" data-gyg-partner-id=\"U94OQGQ\"><\/div>","protected":false},"excerpt":{"rendered":"Rock City Csehorsz\u00e1gban","protected":false},"author":2,"featured_media":12601,"comment_status":"closed","ping_status":"closed","sticky":false,"template":"","format":"standard","meta":{"footnotes":""},"categories":[204,44,19,14,1],"tags":[55],"table_tags":[],"_links":{"self":[{"href":"https:\/\/prague.org\/hu\/wp-json\/wp\/v2\/posts\/12600"}],"collection":[{"href":"https:\/\/prague.org\/hu\/wp-json\/wp\/v2\/posts"}],"about":[{"href":"https:\/\/prague.org\/hu\/wp-json\/wp\/v2\/types\/post"}],"author":[{"embeddable":true,"href":"https:\/\/prague.org\/hu\/wp-json\/wp\/v2\/users\/2"}],"replies":[{"embeddable":true,"href":"https:\/\/prague.org\/hu\/wp-json\/wp\/v2\/comments?post=12600"}],"version-history":[{"count":4,"href":"https:\/\/prague.org\/hu\/wp-json\/wp\/v2\/posts\/12600\/revisions"}],"predecessor-version":[{"id":13028,"href":"https:\/\/prague.org\/hu\/wp-json\/wp\/v2\/posts\/12600\/revisions\/13028"}],"wp:featuredmedia":[{"embeddable":true,"href":"https:\/\/prague.org\/hu\/wp-json\/wp\/v2\/media\/12601"}],"wp:attachment":[{"href":"https:\/\/prague.org\/hu\/wp-json\/wp\/v2\/media?parent=12600"}],"wp:term":[{"taxonomy":"category","embeddable":true,"href":"https:\/\/prague.org\/hu\/wp-json\/wp\/v2\/categories?post=12600"},{"taxonomy":"post_tag","embeddable":true,"href":"https:\/\/prague.org\/hu\/wp-json\/wp\/v2\/tags?post=12600"},{"taxonomy":"table_tags","embeddable":true,"href":"https:\/\/prague.org\/hu\/wp-json\/wp\/v2\/table_tags?post=12600"}],"curies":[{"name":"wp","href":"https:\/\/api.w.org\/{rel}","templated":true}]}}