{"id":12681,"date":"2024-01-31T15:31:25","date_gmt":"2024-01-31T13:31:25","guid":{"rendered":"https:\/\/prague.org\/?p=12681"},"modified":"2024-02-16T11:52:22","modified_gmt":"2024-02-16T09:52:22","slug":"how-many-days-in-prague","status":"publish","type":"post","link":"https:\/\/prague.org\/hu\/how-many-days-in-prague\/","title":{"rendered":"H\u00e1ny nap Pr\u00e1g\u00e1ban: Az ide\u00e1lis \u00fatiterv \u00f6ssze\u00e1ll\u00edt\u00e1sa"},"content":{"rendered":"<p><strong>H\u00e1ny nap Pr\u00e1g\u00e1ban<\/strong> el\u00e9g lesz ahhoz, hogy igaz\u00e1n \u00e9rt\u00e9kelj\u00fck ezt a l\u00e9legzetel\u00e1ll\u00edt\u00f3 metropoliszt? Sok utaz\u00f3 osztozik ebben az aggodalomban, \u00edgy nem kell agg\u00f3dni!<\/p>\n\n\n\n<p>Amikor a cseh f\u0151v\u00e1rosba tervez egy utaz\u00e1st, sok turista elgondolkodik, \"<strong>H\u00e1ny napra van sz\u00fcks\u00e9gem Pr\u00e1g\u00e1ban<\/strong> hogy igaz\u00e1n magunkba sz\u00edvjuk a l\u00e9nyeg\u00e9t?\", ahogy az utaz\u00e1saikat szervezik. Minden att\u00f3l f\u00fcgg, hogy ki milyen gyorsan akarja felfedezni Pr\u00e1ga gazdag t\u00f6rt\u00e9nelm\u00e9nek sokr\u00e9t\u0171s\u00e9g\u00e9t, mennyire szeretne elmer\u00fclni a kult\u00far\u00e1ban, \u00e9s mennyire van kedve a felfedez\u00e9shez.<\/p>\n\n\n\n<p>Nem sz\u00e1m\u00edt, hogy milyen kev\u00e9s ideje van, soha nem fogja elfelejteni Pr\u00e1ga kultur\u00e1lis m\u00e9lys\u00e9geit, t\u00f6rt\u00e9nelmi gy\u00f6ngyszemeit \u00e9s tart\u00f3s vonzerej\u00e9t. Szerezzen egy <strong>Pr\u00e1gai \u00fatiterv<\/strong> \u00e9s vesz\u00edtse el mag\u00e1t ennek a var\u00e1zslatos v\u00e1rosnak a var\u00e1zslatos elbesz\u00e9l\u00e9s\u00e9ben.<\/p>\n\n\n\n<h2 id=\"what-you-need-to-know-about-prague-before-you-go\" class=\"wp-block-heading\">Amit Pr\u00e1g\u00e1r\u00f3l tudnia kell, miel\u0151tt elmegy<\/h2>\n\n\n\n<figure class=\"wp-block-image size-large\"><img decoding=\"async\" width=\"1024\" height=\"682\" src=\"https:\/\/prague.org\/wp-content\/uploads\/2024\/01\/free-photo-of-prague-2020-old-town-square-1024x682.jpeg\" alt=\"Pr\u00e1ga utc\u00e1ja\" class=\"wp-image-12685\" srcset=\"https:\/\/prague.org\/wp-content\/uploads\/2024\/01\/free-photo-of-prague-2020-old-town-square-1024x682.jpeg 1024w, https:\/\/prague.org\/wp-content\/uploads\/2024\/01\/free-photo-of-prague-2020-old-town-square-300x200.jpeg 300w, https:\/\/prague.org\/wp-content\/uploads\/2024\/01\/free-photo-of-prague-2020-old-town-square-768x512.jpeg 768w, https:\/\/prague.org\/wp-content\/uploads\/2024\/01\/free-photo-of-prague-2020-old-town-square-1536x1024.jpeg 1536w, https:\/\/prague.org\/wp-content\/uploads\/2024\/01\/free-photo-of-prague-2020-old-town-square-2048x1365.jpeg 2048w, https:\/\/prague.org\/wp-content\/uploads\/2024\/01\/free-photo-of-prague-2020-old-town-square-18x12.jpeg 18w, https:\/\/prague.org\/wp-content\/uploads\/2024\/01\/free-photo-of-prague-2020-old-town-square-380x253.jpeg 380w, https:\/\/prague.org\/wp-content\/uploads\/2024\/01\/free-photo-of-prague-2020-old-town-square-800x533.jpeg 800w, https:\/\/prague.org\/wp-content\/uploads\/2024\/01\/free-photo-of-prague-2020-old-town-square-1160x773.jpeg 1160w, https:\/\/prague.org\/wp-content\/uploads\/2024\/01\/free-photo-of-prague-2020-old-town-square-600x400.jpeg 600w, https:\/\/prague.org\/wp-content\/uploads\/2024\/01\/free-photo-of-prague-2020-old-town-square-scaled.jpeg 2560w\" sizes=\"(max-width: 1024px) 100vw, 1024px\" \/><figcaption class=\"wp-element-caption\">Pr\u00e1ga utc\u00e1ja<\/figcaption><\/figure>\n\n\n\n<p><strong>Mit kell tudni Pr\u00e1g\u00e1r\u00f3l? <\/strong>A cseh f\u0151v\u00e1ros egy csod\u00e1latos \u00fati c\u00e9l, gazdag t\u00f6rt\u00e9nelemmel, \u00e9p\u00edt\u00e9szettel, kult\u00far\u00e1val, \u00e9s megtal\u00e1lja a <a href=\"https:\/\/prague.org\/hu\/a-legjobb-10-dolog-amit-pragaban-lehet-csinalni\/#google_vignette\">legjobb tev\u00e9kenys\u00e9gek Pr\u00e1g\u00e1ban<\/a>. Miel\u0151tt elmegy, ne feledje ezeket a dolgokat, hogy biztos\u00edtsa a z\u00f6kken\u0151mentes \u00e9s gazdag\u00edt\u00f3 \u00e9lm\u00e9nyt:<\/p>\n\n\n\n<h3 id=\"currency\" class=\"wp-block-heading\">P\u00e9nznem<\/h3>\n\n\n\n<p>Pr\u00e1ga p\u00e9nzneme a cseh korona. B\u00e1r a legt\u00f6bb helyen elfogadj\u00e1k a hitelk\u00e1rty\u00e1t, a kisebb v\u00e1llalkoz\u00e1sok helyi valut\u00e1t k\u00e9rhetnek.<\/p>\n\n\n\n<h3 id=\"language\" class=\"wp-block-heading\">Nyelv<\/h3>\n\n\n\n<p>A turistahelyeken, sz\u00e1llod\u00e1kban \u00e9s \u00e9ttermekben angolul besz\u00e9lnek, de a hivatalos nyelv a cseh. N\u00e9h\u00e1ny alapvet\u0151 cseh kifejez\u00e9s megtanul\u00e1sa seg\u00edt a kapcsolatok szem\u00e9lyesebb\u00e9 t\u00e9tel\u00e9ben.<\/p>\n\n\n\n<h3 id=\"weather\" class=\"wp-block-heading\">Id\u0151j\u00e1r\u00e1s<\/h3>\n\n\n\n<p>Pr\u00e1ga \u00e9ghajlata m\u00e9rs\u00e9kelt \u00e9vszakos. J\u00faniust\u00f3l augusztusig enyhe, m\u00edg decembert\u0151l febru\u00e1rig hideg \u00e9s havas lehet. Tavasszal \u00e9s okt\u00f3berben kellemesebb az utaz\u00e1s az enyh\u00e9bb id\u0151j\u00e1r\u00e1s miatt.<\/p>\n\n\n\n<h3 id=\"transport\" class=\"wp-block-heading\">Sz\u00e1ll\u00edt\u00e1s<\/h3>\n\n\n\n<p>A pr\u00e1gai villamosok, buszok \u00e9s metr\u00f3 j\u00f3l m\u0171k\u00f6dnek. Taxik b\u0151s\u00e9gesen vannak, de megb\u00edzhat\u00f3 c\u00e9geket haszn\u00e1ljon. A v\u00e1ros sz\u00e1mos l\u00e1tnival\u00f3ja gyalog is megk\u00f6zel\u00edthet\u0151.<\/p>\n\n\n\n<h3 id=\"tickets-and-attractions\" class=\"wp-block-heading\">Jegyek \u00e9s l\u00e1tnival\u00f3k<\/h3>\n\n\n\n<p>A pr\u00e1gai v\u00e1r, a K\u00e1roly-h\u00edd \u00e9s az \u00d3v\u00e1ros t\u00e9r h\u00edres l\u00e1tnival\u00f3k. Ha el szeretn\u00e9 ker\u00fclni a hossz\u00fa sorban \u00e1ll\u00e1st a f\u0151bb l\u00e1tnival\u00f3kn\u00e1l, k\u00fcl\u00f6n\u00f6sen a turisztikai f\u0151szezonban, v\u00e1s\u00e1roljon jegyet el\u0151re.<\/p>\n\n\n\n<h3 id=\"safety\" class=\"wp-block-heading\">Biztons\u00e1g<\/h3>\n\n\n\n<p>A turist\u00e1k biztons\u00e1gosan l\u00e1togathatj\u00e1k Pr\u00e1g\u00e1t. \u00d3vakodjon a zsebtolvajokt\u00f3l a t\u00f6megben, \u00e9s \u00f3vja a holmij\u00e1t. H\u00edvja a 112-es seg\u00e9lyh\u00edv\u00f3 sz\u00e1mot.<\/p>\n\n\n\n<h3 id=\"local-cuisine\" class=\"wp-block-heading\">Helyi konyha<\/h3>\n\n\n\n<p>A tipikus cseh \u00e9telek k\u00f6z\u00e9 tartozik a guly\u00e1s, a sv\u00ed\u010dkov\u00e1 (p\u00e1colt h\u00fas tejsz\u00ednes m\u00e1rt\u00e1ssal) \u00e9s a trdeln\u00edk (\u00e9des s\u00fctem\u00e9ny). K\u00f3stolja meg a cseh s\u00f6r\u00f6ket - az orsz\u00e1gnak er\u0151s s\u00f6rf\u0151z\u0151 kult\u00far\u00e1ja van.<\/p>\n\n\n\n<h3 id=\"time-zone\" class=\"wp-block-heading\">Id\u0151z\u00f3na<\/h3>\n\n\n\n<p>Pr\u00e1ga a k\u00f6z\u00e9p-eur\u00f3pai id\u0151sz\u00e1m\u00edt\u00e1st (CET) haszn\u00e1lja, UTC+1 a rendes id\u0151sz\u00e1m\u00edt\u00e1s alatt, UTC+2 pedig a ny\u00e1ri id\u0151sz\u00e1m\u00edt\u00e1s alatt (m\u00e1rciust\u00f3l okt\u00f3berig).<\/p>\n\n\n\n<h3 id=\"cultural-celebrations\" class=\"wp-block-heading\">Kultur\u00e1lis \u00fcnneps\u00e9gek<\/h3>\n\n\n\n<p>A l\u00e1togat\u00e1sa alatt megrendez\u00e9sre ker\u00fcl\u0151 kultur\u00e1lis esem\u00e9nyekr\u0151l, fesztiv\u00e1lokr\u00f3l \u00e9s \u00fcnneps\u00e9gekr\u0151l a helyi napt\u00e1rban t\u00e1j\u00e9koz\u00f3dhat. Az olyan esem\u00e9nyek, mint a Pr\u00e1gai Tavasz Nemzetk\u00f6zi Zenei Fesztiv\u00e1l \u00e9s a Pr\u00e1gai Kar\u00e1csonyi V\u00e1s\u00e1r fokozz\u00e1k a v\u00e1ros hangulat\u00e1t.<\/p>\n\n\n\n<h3 id=\"local-customs\" class=\"wp-block-heading\">Helyi szok\u00e1sok<\/h3>\n\n\n\n<p>Az \u00e9ttermekben hagyom\u00e1nyosan 10% borraval\u00f3t adnak, vagy a sz\u00e1ml\u00e1t felkerek\u00edtik. A k\u00e1v\u00e9z\u00f3kban \u00e9s b\u00e1rokban a felkerek\u00edt\u00e9st \u00e9rt\u00e9kelik. A belt\u00e9ri doh\u00e1nyz\u00e1s sz\u00e1mos nyilv\u00e1nos helyen tilos.<\/p>\n\n\n\n<div data-gyg-href=\"https:\/\/widget.getyourguide.com\/default\/activities.frame\" data-gyg-locale-code=\"en-US\" data-gyg-widget=\"activities\" data-gyg-number-of-items=\"3\" data-gyg-partner-id=\"U94OQGQ\" data-gyg-q=\"Prague%20activity\"><\/div>\n\n\n\n<h2 id=\"unlocking-pragues-charms-is-it-worth-visiting\" class=\"wp-block-heading\">Pr\u00e1ga var\u00e1zs\u00e1nak felfedez\u00e9se: Meg\u00e9ri megl\u00e1togatni?<\/h2>\n\n\n\n<p><strong>\u00c9rdemes Pr\u00e1g\u00e1ba l\u00e1togatni? <\/strong>K\u00e9ts\u00e9gtelen, hogy egy pr\u00e1gai utaz\u00e1s mindenk\u00e9ppen meg\u00e9ri. A v\u00e1ros vir\u00e1gz\u00f3 kult\u00far\u00e1ja, gy\u00f6ny\u00f6r\u0171 \u00e9p\u00edt\u00e9szete \u00e9s hossz\u00fa t\u00f6rt\u00e9nelme miatt Eur\u00f3pa egyik legn\u00e9pszer\u0171bb turisztikai c\u00e9lpontja.<\/p>\n\n\n\n<p>B\u00e1r az emberek v\u00e9lem\u00e9nye arr\u00f3l, hogy mi az a hely, amit \"\u00e9rdemes megl\u00e1togatni\", elt\u00e9rhet, sok utaz\u00f3 egyet\u00e9rt abban, hogy Pr\u00e1ga id\u0151tlen var\u00e1zsa, gazdag t\u00f6rt\u00e9nelme \u00e9s vibr\u00e1l\u00f3 kult\u00far\u00e1ja miatt fantasztikus v\u00e1laszt\u00e1s. Ha \u00e9rdekli a t\u00f6rt\u00e9nelem, az \u00e9p\u00edt\u00e9szet, a m\u0171v\u00e9szetek, vagy csak egy romantikus \u00e9s b\u00e1jos hangulatot szeretne megtapasztalni, Pr\u00e1ga a t\u00f6k\u00e9letes hely az \u00d6n sz\u00e1m\u00e1ra.<\/p>\n\n\n\n<h2 id=\"optimize-your-visit-by-knowing-how-many-days-you-need-in-prague\" class=\"wp-block-heading\">Optimaliz\u00e1lja l\u00e1togat\u00e1s\u00e1t azzal, hogy tudja, h\u00e1ny napra van sz\u00fcks\u00e9ge Pr\u00e1g\u00e1ban<\/h2>\n\n\n\n<p><strong>H\u00e1ny napra van sz\u00fcks\u00e9ge Pr\u00e1g\u00e1ban? <\/strong>Ahhoz, hogy a legt\u00f6bbet hozza ki pr\u00e1gai tart\u00f3zkod\u00e1s\u00e1b\u00f3l, tal\u00e1lja meg az egyens\u00falyt a v\u00e1ros nagy nevezetess\u00e9geinek megismer\u00e9se, a kultur\u00e1lis soksz\u00edn\u0171s\u00e9gben val\u00f3 elmer\u00fcl\u00e9s \u00e9s a nem tervezett felfedez\u00e9sek k\u00f6z\u00f6tt. M\u00e9g a<a href=\"https:\/\/prague.org\/hu\/2-nap-pragaban\/\"> 2 nap Pr\u00e1g\u00e1ban <\/a>elegend\u0151 a v\u00e1ros felfedez\u00e9s\u00e9hez, de \u00e1ltal\u00e1ban v\u00e9ve a tart\u00f3zkod\u00e1s megfelel\u0151 hossz\u00e1t az \u00e9rdekl\u0151d\u00e9si k\u00f6r, a temp\u00f3 \u00e9s a felfedez\u00e9s k\u00edv\u00e1nt szintje hat\u00e1rozza meg. \u00cdme egy javaslat, amely seg\u00edt maximaliz\u00e1lni a l\u00e1togat\u00e1sodat azzal, hogy meghat\u00e1rozod, h\u00e1ny napra lehet sz\u00fcks\u00e9ged Pr\u00e1g\u00e1ban:<\/p>\n\n\n\n<h3 id=\"weekend-in-prague\" class=\"wp-block-heading\">H\u00e9tv\u00e9ge Pr\u00e1g\u00e1ban&nbsp;<\/h3>\n\n\n\n<p>Pr\u00e1ga kultur\u00e1lisan gazdag v\u00e1ros, \u00e9s egy ott t\u00f6lt\u00f6tt h\u00e9tv\u00e9ge \u00edzel\u00edt\u0151t ad ebb\u0151l. M\u00e9g egy r\u00f6vid <a href=\"https:\/\/prague.org\/hu\/?s=weekend itinerary in Prague\">h\u00e9tv\u00e9ge Pr\u00e1g\u00e1ban<\/a>, csod\u00e1latos \u00e9s felejthetetlen \u00e9lm\u00e9nyben lehet r\u00e9sze a v\u00e1rosban, ha el\u0151re felk\u00e9sz\u00fcl, \u00e9s a legfontosabb helysz\u00edneket rangsorolja.<\/p>\n\n\n\n<h3 id=\"3-days-in-prague\" class=\"wp-block-heading\">3 nap Pr\u00e1g\u00e1ban&nbsp;<\/h3>\n\n\n\n<p>Mind\u00f6ssze h\u00e1rom nap alatt csod\u00e1latos k\u00e9pet kaphat a v\u00e1ros leny\u0171g\u00f6z\u0151 t\u00f6rt\u00e9nelm\u00e9r\u0151l, vibr\u00e1l\u00f3 kult\u00far\u00e1j\u00e1r\u00f3l \u00e9s l\u00e9legzetel\u00e1ll\u00edt\u00f3 \u00e9p\u00edt\u00e9szet\u00e9r\u0151l. Ha szeretn\u00e9 megn\u00e9zni a f\u0151bb l\u00e1tnival\u00f3kat \u00e9s megismerni a cseh f\u0151v\u00e1rost, akkor a <a href=\"https:\/\/prague.org\/hu\/3-nap-pragaban\/\">h\u00e1romnapos \u00fatiterv Pr\u00e1g\u00e1ban<\/a> megteszi a hat\u00e1s\u00e1t.<\/p>\n\n\n\n<h3 id=\"5-days-in-prague\" class=\"wp-block-heading\">5 nap Pr\u00e1g\u00e1ban&nbsp;<\/h3>\n\n\n\n<p>Hosszabb tart\u00f3zkod\u00e1s <a href=\"https:\/\/prague.org\/hu\/prague-utiterv-5-napos\/\">\u00f6t nap Pr\u00e1g\u00e1ban<\/a> lehet\u0151v\u00e9 teszi a v\u00e1ros, kultur\u00e1lis soksz\u00edn\u0171s\u00e9g\u00e9nek \u00e9s rejtett kincseinek alaposabb felfedez\u00e9s\u00e9t. Hossz\u00fa tart\u00f3zkod\u00e1sa sor\u00e1n a t\u00f6rt\u00e9nelmi nevezetess\u00e9gek megl\u00e1togat\u00e1sa mellett v\u00e1ltozatos ter\u00fcleteket fedezhet fel, elmer\u00fclhet a helyi kult\u00far\u00e1ban, \u00e9s egynapos kir\u00e1ndul\u00e1sokat tehet a szomsz\u00e9dos c\u00e9lpontokhoz.&nbsp;<\/p>\n\n\n\n<h3 id=\"7-days-in-prague\" class=\"wp-block-heading\">7 nap Pr\u00e1g\u00e1ban<\/h3>\n\n\n\n<p>Ha van <a href=\"https:\/\/prague.org\/hu\/praga-1-het-utiterv\/\">h\u00e9t nap Pr\u00e1g\u00e1ban<\/a>, id\u0151t szak\u00edthatsz magadra, \u00e9s igaz\u00e1n elmer\u00fclhetsz a v\u00e1rosban. Megn\u00e9zheti az \u00f6sszes k\u00fcl\u00f6nb\u00f6z\u0151 ter\u00fcletet, t\u00f6bbet megtudhat a kult\u00far\u00e1r\u00f3l, \u00e9s ak\u00e1r egynapos kir\u00e1ndul\u00e1sokat is tehet a k\u00f6rnyez\u0151 l\u00e1tnival\u00f3khoz. T\u00f6lts\u00f6n t\u00f6bb id\u0151t a v\u00e1rosban, n\u00e9zzen meg t\u00f6bb rejtett kincset, mer\u00fclj\u00f6n el a helyi kult\u00far\u00e1ban, \u00e9s ismerje meg a v\u00e1ros leny\u0171g\u00f6z\u0151 t\u00f6rt\u00e9nelm\u00e9t ezzel a meghosszabb\u00edtott tart\u00f3zkod\u00e1ssal.<\/p>\n\n\n\n<h2 id=\"so-how-many-days-should-i-stay-in-prague-to-fully-enjoy-my-visit\" class=\"wp-block-heading\">H\u00e1ny napot kellene Pr\u00e1g\u00e1ban t\u00f6ltenem, hogy teljes m\u00e9rt\u00e9kben \u00e9lvezhessem a l\u00e1togat\u00e1st?<\/h2>\n\n\n\n<p>Sz\u00f3val, <strong>h\u00e1ny nap Pr\u00e1g\u00e1ban<\/strong>? A Pr\u00e1g\u00e1ban elt\u00f6lt\u00f6tt id\u0151 megfelel\u0151 hossz\u00e1t t\u00f6bb dolog hat\u00e1rozza meg, t\u00f6bbek k\u00f6z\u00f6tt az \u00e9rdekl\u0151d\u00e9si k\u00f6r, az \u00d6n \u00e1ltal prefer\u00e1lt utaz\u00e1si sebess\u00e9g, valamint az, hogy m\u00e9lyrehat\u00f3 vagy nyugodt \u00e9lm\u00e9nyt szeretne-e szerezni. M\u00edg egyes utaz\u00f3k \u00fagy v\u00e9lik, hogy 3-4 nap elegend\u0151 a v\u00e1ros megismer\u00e9s\u00e9hez, n\u00e9h\u00e1nyan \u00fagy d\u00f6nthetnek, hogy hosszabb ideig maradnak, hogy m\u00e9lyebben bele\u00e1ss\u00e1k magukat a v\u00e1ros k\u00edn\u00e1lat\u00e1ba, mik\u00f6zben felfedezik a k\u00f6rnyez\u0151 ter\u00fcleteket.<\/p>\n\n\n\n<h3 id=\"factors-to-consider\" class=\"wp-block-heading\">Figyelembe veend\u0151 t\u00e9nyez\u0151k<\/h3>\n\n\n\n<p><strong>Hobbi<\/strong>: Ha vannak bizonyos hobbijai, p\u00e9ld\u00e1ul a t\u00f6rt\u00e9nelem, a m\u0171v\u00e9szet vagy a szabadt\u00e9ri tev\u00e9kenys\u00e9gek, tervezze ezek k\u00f6r\u00e9 a tart\u00f3zkod\u00e1s\u00e1t.<\/p>\n\n\n\n<p><strong>Napi utaz\u00e1sok<\/strong>: Fontolja meg az egynapos utaz\u00e1sokat a k\u00f6rnyez\u0151 helysz\u00ednekre, hogy fokozza a teljes \u00e9lm\u00e9nyt, \u00e9s megismerje a Cseh K\u00f6zt\u00e1rsas\u00e1g kultur\u00e1lis soksz\u00edn\u0171s\u00e9g\u00e9t Pr\u00e1g\u00e1n k\u00edv\u00fcl.<\/p>\n\n\n\n<p><strong>Szezon\u00e1lis esem\u00e9nyek: <\/strong>Keresse meg a tervezett l\u00e1togat\u00e1s ideje alatt megrendez\u00e9sre ker\u00fcl\u0151 szezon\u00e1lis esem\u00e9nyeket, fesztiv\u00e1lokat vagy \u00fcnneps\u00e9geket, hogy m\u00e9g izgalmasabb\u00e1 tegye a tart\u00f3zkod\u00e1st.<\/p>\n\n\n\n<h2 id=\"prague-by-night-enchanting-50-minute-evening-river-cruise\" class=\"wp-block-heading\">Pr\u00e1ga \u00e9jjel: Pr\u00e1ga: Var\u00e1zslatos 50 perces esti folyami haj\u00f3k\u00e1z\u00e1s<\/h2>\n\n\n\n<div data-gyg-href=\"https:\/\/widget.getyourguide.com\/default\/activities.frame\" data-gyg-locale-code=\"en-US\" data-gyg-widget=\"activities\" data-gyg-number-of-items=\"1\" data-gyg-partner-id=\"U94OQGQ\" data-gyg-tour-ids=\"357390\"><\/div>\n\n\n\n<p>Induljon el egy var\u00e1zslatos utaz\u00e1sra Pr\u00e1ga sz\u00edv\u00e9ben az exkluz\u00edv 50 perces esti v\u00e1rosn\u00e9z\u0151 haj\u00f3kir\u00e1ndul\u00e1ssal. Siklik v\u00e9gig a Vltava foly\u00f3n a csillagos \u00e9gbolt alatt, \u00e9s szemtan\u00faja lehet a v\u00e1ros t\u00f6rt\u00e9nelmi nevezetess\u00e9geinek, k\u00f6zt\u00fck a K\u00e1roly-h\u00eddnak \u00e9s a Pr\u00e1gai V\u00e1rnak az \u00e9jszak\u00e1ban l\u00e1tv\u00e1nyosan kivil\u00e1g\u00edtott f\u00e9ny\u00e9ben. A neves Prague Boats s.r.o. \u00e1ltal biztos\u00edtott s\u00e9tahaj\u00f3z\u00e1s felejthetetlen \u00e9lm\u00e9nyt ny\u00fajt a cseh f\u0151v\u00e1ros sz\u00e9ps\u00e9g\u00e9r\u0151l \u00e9s var\u00e1zs\u00e1r\u00f3l.<\/p>\n\n\n\n<h3 id=\"highlights\" class=\"wp-block-heading\">Kiemelt inform\u00e1ci\u00f3k<\/h3>\n\n\n\n<ul>\n<li>Legyen szemtan\u00faja Pr\u00e1ga ikonikus nevezetess\u00e9geinek, k\u00f6zt\u00fck a K\u00e1roly-h\u00eddnak \u00e9s a Pr\u00e1gai V\u00e1rnak, amelyek \u00e9jszaka gy\u00f6ny\u00f6r\u0171en kivil\u00e1g\u00edtottak.<\/li>\n\n\n\n<li>Fedezze fel a Kampa-sziget \u00e9s m\u00e1s fest\u0151i helyek var\u00e1zslatos l\u00e1tv\u00e1ny\u00e1t a foly\u00f3 egyed\u00fcl\u00e1ll\u00f3 kil\u00e1t\u00f3pontj\u00e1r\u00f3l.<\/li>\n\n\n\n<li>A 8 nyelven el\u00e9rhet\u0151 online audio-kalauz seg\u00edts\u00e9g\u00e9vel leny\u0171g\u00f6z\u0151 r\u00e9szleteket tudhat meg a l\u00e1tnival\u00f3kr\u00f3l.<\/li>\n\n\n\n<li>\u00c9lvezze a rugalmas foglal\u00e1s k\u00e9nyelm\u00e9t a 24 \u00f3r\u00e1val el\u0151re t\u00f6rt\u00e9n\u0151 ingyenes lemond\u00e1ssal \u00e9s a k\u00e9sleltetett fizet\u00e9si lehet\u0151s\u00e9ggel.<\/li>\n\n\n\n<li>\u00c9lvezze a napoz\u00f3terasz felett tet\u0151vel ell\u00e1tott, l\u00e9gkondicion\u00e1lt haj\u00f3 k\u00e9nyelm\u00e9t, amely id\u0151j\u00e1r\u00e1st\u00f3l f\u00fcggetlen\u00fcl kellemes utaz\u00e1st biztos\u00edt.<\/li>\n<\/ul>\n\n\n\n<h3 id=\"included\" class=\"wp-block-heading\">Tartalmazza a<\/h3>\n\n\n\n<ul>\n<li>50 perces kellemes s\u00e9tahaj\u00f3z\u00e1s a Moldva foly\u00f3n.<\/li>\n\n\n\n<li>Informat\u00edv online audio-\u00fatikalauz cseh, spanyol, angol, orosz, n\u00e9met, francia, lengyel, olasz, francia \u00e9s orosz nyelven.<\/li>\n\n\n\n<li>16 nyelven el\u00e9rhet\u0151 nyomtatott \u00fatmutat\u00f3 a fed\u00e9lzeten.<\/li>\n\n\n\n<li>Ingyenes WiFi a fed\u00e9lzeten, hogy val\u00f3s id\u0151ben megoszthassa \u00e9lm\u00e9nyeit.<\/li>\n<\/ul>\n\n\n\n<div class=\"wp-block-buttons is-layout-flex wp-block-buttons-is-layout-flex\">\n<div class=\"wp-block-button is-style-cs-button-block\"><a class=\"wp-block-button__link wp-element-button\" href=\"https:\/\/www.getyourguide.com\/prague-l10\/prague-50-minute-sightseeing-evening-cruise-t357390\/?partner_id=U94OQGQ&amp;utm_medium=online_publisher\" rel=\"nofollow noopener\">&nbsp;\u2192 Foglalja le hely\u00e9t most<\/a><\/div>\n<\/div>\n\n\n\n<div data-gyg-href=\"https:\/\/widget.getyourguide.com\/default\/city.frame\" data-gyg-location-id=\"10\" data-gyg-locale-code=\"en-US\" data-gyg-widget=\"city\" data-gyg-partner-id=\"U94OQGQ\"><\/div>","protected":false},"excerpt":{"rendered":"H\u00e1ny nap Pr\u00e1g\u00e1ban el\u00e9g lesz ahhoz, hogy igaz\u00e1n \u00e9rt\u00e9kelje ezt a l\u00e9legzetel\u00e1ll\u00edt\u00f3 metropoliszt? Sok utaz\u00f3 osztozik ebben a...","protected":false},"author":19,"featured_media":12684,"comment_status":"closed","ping_status":"closed","sticky":false,"template":"","format":"standard","meta":{"footnotes":""},"categories":[1,204,47],"tags":[55],"table_tags":[],"_links":{"self":[{"href":"https:\/\/prague.org\/hu\/wp-json\/wp\/v2\/posts\/12681"}],"collection":[{"href":"https:\/\/prague.org\/hu\/wp-json\/wp\/v2\/posts"}],"about":[{"href":"https:\/\/prague.org\/hu\/wp-json\/wp\/v2\/types\/post"}],"author":[{"embeddable":true,"href":"https:\/\/prague.org\/hu\/wp-json\/wp\/v2\/users\/19"}],"replies":[{"embeddable":true,"href":"https:\/\/prague.org\/hu\/wp-json\/wp\/v2\/comments?post=12681"}],"version-history":[{"count":4,"href":"https:\/\/prague.org\/hu\/wp-json\/wp\/v2\/posts\/12681\/revisions"}],"predecessor-version":[{"id":12744,"href":"https:\/\/prague.org\/hu\/wp-json\/wp\/v2\/posts\/12681\/revisions\/12744"}],"wp:featuredmedia":[{"embeddable":true,"href":"https:\/\/prague.org\/hu\/wp-json\/wp\/v2\/media\/12684"}],"wp:attachment":[{"href":"https:\/\/prague.org\/hu\/wp-json\/wp\/v2\/media?parent=12681"}],"wp:term":[{"taxonomy":"category","embeddable":true,"href":"https:\/\/prague.org\/hu\/wp-json\/wp\/v2\/categories?post=12681"},{"taxonomy":"post_tag","embeddable":true,"href":"https:\/\/prague.org\/hu\/wp-json\/wp\/v2\/tags?post=12681"},{"taxonomy":"table_tags","embeddable":true,"href":"https:\/\/prague.org\/hu\/wp-json\/wp\/v2\/table_tags?post=12681"}],"curies":[{"name":"wp","href":"https:\/\/api.w.org\/{rel}","templated":true}]}}