{"id":13088,"date":"2024-03-19T16:55:21","date_gmt":"2024-03-19T14:55:21","guid":{"rendered":"https:\/\/prague.org\/?p=13088"},"modified":"2024-03-18T17:03:13","modified_gmt":"2024-03-18T15:03:13","slug":"czech-voice-actors","status":"publish","type":"post","link":"https:\/\/prague.org\/hu\/cseh-hangszineszek\/","title":{"rendered":"Cseh szinkroniz\u00e1l\u00f3 szt\u00e1rok: Hangok, amelyek form\u00e1lj\u00e1k a n\u00e9z\u0151i \u00e9lm\u00e9nyt"},"content":{"rendered":"<p><strong>Cseh szinkronsz\u00edn\u00e9szek <\/strong>n\u00e9lk\u00fcl\u00f6zhetetlenek a sz\u00f3rakoztat\u00f3iparban, kiv\u00e9teles tehets\u00e9g\u00fckkel \u00e9s technik\u00e1jukkal leny\u0171g\u00f6zik a k\u00f6z\u00f6ns\u00e9get. A cseh sz\u00f3rakoztat\u00f3ipar egyik legfontosabb ter\u00fclete a szinkronsz\u00edn\u00e9szet, amely a hangok seg\u00edts\u00e9g\u00e9vel kelti \u00e9letre a karaktereket. N\u00e9zz\u00fck meg k\u00f6zelebbr\u0151l <strong>Cseh szinkronsz\u00edn\u00e9szek <\/strong>\u00e9s hogyan j\u00e1rultak hozz\u00e1 a sz\u00f3rakoztat\u00f3iparhoz.<\/p>\n\n\n\n<p>Amikor a film var\u00e1zs\u00e1ra gondolunk, gyakran kedvenc sz\u00edn\u00e9szeink l\u00e1tv\u00e1nyos alak\u00edt\u00e1sai jutnak esz\u00fcnkbe a v\u00e1sznon. Sokan nincsenek tiszt\u00e1ban azzal a kritikus szereppel, amit a <strong>hang\u00e1tviteli szolg\u00e1ltat\u00e1sok Csehorsz\u00e1gban<\/strong> szerepet j\u00e1tszanak a filmekben, telev\u00edzi\u00f3s m\u0171sorokban \u00e9s anim\u00e1ci\u00f3s filmekben megjelen\u0151 karakterek \u00e9letre kelt\u00e9s\u00e9ben. Szinkronsz\u00edn\u00e9szek fantasztikus gy\u0171jtem\u00e9nye dolgozik csendben a sz\u00ednfalak m\u00f6g\u00f6tt, hogy \u00e9letre kelts\u00e9k az \u00e1ltalunk szeretett karaktereket.<\/p>\n\n\n\n<p>Ezek a <a href=\"https:\/\/prague.org\/hu\/czech-actors\/\">meg nem \u00e9nekelt cseh sz\u00edn\u00e9szek<\/a> olyan egyedi k\u00e9pess\u00e9gekkel rendelkeznek, amelyek messze t\u00falmutatnak a p\u00e1rbesz\u00e9dek szinkroniz\u00e1l\u00e1s\u00e1n. A z\u00f6kken\u0151mentes \u00e9s hiteles \u00e1br\u00e1zol\u00e1shoz apr\u00f3l\u00e9kosan fel kell kutatniuk az \u00e1ltaluk j\u00e1tszott karaktert, \u00e9s ut\u00e1nozniuk kell annak hangsz\u00edn\u00e9t, arckifejez\u00e9s\u00e9t \u00e9s viselked\u00e9s\u00e9t.&nbsp;<\/p>\n\n\n\n<h2 id=\"the-evolution-of-czech-dubbing-and-its-global-triumph\" class=\"wp-block-heading\">A cseh szinkroniz\u00e1l\u00e1s fejl\u0151d\u00e9se \u00e9s glob\u00e1lis diadala<\/h2>\n\n\n\n<p><strong>Szinkroniz\u00e1l\u00e1si szolg\u00e1ltat\u00e1sok Csehorsz\u00e1gban <\/strong>\u00e9vtizedek \u00f3ta haszn\u00e1lj\u00e1k arra, hogy k\u00fclf\u00f6ldi filmeket \u00e9s t\u00e9v\u00e9m\u0171sorokat juttassanak el a glob\u00e1lis k\u00f6z\u00f6ns\u00e9ghez. A szinkroniz\u00e1l\u00e1snak gazdag t\u00f6rt\u00e9nete van a Cseh K\u00f6zt\u00e1rsas\u00e1gban, ahol egyed\u00fcl\u00e1ll\u00f3 m\u00f3don fejl\u0151d\u00f6tt ki \u00e9s v\u00e1lt vil\u00e1gszerte sikeress\u00e9. Vizsg\u00e1ljuk meg a cseh szinkroniz\u00e1l\u00e1s glob\u00e1lis felemelked\u00e9s\u00e9t.<\/p>\n\n\n\n<h3 id=\"early-years\" class=\"wp-block-heading\">Korai \u00e9vek<\/h3>\n\n\n\n<p><strong>Cseh szinkronhang tehets\u00e9g <\/strong>akkor kezd\u0151d\u00f6tt, amikor a n\u00e9mafilmekben \u00e9l\u0151 zene vagy feliratoz\u00e1s volt. Az idegen nyelv\u0171 filmek szinkroniz\u00e1l\u00e1sa a cseh n\u00e9z\u0151k sz\u00e1m\u00e1ra az 1930-as \u00e9vekben v\u00e1lt sz\u00fcks\u00e9gess\u00e9, amikor a hangtechnika fejl\u0151d\u00f6tt.<\/p>\n\n\n\n<h3 id=\"localization-and-adaptation\" class=\"wp-block-heading\">Lokaliz\u00e1ci\u00f3 \u00e9s adapt\u00e1ci\u00f3<\/h3>\n\n\n\n<p>A II. vil\u00e1gh\u00e1bor\u00fa ut\u00e1n Csehszlov\u00e1ki\u00e1ban megn\u0151tt a nemzetk\u00f6zi filmimport, \u00e9s a helyi lej\u00e1tsz\u00e1shoz szinkroniz\u00e1l\u00e1sra volt sz\u00fcks\u00e9g. A szinkroniz\u00e1l\u00f3 st\u00fadi\u00f3k kem\u00e9nyen dolgoztak azon, hogy a cseh n\u00e9z\u0151k sz\u00e1m\u00e1ra megfelel\u0151en leford\u00edts\u00e1k a dial\u00f3gusokat, \u00e9s adapt\u00e1lj\u00e1k a kultur\u00e1lis utal\u00e1sokat \u00e9s \u00e1rnyalatokat.<\/p>\n\n\n\n<h3 id=\"golden-age-of-czech-dubbing\" class=\"wp-block-heading\">A cseh szinkroniz\u00e1l\u00e1s aranykora<\/h3>\n\n\n\n<p>Az 1960-as \u00e9s 1970-es \u00e9vek a cseh szinkroniz\u00e1l\u00e1s aranykora volt, kiv\u00e1l\u00f3 szinkronsz\u00edn\u00e9szekkel \u00e9s kifinomult szinkroniz\u00e1l\u00e1si elj\u00e1r\u00e1sokkal. A cseh hangokat a hollywoodi kasszasikerek \u00e9s a n\u00e9pszer\u0171 t\u00e9v\u00e9m\u0171sorok ikonikus szerepl\u0151ivel azonos\u00edtott\u00e1k, gazdag\u00edtva a nemzet kult\u00far\u00e1j\u00e1t.<\/p>\n\n\n\n<h3 id=\"continued-evolution\" class=\"wp-block-heading\">Folytat\u00f3d\u00f3 fejl\u0151d\u00e9s<\/h3>\n\n\n\n<p>A cseh szinkroniz\u00e1l\u00e1s az audiovizu\u00e1lis technol\u00f3gi\u00e1val \u00e9s a digit\u00e1lis kor fogyaszt\u00f3i \u00edzl\u00e9s\u00e9vel egy\u00fctt fejl\u0151d\u00f6tt. A hagyom\u00e1nyos szinkroniz\u00e1l\u00e1s tov\u00e1bbra is n\u00e9pszer\u0171, b\u00e1r a streaming \u00e9s a video-on-demand szolg\u00e1ltat\u00e1sok alternat\u00edv\u00e1t k\u00edn\u00e1lnak a fogyaszt\u00f3knak.<\/p>\n\n\n\n<h2 id=\"an-insight-into-the-voice-over-process\" class=\"wp-block-heading\">Betekint\u00e9s a Voice-Over folyamatba<\/h2>\n\n\n\n<figure class=\"wp-block-image size-large\"><img decoding=\"async\" width=\"1024\" height=\"683\" src=\"https:\/\/prague.org\/wp-content\/uploads\/2024\/03\/jacek-dylag-xPugU5J5ePc-unsplash-1-1024x683.jpg\" alt=\"Cseh szinkronsz\u00edn\u00e9szek\" class=\"wp-image-13089\" srcset=\"https:\/\/prague.org\/wp-content\/uploads\/2024\/03\/jacek-dylag-xPugU5J5ePc-unsplash-1-1024x683.jpg 1024w, https:\/\/prague.org\/wp-content\/uploads\/2024\/03\/jacek-dylag-xPugU5J5ePc-unsplash-1-300x200.jpg 300w, https:\/\/prague.org\/wp-content\/uploads\/2024\/03\/jacek-dylag-xPugU5J5ePc-unsplash-1-768x513.jpg 768w, https:\/\/prague.org\/wp-content\/uploads\/2024\/03\/jacek-dylag-xPugU5J5ePc-unsplash-1-1536x1025.jpg 1536w, https:\/\/prague.org\/wp-content\/uploads\/2024\/03\/jacek-dylag-xPugU5J5ePc-unsplash-1-2048x1367.jpg 2048w, https:\/\/prague.org\/wp-content\/uploads\/2024\/03\/jacek-dylag-xPugU5J5ePc-unsplash-1-18x12.jpg 18w, https:\/\/prague.org\/wp-content\/uploads\/2024\/03\/jacek-dylag-xPugU5J5ePc-unsplash-1-380x254.jpg 380w, https:\/\/prague.org\/wp-content\/uploads\/2024\/03\/jacek-dylag-xPugU5J5ePc-unsplash-1-800x534.jpg 800w, https:\/\/prague.org\/wp-content\/uploads\/2024\/03\/jacek-dylag-xPugU5J5ePc-unsplash-1-1160x774.jpg 1160w, https:\/\/prague.org\/wp-content\/uploads\/2024\/03\/jacek-dylag-xPugU5J5ePc-unsplash-1-600x400.jpg 600w, https:\/\/prague.org\/wp-content\/uploads\/2024\/03\/jacek-dylag-xPugU5J5ePc-unsplash-1-scaled.jpg 2560w\" sizes=\"(max-width: 1024px) 100vw, 1024px\" \/><figcaption class=\"wp-element-caption\">Cseh szinkronsz\u00edn\u00e9szek<\/figcaption><\/figure>\n\n\n\n<p>Ha azt szeretn\u00e9, hogy<strong> cseh szinkronsz\u00edn\u00e9szek felb\u00e9rl\u00e9se<\/strong>, minden a meghallgat\u00e1sokkal kezd\u0151dik. Ahogy a sz\u00edn\u00e9szek meghallgat\u00e1son vesznek r\u00e9szt filmes \u00e9s telev\u00edzi\u00f3s szerepek\u00e9rt, \u00fagy a cseh szinkronsz\u00edn\u00e9szek is meghallgat\u00e1son vesznek r\u00e9szt olyan projektek\u00e9rt, amelyek megfelelnek hangi k\u00e9pess\u00e9geiknek.&nbsp;<\/p>\n\n\n\n<p>Amint a sz\u00edn\u00e9sz kiv\u00e1laszt\u00e1sra ker\u00fcl, a felv\u00e9telek megkezd\u0151dnek a <strong>Cseh szinkroniz\u00e1l\u00f3 st\u00fadi\u00f3k<\/strong>. Cze<strong>angol nyelv\u0171 hangfelv\u00e9tel<\/strong> mag\u00e1ban foglalja a hangsz\u00f6vegek haszn\u00e1lat\u00e1t a var\u00e1zslat megteremt\u00e9s\u00e9hez. <strong>Cseh hangfelv\u00e9tel ford\u00edt\u00e1s<\/strong> haszn\u00e1lhat\u00f3 a besz\u00e9lt tartalom leford\u00edt\u00e1s\u00e1ra a <a href=\"https:\/\/prague.org\/hu\/prague-language-guide-what-language-do-the-do-the-speak-speak\/\">cseh nyelv<\/a>. A sz\u00edn\u00e9sznek videoj\u00e1t\u00e9k-karakterk\u00e9nt, dokumentumfilm-narr\u00e1tork\u00e9nt vagy rekl\u00e1mszinkronhangk\u00e9nt a karakterben kell maradnia, \u00e9s \u00e9rzelmesen \u00e9s \u0151szint\u00e9n kell \u00e1tadnia a szavakat.<\/p>\n\n\n\n<p><strong>Cseh szinkronsz\u00edn\u00e9szek <\/strong>egy\u00fcttm\u0171k\u00f6dnek a rendez\u0151kkel \u00e9s a producerekkel annak \u00e9rdek\u00e9ben, hogy teljes\u00edtm\u00e9ny\u00fck a felv\u00e9telek sor\u00e1n megfeleljen a projekt elk\u00e9pzel\u00e9seinek. Megk\u00e9rhetik \u0151ket, hogy vegy\u00e9k fel \u00fajra a sz\u00f6veget, v\u00e1ltoztass\u00e1k meg a hangjukat, vagy finom\u00edtsanak az el\u0151ad\u00e1sm\u00f3djukon, hogy a megfelel\u0151 illeszked\u00e9st el\u00e9rj\u00e9k. Az egy\u00fcttm\u0171k\u00f6d\u00e9shez t\u00fcrelem, tehets\u00e9g \u00e9s a r\u00e9szletekre val\u00f3 odafigyel\u00e9s sz\u00fcks\u00e9ges.<\/p>\n\n\n\n<p>Az ut\u00f3munka a felv\u00e9telt k\u00f6veti. A hangm\u00e9rn\u00f6k\u00f6k megtiszt\u00edtj\u00e1k a hangot, zen\u00e9t \u00e9s hangeffekteket adnak hozz\u00e1, \u00e9s mindent \u00f6sszekevernek, hogy egy egys\u00e9ges kimenetet hozzanak l\u00e9tre. Egy csiszolt hangfelv\u00e9tel gazdag\u00edtja a produkci\u00f3t, \u00e9letre keltve a projektet.<\/p>\n\n\n\n<p><strong>Cseh szinkronhang \u00e1rak<\/strong> sz\u00e1mos krit\u00e9riumt\u00f3l f\u00fcgg\u0151en v\u00e1ltoznak, bele\u00e9rtve a szinkronsz\u00edn\u00e9sz tapasztalat\u00e1t, a forgat\u00f3k\u00f6nyv hossz\u00e1t, a projekt t\u00edpus\u00e1t \u00e9s a felhaszn\u00e1l\u00e1si jogokat.&nbsp;<\/p>\n\n\n\n<h2 id=\"czech-voice-over-artists-pioneers-of-authenticity-and-engagement\" class=\"wp-block-heading\">Cseh szinkronsz\u00edn\u00e9szek: A hiteless\u00e9g \u00e9s elk\u00f6telezetts\u00e9g \u00fatt\u00f6r\u0151i<\/h2>\n\n\n\n<p>Sok tehets\u00e9ges <strong>Cseh szinkronhangok<\/strong> szak\u00e9rtelm\u00fckkel, elk\u00f6telezetts\u00e9g\u00fckkel \u00e9s a t\u00f6rt\u00e9netmes\u00e9l\u00e9s ir\u00e1nti szenved\u00e9ly\u00fckkel j\u00e1rultak hozz\u00e1 a v\u00e1llalkoz\u00e1shoz. Hiteles el\u0151ad\u00e1saik sz\u00e1mos multim\u00e9di\u00e1s produkci\u00f3t gazdag\u00edtottak, \u00e9s minden koroszt\u00e1ly k\u00f6z\u00f6ns\u00e9g\u00e9t leny\u0171g\u00f6zt\u00e9k. <strong>N\u00e9pszer\u0171 cseh szinkroniz\u00e1l\u00f3<\/strong> az al\u00e1bbiakban szerepelnek:<\/p>\n\n\n\n<ul>\n<li>Petr N\u00e1ro\u017en\u00fd<\/li>\n\n\n\n<li>Eva Hr\u016fzov\u00e1<\/li>\n\n\n\n<li>Ond\u0159ej Vetch\u00fd<\/li>\n\n\n\n<li>Lenka Vlas\u00e1kov\u00e1<\/li>\n\n\n\n<li>Michal Dlouh\u00fd<\/li>\n\n\n\n<li>Jitka Mou\u010dkov\u00e1<\/li>\n\n\n\n<li>Tom\u00e1\u0161 Han\u00e1k<\/li>\n\n\n\n<li>Lucie Pernetov\u00e1<\/li>\n<\/ul>\n\n\n\n<h2 id=\"the-voices-behind-the-scenes-8-most-popular-czech-voice-actors-their-movies\" class=\"wp-block-heading\">A hangok a kulissz\u00e1k m\u00f6g\u00f6tt: A 8 legn\u00e9pszer\u0171bb cseh szinkronsz\u00edn\u00e9sz \u00e9s filmjeik<\/h2>\n\n\n\n<p>A Cseh K\u00f6zt\u00e1rsas\u00e1gban minden koroszt\u00e1ly sz\u00e1m\u00e1ra el\u0151ny\u00f6sek a szinkronsz\u00edn\u00e9szek v\u00e1ltozatos alak\u00edt\u00e1sai \u00e9s jellegzetes hangja, ami a cseh filmek szinkroniz\u00e1l\u00e1s\u00e1nak n\u00e9pszer\u0171 opci\u00f3j\u00e1v\u00e1 tette \u0151ket.  Az al\u00e1bbiakban 8 filmet mutatunk be <strong>legjobb cseh szinkronsz\u00edn\u00e9szek<\/strong>, valamint a filmek, amelyekben szerepeltek:<\/p>\n\n\n\n<h3 id=\"1-petr-narozny\" class=\"wp-block-heading\">1. Petr Naro\u017en\u00fd<\/h3>\n\n\n\n<p>Nevezetes filmek: \"Toy Story\" (Woody szerep\u00e9ben), \"Shrek\" (Shrek szerep\u00e9ben) \u00e9s \"Az oroszl\u00e1nkir\u00e1ly\" (Simba szerep\u00e9ben).<\/p>\n\n\n\n<h3 id=\"2-eva-hruzova\" class=\"wp-block-heading\">2. Eva Hr\u016fzov\u00e1<\/h3>\n\n\n\n<p>Nevezetes filmek: \"Frozen\" (mint Elsa), \"Moana\" (mint Moana) \u00e9s \"A sz\u00e9ps\u00e9g \u00e9s a sz\u00f6rnyeteg\" (mint Belle).<\/p>\n\n\n\n<h3 id=\"3-ondrej-vetchy\" class=\"wp-block-heading\">3. Ond\u0159ej Vetch\u00fd<\/h3>\n\n\n\n<p>Nevezetes filmek: \"A s\u00f6t\u00e9t lovag\" (mint Batman), \"A Gy\u0171r\u0171k Ura\" (mint Gandalf) \u00e9s \"A Karib-tenger kal\u00f3zai\" (mint Jack Sparrow).<\/p>\n\n\n\n<h3 id=\"4-lenka-vlasakova\" class=\"wp-block-heading\">4. Lenka Vlas\u00e1kov\u00e1<\/h3>\n\n\n\n<p>Figyelemre m\u00e9lt\u00f3 filmek: \"Hihetetlenek (mint Mrs. Hihetetlen) \u00e9s Zootopia.<\/p>\n\n\n\n<h3 id=\"5-michal-dlouhy\" class=\"wp-block-heading\">5. Michal Dlouh\u00fd<\/h3>\n\n\n\n<p>Figyelemre m\u00e9lt\u00f3 filmek: \"P\u00f3kember (P\u00f3kemberk\u00e9nt).<\/p>\n\n\n\n<h3 id=\"6-jitka-mouckova\" class=\"wp-block-heading\">6. Jitka Mou\u010dkov\u00e1<\/h3>\n\n\n\n<p>Nevezetes filmek: \"A megvetend\u0151 \u00e9n\" (Gru szerep\u00e9ben), \"Sz\u00f6rnyek, Inc.\" (Mike Wazowski szerep\u00e9ben) \u00e9s \"Kung Fu Panda\" (Po szerep\u00e9ben).<\/p>\n\n\n\n<h3 id=\"7-tomas-hanak\" class=\"wp-block-heading\">7. Toma\u0161 Han\u00e1k<\/h3>\n\n\n\n<p>Nevezetes filmek: \"A dzsungel k\u00f6nyve\" (Maugli szerep\u00e9ben), \"\u00cdgy neveld a s\u00e1rk\u00e1nyodat\" (Hablaty szerep\u00e9ben) \u00e9s \"WALL-E\" (WALL-E szerep\u00e9ben).<\/p>\n\n\n\n<h3 id=\"8-lucie-pernetova\" class=\"wp-block-heading\">8. Lucie Pernetova<\/h3>\n\n\n\n<p>Nevezetes filmek: \"A h\u00edn\u00e1r\" (Rapunzel szerep\u00e9ben), \"A kis hable\u00e1ny\" (Ariel szerep\u00e9ben) \u00e9s \"Brave\" (Merida szerep\u00e9ben).<\/p>\n\n\n\n<div data-gyg-href=\"https:\/\/widget.getyourguide.com\/default\/city.frame\" data-gyg-location-id=\"10\" data-gyg-locale-code=\"en-US\" data-gyg-widget=\"city\" data-gyg-partner-id=\"U94OQGQ\"><\/div>","protected":false},"excerpt":{"rendered":"A cseh szinkronsz\u00edn\u00e9szek n\u00e9lk\u00fcl\u00f6zhetetlenek a sz\u00f3rakoztat\u00f3iparban, kiv\u00e9teles tehets\u00e9g\u00fckkel \u00e9s technik\u00e1jukkal leny\u0171g\u00f6zik a k\u00f6z\u00f6ns\u00e9get. Az egyik...","protected":false},"author":2,"featured_media":13091,"comment_status":"closed","ping_status":"closed","sticky":false,"template":"","format":"standard","meta":{"footnotes":""},"categories":[204,15,39],"tags":[49],"table_tags":[],"_links":{"self":[{"href":"https:\/\/prague.org\/hu\/wp-json\/wp\/v2\/posts\/13088"}],"collection":[{"href":"https:\/\/prague.org\/hu\/wp-json\/wp\/v2\/posts"}],"about":[{"href":"https:\/\/prague.org\/hu\/wp-json\/wp\/v2\/types\/post"}],"author":[{"embeddable":true,"href":"https:\/\/prague.org\/hu\/wp-json\/wp\/v2\/users\/2"}],"replies":[{"embeddable":true,"href":"https:\/\/prague.org\/hu\/wp-json\/wp\/v2\/comments?post=13088"}],"version-history":[{"count":1,"href":"https:\/\/prague.org\/hu\/wp-json\/wp\/v2\/posts\/13088\/revisions"}],"predecessor-version":[{"id":13090,"href":"https:\/\/prague.org\/hu\/wp-json\/wp\/v2\/posts\/13088\/revisions\/13090"}],"wp:featuredmedia":[{"embeddable":true,"href":"https:\/\/prague.org\/hu\/wp-json\/wp\/v2\/media\/13091"}],"wp:attachment":[{"href":"https:\/\/prague.org\/hu\/wp-json\/wp\/v2\/media?parent=13088"}],"wp:term":[{"taxonomy":"category","embeddable":true,"href":"https:\/\/prague.org\/hu\/wp-json\/wp\/v2\/categories?post=13088"},{"taxonomy":"post_tag","embeddable":true,"href":"https:\/\/prague.org\/hu\/wp-json\/wp\/v2\/tags?post=13088"},{"taxonomy":"table_tags","embeddable":true,"href":"https:\/\/prague.org\/hu\/wp-json\/wp\/v2\/table_tags?post=13088"}],"curies":[{"name":"wp","href":"https:\/\/api.w.org\/{rel}","templated":true}]}}