{"id":13383,"date":"2024-04-11T10:42:35","date_gmt":"2024-04-11T08:42:35","guid":{"rendered":"https:\/\/prague.org\/?p=13383"},"modified":"2024-05-08T10:45:50","modified_gmt":"2024-05-08T08:45:50","slug":"famous-prague-desserts","status":"publish","type":"post","link":"https:\/\/prague.org\/hu\/hires-pragai-desszertek\/","title":{"rendered":"Pr\u00e1gai desszertek: Pr\u00e1ga: Kulin\u00e1ris utaz\u00e1s\u00a0"},"content":{"rendered":"<p>A <strong>h\u00edres pr\u00e1gai desszertek<\/strong> az egyik oka annak, hogy a Cseh K\u00f6zt\u00e1rsas\u00e1gban \u00e9lni olyan, mint egy \u00e1lom. Pr\u00e1ga vizu\u00e1lisan is \u00e9lvezetes, de kulin\u00e1risan is paradicsom, k\u00fcl\u00f6n\u00f6sen a desszertek kedvel\u0151i sz\u00e1m\u00e1ra. K\u00f3stolja meg az utat <strong>h\u00edres pr\u00e1gai desszertek<\/strong> \u00e9s ismerje meg azokat a hagyom\u00e1nyokat, text\u00far\u00e1kat \u00e9s \u00edzeket, amelyek megk\u00fcl\u00f6nb\u00f6ztetik \u0151ket.<\/p>\n\n\n\n<p>A v\u00e1ros hihetetlen\u00fcl sokf\u00e9le \u00e9dess\u00e9g k\u00edn\u00e1lata biztosan minden \u00e9dessz\u00e1j\u00fanak tetszeni fog, a klasszikus cseh s\u00fctem\u00e9nyekt\u0151l a modern \u00e9dess\u00e9gekig.&nbsp;<\/p>\n\n\n\n<p>Ezeket a h\u00edres finoms\u00e1gokat rengeteg helyen tal\u00e1lja az utc\u00e1kon \u00e9s a <a href=\"https:\/\/prague.org\/hu\/best-prague-cafes\/\" data-type=\"link\" data-id=\"https:\/\/prague.org\/best-prague-cafes\/\">pr\u00e1gai k\u00e1v\u00e9z\u00f3k<\/a>, ak\u00e1r a trdeln\u00edk ropog\u00f3s \u00e9dess\u00e9g\u00e9re, ak\u00e1r a medovn\u00edk meghitt meleg\u00e9re, ak\u00e1r a pala\u010dinky \u00e9s a buchty finom \u00edz\u00e9re v\u00e1gyik. K\u00e9nyeztesse mag\u00e1t ezekkel <strong>legjobb desszertek Pr\u00e1ga Csehorsz\u00e1gban <\/strong>hogy igaz\u00e1n megk\u00f3stolhassa a helyi konyh\u00e1t.<\/p>\n\n\n\n<h2 id=\"indulging-in-famous-prague-desserts-a-guide\" class=\"wp-block-heading\">K\u00e9nyeztet\u00e9s a h\u00edres pr\u00e1gai desszertekkel: Pr\u00e1ga: \u00datmutat\u00f3<\/h2>\n\n\n\n<p><strong>H\u00edres pr\u00e1gai desszert<\/strong> jelenet egy kellemes utaz\u00e1s rengeteg klasszikus \u00e9dess\u00e9ggel, hogy minden ig\u00e9nyt kiel\u00e9g\u00edtsen. Ez az \u00fatmutat\u00f3 seg\u00edt a legend\u00e1s pr\u00e1gai desszertek \u00e9lvezet\u00e9ben \u00e9s a gasztron\u00f3miai utaz\u00e1s maximaliz\u00e1l\u00e1s\u00e1ban, ak\u00e1r gasztron\u00f3mus vagy, ak\u00e1r csak \u00e9dess\u00e9gre v\u00e1gysz:<\/p>\n\n\n\n<p>Pr\u00e1ga desszertjeinek felfedez\u00e9s\u00e9hez vizsg\u00e1lja meg a klasszikus \u00e9s az innovat\u00edv lehet\u0151s\u00e9geket. Fedezze fel a n\u00e9pszer\u0171 cseh \u00e9dess\u00e9geket, mint p\u00e9ld\u00e1ul <strong>Pr\u00e1gai desszert trdeln\u00edk<\/strong>, kol\u00e1\u010de, medovn\u00edk, pala\u010dinky \u00e9s buchty cikkeken, blogokon \u00e9s \u00fatik\u00f6nyveken kereszt\u00fcl.&nbsp;<\/p>\n\n\n\n<p>A pr\u00e1gai desszert t\u00fara megtervez\u00e9s\u00e9hez vegye figyelembe az egyes l\u00e9tes\u00edtm\u00e9nyek elhelyezked\u00e9s\u00e9t \u00e9s nyitvatart\u00e1si idej\u00e9t. Hogy elker\u00fclje a t\u00f6meget \u00e9s \u00e9lvezze az egyes<strong> desszert Pr\u00e1g\u00e1ban<\/strong> a szabadideje szerint, reggel vagy d\u00e9lut\u00e1n indulhat \u00fatnak.&nbsp;<\/p>\n\n\n\n<p>L\u00e1togasson el a helyi piacokra \u00e9s utcai \u00e1rusokhoz, hogy megismerje Pr\u00e1ga kulin\u00e1ris kult\u00far\u00e1j\u00e1t, \u00e9s megk\u00f3stolhassa a frissen k\u00e9sz\u00fclt hagyom\u00e1nyos finoms\u00e1gokat. Fedezze fel az \u00d3v\u00e1ros teret, a Vencel teret \u00e9s a K\u00e1roly hidat, \u00e9s szagolgassa a frissen k\u00e9sz\u00fclt finoms\u00e1gokat, mint p\u00e9ld\u00e1ul a <a href=\"https:\/\/prague.org\/hu\/trdelnik-the-amazing-pastry-of-prague\/\">n\u00e9pszer\u0171 trdeln\u00edk<\/a> \u00e9s kol\u00e1\u010de. K\u00e9rdezze meg a helyi elad\u00f3kat a port\u00e9k\u00e1ikr\u00f3l, \u00e9s pr\u00f3b\u00e1ljon ki \u00faj dolgokat.<\/p>\n\n\n\n<p>Pihenjen \u00e9s \u00e9lvezze a desszertek ny\u00fajtotta \u00e9lm\u00e9nyt Pr\u00e1ga kit\u0171n\u0151 k\u00e1v\u00e9z\u00f3iban \u00e9s desszertboltjaiban. A Caf\u00e9 Savoy, a Caf\u00e9 Louvre \u00e9s a Cukr\u00e1rna Alchymista a cseh desszertekre specializ\u00e1l\u00f3dott.<\/p>\n\n\n\n<p>Fedezze fel Pr\u00e1ga v\u00e1ltozatos desszertjeit \u00e9s \u00edzeit, hogy megfelel\u0151en \u00e9rt\u00e9kelje a cseh cukr\u00e1szmesters\u00e9get. Legyen kreat\u00edv a trdeln\u00edk, a kol\u00e1\u010de t\u00f6ltel\u00e9kek, a medovn\u00edk kombin\u00e1ci\u00f3k \u00e9s a pala\u010dinky felt\u00e9tekkel.<\/p>\n\n\n\n<p>V\u00e9g\u00fcl pedig ne felejtsd el meg\u00f6r\u00f6k\u00edteni \u00e9s megosztani az \u00e9lm\u00e9nyeidet.<\/p>\n\n\n\n<h2 id=\"iconic-desserts-of-prague-what-not-to-miss\" class=\"wp-block-heading\">Pr\u00e1ga ikonikus desszertjei: Amit nem szabad kihagyni<\/h2>\n\n\n\n<p>A v\u00e1ros \u00ednyencs\u00e9gei megmaradtak \u00e9s izgalomba hozz\u00e1k a lakosokat \u00e9s a l\u00e1togat\u00f3kat. Ha Pr\u00e1ga \u00e9des oldal\u00e1t keresi fel, meg kell k\u00f3stolnia ezeket <strong>h\u00edres pr\u00e1gai desszertek <\/strong>:<\/p>\n\n\n\n<h3 id=\"trdelnik\" class=\"wp-block-heading\">Trdeln\u00edk<\/h3>\n\n\n\n<p>Ez egy <strong>h\u00edres pr\u00e1gai desszert<\/strong> \u00e9s j\u00f3 okkal. A henger alak\u00fa t\u00e9szt\u00e1t egy ors\u00f3 k\u00f6r\u00e9 tekerve, ny\u00edlt l\u00e1ngon s\u00fctik aranybarn\u00e1ra \u00e9s ropog\u00f3sra. A s\u00fct\u00e9s ut\u00e1n a cukor, a fah\u00e9j \u00e9s a di\u00f3 bevonata finom \u00edzt \u00e9s \u00e1llagot k\u00f6lcs\u00f6n\u00f6z neki. Ak\u00e1r egyszer\u0171, ak\u00e1r fagylalttal, Nutell\u00e1val vagy tejsz\u00ednhabbal t\u00f6ltve, a trdeln\u00edk egy kihagyhatatlan pr\u00e1gai csemege.<\/p>\n\n\n\n<figure class=\"wp-block-image size-large\"><img decoding=\"async\" width=\"1024\" height=\"1024\" src=\"https:\/\/prague.org\/wp-content\/uploads\/2024\/05\/basile-bedelek-pfbJlmuXOdM-unsplash-1-1024x1024.jpg\" alt=\"\" class=\"wp-image-13384\" srcset=\"https:\/\/prague.org\/wp-content\/uploads\/2024\/05\/basile-bedelek-pfbJlmuXOdM-unsplash-1-1024x1024.jpg 1024w, https:\/\/prague.org\/wp-content\/uploads\/2024\/05\/basile-bedelek-pfbJlmuXOdM-unsplash-1-300x300.jpg 300w, https:\/\/prague.org\/wp-content\/uploads\/2024\/05\/basile-bedelek-pfbJlmuXOdM-unsplash-1-150x150.jpg 150w, https:\/\/prague.org\/wp-content\/uploads\/2024\/05\/basile-bedelek-pfbJlmuXOdM-unsplash-1-768x768.jpg 768w, https:\/\/prague.org\/wp-content\/uploads\/2024\/05\/basile-bedelek-pfbJlmuXOdM-unsplash-1-1536x1536.jpg 1536w, https:\/\/prague.org\/wp-content\/uploads\/2024\/05\/basile-bedelek-pfbJlmuXOdM-unsplash-1-2048x2048.jpg 2048w, https:\/\/prague.org\/wp-content\/uploads\/2024\/05\/basile-bedelek-pfbJlmuXOdM-unsplash-1-12x12.jpg 12w, https:\/\/prague.org\/wp-content\/uploads\/2024\/05\/basile-bedelek-pfbJlmuXOdM-unsplash-1-80x80.jpg 80w, https:\/\/prague.org\/wp-content\/uploads\/2024\/05\/basile-bedelek-pfbJlmuXOdM-unsplash-1-110x110.jpg 110w, https:\/\/prague.org\/wp-content\/uploads\/2024\/05\/basile-bedelek-pfbJlmuXOdM-unsplash-1-380x380.jpg 380w, https:\/\/prague.org\/wp-content\/uploads\/2024\/05\/basile-bedelek-pfbJlmuXOdM-unsplash-1-800x800.jpg 800w, https:\/\/prague.org\/wp-content\/uploads\/2024\/05\/basile-bedelek-pfbJlmuXOdM-unsplash-1-1160x1160.jpg 1160w, https:\/\/prague.org\/wp-content\/uploads\/2024\/05\/basile-bedelek-pfbJlmuXOdM-unsplash-1-600x600.jpg 600w, https:\/\/prague.org\/wp-content\/uploads\/2024\/05\/basile-bedelek-pfbJlmuXOdM-unsplash-1-100x100.jpg 100w, https:\/\/prague.org\/wp-content\/uploads\/2024\/05\/basile-bedelek-pfbJlmuXOdM-unsplash-1-scaled.jpg 2560w\" sizes=\"(max-width: 1024px) 100vw, 1024px\" \/><figcaption class=\"wp-element-caption\">Trdeln\u00edk<\/figcaption><\/figure>\n\n\n\n<h3 id=\"kolace\" class=\"wp-block-heading\">Kol\u00e1\u010de<\/h3>\n\n\n\n<p>A puha, bolyhos t\u00e9szt\u00e1k k\u00fcl\u00f6nb\u00f6z\u0151 \u00e9des t\u00f6ltel\u00e9kkel n\u00e9pszer\u0171 cseh finoms\u00e1gok. Ezek a klasszikus finoms\u00e1gok sz\u00e1mos form\u00e1ban \u00e9s \u00edzben kaphat\u00f3k, a gy\u00fcm\u00f6lcskonzervt\u0151l \u00e9s a m\u00e1kost\u00f3l kezdve a cukrozott sajton \u00e1t a r\u00e9tesig. V\u00e1lasszon egy klasszikus kerek kol\u00e1\u010dot vagy egy bonyolultabb t\u00f6ltel\u00e9k\u0171 v\u00e1ltozatot, hogy \u00e9lvezze ennek a pr\u00e1gai desszertnek az \u00e9lvezet\u00e9t.<\/p>\n\n\n\n<h3 id=\"medovnik\" class=\"wp-block-heading\">Medovn\u00edk<\/h3>\n\n\n\n<p>Pr\u00f3b\u00e1lja ki a medovn\u00edk, a hagyom\u00e1nyos cseh m\u00e9zes s\u00fctem\u00e9nyt, hogy meg\u00edzlelhesse a luxust. A m\u00e9zzel \u00e9s f\u0171szerekkel \u00e1tsz\u0151tt kis tortar\u00e9tegek egy s\u0171r\u0171 \u00e9s kr\u00e9mes t\u00f6ltel\u00e9k k\u00f6z\u00e9 ker\u00fclnek, hogy finom, \u00edzletes \u00e9s cs\u00e1b\u00edt\u00f3 finoms\u00e1got hozzanak l\u00e9tre. Ak\u00e1r egy hangulatos k\u00e1v\u00e9z\u00f3ban, ak\u00e1r egy forgalmas desszertboltban, a medovn\u00edk gazdag \u00e9s megnyugtat\u00f3 \u00edzei maradand\u00f3 hat\u00e1st keltenek.<\/p>\n\n\n\n<h3 id=\"palacinky\" class=\"wp-block-heading\">Pala\u010dinky<\/h3>\n\n\n\n<p><strong>H\u00edres pr\u00e1gai desszert <\/strong>A pala\u010dinky, a v\u00e9kony cseh palacsint\u00e1k kipr\u00f3b\u00e1l\u00e1sa n\u00e9lk\u00fcl nem teljes a jelenet, amelyek finomak \u00e9s alkalmazkod\u00f3k\u00e9pesek. Ezekhez a finom palacsint\u00e1khoz gy\u00fcm\u00f6lcskonzervet, csokol\u00e1d\u00e9m\u00e1rt\u00e1st \u00e9s \u00e9des\u00edtett t\u00far\u00f3t is adhatunk. A pala\u010dinky a cseh konyha melegs\u00e9g\u00e9t \u00e9s egyszer\u0171s\u00e9g\u00e9t t\u00fckr\u00f6zi, \u00edgy reggelire, desszertnek vagy d\u00e9lut\u00e1ni nassolnival\u00f3nak is kiv\u00e1l\u00f3.<\/p>\n\n\n\n<h3 id=\"buchty\" class=\"wp-block-heading\">Buchty<\/h3>\n\n\n\n<p>Fedezze fel a puha, p\u00e1rn\u00e1s cseh zseml\u00e9ket, amelyeket gy\u00fcm\u00f6lcslekv\u00e1rral, m\u00e1kkal vagy \u00e9des\u00edtett sajttal t\u00f6ltenek meg. Ez a nyugtat\u00f3 finoms\u00e1g kiv\u00e1l\u00f3an alkalmas egy pihentet\u0151 d\u00e9lut\u00e1ni sz\u00fcnetre vagy egy \u00e9des vacsora z\u00e1r\u00e1sak\u00e9nt. A Buchty-t k\u00f6telez\u0151 megk\u00f3stolni, ak\u00e1r melegen a s\u00fct\u0151b\u0151l, ak\u00e1r szobah\u0151m\u00e9rs\u00e9kleten.<\/p>\n\n\n\n<h2 id=\"a-tour-of-pragues-dessert-spots-from-traditional-to-trendy\" class=\"wp-block-heading\">T\u00fara Pr\u00e1ga desszerthelyein: A hagyom\u00e1nyost\u00f3l a trendiig<\/h2>\n\n\n\n<p>A klasszikus cseh s\u00fctem\u00e9nyekt\u0151l kezdve a legmodernebb \u00e9dess\u00e9gekig a v\u00e1rosnak a<a href=\"https:\/\/prague.org\/hu\/prague-bakery\/\"> legjobb p\u00e9ks\u00e9gek minden \u00edzl\u00e9snek<\/a>. Fedezze fel ezeket a f<strong>pr\u00e1gai desszertek <\/strong>vel\u00fcnk, mik\u00f6zben klasszikusokat \u00e9s \u00faj \u00edzeket pr\u00f3b\u00e1lunk ki.<\/p>\n\n\n\n<h3 id=\"classic-dessert-spots\" class=\"wp-block-heading\">Klasszikus desszert helyek<\/h3>\n\n\n\n<p><strong>Caf\u00e9 Slavia: <\/strong>A klasszikus cseh \u00e9dess\u00e9geket k\u00edn\u00e1l\u00f3, t\u00f6bb mint egy \u00e9vsz\u00e1zada kedvelt l\u00e9tes\u00edtm\u00e9ny a Moldva foly\u00f3 k\u00f6zel\u00e9ben tal\u00e1lhat\u00f3, \u00e9s l\u00e1tv\u00e1nyos kil\u00e1t\u00e1s ny\u00edlik a pr\u00e1gai v\u00e1rra. Ebben a csod\u00e1latos \u00e9s t\u00f6rt\u00e9nelmi k\u00f6rnyezetben olyan alapkell\u00e9keket k\u00f3stolhat meg, mint a medovn\u00edk (m\u00e9zes s\u00fctem\u00e9ny), pala\u010dinky (cseh palacsinta) \u00e9s buchty (\u00e9des zsemle).<\/p>\n\n\n\n<figure class=\"wp-block-image size-large\"><img decoding=\"async\" width=\"819\" height=\"1024\" src=\"https:\/\/prague.org\/wp-content\/uploads\/2024\/05\/336554370_3501259183440660_7326733267436662134_n-1-819x1024.jpg\" alt=\"\" class=\"wp-image-13386\" srcset=\"https:\/\/prague.org\/wp-content\/uploads\/2024\/05\/336554370_3501259183440660_7326733267436662134_n-1-819x1024.jpg 819w, https:\/\/prague.org\/wp-content\/uploads\/2024\/05\/336554370_3501259183440660_7326733267436662134_n-1-240x300.jpg 240w, https:\/\/prague.org\/wp-content\/uploads\/2024\/05\/336554370_3501259183440660_7326733267436662134_n-1-768x960.jpg 768w, https:\/\/prague.org\/wp-content\/uploads\/2024\/05\/336554370_3501259183440660_7326733267436662134_n-1-10x12.jpg 10w, https:\/\/prague.org\/wp-content\/uploads\/2024\/05\/336554370_3501259183440660_7326733267436662134_n-1-380x475.jpg 380w, https:\/\/prague.org\/wp-content\/uploads\/2024\/05\/336554370_3501259183440660_7326733267436662134_n-1-800x1000.jpg 800w, https:\/\/prague.org\/wp-content\/uploads\/2024\/05\/336554370_3501259183440660_7326733267436662134_n-1-600x750.jpg 600w, https:\/\/prague.org\/wp-content\/uploads\/2024\/05\/336554370_3501259183440660_7326733267436662134_n-1.jpg 1152w\" sizes=\"(max-width: 819px) 100vw, 819px\" \/><figcaption class=\"wp-element-caption\">fot\u00f3 a Caf\u00e9 Slavia hivatalos facebook fi\u00f3kj\u00e1b\u00f3l <\/figcaption><\/figure>\n\n\n\n<p><strong>Pek\u00e1rna Praktika:<\/strong> K\u00f3stolja meg az eredeti cseh s\u00fctem\u00e9nyeket a Vinohrady negyedben tal\u00e1lhat\u00f3 Pek\u00e1rna Praktik\u00e1ban. \u00c9lvezze a frissen s\u00fclt kol\u00e1\u010de-t gy\u00fcm\u00f6lcslekv\u00e1rral, m\u00e1kkal vagy \u00e9des sajttal megrakva ebben a b\u00e1jos p\u00e9ks\u00e9gben, amely hagyom\u00e1nyos receptek \u00e9s pr\u00e9mium min\u0151s\u00e9g\u0171 alapanyagok felhaszn\u00e1l\u00e1s\u00e1val k\u00e9sz\u00fcl.<\/p>\n\n\n\n<p><strong>Caf\u00e9 Savoy:<\/strong> A b\u00e1jos Mal\u00e1 Strana negyedben tal\u00e1lhat\u00f3 Caf\u00e9 Savoy kifinomult hangulat\u00e1r\u00f3l \u00e9s finom \u00e9dess\u00e9geir\u0151l ismert. K\u00f3stolja meg az olyan klasszikusokat, mint a trdeln\u00edk (ny\u00e1rsas torta), a medovn\u00edk (m\u00e9zes torta) vagy a Savoy Cake nev\u0171 specialit\u00e1suk, amely gazdag csokol\u00e1d\u00e9val k\u00e9nyezteti \u00e9des \u00edzl\u00e9s\u00e9t.<\/p>\n\n\n\n<figure class=\"wp-block-image size-large\"><img decoding=\"async\" width=\"820\" height=\"1024\" src=\"https:\/\/prague.org\/wp-content\/uploads\/2024\/05\/421194817_18310774666193022_396330965757484141_n-1-820x1024.jpg\" alt=\"\" class=\"wp-image-13387\" srcset=\"https:\/\/prague.org\/wp-content\/uploads\/2024\/05\/421194817_18310774666193022_396330965757484141_n-1-820x1024.jpg 820w, https:\/\/prague.org\/wp-content\/uploads\/2024\/05\/421194817_18310774666193022_396330965757484141_n-1-240x300.jpg 240w, https:\/\/prague.org\/wp-content\/uploads\/2024\/05\/421194817_18310774666193022_396330965757484141_n-1-768x959.jpg 768w, https:\/\/prague.org\/wp-content\/uploads\/2024\/05\/421194817_18310774666193022_396330965757484141_n-1-1229x1536.jpg 1229w, https:\/\/prague.org\/wp-content\/uploads\/2024\/05\/421194817_18310774666193022_396330965757484141_n-1-10x12.jpg 10w, https:\/\/prague.org\/wp-content\/uploads\/2024\/05\/421194817_18310774666193022_396330965757484141_n-1-380x475.jpg 380w, https:\/\/prague.org\/wp-content\/uploads\/2024\/05\/421194817_18310774666193022_396330965757484141_n-1-800x999.jpg 800w, https:\/\/prague.org\/wp-content\/uploads\/2024\/05\/421194817_18310774666193022_396330965757484141_n-1-1160x1449.jpg 1160w, https:\/\/prague.org\/wp-content\/uploads\/2024\/05\/421194817_18310774666193022_396330965757484141_n-1-600x750.jpg 600w, https:\/\/prague.org\/wp-content\/uploads\/2024\/05\/421194817_18310774666193022_396330965757484141_n-1.jpg 1440w\" sizes=\"(max-width: 820px) 100vw, 820px\" \/><figcaption class=\"wp-element-caption\">fot\u00f3 a caf\u00e9 Savoy hivatalos facebook fi\u00f3kj\u00e1b\u00f3l<\/figcaption><\/figure>\n\n\n\n<h3 id=\"trendy-dessert-spots\" class=\"wp-block-heading\">Divatos desszert helyek&nbsp;<\/h3>\n\n\n\n<p><strong>Choco Caf\u00e9: <\/strong>Fedezze fel a klasszikus \u00e9dess\u00e9gek \u00fajszer\u0171 v\u00e1ltozatait az \u00f3v\u00e1rosban tal\u00e1lhat\u00f3 Choco Caf\u00e9ban. Ez a men\u0151 k\u00e1v\u00e9z\u00f3 kit\u0171n\u0151 csokol\u00e1d\u00e9kat, \u00f6tletes desszerteket \u00e9s dekadens forr\u00f3 csokol\u00e1d\u00e9t k\u00edn\u00e1l. K\u00fcl\u00f6nlegess\u00e9g\u00fck a friss gy\u00fcm\u00f6lcs\u00f6kkel \u00e9s h\u00e1zi k\u00e9sz\u00edt\u00e9s\u0171 pillecukorral k\u00e9sz\u00fclt csokol\u00e1d\u00e9fond\u00fc.<\/p>\n\n\n\n<p><strong>\u00c9des \u00e9s borsos napok: <\/strong>A Karl\u00edn negyedben tal\u00e1lhat\u00f3 a Sweet &amp; Pepper Days, egy divatos desszertb\u00e1r, amely innovat\u00edv \u00e9s Instagram-\u00e9rt\u00e9k\u0171 kre\u00e1ci\u00f3ir\u00f3l ismert. \u00c9lvezze a kis s\u00fctem\u00e9nyekb\u0151l, p\u00e9ks\u00fctem\u00e9nyekb\u0151l \u00e9s \u00e9des r\u00e1gcs\u00e1lnival\u00f3kb\u00f3l \u00e1ll\u00f3, m\u0171v\u00e9szien prezent\u00e1lt \u00e9s \u00edzekkel teli, jellegzetes desszertb\u00fcf\u00e9j\u00fcket.<\/p>\n\n\n\n<p><strong>Cukr\u00e1rna Alchymista:<\/strong> Egyed\u00fcl\u00e1ll\u00f3 desszert\u00e9lm\u00e9ny\u00e9rt l\u00e1togasson el a Cukr\u00e1rna Alchymist\u00e1ba Hradzsinban. Vil\u00e1gos dekor\u00e1ci\u00f3j\u00e1val \u00e9s szabadt\u00e9ri \u00fcl\u0151helyeivel ez a k\u00e1v\u00e9z\u00f3 olyan, mint egy fant\u00e1ziah\u00e1z. K\u00f3stolja meg sz\u00ednes macaronjaikat, egyszarv\u00fa cupcake-jeiket \u00e9s csokol\u00e1d\u00e9mousse-jukat.<\/p>","protected":false},"excerpt":{"rendered":"The famous Prague desserts are one of the many reasons why living in the Czech Republic feels like&hellip;","protected":false},"author":19,"featured_media":13388,"comment_status":"closed","ping_status":"closed","sticky":false,"template":"","format":"standard","meta":{"footnotes":""},"categories":[15,204,45,206,39,14,17],"tags":[65],"table_tags":[],"_links":{"self":[{"href":"https:\/\/prague.org\/hu\/wp-json\/wp\/v2\/posts\/13383"}],"collection":[{"href":"https:\/\/prague.org\/hu\/wp-json\/wp\/v2\/posts"}],"about":[{"href":"https:\/\/prague.org\/hu\/wp-json\/wp\/v2\/types\/post"}],"author":[{"embeddable":true,"href":"https:\/\/prague.org\/hu\/wp-json\/wp\/v2\/users\/19"}],"replies":[{"embeddable":true,"href":"https:\/\/prague.org\/hu\/wp-json\/wp\/v2\/comments?post=13383"}],"version-history":[{"count":1,"href":"https:\/\/prague.org\/hu\/wp-json\/wp\/v2\/posts\/13383\/revisions"}],"predecessor-version":[{"id":13389,"href":"https:\/\/prague.org\/hu\/wp-json\/wp\/v2\/posts\/13383\/revisions\/13389"}],"wp:featuredmedia":[{"embeddable":true,"href":"https:\/\/prague.org\/hu\/wp-json\/wp\/v2\/media\/13388"}],"wp:attachment":[{"href":"https:\/\/prague.org\/hu\/wp-json\/wp\/v2\/media?parent=13383"}],"wp:term":[{"taxonomy":"category","embeddable":true,"href":"https:\/\/prague.org\/hu\/wp-json\/wp\/v2\/categories?post=13383"},{"taxonomy":"post_tag","embeddable":true,"href":"https:\/\/prague.org\/hu\/wp-json\/wp\/v2\/tags?post=13383"},{"taxonomy":"table_tags","embeddable":true,"href":"https:\/\/prague.org\/hu\/wp-json\/wp\/v2\/table_tags?post=13383"}],"curies":[{"name":"wp","href":"https:\/\/api.w.org\/{rel}","templated":true}]}}