{"id":13506,"date":"2024-05-30T12:01:59","date_gmt":"2024-05-30T10:01:59","guid":{"rendered":"https:\/\/prague.org\/?p=13506"},"modified":"2024-05-30T12:02:04","modified_gmt":"2024-05-30T10:02:04","slug":"movie-locations-in-prague-czech-republic","status":"publish","type":"post","link":"https:\/\/prague.org\/hu\/filmhelyszinek-praga-csehorszagban\/","title":{"rendered":"5 h\u00edres pr\u00e1gai \u00e9s csehorsz\u00e1gi filmforgat\u00e1si helysz\u00edn list\u00e1ja"},"content":{"rendered":"<p><strong>H\u00edres pr\u00e1gai filmes helysz\u00ednek<\/strong> egyre n\u00e9pszer\u0171bb\u00e9 v\u00e1ltak. A Cseh K\u00f6zt\u00e1rsas\u00e1g az elm\u00falt 20 \u00e9vben a k\u00fclf\u00f6ldi filmek kedvelt forgat\u00e1si helysz\u00edne volt. A k\u00f6vetkez\u0151 cikkben n\u00e9h\u00e1nyat vesz\u00fcnk szem\u00fcgyre. <strong>h\u00edres pr\u00e1gai forgat\u00e1si helysz\u00ednek<\/strong>, megvitatva a filmm\u0171v\u00e9szetben bet\u00f6lt\u00f6tt szerep\u00fcket \u00e9s azokat a t\u00e9nyez\u0151ket, amelyek a rendez\u0151ket ebbe a v\u00e1rosba hozz\u00e1k.<\/p>\n\n\n\n<p>Pr\u00e1ga a filmesek paradicsoma, gazdag t\u00f6rt\u00e9nelme \u00e9s v\u00e1ltozatos <a href=\"https:\/\/prague.org\/hu\/prague-architecture\/\" data-type=\"link\" data-id=\"https:\/\/prague.org\/prague-architecture\/\">\u00e9p\u00edt\u00e9szeti t\u00e1j<\/a>. A v\u00e1ros kiemelked\u0151 filmes helysz\u00ednn\u00e9 v\u00e1lt, mert jellegzetes vonzereje \u00e9s a legk\u00fcl\u00f6nb\u00f6z\u0151bb eur\u00f3pai helysz\u00ednek \u00e1br\u00e1zol\u00e1s\u00e1ra val\u00f3 k\u00e9pess\u00e9ge miatt. A filmk\u00e9sz\u00edt\u0151ket \u00e9s a n\u00e9z\u0151ket egyar\u00e1nt elvar\u00e1zsolj\u00e1k Pr\u00e1ga sz\u00e1mtalan helysz\u00ednei, amelyek a t\u00f6rt\u00e9nelmi <a href=\"https:\/\/prague.org\/hu\/charles-bridge\/\" data-type=\"link\" data-id=\"https:\/\/prague.org\/charles-bridge\/\">K\u00e1roly h\u00edd<\/a> \u00e9s a pr\u00e1gai v\u00e1ron \u00e1t a korabeli T\u00e1nch\u00e1zig.\u00a0<\/p>\n\n\n\n<p>A v\u00e1ros filmes \u00f6r\u00f6ks\u00e9ge tov\u00e1bb b\u0151v\u00fcl, mivel Pr\u00e1ga tov\u00e1bbra is n\u00e9pszer\u0171 c\u00e9lpontja a nemzetk\u00f6zi produkci\u00f3knak. Ez m\u00e9g ink\u00e1bb kiemeli Pr\u00e1ga kultur\u00e1lis jelent\u0151s\u00e9g\u00e9t \u00e9s tart\u00f3s vonzerej\u00e9t.<\/p>\n\n\n\n<h2 id=\"the-world-of-cinema-in-the-czech-republic-the-story-behind-cult-film-locations\" class=\"wp-block-heading\">A csehorsz\u00e1gi mozi vil\u00e1ga: A kultikus filmek helysz\u00edneinek t\u00f6rt\u00e9nete&nbsp;<\/h2>\n\n\n\n<p>A v\u00e1roshoz kultikus filmek k\u00f6t\u0151dnek - olyan filmek, amelyek elk\u00f6telezett rajong\u00f3i b\u00e1zist \u00e9s kritikai elismer\u00e9st v\u00e1ltottak ki -, \u00e9s az \u00e9vek sor\u00e1n sz\u00e1mos nemzetk\u00f6zi filmes produkci\u00f3nak is otthont adott. Kultikus <strong>Pr\u00e1g\u00e1ban j\u00e1tsz\u00f3d\u00f3 filmek<\/strong> gazdag t\u00f6rt\u00e9nelemmel rendelkeznek, \u00e9s ez az essz\u00e9 ezt a t\u00f6rt\u00e9nelmet t\u00e1rja fel, megvizsg\u00e1lva, hogy a v\u00e1ros jellegzetes von\u00e1sai hogyan alak\u00edtott\u00e1k ezeket a filmeket.<\/p>\n\n\n\n<p>Pr\u00e1g\u00e1ban m\u00e1r a sz\u00e1zadfordul\u00f3 \u00f3ta k\u00e9sz\u00edtenek filmeket. Pr\u00e1g\u00e1val, mint epicentrummal, Csehszlov\u00e1kia az 1920-as \u00e9vekre a terjeszked\u0151 filmipar egyik f\u0151szerepl\u0151j\u00e9v\u00e9 v\u00e1lt. A v\u00e1ros gazdag t\u00f6rt\u00e9nelme \u00e9s leny\u0171g\u00f6z\u0151 \u00e9p\u00edt\u00e9szete ide\u00e1lis helysz\u00ednt k\u00edn\u00e1lt a filmk\u00e9sz\u00edt\u0151knek t\u00f6rt\u00e9neteikhez.<\/p>\n\n\n\n<p><strong>H\u00edres pr\u00e1gai filmes helysz\u00ednek <\/strong>n\u00e9pszer\u0171v\u00e9 tette a v\u00e1rost, \u00e9s az 1990-es \u00e9vekben tov\u00e1bb er\u0151s\u00f6d\u00f6tt, amikor egyre t\u00f6bb blockbuster film haszn\u00e1lta fel a v\u00e1rost. K\u00fcl\u00f6n\u00f6sen vonz\u00f3 volt, hogy a v\u00e1ros sz\u00e1mos eur\u00f3pai helysz\u00ednt helyettes\u00edthetett.<\/p>\n\n\n\n<p>Pr\u00e1ga m\u00e9g az \u00faj \u00e9vezredben is n\u00e9pszer\u0171 c\u00e9lpontja maradt a nemzetk\u00f6zi filmk\u00e9sz\u00edt\u0151knek. A filmes produkci\u00f3k nagy haszn\u00e1t veszik a v\u00e1ros modern infrastrukt\u00far\u00e1j\u00e1nak, valamint t\u00f6rt\u00e9nelmi nevezetess\u00e9geinek, p\u00e9ld\u00e1ul a vil\u00e1gh\u00edr\u0171 Barrandov st\u00fadi\u00f3nak.<\/p>\n\n\n\n<p>Emellett Pr\u00e1g\u00e1n k\u00edv\u00fcl is sz\u00e1mos forgat\u00e1si helysz\u00ednt tal\u00e1lhat, a gy\u00f6ny\u00f6r\u0171 term\u00e9szeti t\u00e1jakt\u00f3l kezdve a k\u00f6z\u00e9pkori v\u00e1rakig \u00e9s r\u00e9gi falvakig. A Cseh K\u00f6zt\u00e1rsas\u00e1g fest\u0151i t\u00e1jai, gazdag t\u00f6rt\u00e9nelme \u00e9s alkalmazkod\u00f3k\u00e9pess\u00e9ge miatt kedvelt helysz\u00edne a filmforgat\u00e1soknak.<\/p>\n\n\n\n<h2 id=\"5-iconic-movies-and-their-film-locations-in-prague\" class=\"wp-block-heading\">5 ikonikus film \u00e9s a pr\u00e1gai forgat\u00e1si helysz\u00ednek&nbsp;<\/h2>\n\n\n\n<p>Sok <strong>h\u00edres pr\u00e1gai forgat\u00e1si helysz\u00ednek<\/strong> a cseh f\u0151v\u00e1rost v\u00e1lasztott\u00e1k helysz\u00ednk\u00e9nt, mert gy\u00f6ny\u00f6r\u0171 t\u00f6rt\u00e9nelme \u00e9s v\u00e1ltozatos \u00e9p\u00edt\u00e9szete miatt. A g\u00f3tikus, barokk, renesz\u00e1nsz \u00e9s modernista \u00e9p\u00edt\u00e9szet eklektikus kever\u00e9k\u00e9nek k\u00f6sz\u00f6nhet\u0151en a v\u00e1ros sokf\u00e9le film forgat\u00e1s\u00e1nak remek helysz\u00edne. Mer\u00fclj\u00fcnk el a legh\u00edresebb<strong> Pr\u00e1g\u00e1ban forgatott filmek<\/strong> \u00e9s a helysz\u00edneket, amelyek seg\u00edtettek a t\u00f6rt\u00e9neteik vizu\u00e1lis kifejez\u00e9s\u00e9ben.<\/p>\n\n\n\n<h3 id=\"amadeus-film-locations-in-prague\" class=\"wp-block-heading\">Amadeus forgat\u00e1si helysz\u00ednek Pr\u00e1g\u00e1ban<\/h3>\n\n\n\n<p><strong>Helysz\u00ednek:<\/strong> Estates Sz\u00ednh\u00e1z, Pr\u00e1gai V\u00e1r \u00e9s az \u00d3v\u00e1ros t\u00e9r<\/p>\n\n\n\n<p>A Wolfgang Amadeus Mozart zen\u00e9sz \u00e9let\u00e9t bemutat\u00f3 Amadeus c\u00edm\u0171, nagy siker\u0171 \u00e9letrajzi filmet Milo\u0161 Forman rendezte. A pr\u00e1gai helysz\u00ednt apr\u00f3l\u00e9kosan \u00fajraalkott\u00e1k, hogy felid\u00e9zz\u00e9k a 18. sz\u00e1zadi B\u00e9cs hangulat\u00e1t. M\u00e1s palotaszer\u0171 helysz\u00ednek helyettes\u00edt\u00e9s\u00e9re a pazar bels\u0151 terek a <a href=\"https:\/\/prague.org\/hu\/pragai-var-2\/\">Pr\u00e1gai v\u00e1r<\/a> fokozta a film nagyszer\u0171s\u00e9g\u00e9nek \u00e9rzet\u00e9t.&nbsp;<\/p>\n\n\n\n<p>Az \u00d3v\u00e1ros t\u00e9r t\u00f6rt\u00e9nelmi \u00e9p\u00fcletei nagy szerepet j\u00e1tszottak az \u00e9lm\u00e9nyben, \u00e9s id\u0151utaz\u00e1sra vitt\u00e9k a l\u00e1togat\u00f3kat. Tov\u00e1bb\u00e1 a Don Giovanni \u0151sbemutat\u00f3j\u00e1t illusztr\u00e1l\u00f3 jeleneteket a St\u00e1tus Sz\u00ednh\u00e1zban \u00e1ll\u00edtott\u00e1k sz\u00ednpadra, amelyet maga Mozart is vez\u00e9nyelt alkalmank\u00e9nt.<\/p>\n\n\n\n<h3 id=\"les-miserables-film-location-in-prague\" class=\"wp-block-heading\">Les Mis\u00e9rables forgat\u00e1si helysz\u00edne Pr\u00e1g\u00e1ban<\/h3>\n\n\n\n<p><strong>Helysz\u00edn:<\/strong> Barrandov st\u00fadi\u00f3&nbsp;<\/p>\n\n\n\n<p>Billie August d\u00e1n rendez\u0151 k\u00e9sz\u00edtette el Victor Hugo h\u00edres elbesz\u00e9l\u00e9s\u00e9nek ezt a nem zen\u00e9s adapt\u00e1ci\u00f3j\u00e1t, miel\u0151tt Tom Hooper 2012-es unalmas filmadapt\u00e1ci\u00f3ja elk\u00e9sz\u00fclt volna a Broadway-musical alapj\u00e1n. A Liam Neesont, Geoffrey Rush-t, Uma Thurmant \u00e9s Claire Danes-t is felvonultat\u00f3 szt\u00e1rg\u00e1rd\u00e1val a film a t\u00e9ma legjobb produkci\u00f3i k\u00f6z\u00e9 tartozik. A 19. sz\u00e1zadi P\u00e1rizst helyettes\u00edt\u0151 Pr\u00e1ga \u00e9s a Barrandov st\u00fadi\u00f3 volt a forgat\u00e1s helysz\u00edne.<\/p>\n\n\n\n<h3 id=\"anthropoid-film-locations-in-prague\" class=\"wp-block-heading\">Anthropoid film helysz\u00ednei Pr\u00e1g\u00e1ban<\/h3>\n\n\n\n<p><strong>Helysz\u00ednek:<\/strong> Szent Cirill, Met\u00f3d sz\u00e9kesegyh\u00e1z, Petscheck-palota \u00e9s Barandov st\u00fadi\u00f3<\/p>\n\n\n\n<p>Az Anthropoid megtekint\u00e9se felvil\u00e1gos\u00edtja \u00d6nt a t\u00f6rt\u00e9nelemr\u0151l. <a href=\"https:\/\/prague.org\/hu\/majus-8-a-cseh-tortenelemben-es-esemenyekben\/\">Cseh K\u00f6zt\u00e1rsas\u00e1g a m\u00e1sodik vil\u00e1gh\u00e1bor\u00fa alatt.<\/a> Sean Ellis rendezte ezt az epikus csatafilmet 2016-ban. A brit \u00e9s cseh sz\u00edn\u00e9szek, k\u00f6zt\u00fck Jamie Dornan, Anna Geislerov\u00e1 \u00e9s Cillian Murphy f\u0151szerepl\u00e9s\u00e9vel k\u00e9sz\u00fclt csehszlov\u00e1k, brit \u00e9s francia koprodukci\u00f3ban.<\/p>\n\n\n\n<h3 id=\"prague-castle-as-featured-in-the-illusionist\" class=\"wp-block-heading\">A pr\u00e1gai v\u00e1r az Illuzionista c\u00edm\u0171 filmben<\/h3>\n\n\n\n<p><strong>Helysz\u00edn:<\/strong> Pr\u00e1gai v\u00e1r<\/p>\n\n\n\n<p>Az Illuzionista c\u00edm\u0171 filmben a pr\u00e1gai v\u00e1r egy olyan karakter, amely m\u00e9lys\u00e9get \u00e9s dimenzi\u00f3t ad a t\u00f6rt\u00e9netnek. A 20. sz\u00e1zad eleji B\u00e9csben a pr\u00e1gai v\u00e1r a hatalmat \u00e9s a misztikumot szimboliz\u00e1lja, toronymagas \u00e9p\u00edt\u00e9szete t\u00fckr\u00f6zi a film arisztokratikus k\u00f6rnyezet\u00e9t. Az illuzionista lebilincsel\u0151 el\u0151ad\u00e1sai a film sor\u00e1n a pr\u00e1gai v\u00e1r nagyszer\u0171 termeivel \u00e9s panor\u00e1m\u00e1s kil\u00e1t\u00e1saival ker\u00fclnek szembe. A v\u00e1r jelenl\u00e9te fokozza a kir\u00e1lyi audienci\u00e1k \u00e9s a titkos tal\u00e1lkoz\u00f3k dr\u00e1mais\u00e1g\u00e1t \u00e9s titokzatoss\u00e1g\u00e1t. A pr\u00e1gai v\u00e1r kortalan pomp\u00e1ja hozz\u00e1j\u00e1rul a film var\u00e1zslatoss\u00e1g\u00e1hoz \u00e9s leny\u0171g\u00f6z\u00f6tts\u00e9g\u00e9hez, mik\u00f6zben az illuzionista \u00f6sszemosza a val\u00f3s\u00e1got \u00e9s az \u00e1lmot. Az Illuzionista c\u00edm\u0171 filmben a pr\u00e1gai v\u00e1r a titokzatoss\u00e1got, a hatalmat \u00e9s a sz\u00ednh\u00e1z var\u00e1zs\u00e1t szimboliz\u00e1lja.<\/p>\n\n\n\n<h3 id=\"spider-man-far-from-home\" class=\"wp-block-heading\">P\u00f3kember: T\u00e1vol az otthont\u00f3l&nbsp;<\/h3>\n\n\n\n<p><strong>Helysz\u00edn: <\/strong>\u00d3v\u00e1ros t\u00e9r<\/p>\n\n\n\n<p>A pr\u00e1gai \u00d3v\u00e1ros t\u00e9r v\u00e1lik csatat\u00e9rr\u00e9 a P\u00f3kember: T\u00e1vol a haz\u00e1t\u00f3l c\u00edm\u0171 filmben, ahol Tom Holland P\u00f3kembere az Elemi l\u00e9nyek ellen harcol. A t\u00e9r t\u00f6rt\u00e9nelmi vonzereje \u00e9s \u00e9p\u00edt\u00e9szeti nagys\u00e1ga, amely demonstr\u00e1lja Pr\u00e1ga z\u00f6kken\u0151mentes beilleszked\u00e9s\u00e9t a jelenlegi szuperh\u0151s-narrat\u00edv\u00e1kba, eszt\u00e9tikailag l\u00e9legzetel\u00e1ll\u00edt\u00f3 \u00e9s dr\u00e1mai h\u00e1tteret teremtett a film akci\u00f3d\u00fas jeleneteihez.<\/p>\n\n\n\n<h2 id=\"5-modern-blockbuster-filming-spots-in-prague\" class=\"wp-block-heading\">5 Modern blockbuster forgat\u00e1si helysz\u00ednek Pr\u00e1g\u00e1ban<\/h2>\n\n\n\n<p>Pr\u00e1ga v\u00e1ltozatos v\u00e1rosk\u00e9p\u00e9nek \u00e9s l\u00e9legzetel\u00e1ll\u00edt\u00f3 \u00e9p\u00edt\u00e9szet\u00e9nek k\u00f6sz\u00f6nhet\u0151en a modern blockbuster filmek kedvelt helysz\u00edn\u00e9v\u00e9 v\u00e1lt. N\u00e9h\u00e1ny a legh\u00edresebb <strong>Pr\u00e1gai film helysz\u00ednek<\/strong> amelyek a k\u00f6zelm\u00faltban Blockbuster filmekben szerepeltek:<\/p>\n\n\n\n<h3 id=\"outlander-filming-locations-in-prague\" class=\"wp-block-heading\">Outlander forgat\u00e1si helysz\u00ednek Pr\u00e1g\u00e1ban<\/h3>\n\n\n\n<p><strong>Helysz\u00ednek:<\/strong> \u00d3v\u00e1rosi t\u00e9r, Pr\u00e1gai v\u00e1r, K\u00e1roly-h\u00edd, Karl\u0161tejn v\u00e1r \u00e9s Berounka foly\u00f3<\/p>\n\n\n\n<p>A Diana Gabaldon reg\u00e9nyei alapj\u00e1n k\u00e9sz\u00fclt \"Outlander\" c\u00edm\u0171 n\u00e9pszer\u0171 t\u00e9v\u00e9sorozat t\u00f6bb epiz\u00f3dj\u00e1t is Pr\u00e1g\u00e1ban \u00e9s k\u00f6rny\u00e9k\u00e9n forgatt\u00e1k. A sorozat nagy r\u00e9sze Sk\u00f3ci\u00e1ban j\u00e1tsz\u00f3dik, de n\u00e9h\u00e1ny olyan pillanathoz, amelynek eur\u00f3pai helysz\u00ednre volt sz\u00fcks\u00e9ge, Pr\u00e1ga gy\u00f6ny\u00f6r\u0171 t\u00e1jai \u00e9s r\u00e9gi \u00e9p\u00edt\u00e9szete ide\u00e1lis volt.<\/p>\n\n\n\n<h3 id=\"equalizer-2-filming-locations-in-prague\" class=\"wp-block-heading\">Equalizer 2 forgat\u00e1si helysz\u00ednek Pr\u00e1g\u00e1ban<\/h3>\n\n\n\n<p><strong>Helysz\u00ednek: <\/strong>\u00d3v\u00e1rosi t\u00e9r, K\u00e1roly-h\u00edd, Pr\u00e1gai v\u00e1r, Vencel t\u00e9r \u00e9s Vy\u0161ehrad<\/p>\n\n\n\n<p>Pr\u00e1ga sz\u00e1mos fontos jelenet dr\u00e1mai h\u00e1tter\u00e9\u00fcl szolg\u00e1lt Denzel Washington \"The Equalizer 2\" c\u00edm\u0171 akci\u00f3thriller\u00e9ben. Pr\u00e1ga egyedi \u00e9s eszt\u00e9tikailag leny\u0171g\u00f6z\u0151 helysz\u00ednt k\u00edn\u00e1lt bizonyos jelenetekhez, annak ellen\u00e9re, hogy a film nagy r\u00e9sze az Egyes\u00fclt \u00c1llamok k\u00fcl\u00f6nb\u00f6z\u0151 r\u00e9szein j\u00e1tsz\u00f3dik.<\/p>\n\n\n\n<h3 id=\"spider-man-film-locations-in-prague\" class=\"wp-block-heading\">A P\u00f3kember forgat\u00e1si helysz\u00ednei Pr\u00e1g\u00e1ban<\/h3>\n\n\n\n<p><strong>Helysz\u00ednek:<\/strong> \u00d3v\u00e1rosi t\u00e9r, K\u00e1roly-h\u00edd, Pr\u00e1gai v\u00e1r, Vencel t\u00e9r \u00e9s Hotel Thermal<\/p>\n\n\n\n<p>A 2019-es MCU-film, a P\u00f3kember: T\u00e1vol az otthont\u00f3l sz\u00e1mos kulcsfontoss\u00e1g\u00fa jelenete Pr\u00e1g\u00e1ban j\u00e1tsz\u00f3dott. A v\u00e1ros l\u00e9legzetel\u00e1ll\u00edt\u00f3 \u00e9p\u00edt\u00e9szete \u00e9s gy\u00f6ny\u00f6r\u0171 t\u00e1jk\u00e9pe megalapozta a film \u00f6sszes izgalmas akci\u00f3jelenet\u00e9t.&nbsp;<\/p>\n\n\n\n<h3 id=\"mission-impossible-prague-scenes\" class=\"wp-block-heading\">Mission Impossible pr\u00e1gai jelenetek<\/h3>\n\n\n\n<p><strong>Helysz\u00ednek:<\/strong> K\u00e1roly-h\u00edd, \u00d3v\u00e1ros t\u00e9r, Pr\u00e1gai v\u00e1r, Klementinum k\u00f6nyvt\u00e1r \u00e9s Szent Mikl\u00f3s templom.<\/p>\n\n\n\n<p>Az 1996-os eredeti filmben a Tom Cruise k\u00e9mthriller-sorozatban <strong>\"K\u00fcldet\u00e9s: Impossible\", Pr\u00e1ga<\/strong> sz\u00e1mos kulcsfontoss\u00e1g\u00fa jelenet helysz\u00edne volt. Pr\u00e1ga l\u00e9legzetel\u00e1ll\u00edt\u00f3 \u00e9p\u00edt\u00e9szete \u00e9s t\u00f6rt\u00e9nelmi helysz\u00ednei adt\u00e1k meg a film izgalmas akci\u00f3jeleneteinek \u00e9s a fesz\u00fclts\u00e9ggel teli pillanatoknak a sz\u00ednter\u00e9t.&nbsp;<\/p>\n\n\n\n<h2 id=\"the-hellboy\" class=\"wp-block-heading\">A Hellboy<\/h2>\n\n\n\n<p><strong>Helysz\u00edn:<\/strong> Barrandov st\u00fadi\u00f3<\/p>\n\n\n\n<p>2001-ben Pr\u00e1g\u00e1t \u00e9s a Barrandov st\u00fadi\u00f3t nagym\u00e9rt\u00e9kben kihaszn\u00e1lt\u00e1k Guillermo del Toro Penge folytat\u00e1s\u00e1nak forgat\u00e1s\u00e1hoz. N\u00e9h\u00e1ny \u00e9vvel k\u00e9s\u0151bb a rendez\u0151 visszat\u00e9rt a v\u00e1rosba a Hellboy forgat\u00e1s\u00e1ra, amelynek f\u0151szerepl\u0151je Ron Perlman volt. B\u00e1r ez a k\u00e9t jobb pr\u00f3b\u00e1lkoz\u00e1s a Pr\u00e1g\u00e1ban forgatott sz\u00e1mos k\u00f6lts\u00e9gvet\u00e9s-tudatos blockbuster k\u00f6z\u00fcl, nagyon kev\u00e9s ilyen film haszn\u00e1lta ki j\u00f3l a v\u00e1rost.&nbsp;<\/p>\n\n\n\n<h2 id=\"5-film-locations-outside-prague-in-the-czech-republic\" class=\"wp-block-heading\">5 forgat\u00e1si helysz\u00edn Pr\u00e1g\u00e1n k\u00edv\u00fcl a Cseh K\u00f6zt\u00e1rsas\u00e1gban<\/h2>\n\n\n\n<p>B\u00e1r Pr\u00e1g\u00e1t sz\u00e9les k\u00f6rben haszn\u00e1lj\u00e1k forgat\u00e1si helysz\u00ednk\u00e9nt a Cseh K\u00f6zt\u00e1rsas\u00e1gban, a filmesek m\u00e1s helysz\u00edneket is sz\u00edvesen v\u00e1lasztanak a gy\u00f6ny\u00f6r\u0171 t\u00e1jak \u00e9s t\u00f6rt\u00e9nelmi helysz\u00ednek miatt. A n\u00e9pszer\u0171 <strong>Cseh film helysz\u00ednek<\/strong> vannak:<\/p>\n\n\n\n<h3 id=\"underworld-blood-wars\" class=\"wp-block-heading\">Underworld: Blood Wars<\/h3>\n\n\n\n<p><strong>Helysz\u00ednek: <\/strong>Barrandov st\u00fadi\u00f3, Karlovy Vary \u00e9s a cseh vid\u00e9k<\/p>\n\n\n\n<p>Az \u00f6t\u00f6dik \"Underworld\" film, az \"Underworld\" szerepl\u0151i \u00e9s st\u00e1bja: Blood Wars\", amelyet t\u00f6bb csehorsz\u00e1gi helysz\u00ednen forgattak. B\u00e1r a film nagy r\u00e9sze kital\u00e1lt vil\u00e1gokban j\u00e1tsz\u00f3dik, a Cseh K\u00f6zt\u00e1rsas\u00e1g n\u00e9h\u00e1ny jelenethez d\u00edszletk\u00e9nt szolg\u00e1lt.&nbsp;<\/p>\n\n\n\n<h3 id=\"casino-royale\" class=\"wp-block-heading\">Casino Royale<\/h3>\n\n\n\n<p><strong>Helysz\u00edn:<\/strong> Karlovy Vary<\/p>\n\n\n\n<p>B\u00e1r a \"Casino Royale\" c\u00edm\u0171 James Bond-film akci\u00f3j\u00e1nak nagy r\u00e9sze olyan egzotikus helysz\u00edneken j\u00e1tsz\u00f3dott, mint Olaszorsz\u00e1g \u00e9s a Baham\u00e1k, a Cseh K\u00f6zt\u00e1rsas\u00e1g val\u00f3j\u00e1ban t\u00f6bb forgat\u00e1si helysz\u00ednnek is otthont adott. A gy\u00f6ny\u00f6r\u0171 \u00e9p\u00edt\u00e9szet\u00e9r\u0151l ismert fest\u0151i Karlovy Vary v\u00e1rosa a film t\u00f6bb jelenet\u00e9ben is szerepelt.<\/p>\n\n\n\n<h3 id=\"hannibal-rising\" class=\"wp-block-heading\">Hannibal Rising<\/h3>\n\n\n\n<p><strong>Helysz\u00ednek:<\/strong>&nbsp; Brno, \u00e9s Kostya v\u00e1r<\/p>\n\n\n\n<p>A h\u00edrhedt sorozatgyilkosr\u00f3l, Hannibal Lecterr\u0151l sz\u00f3l\u00f3 film forgat\u00e1sa Pr\u00e1g\u00e1ban, Br\u00fcnnben \u00e9s a csehorsz\u00e1gi Kostya v\u00e1r\u00e1ban zajlott. A Cseh K\u00f6zt\u00e1rsas\u00e1g fantasztikus munk\u00e1t v\u00e9gez a h\u00e1bor\u00fa ut\u00e1ni Franciaorsz\u00e1g \u00e9s Litv\u00e1nia ut\u00e1nz\u00e1s\u00e1ban.<\/p>\n\n\n\n<h3 id=\"the-chronicles-of-narnia-the-lion-the-witch-and-the-wardrobe\" class=\"wp-block-heading\">A Narnia kr\u00f3nik\u00e1i: Az oroszl\u00e1n, a boszork\u00e1ny \u00e9s a ruh\u00e1sszekr\u00e9ny<\/h3>\n\n\n\n<p><strong>Helysz\u00ednek<\/strong>: Karl\u0161tejn v\u00e1r \u00e9s a pr\u00e1gai Barrandov St\u00fadi\u00f3<\/p>\n\n\n\n<p>B\u00e1r a film nagy r\u00e9sz\u00e9t \u00daj-Z\u00e9landon forgatt\u00e1k, n\u00e9h\u00e1ny csehorsz\u00e1gi helysz\u00ednt is felhaszn\u00e1ltak, p\u00e9ld\u00e1ul a Karl\u0161tejn-kast\u00e9lyt \u00e9s a pr\u00e1gai Barrandov-st\u00fadi\u00f3t, mind a belt\u00e9ri, mind a k\u00fclt\u00e9ri jelenetekhez. A Karl\u0161tejn-kast\u00e9ly fest\u0151i k\u00f6rnyezete \u00e9s k\u00f6z\u00e9pkori \u00e9p\u00edt\u00e9szete ide\u00e1lis helysz\u00ednt biztos\u00edtott a fantasy-kalandfilm sz\u00e1m\u00e1ra.<\/p>\n\n\n\n<h3 id=\"the-brothers-grimm\" class=\"wp-block-heading\">A Grimm testv\u00e9rek<\/h3>\n\n\n\n<p><strong>Helysz\u00ednek<\/strong>: Lede\u010d nad S\u00e1zavou \u00e9s K\u0159ivokl\u00e1t kast\u00e9lya<\/p>\n\n\n\n<p>Terry Gilliam Heath Ledger \u00e9s Matt Damon f\u0151szerepl\u00e9s\u00e9vel k\u00e9sz\u00fclt epikus kalandfilmj\u00e9nek forgat\u00e1sa r\u00e9szben Csehorsz\u00e1gban zajlott. Lede\u010d nad S\u00e1zavou \u00e9s K\u0159ivokl\u00e1t v\u00e1r\u00e1t haszn\u00e1lt\u00e1k fel a film sz\u00fcrre\u00e1lis h\u00e1tter\u00e9nek \u00e9s nyugtalan\u00edt\u00f3 hangulat\u00e1nak megteremt\u00e9s\u00e9hez.<\/p>\n\n\n\n<div data-gyg-href=\"https:\/\/widget.getyourguide.com\/default\/city.frame\" data-gyg-location-id=\"10\" data-gyg-locale-code=\"en-US\" data-gyg-widget=\"city\" data-gyg-partner-id=\"U94OQGQ\"><\/div>","protected":false},"excerpt":{"rendered":"A h\u00edres pr\u00e1gai filmes helysz\u00ednek egyre n\u00e9pszer\u0171bbek. A Cseh K\u00f6zt\u00e1rsas\u00e1g n\u00e9pszer\u0171 forgat\u00e1si helysz\u00edn volt...","protected":false},"author":19,"featured_media":13507,"comment_status":"closed","ping_status":"closed","sticky":false,"template":"","format":"standard","meta":{"footnotes":""},"categories":[204,15,39],"tags":[49],"table_tags":[],"_links":{"self":[{"href":"https:\/\/prague.org\/hu\/wp-json\/wp\/v2\/posts\/13506"}],"collection":[{"href":"https:\/\/prague.org\/hu\/wp-json\/wp\/v2\/posts"}],"about":[{"href":"https:\/\/prague.org\/hu\/wp-json\/wp\/v2\/types\/post"}],"author":[{"embeddable":true,"href":"https:\/\/prague.org\/hu\/wp-json\/wp\/v2\/users\/19"}],"replies":[{"embeddable":true,"href":"https:\/\/prague.org\/hu\/wp-json\/wp\/v2\/comments?post=13506"}],"version-history":[{"count":1,"href":"https:\/\/prague.org\/hu\/wp-json\/wp\/v2\/posts\/13506\/revisions"}],"predecessor-version":[{"id":13508,"href":"https:\/\/prague.org\/hu\/wp-json\/wp\/v2\/posts\/13506\/revisions\/13508"}],"wp:featuredmedia":[{"embeddable":true,"href":"https:\/\/prague.org\/hu\/wp-json\/wp\/v2\/media\/13507"}],"wp:attachment":[{"href":"https:\/\/prague.org\/hu\/wp-json\/wp\/v2\/media?parent=13506"}],"wp:term":[{"taxonomy":"category","embeddable":true,"href":"https:\/\/prague.org\/hu\/wp-json\/wp\/v2\/categories?post=13506"},{"taxonomy":"post_tag","embeddable":true,"href":"https:\/\/prague.org\/hu\/wp-json\/wp\/v2\/tags?post=13506"},{"taxonomy":"table_tags","embeddable":true,"href":"https:\/\/prague.org\/hu\/wp-json\/wp\/v2\/table_tags?post=13506"}],"curies":[{"name":"wp","href":"https:\/\/api.w.org\/{rel}","templated":true}]}}