{"id":13631,"date":"2024-07-03T14:43:56","date_gmt":"2024-07-03T12:43:56","guid":{"rendered":"https:\/\/prague.org\/?p=13631"},"modified":"2024-07-03T14:44:00","modified_gmt":"2024-07-03T12:44:00","slug":"discovering-czech-cubism-art-architecture-and-museums","status":"publish","type":"post","link":"https:\/\/prague.org\/hu\/a-cseh-kubizmus-muveszeti-epiteszetenek-es-muzeumainak-felfedezese\/","title":{"rendered":"A cseh kubizmus felfedez\u00e9se: M\u0171v\u00e9szet, \u00e9p\u00edt\u00e9szet \u00e9s m\u00fazeumok"},"content":{"rendered":"<p>A <strong>Cseh Kubizmus M\u00fazeum<\/strong>, a cseh f\u0151v\u00e1rosban az egyik legegyedibb \u00e9s legeredetibb m\u0171v\u00e9szeti mozgalomnak szentelt helysz\u00edn: A cseh kubizmus. Ez a Josef Go\u010d\u00e1r \u00e1ltal k\u00e9sz\u00edtett \u00e9p\u00edtm\u00e9ny a kubista st\u00edlust p\u00e9ld\u00e1zza kidolgozott homlokzat\u00e1val \u00e9s \u00e9les sz\u00f6gekkel.<\/p>\n\n\n\n<p>A <strong>Cseh Kubizmus M\u00fazeum <\/strong>nemcsak a cseh kubizmus \u00e9p\u00edt\u00e9szeti \u00e9s m\u0171v\u00e9szeti remekm\u0171veit mutatja be, hanem m\u00e9lyrehat\u00f3 magyar\u00e1zatot is ad a kubizmus kultur\u00e1lis \u00e9s t\u00f6rt\u00e9nelmi jelent\u0151s\u00e9g\u00e9r\u0151l. A h\u00edres Fekete Madonna h\u00e1z\u00e1ban tal\u00e1lhat\u00f3 m\u00fazeum leny\u0171g\u00f6z\u0151 utaz\u00e1sra invit\u00e1lja a l\u00e1togat\u00f3kat, hogy a cseh m\u0171v\u00e9szek \u00e9s \u00e9p\u00edt\u00e9szek hogyan \u00e9rtelmezt\u00e9k \u00e9s fejlesztett\u00e9k tov\u00e1bb a kubista eszm\u00e9ket.<\/p>\n\n\n\n<p>A Kubizmus M\u00fazeum \u00e1lland\u00f3 gy\u0171jtem\u00e9nye az 1910-1919-es \u00e9veket \u00f6leli fel. A t\u00e1rlaton k\u00fcl\u00f6nf\u00e9le b\u00fatorok, t\u00f6bbek k\u00f6z\u00f6tt kanap\u00e9k, \u00f6lt\u00f6z\u0151asztalok, ruhat\u00e1rak, \u00edr\u00f3asztalok, sz\u00e9kek, asztalok \u00e9s kom\u00f3dok l\u00e1that\u00f3k. Asztali ed\u00e9nyek, festm\u00e9nyek, valamint te\u00e1s- \u00e9s vacsorapoharak is szerepelnek. A Fekete Madonna H\u00e1za diz\u00e1jnboltja, a Modernista \u00e1rulja ezeket a replik\u00e1kat, ha \u00e9rdekel.<\/p>\n\n\n\n<h2 id=\"introduction-to-czech-cubism-and-its-influence\" class=\"wp-block-heading\">Bevezet\u00e9s a cseh kubizmusba \u00e9s annak hat\u00e1saiba<\/h2>\n\n\n\n<p>Ha a cseh kubizmusra k\u00edv\u00e1ncsi, a cseh kubizmus a kubista mozgalom egy k\u00fcl\u00f6n\u00e1ll\u00f3 alcsoportja, amely a huszadik sz\u00e1zad elej\u00e9n alakult ki. Francia megfelel\u0151j\u00e9vel ellent\u00e9tben, amely f\u0151k\u00e9nt a fest\u00e9szetre koncentr\u00e1lt, a cseh kubizmus az \u00e9p\u00edt\u00e9szetre, a b\u00fatortervez\u00e9sre \u00e9s az iparm\u0171v\u00e9szetre. Az \u00e9les geometriai form\u00e1k \u00e9s a krist\u00e1lyszer\u0171 strukt\u00far\u00e1k haszn\u00e1lata jellemzi, amelyek a mozg\u00e1s \u00e9s a dinamikus fesz\u00fclts\u00e9gek \u00e9rzet\u00e9t keltik.<\/p>\n\n\n\n<p>A cseh kubizmus a kezdetekt\u0151l fogva glob\u00e1lisan kiterjesztette a t\u00e9r \u00e9s a forma haszn\u00e1lat\u00e1nak lehet\u0151s\u00e9geit a kreat\u00edv t\u00f6rekv\u00e9sekben.<\/p>\n\n\n\n<h3 id=\"national-impact\" class=\"wp-block-heading\">Nemzeti hat\u00e1s<\/h3>\n\n\n\n<p>A kubizmus nagy hat\u00e1ssal volt <a href=\"https:\/\/prague.org\/hu\/prague-architecture\/\" data-type=\"link\" data-id=\"https:\/\/prague.org\/prague-architecture\/\">Cseh m\u0171v\u00e9szet \u00e9s \u00e9p\u00edt\u00e9szet<\/a>, ami hozz\u00e1j\u00e1rult ahhoz, hogy a st\u00edlus a cseh nemzeti identit\u00e1s szerves r\u00e9sz\u00e9v\u00e9 v\u00e1ljon. A mozgalom sor\u00e1n kialakult \u00e9s ma is csod\u00e1lt egyedi nemzeti st\u00edlusra a geometrikus absztrakci\u00f3 \u00e9s a dinamikus form\u00e1k hangs\u00falyoz\u00e1sa volt hat\u00e1ssal.<\/p>\n\n\n\n<h3 id=\"international-influence\" class=\"wp-block-heading\">Nemzetk\u00f6zi befoly\u00e1s<\/h3>\n\n\n\n<p>Haz\u00e1j\u00e1n k\u00edv\u00fcl a cseh kubizmus vil\u00e1gszerte nagy hat\u00e1st gyakorolt a kort\u00e1rs diz\u00e1jnra \u00e9s \u00e9p\u00edt\u00e9szetre. A t\u00e9r \u00e9s a forma \u00fajszer\u0171 szeml\u00e9let\u00e9nek k\u00f6sz\u00f6nhet\u0151en \u00faj \u00f6tleteket v\u00e1ltott ki az \u00e9p\u00edt\u00e9szek \u00e9s a tervez\u0151k k\u00f6r\u00e9ben az interakt\u00edv \u00e9s praktikus terek kialak\u00edt\u00e1s\u00e1ra.<\/p>\n\n\n\n<h2 id=\"museum-opening-hours-the-house-of-the-black-madonna\" class=\"wp-block-heading\">A m\u00fazeum nyitvatart\u00e1si ideje : A Fekete Madonna h\u00e1za<\/h2>\n\n\n\n<p>A nyitvatart\u00e1si id\u0151 a <strong>Cseh Kubizmus M\u00fazeum<\/strong> a k\u00f6vetkez\u0151k:<\/p>\n\n\n\n<ul>\n<li>H\u00e9tf\u0151: Z\u00e1rva<\/li>\n\n\n\n<li>Kedd: 10:00 - 18:00<\/li>\n\n\n\n<li>Szerda: 10:00 - 18:00<\/li>\n\n\n\n<li>Cs\u00fct\u00f6rt\u00f6k: 10:00 - 18:00<\/li>\n\n\n\n<li>P\u00e9ntek: 10:00 - 18:00<\/li>\n\n\n\n<li>Szombat: SZOMBAT: 10:00 - 18:00<\/li>\n\n\n\n<li>Vas\u00e1rnap: 10:00 - 18:00<\/li>\n<\/ul>\n\n\n\n<h2 id=\"cubism-and-czech-architecture-a-historical-overview\" class=\"wp-block-heading\">A kubizmus \u00e9s a cseh \u00e9p\u00edt\u00e9szet: A t\u00f6rt\u00e9nelmi \u00e1ttekint\u00e9s<\/h2>\n\n\n\n<p>Mi a kapcsolat a k\u00f6vetkez\u0151k k\u00f6z\u00f6tt <strong>A kubizmus \u00e9s a cseh \u00e9p\u00edt\u00e9szet<\/strong>? A kubizmus \u00e9s a cseh \u00e9p\u00edt\u00e9szet saj\u00e1tos \u00e9s \u00f6sszefon\u00f3d\u00f3 asszoci\u00e1ci\u00f3val rendelkezik, amely k\u00fcl\u00f6n\u00f6sen fontos a modernista mozgalmak t\u00f6rt\u00e9net\u00e9ben.<\/p>\n\n\n\n<p>Az 1910-es \u00e9vekben Pr\u00e1ga v\u00e1lt a cseh kubizmus epicentrum\u00e1v\u00e1, amely st\u00edlus a kubizmus radik\u00e1lis elveit \u00f6tv\u00f6zte a Cseh K\u00f6zt\u00e1rsas\u00e1g gazdag kultur\u00e1lis \u00f6r\u00f6ks\u00e9g\u00e9vel \u00e9s \u00e9p\u00edt\u00e9szeti t\u00f6rt\u00e9nelm\u00e9vel. A cseh \u00e9p\u00edt\u00e9szek \u00e1ltal elfogadott kubista st\u00edlusban a sz\u00f6gletes mint\u00e1k \u00e9s a geometrikus form\u00e1k voltak a meghat\u00e1roz\u00f3ak.<\/p>\n\n\n\n<p>A cseh \u00e9p\u00edt\u00e9szek a kubista eszm\u00e9k \u00e9p\u00edt\u00e9szetben val\u00f3 alkalmaz\u00e1s\u00e1val olyan egyedi st\u00edlust alak\u00edtottak ki, amely ki\u00e1llta az id\u0151k pr\u00f3b\u00e1j\u00e1t. Mind a meg\u0151rz\u00f6tt \u00e9p\u00edtm\u00e9nyek, mind a mozgalomnak a modern \u00e9p\u00edt\u00e9szetre gyakorolt folyamatos hat\u00e1sa azt bizony\u00edtja, hogy a cseh kubizmus tart\u00f3san fontos szerepet t\u00f6lt be az orsz\u00e1g kultur\u00e1lis \u00e9s \u00e9p\u00edt\u00e9szeti \u00f6r\u00f6ks\u00e9g\u00e9ben.<\/p>\n\n\n\n<h2 id=\"visiting-the-cubism-museum-in-prague-what-to-expect\" class=\"wp-block-heading\">L\u00e1togat\u00e1s a pr\u00e1gai Kubizmus M\u00fazeumban: Mit kell v\u00e1rni<\/h2>\n\n\n\n<p>Felejthetetlen utaz\u00e1s a cseh kubizmus birodalm\u00e1ba v\u00e1rja \u00d6nt a <strong>Kubizmus M\u00fazeum Pr\u00e1g\u00e1ban<\/strong>. Ebben a rendk\u00edv\u00fcli m\u00fazeumban a k\u00f6vetkez\u0151 ki\u00e1ll\u00edt\u00e1si t\u00e1rgyakat tal\u00e1lja.<\/p>\n\n\n\n<h3 id=\"permanent-exhibition\" class=\"wp-block-heading\">\u00c1lland\u00f3 ki\u00e1ll\u00edt\u00e1s<\/h3>\n\n\n\n<p><strong>Modern kubista \u00e9p\u00fcletek \u00e9s dekor\u00e1ci\u00f3:<\/strong> N\u00e9zze meg a m\u00e9retar\u00e1nyos modelleket, f\u00e9nyk\u00e9peket \u00e9s \u00e9p\u00edt\u00e9szeti terveket, amelyek megmutatj\u00e1k, hogy a kubist\u00e1k hogyan haszn\u00e1lt\u00e1k egyed\u00fcl\u00e1ll\u00f3 m\u00f3don a v\u00e1rosrendez\u00e9s \u00e9s az \u00e9p\u00fclet\u00e9p\u00edt\u00e9s koncepci\u00f3it. A ki\u00e1ll\u00edt\u00e1sok r\u00e1vil\u00e1g\u00edtanak arra, hogyan v\u00e1ltoztatta meg a kubizmus Pr\u00e1ga \u00e9s a Cseh K\u00f6zt\u00e1rsas\u00e1g t\u00f6bbi r\u00e9sz\u00e9nek t\u00e1jk\u00e9p\u00e9t.<\/p>\n\n\n\n<p><strong>B\u00fatorok kubist\u00e1k \u00e1ltal:<\/strong> A m\u00fazeumban a kiemelked\u0151 cseh kubist\u00e1k \u00e1ltal k\u00e9sz\u00edtett leny\u0171g\u00f6z\u0151 b\u00fatordarabok l\u00e1that\u00f3k. Sz\u00e9kek, asztalok \u00e9s l\u00e1mp\u00e1k csak n\u00e9h\u00e1ny p\u00e9lda a h\u00e9tk\u00f6znapi t\u00e1rgyak k\u00f6z\u00fcl, amelyek a mozgalomra jellemz\u0151 geometrikus form\u00e1kat \u00e9s absztrakt eszt\u00e9tik\u00e1t mutatj\u00e1k be.<\/p>\n\n\n\n<p><strong>Kubista m\u0171v\u00e9szet:<\/strong> Tekintse meg a j\u00f3l ismert cseh kubist\u00e1k, k\u00f6zt\u00fck Bohumil Kubi\u0161ta, Josef \u010capek \u00e9s Emil Filla m\u0171veit. Az ehhez hasonl\u00f3 m\u0171vek azt mutatj\u00e1k, hogy a mozgalom hogyan dekonstru\u00e1lta a form\u00e1kat, \u00e9s hogyan mer\u00fclt el a geometrikus absztrakci\u00f3ban.<\/p>\n\n\n\n<h3 id=\"temporary-exhibitions\" class=\"wp-block-heading\">Id\u0151szaki ki\u00e1ll\u00edt\u00e1sok<\/h3>\n\n\n\n<p>A kur\u00e1tori id\u0151szaki ki\u00e1ll\u00edt\u00e1sok a kubizmus sz\u00e1mos aspektus\u00e1t \u00e9s a modern m\u0171v\u00e9szetre \u00e9s a designra gyakorolt hat\u00e1s\u00e1t t\u00e1rj\u00e1k fel a ki\u00e1ll\u00edt\u00e1son. <a href=\"https:\/\/prague.org\/hu\/see-art-nouveau-masterworks-at-the-mucha-museum-prague\/\" data-type=\"link\" data-id=\"https:\/\/prague.org\/see-art-nouveau-masterworks-at-the-mucha-museum-prague\/\">m\u00fazeum<\/a>. A cseh kubizmus a nagyobb eur\u00f3pai m\u0171v\u00e9szeti t\u00e1jk\u00e9pbe illeszkedik ezekben a ki\u00e1ll\u00edt\u00e1sokban, amelyeken gyakran nemzetk\u00f6zi m\u0171v\u00e9szek m\u0171vei is szerepelnek.<\/p>\n\n\n\n<h2 id=\"opinion-and-rating-of-the-cubism-museum-the-house-of-the-black-madonna\" class=\"wp-block-heading\">A Kubizmus M\u00fazeum v\u00e9lem\u00e9nye \u00e9s \u00e9rt\u00e9kel\u00e9se : A Fekete Madonna h\u00e1za<\/h2>\n\n\n\n<p>Mindent \u00f6sszevetve, a <strong>\u00a0A Cseh Kubizmus M\u00fazeum\u00e1nak <\/strong>kiemelked\u0151 gy\u0171jtem\u00e9nye, oktat\u00e1si \u00e9rt\u00e9ke \u00e9s \u00e9p\u00edt\u00e9szeti k\u00f6rnyezet\u00e9nek jelent\u0151s\u00e9ge miatt nagy elismer\u00e9st \u00e9rdemel. A m\u00fazeum gy\u00f6ny\u00f6r\u0171en bemutatja a kubizmus hat\u00e1s\u00e1t a<a href=\"https:\/\/prague.org\/hu\/minden-amit-tudni-kell-a-cseh-kulturarol\/\"> Cseh kult\u00fara<\/a> a m\u0171alkot\u00e1sok, b\u00fatorok \u00e9s \u00e9p\u00edt\u00e9szeti projektek hatalmas gy\u0171jtem\u00e9nye r\u00e9v\u00e9n, ez\u00e9rt a l\u00e1togat\u00f3k gyakran tekintik Pr\u00e1ga egyik legfontosabb kultur\u00e1lis c\u00e9lpontj\u00e1nak.\u00a0<\/p>\n\n\n\n<p><strong>Google \u00e9rt\u00e9kel\u00e9s:<\/strong> \u2605\u2605\u2605\u2605\u2606 (4.4\/5)<\/p>\n\n\n\n<h2 id=\"notable-czech-cubist-artists-and-architects\" class=\"wp-block-heading\">Neves cseh kubista m\u0171v\u00e9szek \u00e9s \u00e9p\u00edt\u00e9szek<\/h2>\n\n\n\n<p>A cseh kubista mozgalom, amely az avantg\u00e1rdb\u00f3l indult ki, sz\u00e1mos m\u0171v\u00e9szeti \u00e1gban hozott l\u00e9tre korszakalkot\u00f3 m\u0171veket, megk\u00e9rd\u0151jelezve \u00e9s v\u00e9g\u00fcl \u00fajrafogalmazva a hagyom\u00e1nyos eszm\u00e9ket \u00e9s gyakorlatokat. A Cseh K\u00f6zt\u00e1rsas\u00e1g sz\u00e1mos befoly\u00e1sos kubist\u00e1nak adott otthont, ez\u00e9rt vess\u00fcnk egy pillant\u00e1st n\u00e9h\u00e1ny legh\u00edresebb m\u0171v\u00e9szre \u00e9s \u00e9p\u00edt\u00e9szre.<\/p>\n\n\n\n<ul>\n<li>Jan\u00e1k P\u00e1l (1882-1956)<\/li>\n\n\n\n<li>Josef Go\u010d\u00e1r (1880-1945)<\/li>\n\n\n\n<li>Bohumil Kubi\u0161ta (1884-1918)<\/li>\n\n\n\n<li>Otto Gutfreund (1889-1927)<\/li>\n\n\n\n<li>Emil Filla (1882-1953)<\/li>\n\n\n\n<li>Vincenc Bene\u0161 (1883-1979)<\/li>\n\n\n\n<li>Vlastislav Hofman (1884-1964)<\/li>\n<\/ul>\n\n\n\n<div data-gyg-href=\"https:\/\/widget.getyourguide.com\/default\/city.frame\" data-gyg-location-id=\"10\" data-gyg-locale-code=\"en-US\" data-gyg-widget=\"city\" data-gyg-partner-id=\"U94OQGQ\"><\/div>","protected":false},"excerpt":{"rendered":"A cseh f\u0151v\u00e1rosban tal\u00e1lhat\u00f3 cseh kubizmus m\u00fazeuma az egyik legjelent\u0151sebb kubista m\u0171v\u00e9szetnek szentelt helysz\u00edn....","protected":false},"author":19,"featured_media":13632,"comment_status":"closed","ping_status":"closed","sticky":false,"template":"","format":"standard","meta":{"footnotes":""},"categories":[15,204,47,14,46,1],"tags":[66,55],"table_tags":[],"_links":{"self":[{"href":"https:\/\/prague.org\/hu\/wp-json\/wp\/v2\/posts\/13631"}],"collection":[{"href":"https:\/\/prague.org\/hu\/wp-json\/wp\/v2\/posts"}],"about":[{"href":"https:\/\/prague.org\/hu\/wp-json\/wp\/v2\/types\/post"}],"author":[{"embeddable":true,"href":"https:\/\/prague.org\/hu\/wp-json\/wp\/v2\/users\/19"}],"replies":[{"embeddable":true,"href":"https:\/\/prague.org\/hu\/wp-json\/wp\/v2\/comments?post=13631"}],"version-history":[{"count":2,"href":"https:\/\/prague.org\/hu\/wp-json\/wp\/v2\/posts\/13631\/revisions"}],"predecessor-version":[{"id":13638,"href":"https:\/\/prague.org\/hu\/wp-json\/wp\/v2\/posts\/13631\/revisions\/13638"}],"wp:featuredmedia":[{"embeddable":true,"href":"https:\/\/prague.org\/hu\/wp-json\/wp\/v2\/media\/13632"}],"wp:attachment":[{"href":"https:\/\/prague.org\/hu\/wp-json\/wp\/v2\/media?parent=13631"}],"wp:term":[{"taxonomy":"category","embeddable":true,"href":"https:\/\/prague.org\/hu\/wp-json\/wp\/v2\/categories?post=13631"},{"taxonomy":"post_tag","embeddable":true,"href":"https:\/\/prague.org\/hu\/wp-json\/wp\/v2\/tags?post=13631"},{"taxonomy":"table_tags","embeddable":true,"href":"https:\/\/prague.org\/hu\/wp-json\/wp\/v2\/table_tags?post=13631"}],"curies":[{"name":"wp","href":"https:\/\/api.w.org\/{rel}","templated":true}]}}