{"id":14249,"date":"2025-04-10T19:00:53","date_gmt":"2025-04-10T17:00:53","guid":{"rendered":"https:\/\/prague.org\/?p=14249"},"modified":"2025-07-02T17:30:45","modified_gmt":"2025-07-02T15:30:45","slug":"composers-summit-prague-2025","status":"publish","type":"post","link":"https:\/\/prague.org\/hu\/pragai-zeneszerzoi-csucstalalkozo-2025\/","title":{"rendered":"Zeneszerz\u0151k cs\u00facstal\u00e1lkoz\u00f3ja Pr\u00e1ga 2025"},"content":{"rendered":"<p><span style=\"font-weight: 400;\">K\u00e9sz\u00fclj\u00f6n fel Eur\u00f3pa egyik legl\u00e1tv\u00e1nyosabb zenei tal\u00e1lkoz\u00f3j\u00e1ra: a <\/span><b>Zeneszerz\u0151k cs\u00facstal\u00e1lkoz\u00f3ja Pr\u00e1ga 2025<\/b><span style=\"font-weight: 400;\">. Ez a vil\u00e1gm\u00e9ret\u0171 <\/span><b>filmzenei esem\u00e9ny Pr\u00e1g\u00e1ban<\/b><span style=\"font-weight: 400;\"> 2025. \u00e1prilis 17. \u00e9s 22. k\u00f6z\u00f6tt ker\u00fcl megrendez\u00e9sre a Cseh K\u00f6zt\u00e1rsas\u00e1g sz\u00edv\u00e9ben, t\u00f6bbek k\u00f6z\u00f6tt Hollywood legnagyobb m\u0171v\u00e9szeinek r\u00e9szv\u00e9tel\u00e9vel. A cs\u00facstal\u00e1lkoz\u00f3, amely mag\u00e1ban foglalja <\/span><b>zenekari koncertek Pr\u00e1g\u00e1ban<\/b><span style=\"font-weight: 400;\"> \u00e9s a zenei mesterkurzusok, egy kihagyhatatlan esem\u00e9ny a felt\u00f6rekv\u0151 zeneszerz\u0151k, a filmzen\u00e9k szerelmesei \u00e9s a filmzene ir\u00e1nt \u00e9rdekl\u0151d\u0151k sz\u00e1m\u00e1ra.<\/span><\/p>\n<h2 id=\"about-the-composers-summit\"><span style=\"font-weight: 400;\">A zeneszerz\u0151i cs\u00facstal\u00e1lkoz\u00f3r\u00f3l<\/span><\/h2>\n<p><span style=\"font-weight: 400;\">\ud83d\uddd3 <\/span><b>D\u00e1tumok<\/b><span style=\"font-weight: 400;\">: 2025. \u00e1prilis 17-22.<\/span><\/p>\n<p><span style=\"font-weight: 400;\">\ud83d\udccd <\/span><b>Helysz\u00edn<\/b><span style=\"font-weight: 400;\">: Pr\u00e1ga, Csehorsz\u00e1g<\/span><\/p>\n<p><span style=\"font-weight: 400;\">\ud83c\udf10 <\/span><a href=\"https:\/\/composers-summit.com\/\" rel=\"nofollow noopener\"><span style=\"font-weight: 400;\">Hivatalos weboldal<\/span><\/a><\/p>\n<p><span style=\"font-weight: 400;\">A <\/span><b>Zeneszerz\u0151k cs\u00facstal\u00e1lkoz\u00f3ja Pr\u00e1ga 2025<\/b><span style=\"font-weight: 400;\"> a filmm\u0171v\u00e9szet \u00e9s a zenekari zenei alkot\u00e1s m\u0171v\u00e9szet\u00e9t bemutat\u00f3, vil\u00e1gszerte els\u0151sz\u00e1m\u00fa esem\u00e9ny. A 2025. \u00e1prilis 17. \u00e9s 22. k\u00f6z\u00f6tt megrendez\u00e9sre ker\u00fcl\u0151 cs\u00facstal\u00e1lkoz\u00f3 Pr\u00e1g\u00e1t a zeneszerz\u0151k, zen\u00e9szek, producerek \u00e9s a filmzene rajong\u00f3inak vibr\u00e1l\u00f3 tal\u00e1lkoz\u00f3hely\u00e9v\u00e9 v\u00e1ltoztatja.<\/span><\/p>\n<p><span style=\"font-weight: 400;\">A fesztiv\u00e1lon a filmzene \u00e9s a hangszerel\u00e9s nagy hangs\u00falyt kap, \u00e9s a soksz\u00edn\u0171 programban t\u00f6bbek k\u00f6z\u00f6tt a k\u00f6vetkez\u0151 el\u0151ad\u00f3k tartanak szemin\u00e1riumokat <\/span><b>Hollywoodi zeneszerz\u0151k Pr\u00e1g\u00e1ban 2025<\/b><span style=\"font-weight: 400;\">, zenekari el\u0151ad\u00e1sok, filmvet\u00edt\u00e9sek \u00e9s interakt\u00edv workshopok. Ez egy olyan hely, ahol a kreativit\u00e1s tal\u00e1lkozik az egy\u00fcttm\u0171k\u00f6d\u00e9ssel, ak\u00e1r a tehets\u00e9g\u00e9t szeretn\u00e9 fejleszteni, ak\u00e1r az ipar\u00e1gi szakemberekkel szeretne kapcsolatot teremteni, vagy egyszer\u0171en csak \u00e9lvezni az \u00e9l\u0151 zene var\u00e1zs\u00e1t.<\/span><\/p>\n<p><span style=\"font-weight: 400;\">Pr\u00e1ga n\u00e9h\u00e1ny legh\u00edresebb helysz\u00edne szolg\u00e1l majd helysz\u00edn\u00fcl, k\u00f6zt\u00fck a V\u00e1rosh\u00e1za, amely \u00e9p\u00edt\u00e9szeti pomp\u00e1j\u00e1r\u00f3l \u00e9s kiv\u00e1l\u00f3 akusztik\u00e1j\u00e1r\u00f3l ismert.<\/span><\/p>\n<p><span style=\"font-weight: 400;\">L\u00e1togasson el a <\/span><a href=\"https:\/\/composers-summit.com\/\" rel=\"nofollow noopener\"><span style=\"font-weight: 400;\">hivatalos honlap<\/span><\/a><span style=\"font-weight: 400;\"> a teljes programmal kapcsolatos inform\u00e1ci\u00f3k\u00e9rt, az el\u0151ad\u00f3kkal kapcsolatos friss\u00edt\u00e9sek\u00e9rt \u00e9s a jegyek regisztr\u00e1ci\u00f3j\u00e1\u00e9rt.<\/span><\/p>\n<h2 id=\"what-to-expect-at-the-2025-edition\"><span style=\"font-weight: 400;\">Mire sz\u00e1m\u00edthat a 2025-\u00f6s kiad\u00e1son<\/span><\/h2>\n<p><span style=\"font-weight: 400;\">A <\/span><b>Zeneszerz\u0151k cs\u00facstal\u00e1lkoz\u00f3ja Pr\u00e1ga 2025<\/b><span style=\"font-weight: 400;\"> \u00e9l\u00e9nk \u00e9s mag\u00e1val ragad\u00f3 programot \u00edg\u00e9r mindazoknak, akiket \u00e9rdekel a film-, telev\u00edzi\u00f3s \u00e9s j\u00e1t\u00e9kzene. Ak\u00e1r t\u00f6rekv\u0151 zeneszerz\u0151 vagy lelkes zenehallgat\u00f3 vagy, a 2025-\u00f6s kiad\u00e1s mindenkinek tartogat valamit. A kiemelt programok k\u00f6z\u00f6tt szerepelnek a k\u00f6vetkez\u0151k:<\/span><\/p>\n<h3 id=\"the-opening-concert-by-the-czech-national-symphony-orchestra\"><span style=\"font-weight: 400;\">A Cseh Nemzeti Szimfonikus Zenekar nyit\u00f3koncertje.<\/span><\/h3>\n<p><span style=\"font-weight: 400;\">A CNSO dr\u00e1mai st\u00edlusban ind\u00edtja a cs\u00facstal\u00e1lkoz\u00f3t: legend\u00e1s filmzen\u00e9ket ad el\u0151 Pr\u00e1ga egyik legleny\u0171g\u00f6z\u0151bb koncertterm\u00e9ben.<\/span><\/p>\n<h3 id=\"masterclasses-with-renowned-hollywood-composers\"><span style=\"font-weight: 400;\">Mesterkurzusok neves hollywoodi zeneszerz\u0151kkel.<\/span><\/h3>\n<p><span style=\"font-weight: 400;\">Ismerd meg els\u0151 k\u00e9zb\u0151l azokat a legend\u00e1kat, akik a kedvenc filmzen\u00e9idet k\u00e9sz\u00edtett\u00e9k. Ezek a kurzusok a zeneszerz\u00e9si technik\u00e1kra, a karrier-tan\u00e1csad\u00e1sra \u00e9s a kreat\u00edv inspir\u00e1ci\u00f3ra \u00f6sszpontos\u00edtanak.<\/span><\/p>\n<h3 id=\"secrets-of-scores-session\"><span style=\"font-weight: 400;\">A pontsz\u00e1mok titkai Session<\/span><\/h3>\n<p><span style=\"font-weight: 400;\">Egyed\u00fcl\u00e1ll\u00f3 betekint\u00e9s a legend\u00e1s kompoz\u00edci\u00f3k kulissz\u00e1i m\u00f6g\u00e9, a hangszerel\u00e9s, a zenei t\u00f6rt\u00e9netmes\u00e9l\u00e9s \u00e9s az \u00e9rzelmi hat\u00e1s felt\u00e1r\u00e1sa.<\/span><\/p>\n<h3 id=\"recording-workshops-and-showcases\"><span style=\"font-weight: 400;\">Felv\u00e9teli workshopok \u00e9s bemutat\u00f3k.<\/span><\/h3>\n<p><span style=\"font-weight: 400;\">L\u00e9pjen be a st\u00fadi\u00f3ba, \u00e9s n\u00e9zze meg, ahogy a profi filmzen\u00e9k \u00e9letre kelnek a dem\u00f3t\u00f3l a v\u00e9gs\u0151 kever\u00e9sig.<\/span><\/p>\n<h3 id=\"emerging-composers-competition\"><span style=\"font-weight: 400;\">Felt\u00f6rekv\u0151 zeneszerz\u0151k versenye.<\/span><\/h3>\n<p><span style=\"font-weight: 400;\">Jelent\u0151s lehet\u0151s\u00e9g a fejl\u0151d\u0151 tehets\u00e9gek sz\u00e1m\u00e1ra, hogy egyedi kompoz\u00edci\u00f3kat mutassanak be, bele\u00e9rtve egy tapasztalt zs\u0171ri v\u00e9lem\u00e9ny\u00e9t \u00e9s a d\u00f6nt\u0151s\u00f6k \u00e9l\u0151ben, zenekarral val\u00f3 fell\u00e9p\u00e9s\u00e9t.<\/span><\/p>\n<h3 id=\"industry-discussions-listening-sessions-and-film-screenings\"><span style=\"font-weight: 400;\">Ipari megbesz\u00e9l\u00e9sek, meghallgat\u00e1sok \u00e9s filmvet\u00edt\u00e9sek.<\/span><\/h3>\n<p><span style=\"font-weight: 400;\">Fedezze fel a zeneszerz\u00e9s trendjeit, tanuljon az \u00edr\u00f3i szakm\u00e1r\u00f3l, \u00e9s n\u00e9zzen meg kur\u00e1tori vet\u00edt\u00e9seket, amelyekhez maguk a zeneszerz\u0151k f\u0171znek komment\u00e1rokat.<\/span><\/p>\n<h2 id=\"featured-speakers-guests\"><span style=\"font-weight: 400;\">Kiemelt el\u0151ad\u00f3k \u00e9s vend\u00e9gek<\/span><\/h2>\n<p><span style=\"font-weight: 400;\">A Composers Summit Prague 2025 a film- \u00e9s telev\u00edzi\u00f3s szakma nemzetk\u00f6zileg ismert zeneszerz\u0151inek rendk\u00edv\u00fcli felhozatal\u00e1t vonultatja fel. A r\u00e9sztvev\u0151k olyan veter\u00e1nokt\u00f3l kaphatnak betekint\u00e9st \u00e9s workshopokat, mint Christophe Beck (Frozen), Jung Jaeil (Squid Game, Parasite), valamint Harry \u00e9s Rupert Gregson-Williams (Shrek, The Martian, The Chronicles of Narnia) testv\u00e9rek. Mychael Danna, a Pi \u00e9lete Oscar-d\u00edjas zeneszerz\u0151je is szerepel a filmben.\u00a0<\/span><\/p>\n<p><span style=\"font-weight: 400;\">Ezek a neves emberek m\u00e1s vend\u00e9gel\u0151ad\u00f3kkal egy\u00fctt megvitatj\u00e1k kreat\u00edv folyamataikat, zeneszerz\u0151i megk\u00f6zel\u00edt\u00e9seiket \u00e9s karriertapasztalataikat, felbecs\u00fclhetetlen inspir\u00e1ci\u00f3t ny\u00fajtva a felt\u00f6rekv\u0151 \u00e9s m\u00e1r befutott zeneszerz\u0151knek.<\/span><\/p>\n<h2 id=\"how-to-attend\"><span style=\"font-weight: 400;\">Hogyan vehet r\u00e9szt<\/span><\/h2>\n<p><span style=\"font-weight: 400;\">A r\u00e9szv\u00e9tel a <\/span><b>Zeneszerz\u0151k cs\u00facstal\u00e1lkoz\u00f3ja Pr\u00e1ga 2025<\/b><span style=\"font-weight: 400;\"> a k\u00fcl\u00f6nb\u00f6z\u0151 \u00e9rdekl\u0151d\u00e9si k\u00f6r\u00f6knek \u00e9s k\u00f6lts\u00e9gvet\u00e9seknek megfelel\u0151, t\u00f6bbf\u00e9le b\u00e9rletv\u00e1laszt\u00e9kkal. Ak\u00e1r megfigyelni szeretne, ak\u00e1r gyakorlatiasan r\u00e9szt venni, vagy szem\u00e9lyes visszajelz\u00e9st szeretne kapni az ipar\u00e1g nagy\u00e1gy\u00fait\u00f3l, a jegyek k\u00f6z\u00f6tt biztosan van az \u00d6n sz\u00e1m\u00e1ra megfelel\u0151. A b\u00e9rlett\u00edpusok a k\u00f6vetkez\u0151k:<\/span><\/p>\n<p><b>Passive Pass <\/b><span style=\"font-weight: 400;\">- Azok sz\u00e1m\u00e1ra, akik r\u00e9szt k\u00edv\u00e1nnak venni <\/span><b>zenei mesterkurzusok Pr\u00e1g\u00e1ban<\/b><span style=\"font-weight: 400;\"> \u00e9s besz\u00e9dek, de nem vesznek r\u00e9szt a m\u0171helymunk\u00e1kban.<\/span><\/p>\n<p><b>Pr\u00e9mium b\u00e9rlet<\/b><span style=\"font-weight: 400;\"> - Teljes hozz\u00e1f\u00e9r\u00e9st biztos\u00edt az el\u0151ad\u00e1sokhoz, m\u0171helymunk\u00e1khoz \u00e9s koncertekhez.<\/span><\/p>\n<p><b>Teljes b\u00e9rlet<\/b><span style=\"font-weight: 400;\"> - Tartalmaz mindent, ami a Premium Passban szerepel, valamint hozz\u00e1f\u00e9r\u00e9st biztos\u00edt exkluz\u00edv esem\u00e9nyekhez \u00e9s backstage kapcsolat\u00e9p\u00edt\u00e9si lehet\u0151s\u00e9gekhez.<\/span><\/p>\n<p><b>A VIP b\u00e9rlet -<\/b><span style=\"font-weight: 400;\">Maxim\u00e1lis \u00e9lm\u00e9nyt ny\u00fajt, bele\u00e9rtve az els\u0151 sorban elfoglalt helyeket, k\u00fcl\u00f6nleges tal\u00e1lkoz\u00f3kat \u00e9s mag\u00e1nbesz\u00e9lget\u00e9seket.<\/span><\/p>\n<p><b>1:1 \u00fcl\u00e9sek<\/b><span style=\"font-weight: 400;\"> - Opcion\u00e1lis kieg\u00e9sz\u00edt\u00e9sek szem\u00e9lyre szabott visszajelz\u00e9s vagy portf\u00f3li\u00f3\u00e9rt\u00e9kel\u00e9s neves zeneszerz\u0151kt\u0151l (korl\u00e1tozott sz\u00e1mban).<\/span><\/p>\n<p><span style=\"font-weight: 400;\">L\u00e1togasson el a <\/span><a href=\"https:\/\/composers-summit.com\/\" rel=\"nofollow noopener\"><span style=\"font-weight: 400;\">hivatalos honlap<\/span><\/a><span style=\"font-weight: 400;\"> hogy t\u00f6bbet megtudjon a programr\u00f3l, a k\u00f6lts\u00e9gekr\u0151l \u00e9s a regisztr\u00e1ci\u00f3 m\u00f3dj\u00e1r\u00f3l.<\/span><\/p>\n<h3 id=\"accommodation-tips\"><span style=\"font-weight: 400;\">Sz\u00e1ll\u00e1s tippek<\/span><\/h3>\n<p><span style=\"font-weight: 400;\">Hogy maximaliz\u00e1lja az idej\u00e9t a <\/span><b>Zeneszerz\u0151k cs\u00facstal\u00e1lkoz\u00f3ja Pr\u00e1ga 2025<\/b><span style=\"font-weight: 400;\">, javasoljuk, hogy Pr\u00e1ga 1. ker\u00fclet\u00e9ben sz\u00e1lljon meg, amely az \u00d3v\u00e1ros (Star\u00e9 M\u011bsto) \u00e9s az \u00dajv\u00e1ros (Nov\u00e9 M\u011bsto) ker\u00fcleteket foglalja mag\u00e1ban. A legt\u00f6bb rendezv\u00e9nyhelysz\u00edn, k\u00f6zt\u00fck a fens\u00e9ges V\u00e1rosh\u00e1za, k\u00f6nnyen megk\u00f6zel\u00edthet\u0151 gyalogosan ezekb\u0151l a k\u00f6zponti v\u00e1rosr\u00e9szekb\u0151l, amelyek j\u00f3l megk\u00f6zel\u00edthet\u0151ek t\u00f6megk\u00f6zleked\u00e9ssel.<\/span><\/p>\n<p><span style=\"font-weight: 400;\">Pr\u00e1ga t\u00f6rt\u00e9nelmi var\u00e1zsa, fantasztikus \u00e9ttermei \u00e9s kultur\u00e1lis l\u00e1tnival\u00f3i is k\u00f6r\u00fclveszik, \u00edgy ide\u00e1lis lesz a kikapcsol\u00f3d\u00e1sra az \u00f3r\u00e1k k\u00f6z\u00f6tt, vagy a v\u00e1ros felfedez\u00e9s\u00e9re a szabadid\u0151dben.<\/span><\/p>\n<p><span style=\"font-weight: 400;\">Aj\u00e1nlott sz\u00e1ll\u00e1sok:<\/span><\/p>\n<ol>\n<li><span style=\"font-weight: 400;\"> Az \u00d3v\u00e1ros t\u00e9r: Ez a hely j\u00f3 a v\u00e1rosn\u00e9z\u00e9shez \u00e9s a helysz\u00ednekhez.<\/span><\/li>\n<li><span style=\"font-weight: 400;\"> Vencel t\u00e9r: Ez a ter\u00fclet akt\u00edv, t\u00f6bb tucat sz\u00e1llod\u00e1val \u00e9s k\u00e1v\u00e9z\u00f3val.<\/span><\/li>\n<li>N\u00e1m\u011bst\u00ed Republiky k\u00f6zel\u00e9ben: V\u00e1rosh\u00e1za \u00e9s a t\u00f6megk\u00f6zleked\u00e9s k\u00f6zel\u00e9ben.<\/li>\n<\/ol>\n<p><span style=\"font-weight: 400;\">Tipp: Foglaljon id\u0151ben, mivel az ilyen nagy kultur\u00e1lis esem\u00e9nyek idej\u00e9n a sz\u00e1ll\u00e1shelyek gyorsan megtelnek.<\/span><\/p>\n<h2 id=\"getting-around-prague\"><span style=\"font-weight: 400;\">Utaz\u00e1s Pr\u00e1g\u00e1ban<\/span><\/h2>\n<p><span style=\"font-weight: 400;\">Eljut\u00e1s \u00e9s visszautaz\u00e1s a <\/span><b>Zeneszerz\u0151k cs\u00facstal\u00e1lkoz\u00f3ja Pr\u00e1ga 2025<\/b><span style=\"font-weight: 400;\"> Pr\u00e1ga kiv\u00e1l\u00f3 t\u00f6megk\u00f6zleked\u00e9si infrastrukt\u00far\u00e1ja miatt egyszer\u0171. A metr\u00f3 \u00e9s a villamosok a leghat\u00e9konyabb k\u00f6zleked\u00e9si m\u00f3dok a sz\u00e1lloda \u00e9s a rendezv\u00e9ny helysz\u00edne k\u00f6z\u00f6tt. A h\u00e1rom metr\u00f3vonal \u00e9s a kiterjedt villamosh\u00e1l\u00f3zat r\u00e9v\u00e9n a legt\u00f6bb belv\u00e1rosi helysz\u00edn, k\u00f6zt\u00fck a V\u00e1rosh\u00e1za is k\u00f6nnyen megk\u00f6zel\u00edthet\u0151.<\/span><\/p>\n<p><span style=\"font-weight: 400;\">A jegyek megfizethet\u0151ek \u00e9s minden t\u00edpus\u00fa k\u00f6zleked\u00e9si eszk\u00f6zre \u00e9rv\u00e9nyesek. A viteld\u00edjakkal, \u00fatvonalakkal \u00e9s aj\u00e1nl\u00e1sokkal kapcsolatos tov\u00e1bbi inform\u00e1ci\u00f3k\u00e9rt tekintse meg a k\u00f6vetkez\u0151 weboldalunkat <\/span><a href=\"https:\/\/prague.org\/hu\/public-transport-in-prague\/\"><span style=\"font-weight: 400;\">\u00e1tfog\u00f3 \u00fatmutat\u00f3 a pr\u00e1gai t\u00f6megk\u00f6zleked\u00e9sr\u0151l.<\/span><\/a><\/p>\n<h2 id=\"other-things-to-do-while-in-prague\"><span style=\"font-weight: 400;\">Egy\u00e9b tennival\u00f3k Pr\u00e1g\u00e1ban<\/span><\/h2>\n<p><span style=\"font-weight: 400;\">Pr\u00e1ga sz\u00e1mos kultur\u00e1lis tev\u00e9kenys\u00e9get k\u00edn\u00e1l. \u00c9lvezze az \u00e9l\u0151zen\u00e9t \u00e9s a sv\u00e9dasztalos vacsor\u00e1t a Vltava folyami s\u00e9tahaj\u00f3z\u00e1son, ahonnan kil\u00e1t\u00e1s ny\u00edlik a pr\u00e1gai v\u00e1rra \u00e9s a K\u00e1roly-h\u00eddra. A vil\u00e1g egyik legnagyobb \u00f3kori v\u00e1r\u00e1nak sz\u00e1m\u00edt\u00f3 Pr\u00e1gai V\u00e1rban a l\u00e1togat\u00f3k megismerkedhetnek a v\u00e1r t\u00f6rt\u00e9nelm\u00e9vel, t\u00f6bbek k\u00f6z\u00f6tt a Szent Vitus-sz\u00e9kesegyh\u00e1zzal \u00e9s az Aranys\u00e1vval. L\u00e1togasson el a Rudolfinumba, ahol a Cseh Filharmonikus Zenekar vil\u00e1gsz\u00ednvonal\u00fa klasszikus zen\u00e9t ad el\u0151. Ide\u00e1lisak a Pr\u00e1ga \u00e9p\u00edt\u00e9szeti pomp\u00e1j\u00e1t \u00e9s kultur\u00e1lis \u00f6r\u00f6ks\u00e9g\u00e9t \u00f6tv\u00f6z\u0151 tev\u00e9kenys\u00e9gek. Ha m\u00e9g t\u00f6bb kur\u00e1tori kultur\u00e1lis \u00e9lm\u00e9nyt szeretne, vegye fontol\u00f3ra a k\u00f6vetkez\u0151 tev\u00e9kenys\u00e9geket:<\/span><\/p>\n<h3 id=\"prague-philharmonic-concert-at-the-rudolfinum\"><a href=\"https:\/\/www.getyourguide.com\/prague-l10\/prague-classical-music-concert-at-rudolfinum-t803830\/?partner_id=U94OQGQ&amp;utm_medium=online_publisher\" rel=\"nofollow noopener\"><span style=\"font-weight: 400;\">A pr\u00e1gai filharmonikusok koncertje a Rudolfinumban.<\/span><\/a><\/h3>\n<p><span style=\"font-weight: 400;\">\u00c9lvezze a h\u00edres Pr\u00e1gai Filharmonikus Zenekar \u00e9l\u0151 el\u0151ad\u00e1s\u00e1t a t\u00f6rt\u00e9nelmi Rudolfinumban.<\/span><\/p>\n<div data-gyg-href=\"https:\/\/widget.getyourguide.com\/default\/activities.frame\" data-gyg-locale-code=\"en-US\" data-gyg-widget=\"activities\" data-gyg-number-of-items=\"1\" data-gyg-partner-id=\"U94OQGQ\" data-gyg-tour-ids=\"298785\"><span>Powered by <a target=\"_blank\" rel=\"sponsored noopener nofollow\" href=\"https:\/\/www.getyourguide.com\/rudolfinum-l4830\/\">GetYourGuide<\/a><\/span><\/div>\n<h3 id=\"guided-tour-of-the-prague-castle-complex\"><a href=\"https:\/\/www.getyourguide.com\/prague-l10\/prague-castle-small-group-tour-with-local-guide-admission-t219531\/?partner_id=U94OQGQ&amp;utm_medium=online_publisher\" rel=\"nofollow noopener\"><span style=\"font-weight: 400;\">T\u00e1rlatvezet\u00e9s a pr\u00e1gai v\u00e1rkomplexumban<\/span><\/a><\/h3>\n<p><span style=\"font-weight: 400;\">Csatlakozzon egy vezetett t\u00far\u00e1hoz, \u00e9s fedezze fel a pr\u00e1gai v\u00e1r gazdag t\u00f6rt\u00e9nelm\u00e9t \u00e9s \u00e9p\u00edt\u00e9szet\u00e9t, bele\u00e9rtve a palot\u00e1kat, k\u00e1poln\u00e1kat \u00e9s kerteket.<\/span><\/p>\n<div data-gyg-href=\"https:\/\/widget.getyourguide.com\/default\/activities.frame\" data-gyg-locale-code=\"en-US\" data-gyg-widget=\"activities\" data-gyg-number-of-items=\"1\" data-gyg-partner-id=\"U94OQGQ\" data-gyg-tour-ids=\"219531\">Powered by <a href=\"https:\/\/www.getyourguide.com\/prague-l10\/\" target=\"_blank\" rel=\"sponsored noopener nofollow\">GetYourGuide<\/a><\/div>\n<p>&nbsp;<\/p>\n<h3 id=\"evening-vltava-river-cruise-and-buffet-dinner\"><a href=\"https:\/\/www.getyourguide.com\/prague-l10\/prague-by-night-3-hour-dinner-cruise-t71256\/?partner_id=U94OQGQ&amp;utm_medium=online_publisher\" rel=\"nofollow noopener\"><span style=\"font-weight: 400;\">Este Moldvai haj\u00f3k\u00e1z\u00e1s \u00e9s b\u00fcf\u00e9vacsora<\/span><\/a><\/h3>\n<p><span style=\"font-weight: 400;\">\u00c9lvezze az esti haj\u00f3kir\u00e1ndul\u00e1st a Moldva foly\u00f3n, amely b\u00fcf\u00e9\u00e9tteremmel \u00e9s \u00e9l\u0151zen\u00e9vel, valamint a pr\u00e1gai m\u0171eml\u00e9kek egyed\u00fcl\u00e1ll\u00f3 l\u00e1tv\u00e1ny\u00e1val j\u00e1r.<\/span><\/p>\n<div data-gyg-href=\"https:\/\/widget.getyourguide.com\/default\/activities.frame\" data-gyg-locale-code=\"en-US\" data-gyg-widget=\"activities\" data-gyg-number-of-items=\"1\" data-gyg-partner-id=\"U94OQGQ\" data-gyg-tour-ids=\"71256\">Powered by <a href=\"https:\/\/www.getyourguide.com\/prague-l10\/\" target=\"_blank\" rel=\"noopener sponsored nofollow\">GetYourGuide<\/a><\/div>\n<p>&nbsp;<\/p>\n<h3 id=\"wow-show-black-light-theatre-performance\"><a href=\"https:\/\/www.getyourguide.com\/prague-l10\/prague-wow-show-black-light-theater-t197152\/?partner_id=U94OQGQ&amp;utm_medium=online_publisher\" rel=\"nofollow noopener\"><span style=\"font-weight: 400;\">WOW show - Fekete f\u00e9ny sz\u00ednh\u00e1zi el\u0151ad\u00e1s<\/span><\/a><\/h3>\n<p><span style=\"font-weight: 400;\">A WOW Show Black Light Theater 65 perces el\u0151ad\u00e1s\u00e1n a t\u00e1ncot, pantomimot \u00e9s vizu\u00e1lis effekteket \u00f6tv\u00f6z\u0151 el\u0151ad\u00e1sban gy\u00f6ny\u00f6rk\u00f6dhet.<\/span><\/p>\n<div data-gyg-href=\"https:\/\/widget.getyourguide.com\/default\/activities.frame\" data-gyg-locale-code=\"en-US\" data-gyg-widget=\"activities\" data-gyg-number-of-items=\"1\" data-gyg-partner-id=\"U94OQGQ\" data-gyg-tour-ids=\"197152\">Powered by <a href=\"https:\/\/www.getyourguide.com\/prague-l10\/\" target=\"_blank\" rel=\"noopener sponsored nofollow\">GetYourGuide<\/a><\/div>\n<p>&nbsp;<\/p>\n<h3 id=\"classical-concert-in-the-mirror-chapel\"><a href=\"https:\/\/www.getyourguide.com\/prague-l10\/prague-classical-concert-mirror-chapel-clementinum-t498025\/?partner_id=U94OQGQ&amp;utm_medium=online_publisher\" rel=\"nofollow noopener\"><span style=\"font-weight: 400;\">Klasszikus koncert a T\u00fck\u00f6rk\u00e1poln\u00e1ban.<\/span><\/a><\/h3>\n<p><span style=\"font-weight: 400;\">\u00c9lvezze az egy\u00f3r\u00e1s klasszikus koncertet a kiv\u00e1l\u00f3 akusztik\u00e1j\u00e1r\u00f3l h\u00edres T\u00fck\u00f6rk\u00e1poln\u00e1ban.<\/span><\/p>\n<div data-gyg-href=\"https:\/\/widget.getyourguide.com\/default\/activities.frame\" data-gyg-locale-code=\"en-US\" data-gyg-widget=\"activities\" data-gyg-number-of-items=\"1\" data-gyg-partner-id=\"U94OQGQ\" data-gyg-tour-ids=\"498025\">Powered by <a href=\"https:\/\/www.getyourguide.com\/prague-l10\/\" target=\"_blank\" rel=\"noopener sponsored nofollow\">GetYourGuide<\/a><\/div>\n<p>&nbsp;<\/p>\n<h2 id=\"food-drink-during-the-event\"><span style=\"font-weight: 400;\">\u00c9telek \u00e9s italok a rendezv\u00e9ny ideje alatt<\/span><\/h2>\n<p><span style=\"font-weight: 400;\">Ha Pr\u00e1g\u00e1ban rendezv\u00e9nyekre megy, rengeteg kiv\u00e1l\u00f3 \u00e9ttermet fedezhet fel a nagy helysz\u00ednek k\u00f6zel\u00e9ben. Ha egy Rudolfinum-koncertre l\u00e1togat el, fontolja meg, hogy a Caf\u00e9 Rudolfinumban vacsor\u00e1zzon, amely egy kifinomult \u00e9tterem k\u00f6zvetlen\u00fcl a koncertsz\u00ednh\u00e1z mellett, ahol cseh \u00e9s nemzetk\u00f6zi \u00e9telek sz\u00e9les v\u00e1laszt\u00e9k\u00e1t k\u00edn\u00e1lj\u00e1k. Ha hagyom\u00e1nyosabb \u00e9lm\u00e9nyt szeretne, l\u00e1togasson el az U Pinkas\u016f-ba, az \u00f3v\u00e1ros k\u00f6zel\u00e9ben tal\u00e1lhat\u00f3 t\u00f6rt\u00e9nelmi s\u00f6r\u00f6z\u0151be, ahol kiad\u00f3s cseh \u00e9teleket szolg\u00e1lnak fel, \u00e9s nagyszer\u0171 s\u00f6rv\u00e1laszt\u00e9kkal v\u00e1rj\u00e1k. Ha a pr\u00e1gai v\u00e1r k\u00f6zel\u00e9ben j\u00e1r, a Caf\u00e9 de Paris csod\u00e1latos, \u00e9s finom, francia ihlet\u00e9s\u0171 \u00e9teleket k\u00edn\u00e1l.\u00a0<\/span><\/p>\n<p><span style=\"font-weight: 400;\">A Lok\u00e1l Dlouh\u00e1\u00e1\u00e1 egy n\u00e9pszer\u0171 s\u00f6r\u00f6z\u0151, ahol finom cseh l\u00e1gert \u00e9s kocsmai harapnival\u00f3kat szolg\u00e1lnak fel egy-egy rendezv\u00e9ny ut\u00e1n.<\/span><\/p>\n<p><span style=\"font-weight: 400;\">Tov\u00e1bbi aj\u00e1nl\u00e1sokat a pr\u00e1gai \u00e9tkez\u00e9si lehet\u0151s\u00e9gekr\u0151l a Pr\u00e1g\u00e1ban tal\u00e1lhat\u00f3 oldalunkon tal\u00e1l.<\/span><a href=\"https:\/\/prague.org\/hu\/where-to-eat-restaurants-in-prague\/\"><span style=\"font-weight: 400;\"> a legjobb pr\u00e1gai \u00e9ttermek.<\/span><\/a><\/p>\n<p>K\u00e9pek forr\u00e1sa: A k\u00e9pek forr\u00e1sa: <a href=\"https:\/\/www.freepik.com\/\" target=\"_blank\" rel=\"nofollow noopener\">Freepik<\/a><\/p>\n<p>&nbsp;<\/p>\n<div data-gyg-href=\"https:\/\/widget.getyourguide.com\/default\/city.frame\" data-gyg-location-id=\"10\" data-gyg-locale-code=\"en-US\" data-gyg-widget=\"city\" data-gyg-partner-id=\"U94OQGQ\"><\/div>","protected":false},"excerpt":{"rendered":"K\u00e9sz\u00fclj\u00f6n Eur\u00f3pa egyik legl\u00e1tv\u00e1nyosabb zenei tal\u00e1lkoz\u00f3j\u00e1ra: a Pr\u00e1gai Zeneszerz\u0151i Cs\u00facstal\u00e1lkoz\u00f3 2025. Ez a vil\u00e1gm\u00e9ret\u0171 filmzenei...","protected":false},"author":21,"featured_media":14259,"comment_status":"closed","ping_status":"closed","sticky":false,"template":"","format":"standard","meta":{"footnotes":""},"categories":[204,19,1],"tags":[66],"table_tags":[],"_links":{"self":[{"href":"https:\/\/prague.org\/hu\/wp-json\/wp\/v2\/posts\/14249"}],"collection":[{"href":"https:\/\/prague.org\/hu\/wp-json\/wp\/v2\/posts"}],"about":[{"href":"https:\/\/prague.org\/hu\/wp-json\/wp\/v2\/types\/post"}],"author":[{"embeddable":true,"href":"https:\/\/prague.org\/hu\/wp-json\/wp\/v2\/users\/21"}],"replies":[{"embeddable":true,"href":"https:\/\/prague.org\/hu\/wp-json\/wp\/v2\/comments?post=14249"}],"version-history":[{"count":9,"href":"https:\/\/prague.org\/hu\/wp-json\/wp\/v2\/posts\/14249\/revisions"}],"predecessor-version":[{"id":14331,"href":"https:\/\/prague.org\/hu\/wp-json\/wp\/v2\/posts\/14249\/revisions\/14331"}],"wp:featuredmedia":[{"embeddable":true,"href":"https:\/\/prague.org\/hu\/wp-json\/wp\/v2\/media\/14259"}],"wp:attachment":[{"href":"https:\/\/prague.org\/hu\/wp-json\/wp\/v2\/media?parent=14249"}],"wp:term":[{"taxonomy":"category","embeddable":true,"href":"https:\/\/prague.org\/hu\/wp-json\/wp\/v2\/categories?post=14249"},{"taxonomy":"post_tag","embeddable":true,"href":"https:\/\/prague.org\/hu\/wp-json\/wp\/v2\/tags?post=14249"},{"taxonomy":"table_tags","embeddable":true,"href":"https:\/\/prague.org\/hu\/wp-json\/wp\/v2\/table_tags?post=14249"}],"curies":[{"name":"wp","href":"https:\/\/api.w.org\/{rel}","templated":true}]}}